{"id":52340,"date":"2024-01-14T20:48:02","date_gmt":"2024-01-14T20:48:02","guid":{"rendered":"https:\/\/welikecanarias.com\/theaters-and-auditoriums-of-gran-canaria-history-programming-and-cultural-experience\/"},"modified":"2025-03-29T12:25:07","modified_gmt":"2025-03-29T12:25:07","slug":"theaters-and-auditoriums-of-gran-canaria","status":"publish","type":"post","link":"https:\/\/welikecanarias.com\/en\/theaters-and-auditoriums-of-gran-canaria\/","title":{"rendered":"Theaters and Auditoriums of Gran Canaria: History, Programming and Cultural Experience"},"content":{"rendered":"\t\t<div data-elementor-type=\"wp-post\" data-elementor-id=\"52340\" class=\"elementor elementor-52340 elementor-3243\" data-elementor-post-type=\"post\">\n\t\t\t\t<div class=\"elementor-element elementor-element-246b4f6 e-flex e-con-boxed e-con e-parent\" data-id=\"246b4f6\" data-element_type=\"container\" data-e-type=\"container\" data-settings=\"{&quot;background_background&quot;:&quot;classic&quot;,&quot;shape_divider_bottom&quot;:&quot;wave-brush&quot;}\">\n\t\t\t\t\t<div class=\"e-con-inner\">\n\t\t\t\t<div class=\"elementor-shape elementor-shape-bottom\" aria-hidden=\"true\" data-negative=\"false\">\n\t\t\t<svg xmlns=\"http:\/\/www.w3.org\/2000\/svg\" viewBox=\"0 0 283.5 27.8\" preserveAspectRatio=\"none\">\n\t<path class=\"elementor-shape-fill\" d=\"M283.5,9.7c0,0-7.3,4.3-14,4.6c-6.8,0.3-12.6,0-20.9-1.5c-11.3-2-33.1-10.1-44.7-5.7\ts-12.1,4.6-18,7.4c-6.6,3.2-20,9.6-36.6,9.3C131.6,23.5,99.5,7.2,86.3,8c-1.4,0.1-6.6,0.8-10.5,2c-3.8,1.2-9.4,3.8-17,4.7\tc-3.2,0.4-8.3,1.1-14.2,0.9c-1.5-0.1-6.3-0.4-12-1.6c-5.7-1.2-11-3.1-15.8-3.7C6.5,9.2,0,10.8,0,10.8V0h283.5V9.7z M260.8,11.3\tc-0.7-1-2-0.4-4.3-0.4c-2.3,0-6.1-1.2-5.8-1.1c0.3,0.1,3.1,1.5,6,1.9C259.7,12.2,261.4,12.3,260.8,11.3z M242.4,8.6\tc0,0-2.4-0.2-5.6-0.9c-3.2-0.8-10.3-2.8-15.1-3.5c-8.2-1.1-15.8,0-15.1,0.1c0.8,0.1,9.6-0.6,17.6,1.1c3.3,0.7,9.3,2.2,12.4,2.7\tC239.9,8.7,242.4,8.6,242.4,8.6z M185.2,8.5c1.7-0.7-13.3,4.7-18.5,6.1c-2.1,0.6-6.2,1.6-10,2c-3.9,0.4-8.9,0.4-8.8,0.5\tc0,0.2,5.8,0.8,11.2,0c5.4-0.8,5.2-1.1,7.6-1.6C170.5,14.7,183.5,9.2,185.2,8.5z M199.1,6.9c0.2,0-0.8-0.4-4.8,1.1\tc-4,1.5-6.7,3.5-6.9,3.7c-0.2,0.1,3.5-1.8,6.6-3C197,7.5,199,6.9,199.1,6.9z M283,6c-0.1,0.1-1.9,1.1-4.8,2.5s-6.9,2.8-6.7,2.7\tc0.2,0,3.5-0.6,7.4-2.5C282.8,6.8,283.1,5.9,283,6z M31.3,11.6c0.1-0.2-1.9-0.2-4.5-1.2s-5.4-1.6-7.8-2C15,7.6,7.3,8.5,7.7,8.6\tC8,8.7,15.9,8.3,20.2,9.3c2.2,0.5,2.4,0.5,5.7,1.6S31.2,11.9,31.3,11.6z M73,9.2c0.4-0.1,3.5-1.6,8.4-2.6c4.9-1.1,8.9-0.5,8.9-0.8\tc0-0.3-1-0.9-6.2-0.3S72.6,9.3,73,9.2z M71.6,6.7C71.8,6.8,75,5.4,77.3,5c2.3-0.3,1.9-0.5,1.9-0.6c0-0.1-1.1-0.2-2.7,0.2\tC74.8,5.1,71.4,6.6,71.6,6.7z M93.6,4.4c0.1,0.2,3.5,0.8,5.6,1.8c2.1,1,1.8,0.6,1.9,0.5c0.1-0.1-0.8-0.8-2.4-1.3\tC97.1,4.8,93.5,4.2,93.6,4.4z M65.4,11.1c-0.1,0.3,0.3,0.5,1.9-0.2s2.6-1.3,2.2-1.2s-0.9,0.4-2.5,0.8C65.3,10.9,65.5,10.8,65.4,11.1\tz M34.5,12.4c-0.2,0,2.1,0.8,3.3,0.9c1.2,0.1,2,0.1,2-0.2c0-0.3-0.1-0.5-1.6-0.4C36.6,12.8,34.7,12.4,34.5,12.4z M152.2,21.1\tc-0.1,0.1-2.4-0.3-7.5-0.3c-5,0-13.6-2.4-17.2-3.5c-3.6-1.1,10,3.9,16.5,4.1C150.5,21.6,152.3,21,152.2,21.1z\"\/>\n\t<path class=\"elementor-shape-fill\" d=\"M269.6,18c-0.1-0.1-4.6,0.3-7.2,0c-7.3-0.7-17-3.2-16.6-2.9c0.4,0.3,13.7,3.1,17,3.3\tC267.7,18.8,269.7,18,269.6,18z\"\/>\n\t<path class=\"elementor-shape-fill\" d=\"M227.4,9.8c-0.2-0.1-4.5-1-9.5-1.2c-5-0.2-12.7,0.6-12.3,0.5c0.3-0.1,5.9-1.8,13.3-1.2\tS227.6,9.9,227.4,9.8z\"\/>\n\t<path class=\"elementor-shape-fill\" d=\"M204.5,13.4c-0.1-0.1,2-1,3.2-1.1c1.2-0.1,2,0,2,0.3c0,0.3-0.1,0.5-1.6,0.4\tC206.4,12.9,204.6,13.5,204.5,13.4z\"\/>\n\t<path class=\"elementor-shape-fill\" d=\"M201,10.6c0-0.1-4.4,1.2-6.3,2.2c-1.9,0.9-6.2,3.1-6.1,3.1c0.1,0.1,4.2-1.6,6.3-2.6\tS201,10.7,201,10.6z\"\/>\n\t<path class=\"elementor-shape-fill\" d=\"M154.5,26.7c-0.1-0.1-4.6,0.3-7.2,0c-7.3-0.7-17-3.2-16.6-2.9c0.4,0.3,13.7,3.1,17,3.3\tC152.6,27.5,154.6,26.8,154.5,26.7z\"\/>\n\t<path class=\"elementor-shape-fill\" d=\"M41.9,19.3c0,0,1.2-0.3,2.9-0.1c1.7,0.2,5.8,0.9,8.2,0.7c4.2-0.4,7.4-2.7,7-2.6\tc-0.4,0-4.3,2.2-8.6,1.9c-1.8-0.1-5.1-0.5-6.7-0.4S41.9,19.3,41.9,19.3z\"\/>\n\t<path class=\"elementor-shape-fill\" d=\"M75.5,12.6c0.2,0.1,2-0.8,4.3-1.1c2.3-0.2,2.1-0.3,2.1-0.5c0-0.1-1.8-0.4-3.4,0\tC76.9,11.5,75.3,12.5,75.5,12.6z\"\/>\n\t<path class=\"elementor-shape-fill\" d=\"M15.6,13.2c0-0.1,4.3,0,6.7,0.5c2.4,0.5,5,1.9,5,2c0,0.1-2.7-0.8-5.1-1.4\tC19.9,13.7,15.7,13.3,15.6,13.2z\"\/>\n<\/svg>\t\t<\/div>\n\t\t\t\t<div class=\"elementor-element elementor-element-e488ffb elementor-widget__width-initial elementor-widget-mobile__width-initial elementor-widget elementor-widget-heading\" data-id=\"e488ffb\" data-element_type=\"widget\" data-e-type=\"widget\" data-widget_type=\"heading.default\">\n\t\t\t\t<div class=\"elementor-widget-container\">\n\t\t\t\t\t<h1 class=\"elementor-heading-title elementor-size-default\">Theaters and Auditoriums of Gran Canaria: History, Programming and Cultural Experience<\/h1>\t\t\t\t<\/div>\n\t\t\t\t<\/div>\n\t\t\t\t\t<\/div>\n\t\t\t\t<\/div>\n\t\t<div class=\"elementor-element elementor-element-5d657fe e-flex e-con-boxed e-con e-parent\" data-id=\"5d657fe\" data-element_type=\"container\" data-e-type=\"container\">\n\t\t\t\t\t<div class=\"e-con-inner\">\n\t\t\t\t<div class=\"elementor-element elementor-element-7bc34ad elementor-widget elementor-widget-heading\" data-id=\"7bc34ad\" data-element_type=\"widget\" data-e-type=\"widget\" data-widget_type=\"heading.default\">\n\t\t\t\t<div class=\"elementor-widget-container\">\n\t\t\t\t\t<p class=\"elementor-heading-title elementor-size-default\">Gran Canaria is a first class cultural destination thanks to its theaters and auditoriums. The P\u00e9rez Gald\u00f3s Theater and the Alfredo Kraus Auditorium are the main venues for enjoying artistic events. These institutions offer a varied program that includes theater, music and dance, attracting both locals and tourists. The architecture and history of these venues enrich the cultural experience on the island.   <\/p>\t\t\t\t<\/div>\n\t\t\t\t<\/div>\n\t\t\t\t\t<\/div>\n\t\t\t\t<\/div>\n\t\t<div class=\"elementor-element elementor-element-c2c7e5e e-flex e-con-boxed e-con e-parent\" data-id=\"c2c7e5e\" data-element_type=\"container\" data-e-type=\"container\">\n\t\t\t\t\t<div class=\"e-con-inner\">\n\t\t<div class=\"elementor-element elementor-element-9418ec3 e-grid e-con-full e-con e-child\" data-id=\"9418ec3\" data-element_type=\"container\" data-e-type=\"container\">\n\t\t\t\t<div class=\"elementor-element elementor-element-000602a elementor-widget elementor-widget-text-editor\" data-id=\"000602a\" data-element_type=\"widget\" data-e-type=\"widget\" data-widget_type=\"text-editor.default\">\n\t\t\t\t<div class=\"elementor-widget-container\">\n\t\t\t\t\t\t\t\t\t<p><span style=\"color: #000000;\">The theaters and auditoriums of Gran Canaria are key spaces for the cultural life of the island, offering a varied program throughout the year. From majestic historic theaters to modern auditoriums, each stage hosts music, dance, theater and other artistic expressions. <\/span><\/p>\n\t\t\t\t\t\t\t\t<\/div>\n\t\t\t\t<\/div>\n\t\t\t\t<div class=\"elementor-element elementor-element-694e69f elementor-widget elementor-widget-text-editor\" data-id=\"694e69f\" data-element_type=\"widget\" data-e-type=\"widget\" data-widget_type=\"text-editor.default\">\n\t\t\t\t<div class=\"elementor-widget-container\">\n\t\t\t\t\t\t\t\t\t<p><span style=\"color: #000000;\">In addition to their architectural and heritage value, these spaces offer unique cultural experiences for residents and visitors alike. Discover the history, cultural offerings and magic of the theaters and auditoriums of Gran Canaria. <\/span><\/p>\n\t\t\t\t\t\t\t\t<\/div>\n\t\t\t\t<\/div>\n\t\t\t\t<\/div>\n\t\t\t\t\t<\/div>\n\t\t\t\t<\/div>\n\t\t<div class=\"elementor-element elementor-element-6ec6c50 e-flex e-con-boxed e-con e-parent\" data-id=\"6ec6c50\" data-element_type=\"container\" data-e-type=\"container\">\n\t\t\t\t\t<div class=\"e-con-inner\">\n\t\t\t\t<div class=\"elementor-element elementor-element-e42ab01 elementor-widget elementor-widget-shortcode\" data-id=\"e42ab01\" data-element_type=\"widget\" data-e-type=\"widget\" data-widget_type=\"shortcode.default\">\n\t\t\t\t<div class=\"elementor-widget-container\">\n\t\t\t\t\t\t\t<div class=\"elementor-shortcode\"><a class=\"weatherwidget-io\" href=\"https:\/\/forecast7.com\/es\/28d12n15d44\/las-palmas-de-gran-canaria\/\" data-label_1=\"LAS PALMAS DE GRAN CANARIA\" data-label_2=\"WEATHER\" data-theme=\"sky\">LAS PALMAS DE GRAN CANARIA WEATHER<\/a>\n<script>\n!function(d,s,id){var js,fjs=d.getElementsByTagName(s)[0];if(!d.getElementById(id)){js=d.createElement(s);js.id=id;js.src='https:\/\/weatherwidget.io\/js\/widget.min.js';fjs.parentNode.insertBefore(js,fjs);}}(document,'script','weatherwidget-io-js');\n<\/script><\/div>\n\t\t\t\t\t\t<\/div>\n\t\t\t\t<\/div>\n\t\t\t\t\t<\/div>\n\t\t\t\t<\/div>\n\t\t<div class=\"elementor-element elementor-element-9605d66 e-grid e-con-boxed e-con e-parent\" data-id=\"9605d66\" data-element_type=\"container\" data-e-type=\"container\">\n\t\t\t\t\t<div class=\"e-con-inner\">\n\t\t<div class=\"elementor-element elementor-element-dcf7c84 e-con-full e-flex e-con e-child\" data-id=\"dcf7c84\" data-element_type=\"container\" data-e-type=\"container\">\n\t\t\t\t<div class=\"elementor-element elementor-element-57270a3 elementor-cta--skin-classic elementor-animated-content elementor-bg-transform elementor-bg-transform-zoom-in elementor-widget elementor-widget-call-to-action\" data-id=\"57270a3\" data-element_type=\"widget\" data-e-type=\"widget\" data-widget_type=\"call-to-action.default\">\n\t\t\t\t<div class=\"elementor-widget-container\">\n\t\t\t\t\t\t\t<a class=\"elementor-cta\" href=\"https:\/\/auditorioalfredokraus.es\/calendario?month=02&#038;year=2024\">\n\t\t\t\t\t<div class=\"elementor-cta__bg-wrapper\">\n\t\t\t\t<div class=\"elementor-cta__bg elementor-bg lazyload\" style=\"background-image:inherit;\" role=\"img\" aria-label=\"Vista del exterior del Auditorio Alfredo Kraus en la isla de Gran Canaria\" data-bg-image=\"url(https:\/\/welikecanarias.com\/wp-content\/uploads\/2024\/01\/alfredo-kraus.jpg)\"><\/div>\n\t\t\t\t<div class=\"elementor-cta__bg-overlay\"><\/div>\n\t\t\t<\/div>\n\t\t\t\t\t\t\t<div class=\"elementor-cta__content\">\n\t\t\t\t\n\t\t\t\t\t\t\t\t\t<h2 class=\"elementor-cta__title elementor-cta__content-item elementor-content-item\">\n\t\t\t\t\t\tAuditorio Alfredo Kraus\t\t\t\t\t<\/h2>\n\t\t\t\t\n\t\t\t\t\t\t\t\t\t<div class=\"elementor-cta__description elementor-cta__content-item elementor-content-item\">\n\t\t\t\t\t\t<p>This space, which bears the name of the most international Canarian tenor, has become a reference for culture in the capital of Gran Canaria.<\/p>\n\t\t\t\t\t<\/div>\n\t\t\t\t\n\t\t\t\t\t\t\t\t\t<div class=\"elementor-cta__button-wrapper elementor-cta__content-item elementor-content-item \">\n\t\t\t\t\t<span class=\"elementor-cta__button elementor-button elementor-size-\">\n\t\t\t\t\t\tOfficial Website\t\t\t\t\t<\/span>\n\t\t\t\t\t<\/div>\n\t\t\t\t\t\t\t<\/div>\n\t\t\t\t\t\t<\/a>\n\t\t\t\t\t\t<\/div>\n\t\t\t\t<\/div>\n\t\t\t\t<\/div>\n\t\t<div class=\"elementor-element elementor-element-e15d5cd e-con-full e-flex e-con e-child\" data-id=\"e15d5cd\" data-element_type=\"container\" data-e-type=\"container\">\n\t\t\t\t<div class=\"elementor-element elementor-element-f4bbf68 elementor-cta--skin-classic elementor-animated-content elementor-bg-transform elementor-bg-transform-zoom-in elementor-widget elementor-widget-call-to-action\" data-id=\"f4bbf68\" data-element_type=\"widget\" data-e-type=\"widget\" data-widget_type=\"call-to-action.default\">\n\t\t\t\t<div class=\"elementor-widget-container\">\n\t\t\t\t\t\t\t<a class=\"elementor-cta\" href=\"https:\/\/teatroperezgaldos.es\/calendario?month=02&#038;year=2024\">\n\t\t\t\t\t<div class=\"elementor-cta__bg-wrapper\">\n\t\t\t\t<div class=\"elementor-cta__bg elementor-bg lazyload\" style=\"background-image:inherit;\" role=\"img\" aria-label=\"Vista del Teatro P\u00e9rez Gald\u00f3s, unno de los mejores teatros en Gran Canaria\" data-bg-image=\"url(https:\/\/welikecanarias.com\/wp-content\/uploads\/2024\/01\/teatro-perez-galdos.jpg)\"><\/div>\n\t\t\t\t<div class=\"elementor-cta__bg-overlay\"><\/div>\n\t\t\t<\/div>\n\t\t\t\t\t\t\t<div class=\"elementor-cta__content\">\n\t\t\t\t\n\t\t\t\t\t\t\t\t\t<h2 class=\"elementor-cta__title elementor-cta__content-item elementor-content-item\">\n\t\t\t\t\t\tTeatro P\u00e9rez Gald\u00f3s\t\t\t\t\t<\/h2>\n\t\t\t\t\n\t\t\t\t\t\t\t\t\t<div class=\"elementor-cta__description elementor-cta__content-item elementor-content-item\">\n\t\t\t\t\t\t<p>It hosts music, theater, and dance performances, as well as the Opera season and has been the venue for the Philharmonic Orchestra of Gran Canaria, the Canary Islands Music Festival.<\/p>\n\t\t\t\t\t<\/div>\n\t\t\t\t\n\t\t\t\t\t\t\t\t\t<div class=\"elementor-cta__button-wrapper elementor-cta__content-item elementor-content-item \">\n\t\t\t\t\t<span class=\"elementor-cta__button elementor-button elementor-size-\">\n\t\t\t\t\t\tOfficial Website\t\t\t\t\t<\/span>\n\t\t\t\t\t<\/div>\n\t\t\t\t\t\t\t<\/div>\n\t\t\t\t\t\t<\/a>\n\t\t\t\t\t\t<\/div>\n\t\t\t\t<\/div>\n\t\t\t\t<\/div>\n\t\t<div class=\"elementor-element elementor-element-f61719c e-con-full e-flex e-con e-child\" data-id=\"f61719c\" data-element_type=\"container\" data-e-type=\"container\">\n\t\t\t\t<div class=\"elementor-element elementor-element-a3e2054 elementor-cta--skin-classic elementor-animated-content elementor-bg-transform elementor-bg-transform-zoom-in elementor-widget elementor-widget-call-to-action\" data-id=\"a3e2054\" data-element_type=\"widget\" data-e-type=\"widget\" data-widget_type=\"call-to-action.default\">\n\t\t\t\t<div class=\"elementor-widget-container\">\n\t\t\t\t\t\t\t<a class=\"elementor-cta\" href=\"https:\/\/www.mgticket.com\/faaee\/tcuyas\/public\/janto\/main.php\">\n\t\t\t\t\t<div class=\"elementor-cta__bg-wrapper\">\n\t\t\t\t<div class=\"elementor-cta__bg elementor-bg lazyload\" style=\"background-image:inherit;\" role=\"img\" aria-label=\"Vista del Teatro Cuy\u00e1s, uno de los mejores teatros en Gran Canaria\" data-bg-image=\"url(https:\/\/welikecanarias.com\/wp-content\/uploads\/2024\/01\/cuyas.jpg)\"><\/div>\n\t\t\t\t<div class=\"elementor-cta__bg-overlay\"><\/div>\n\t\t\t<\/div>\n\t\t\t\t\t\t\t<div class=\"elementor-cta__content\">\n\t\t\t\t\n\t\t\t\t\t\t\t\t\t<h2 class=\"elementor-cta__title elementor-cta__content-item elementor-content-item\">\n\t\t\t\t\t\tTeatro Cuy\u00e1s\t\t\t\t\t<\/h2>\n\t\t\t\t\n\t\t\t\t\t\t\t\t\t<div class=\"elementor-cta__description elementor-cta__content-item elementor-content-item\">\n\t\t\t\t\t\t<p>The Cuy\u00e1s Theater of Las Palmas de Gran Canaria is one of the most important stage venues in the Canary Islands.<\/p>\n<p>It hosts, every season, the most outstanding titles of the national billboard and international shows in each and every one of the disciplines of the performing arts.<\/p>\n\t\t\t\t\t<\/div>\n\t\t\t\t\n\t\t\t\t\t\t\t\t\t<div class=\"elementor-cta__button-wrapper elementor-cta__content-item elementor-content-item \">\n\t\t\t\t\t<span class=\"elementor-cta__button elementor-button elementor-size-\">\n\t\t\t\t\t\tOfficial Website\t\t\t\t\t<\/span>\n\t\t\t\t\t<\/div>\n\t\t\t\t\t\t\t<\/div>\n\t\t\t\t\t\t<\/a>\n\t\t\t\t\t\t<\/div>\n\t\t\t\t<\/div>\n\t\t\t\t<\/div>\n\t\t<div class=\"elementor-element elementor-element-e4ed99e e-con-full e-flex e-con e-child\" data-id=\"e4ed99e\" data-element_type=\"container\" data-e-type=\"container\">\n\t\t\t\t<div class=\"elementor-element elementor-element-72a024c elementor-cta--skin-classic elementor-animated-content elementor-bg-transform elementor-bg-transform-zoom-in elementor-widget elementor-widget-call-to-action\" data-id=\"72a024c\" data-element_type=\"widget\" data-e-type=\"widget\" data-widget_type=\"call-to-action.default\">\n\t\t\t\t<div class=\"elementor-widget-container\">\n\t\t\t\t\t\t\t<a class=\"elementor-cta\" href=\"https:\/\/teatroguiniguada.janto.es\/\">\n\t\t\t\t\t<div class=\"elementor-cta__bg-wrapper\">\n\t\t\t\t<div class=\"elementor-cta__bg elementor-bg lazyload\" style=\"background-image:inherit;\" role=\"img\" aria-label=\"Vista del Teatro Guiniguada, uno de los mejores teatros en Gran Canaria\" data-bg-image=\"url(https:\/\/welikecanarias.com\/wp-content\/uploads\/2024\/01\/guiniguada.jpg)\"><\/div>\n\t\t\t\t<div class=\"elementor-cta__bg-overlay\"><\/div>\n\t\t\t<\/div>\n\t\t\t\t\t\t\t<div class=\"elementor-cta__content\">\n\t\t\t\t\n\t\t\t\t\t\t\t\t\t<h2 class=\"elementor-cta__title elementor-cta__content-item elementor-content-item\">\n\t\t\t\t\t\tTeatro Guiniguada\t\t\t\t\t<\/h2>\n\t\t\t\t\n\t\t\t\t\t\t\t\t\t<div class=\"elementor-cta__description elementor-cta__content-item elementor-content-item\">\n\t\t\t\t\t\t<p>Located in the historic neighborhood of Vegueta, it is a landmark building of the city's heritage.<\/p>\n<p>  It is characterized by the exhibition of cultural productions, mostly from the Canary Islands.<\/p>\n\t\t\t\t\t<\/div>\n\t\t\t\t\n\t\t\t\t\t\t\t\t\t<div class=\"elementor-cta__button-wrapper elementor-cta__content-item elementor-content-item \">\n\t\t\t\t\t<span class=\"elementor-cta__button elementor-button elementor-size-\">\n\t\t\t\t\t\tOfficial Website\t\t\t\t\t<\/span>\n\t\t\t\t\t<\/div>\n\t\t\t\t\t\t\t<\/div>\n\t\t\t\t\t\t<\/a>\n\t\t\t\t\t\t<\/div>\n\t\t\t\t<\/div>\n\t\t\t\t<\/div>\n\t\t<div class=\"elementor-element elementor-element-c674c44 e-con-full e-flex e-con e-child\" data-id=\"c674c44\" data-element_type=\"container\" data-e-type=\"container\">\n\t\t\t\t<div class=\"elementor-element elementor-element-bf4e414 elementor-cta--skin-classic elementor-animated-content elementor-bg-transform elementor-bg-transform-zoom-in elementor-widget elementor-widget-call-to-action\" data-id=\"bf4e414\" data-element_type=\"widget\" data-e-type=\"widget\" data-widget_type=\"call-to-action.default\">\n\t\t\t\t<div class=\"elementor-widget-container\">\n\t\t\t\t\t\t\t<a class=\"elementor-cta\" href=\"https:\/\/entradas.tureservaonline.es\/organizers\/auditorio-de-teror\">\n\t\t\t\t\t<div class=\"elementor-cta__bg-wrapper\">\n\t\t\t\t<div class=\"elementor-cta__bg elementor-bg lazyload\" style=\"background-image:inherit;\" role=\"img\" aria-label=\"Vista del Auditorio de Teror\" data-bg-image=\"url(https:\/\/welikecanarias.com\/wp-content\/uploads\/2024\/01\/auditorio-de-teror-e1706897123793.webp)\"><\/div>\n\t\t\t\t<div class=\"elementor-cta__bg-overlay\"><\/div>\n\t\t\t<\/div>\n\t\t\t\t\t\t\t<div class=\"elementor-cta__content\">\n\t\t\t\t\n\t\t\t\t\t\t\t\t\t<h2 class=\"elementor-cta__title elementor-cta__content-item elementor-content-item\">\n\t\t\t\t\t\tAuditorio de Teror\t\t\t\t\t<\/h2>\n\t\t\t\t\n\t\t\t\t\t\t\t\t\t<div class=\"elementor-cta__description elementor-cta__content-item elementor-content-item\">\n\t\t\t\t\t\t<p>It is a reference for culture, not only locally, but also in the island, becoming one of the best equipped scenic spaces on the island. Its location in the heart of the urban center of Teror. <\/p>\n\t\t\t\t\t<\/div>\n\t\t\t\t\n\t\t\t\t\t\t\t\t\t<div class=\"elementor-cta__button-wrapper elementor-cta__content-item elementor-content-item \">\n\t\t\t\t\t<span class=\"elementor-cta__button elementor-button elementor-size-\">\n\t\t\t\t\t\tOfficial Website\t\t\t\t\t<\/span>\n\t\t\t\t\t<\/div>\n\t\t\t\t\t\t\t<\/div>\n\t\t\t\t\t\t<\/a>\n\t\t\t\t\t\t<\/div>\n\t\t\t\t<\/div>\n\t\t\t\t<\/div>\n\t\t<div class=\"elementor-element elementor-element-c4198b7 e-con-full e-flex e-con e-child\" data-id=\"c4198b7\" data-element_type=\"container\" data-e-type=\"container\">\n\t\t\t\t<div class=\"elementor-element elementor-element-35e2a65 elementor-cta--skin-classic elementor-animated-content elementor-bg-transform elementor-bg-transform-zoom-in elementor-widget elementor-widget-call-to-action\" data-id=\"35e2a65\" data-element_type=\"widget\" data-e-type=\"widget\" data-widget_type=\"call-to-action.default\">\n\t\t\t\t<div class=\"elementor-widget-container\">\n\t\t\t\t\t\t\t<a class=\"elementor-cta\" href=\"https:\/\/maps.app.goo.gl\/TFy7mS5xF6Eg8KmN6\">\n\t\t\t\t\t<div class=\"elementor-cta__bg-wrapper\">\n\t\t\t\t<div class=\"elementor-cta__bg elementor-bg lazyload\" style=\"background-image:inherit;\" role=\"img\" aria-label=\"Vista del Centro C\u00edvico de Carrizal en la isla de Gran Canaria\" data-bg-image=\"url(https:\/\/welikecanarias.com\/wp-content\/uploads\/2024\/01\/Centro-Civico-de-Carrizal-1024x686.webp)\"><\/div>\n\t\t\t\t<div class=\"elementor-cta__bg-overlay\"><\/div>\n\t\t\t<\/div>\n\t\t\t\t\t\t\t<div class=\"elementor-cta__content\">\n\t\t\t\t\n\t\t\t\t\t\t\t\t\t<h2 class=\"elementor-cta__title elementor-cta__content-item elementor-content-item\">\n\t\t\t\t\t\tCentro C\u00edvico de Carrizal\t\t\t\t\t<\/h2>\n\t\t\t\t\n\t\t\t\t\t\t\t\t\t<div class=\"elementor-cta__description elementor-cta__content-item elementor-content-item\">\n\t\t\t\t\t\t<p>This Center is equipped with a theater with dressing rooms, a conference room, an exhibition hall and a municipal library. The theater has approximately 800 seats. All kinds of events are held there: theater, music, dance, etc.    <\/p>\n\t\t\t\t\t<\/div>\n\t\t\t\t\n\t\t\t\t\t\t\t\t\t<div class=\"elementor-cta__button-wrapper elementor-cta__content-item elementor-content-item \">\n\t\t\t\t\t<span class=\"elementor-cta__button elementor-button elementor-size-\">\n\t\t\t\t\t\tHow to get there\t\t\t\t\t<\/span>\n\t\t\t\t\t<\/div>\n\t\t\t\t\t\t\t<\/div>\n\t\t\t\t\t\t<\/a>\n\t\t\t\t\t\t<\/div>\n\t\t\t\t<\/div>\n\t\t\t\t<\/div>\n\t\t<div class=\"elementor-element elementor-element-d8c7bfd e-con-full e-flex e-con e-child\" data-id=\"d8c7bfd\" data-element_type=\"container\" data-e-type=\"container\">\n\t\t\t\t<div class=\"elementor-element elementor-element-8d5fc11 elementor-cta--skin-classic elementor-animated-content elementor-bg-transform elementor-bg-transform-zoom-in elementor-widget elementor-widget-call-to-action\" data-id=\"8d5fc11\" data-element_type=\"widget\" data-e-type=\"widget\" data-widget_type=\"call-to-action.default\">\n\t\t\t\t<div class=\"elementor-widget-container\">\n\t\t\t\t\t\t\t<a class=\"elementor-cta\" href=\"https:\/\/www.tickentradas.com\/lugar\/teatro-auditorio-aguimes\">\n\t\t\t\t\t<div class=\"elementor-cta__bg-wrapper\">\n\t\t\t\t<div class=\"elementor-cta__bg elementor-bg lazyload\" style=\"background-image:inherit;\" role=\"img\" aria-label=\"Vista de Teatro Auditorio de Ag\u00fcimes, uno de los teatros en la isla de Gran Canaria\" data-bg-image=\"url(https:\/\/welikecanarias.com\/wp-content\/uploads\/2024\/01\/Teatro-Auditorio-de-Aguimes.webp)\"><\/div>\n\t\t\t\t<div class=\"elementor-cta__bg-overlay\"><\/div>\n\t\t\t<\/div>\n\t\t\t\t\t\t\t<div class=\"elementor-cta__content\">\n\t\t\t\t\n\t\t\t\t\t\t\t\t\t<h2 class=\"elementor-cta__title elementor-cta__content-item elementor-content-item\">\n\t\t\t\t\t\tTeatro Auditorio de Ag\u00fcimes\t\t\t\t\t<\/h2>\n\t\t\t\t\n\t\t\t\t\t\t\t\t\t<div class=\"elementor-cta__description elementor-cta__content-item elementor-content-item\">\n\t\t\t\t\t\t<p>It is a modern facility, prepared to host large shows in an enclosed space, with seating for 736 people, and capacity for 4 PRM.<\/p>\n<p>It also has a square in the back with a stage for outdoor shows.  <\/p>\n\t\t\t\t\t<\/div>\n\t\t\t\t\n\t\t\t\t\t\t\t\t\t<div class=\"elementor-cta__button-wrapper elementor-cta__content-item elementor-content-item \">\n\t\t\t\t\t<span class=\"elementor-cta__button elementor-button elementor-size-\">\n\t\t\t\t\t\tOfficial Website\t\t\t\t\t<\/span>\n\t\t\t\t\t<\/div>\n\t\t\t\t\t\t\t<\/div>\n\t\t\t\t\t\t<\/a>\n\t\t\t\t\t\t<\/div>\n\t\t\t\t<\/div>\n\t\t\t\t<\/div>\n\t\t<div class=\"elementor-element elementor-element-deb8026 e-con-full e-flex e-con e-child\" data-id=\"deb8026\" data-element_type=\"container\" data-e-type=\"container\">\n\t\t\t\t<div class=\"elementor-element elementor-element-e249b19 elementor-cta--skin-classic elementor-animated-content elementor-bg-transform elementor-bg-transform-zoom-in elementor-widget elementor-widget-call-to-action\" data-id=\"e249b19\" data-element_type=\"widget\" data-e-type=\"widget\" data-widget_type=\"call-to-action.default\">\n\t\t\t\t<div class=\"elementor-widget-container\">\n\t\t\t\t\t\t\t<a class=\"elementor-cta\" href=\"https:\/\/www.fundacionlacajadecanarias.es\/\">\n\t\t\t\t\t<div class=\"elementor-cta__bg-wrapper\">\n\t\t\t\t<div class=\"elementor-cta__bg elementor-bg lazyload\" style=\"background-image:inherit;\" role=\"img\" aria-label=\"Vista de Centro Cultural Cicca en la isla de Gran Canaria\" data-bg-image=\"url(https:\/\/welikecanarias.com\/wp-content\/uploads\/2024\/01\/centro-cultural-cicca.jpg)\"><\/div>\n\t\t\t\t<div class=\"elementor-cta__bg-overlay\"><\/div>\n\t\t\t<\/div>\n\t\t\t\t\t\t\t<div class=\"elementor-cta__content\">\n\t\t\t\t\n\t\t\t\t\t\t\t\t\t<h2 class=\"elementor-cta__title elementor-cta__content-item elementor-content-item\">\n\t\t\t\t\t\tCentro Cultural Cicca\t\t\t\t\t<\/h2>\n\t\t\t\t\n\t\t\t\t\t\t\t\t\t<div class=\"elementor-cta__description elementor-cta__content-item elementor-content-item\">\n\t\t\t\t\t\t<p>Multifunctional spaces distributed over three floors and equipped with the technical, communication, lighting, audio, video and air conditioning resources necessary for the development of any congress or cultural activity.<\/p>\n\t\t\t\t\t<\/div>\n\t\t\t\t\n\t\t\t\t\t\t\t\t\t<div class=\"elementor-cta__button-wrapper elementor-cta__content-item elementor-content-item \">\n\t\t\t\t\t<span class=\"elementor-cta__button elementor-button elementor-size-\">\n\t\t\t\t\t\tWeb Site\t\t\t\t\t<\/span>\n\t\t\t\t\t<\/div>\n\t\t\t\t\t\t\t<\/div>\n\t\t\t\t\t\t<\/a>\n\t\t\t\t\t\t<\/div>\n\t\t\t\t<\/div>\n\t\t\t\t<\/div>\n\t\t<div class=\"elementor-element elementor-element-dcb2393 e-con-full e-flex e-con e-child\" data-id=\"dcb2393\" data-element_type=\"container\" data-e-type=\"container\">\n\t\t\t\t<div class=\"elementor-element elementor-element-ee0f809 elementor-cta--skin-classic elementor-animated-content elementor-bg-transform elementor-bg-transform-zoom-in elementor-widget elementor-widget-call-to-action\" data-id=\"ee0f809\" data-element_type=\"widget\" data-e-type=\"widget\" data-widget_type=\"call-to-action.default\">\n\t\t\t\t<div class=\"elementor-widget-container\">\n\t\t\t\t\t\t\t<a class=\"elementor-cta\" href=\"https:\/\/ingenio.es\/events\/\">\n\t\t\t\t\t<div class=\"elementor-cta__bg-wrapper\">\n\t\t\t\t<div class=\"elementor-cta__bg elementor-bg lazyload\" style=\"background-image:inherit;\" role=\"img\" aria-label=\"Vista del Centro Cultural Federico Garc\u00eda Lorca en la isla de Gran Canaria\" data-bg-image=\"url(https:\/\/welikecanarias.com\/wp-content\/uploads\/2024\/01\/Centro-Cultural-Federico-Garcia-Lorca.jpg)\"><\/div>\n\t\t\t\t<div class=\"elementor-cta__bg-overlay\"><\/div>\n\t\t\t<\/div>\n\t\t\t\t\t\t\t<div class=\"elementor-cta__content\">\n\t\t\t\t\n\t\t\t\t\t\t\t\t\t<h2 class=\"elementor-cta__title elementor-cta__content-item elementor-content-item\">\n\t\t\t\t\t\tCentro Cultural Federico Garc\u00eda Lorca\t\t\t\t\t<\/h2>\n\t\t\t\t\n\t\t\t\t\t\t\t\t\t<div class=\"elementor-cta__description elementor-cta__content-item elementor-content-item\">\n\t\t\t\t\t\t<p>a space dedicated to the promotion of culture and the arts. It hosts a varied program of events, including exhibitions, conferences, theater and training activities, becoming a meeting point for creativity and artistic expression on the island. <\/p>\n\t\t\t\t\t<\/div>\n\t\t\t\t\n\t\t\t\t\t\t\t\t\t<div class=\"elementor-cta__button-wrapper elementor-cta__content-item elementor-content-item \">\n\t\t\t\t\t<span class=\"elementor-cta__button elementor-button elementor-size-\">\n\t\t\t\t\t\tWeb Site\t\t\t\t\t<\/span>\n\t\t\t\t\t<\/div>\n\t\t\t\t\t\t\t<\/div>\n\t\t\t\t\t\t<\/a>\n\t\t\t\t\t\t<\/div>\n\t\t\t\t<\/div>\n\t\t\t\t<\/div>\n\t\t\t\t\t<\/div>\n\t\t\t\t<\/div>\n\t\t<div class=\"elementor-element elementor-element-bc14461 e-flex e-con-boxed e-con e-parent\" data-id=\"bc14461\" data-element_type=\"container\" data-e-type=\"container\">\n\t\t\t\t\t<div class=\"e-con-inner\">\n\t\t\t\t<div class=\"elementor-element elementor-element-be9f2c8 elementor-widget-divider--view-line elementor-widget elementor-widget-divider\" data-id=\"be9f2c8\" data-element_type=\"widget\" data-e-type=\"widget\" data-widget_type=\"divider.default\">\n\t\t\t\t<div class=\"elementor-widget-container\">\n\t\t\t\t\t\t\t<div class=\"elementor-divider\">\n\t\t\t<span class=\"elementor-divider-separator\">\n\t\t\t\t\t\t<\/span>\n\t\t<\/div>\n\t\t\t\t\t\t<\/div>\n\t\t\t\t<\/div>\n\t\t\t\t\t<\/div>\n\t\t\t\t<\/div>\n\t\t<div class=\"elementor-element elementor-element-9ca7388 e-flex e-con-boxed e-con e-parent\" data-id=\"9ca7388\" data-element_type=\"container\" data-e-type=\"container\" data-settings=\"{&quot;background_background&quot;:&quot;classic&quot;,&quot;background_motion_fx_motion_fx_scrolling&quot;:&quot;yes&quot;,&quot;shape_divider_bottom&quot;:&quot;wave-brush&quot;,&quot;background_motion_fx_devices&quot;:[&quot;desktop&quot;,&quot;tablet&quot;,&quot;mobile&quot;]}\">\n\t\t\t\t\t<div class=\"e-con-inner\">\n\t\t\t\t<div class=\"elementor-shape elementor-shape-bottom\" aria-hidden=\"true\" data-negative=\"false\">\n\t\t\t<svg xmlns=\"http:\/\/www.w3.org\/2000\/svg\" viewBox=\"0 0 283.5 27.8\" preserveAspectRatio=\"none\">\n\t<path class=\"elementor-shape-fill\" d=\"M283.5,9.7c0,0-7.3,4.3-14,4.6c-6.8,0.3-12.6,0-20.9-1.5c-11.3-2-33.1-10.1-44.7-5.7\ts-12.1,4.6-18,7.4c-6.6,3.2-20,9.6-36.6,9.3C131.6,23.5,99.5,7.2,86.3,8c-1.4,0.1-6.6,0.8-10.5,2c-3.8,1.2-9.4,3.8-17,4.7\tc-3.2,0.4-8.3,1.1-14.2,0.9c-1.5-0.1-6.3-0.4-12-1.6c-5.7-1.2-11-3.1-15.8-3.7C6.5,9.2,0,10.8,0,10.8V0h283.5V9.7z M260.8,11.3\tc-0.7-1-2-0.4-4.3-0.4c-2.3,0-6.1-1.2-5.8-1.1c0.3,0.1,3.1,1.5,6,1.9C259.7,12.2,261.4,12.3,260.8,11.3z M242.4,8.6\tc0,0-2.4-0.2-5.6-0.9c-3.2-0.8-10.3-2.8-15.1-3.5c-8.2-1.1-15.8,0-15.1,0.1c0.8,0.1,9.6-0.6,17.6,1.1c3.3,0.7,9.3,2.2,12.4,2.7\tC239.9,8.7,242.4,8.6,242.4,8.6z M185.2,8.5c1.7-0.7-13.3,4.7-18.5,6.1c-2.1,0.6-6.2,1.6-10,2c-3.9,0.4-8.9,0.4-8.8,0.5\tc0,0.2,5.8,0.8,11.2,0c5.4-0.8,5.2-1.1,7.6-1.6C170.5,14.7,183.5,9.2,185.2,8.5z M199.1,6.9c0.2,0-0.8-0.4-4.8,1.1\tc-4,1.5-6.7,3.5-6.9,3.7c-0.2,0.1,3.5-1.8,6.6-3C197,7.5,199,6.9,199.1,6.9z M283,6c-0.1,0.1-1.9,1.1-4.8,2.5s-6.9,2.8-6.7,2.7\tc0.2,0,3.5-0.6,7.4-2.5C282.8,6.8,283.1,5.9,283,6z M31.3,11.6c0.1-0.2-1.9-0.2-4.5-1.2s-5.4-1.6-7.8-2C15,7.6,7.3,8.5,7.7,8.6\tC8,8.7,15.9,8.3,20.2,9.3c2.2,0.5,2.4,0.5,5.7,1.6S31.2,11.9,31.3,11.6z M73,9.2c0.4-0.1,3.5-1.6,8.4-2.6c4.9-1.1,8.9-0.5,8.9-0.8\tc0-0.3-1-0.9-6.2-0.3S72.6,9.3,73,9.2z M71.6,6.7C71.8,6.8,75,5.4,77.3,5c2.3-0.3,1.9-0.5,1.9-0.6c0-0.1-1.1-0.2-2.7,0.2\tC74.8,5.1,71.4,6.6,71.6,6.7z M93.6,4.4c0.1,0.2,3.5,0.8,5.6,1.8c2.1,1,1.8,0.6,1.9,0.5c0.1-0.1-0.8-0.8-2.4-1.3\tC97.1,4.8,93.5,4.2,93.6,4.4z M65.4,11.1c-0.1,0.3,0.3,0.5,1.9-0.2s2.6-1.3,2.2-1.2s-0.9,0.4-2.5,0.8C65.3,10.9,65.5,10.8,65.4,11.1\tz M34.5,12.4c-0.2,0,2.1,0.8,3.3,0.9c1.2,0.1,2,0.1,2-0.2c0-0.3-0.1-0.5-1.6-0.4C36.6,12.8,34.7,12.4,34.5,12.4z M152.2,21.1\tc-0.1,0.1-2.4-0.3-7.5-0.3c-5,0-13.6-2.4-17.2-3.5c-3.6-1.1,10,3.9,16.5,4.1C150.5,21.6,152.3,21,152.2,21.1z\"\/>\n\t<path class=\"elementor-shape-fill\" d=\"M269.6,18c-0.1-0.1-4.6,0.3-7.2,0c-7.3-0.7-17-3.2-16.6-2.9c0.4,0.3,13.7,3.1,17,3.3\tC267.7,18.8,269.7,18,269.6,18z\"\/>\n\t<path class=\"elementor-shape-fill\" d=\"M227.4,9.8c-0.2-0.1-4.5-1-9.5-1.2c-5-0.2-12.7,0.6-12.3,0.5c0.3-0.1,5.9-1.8,13.3-1.2\tS227.6,9.9,227.4,9.8z\"\/>\n\t<path class=\"elementor-shape-fill\" d=\"M204.5,13.4c-0.1-0.1,2-1,3.2-1.1c1.2-0.1,2,0,2,0.3c0,0.3-0.1,0.5-1.6,0.4\tC206.4,12.9,204.6,13.5,204.5,13.4z\"\/>\n\t<path class=\"elementor-shape-fill\" d=\"M201,10.6c0-0.1-4.4,1.2-6.3,2.2c-1.9,0.9-6.2,3.1-6.1,3.1c0.1,0.1,4.2-1.6,6.3-2.6\tS201,10.7,201,10.6z\"\/>\n\t<path class=\"elementor-shape-fill\" d=\"M154.5,26.7c-0.1-0.1-4.6,0.3-7.2,0c-7.3-0.7-17-3.2-16.6-2.9c0.4,0.3,13.7,3.1,17,3.3\tC152.6,27.5,154.6,26.8,154.5,26.7z\"\/>\n\t<path class=\"elementor-shape-fill\" d=\"M41.9,19.3c0,0,1.2-0.3,2.9-0.1c1.7,0.2,5.8,0.9,8.2,0.7c4.2-0.4,7.4-2.7,7-2.6\tc-0.4,0-4.3,2.2-8.6,1.9c-1.8-0.1-5.1-0.5-6.7-0.4S41.9,19.3,41.9,19.3z\"\/>\n\t<path class=\"elementor-shape-fill\" d=\"M75.5,12.6c0.2,0.1,2-0.8,4.3-1.1c2.3-0.2,2.1-0.3,2.1-0.5c0-0.1-1.8-0.4-3.4,0\tC76.9,11.5,75.3,12.5,75.5,12.6z\"\/>\n\t<path class=\"elementor-shape-fill\" d=\"M15.6,13.2c0-0.1,4.3,0,6.7,0.5c2.4,0.5,5,1.9,5,2c0,0.1-2.7-0.8-5.1-1.4\tC19.9,13.7,15.7,13.3,15.6,13.2z\"\/>\n<\/svg>\t\t<\/div>\n\t\t<div class=\"elementor-element elementor-element-16685b5 e-con-full e-flex e-con e-child\" data-id=\"16685b5\" data-element_type=\"container\" data-e-type=\"container\">\n\t\t\t\t<div class=\"elementor-element elementor-element-af4b5c4 elementor-widget__width-initial elementor-widget-mobile__width-initial elementor-widget elementor-widget-heading\" data-id=\"af4b5c4\" data-element_type=\"widget\" data-e-type=\"widget\" data-widget_type=\"heading.default\">\n\t\t\t\t<div class=\"elementor-widget-container\">\n\t\t\t\t\t<h2 class=\"elementor-heading-title elementor-size-default\">History and heritage of the theaters in Gran Canaria<\/h2>\t\t\t\t<\/div>\n\t\t\t\t<\/div>\n\t\t\t\t<\/div>\n\t\t\t\t\t<\/div>\n\t\t\t\t<\/div>\n\t\t<div class=\"elementor-element elementor-element-6b4f52e e-flex e-con-boxed e-con e-parent\" data-id=\"6b4f52e\" data-element_type=\"container\" data-e-type=\"container\">\n\t\t\t\t\t<div class=\"e-con-inner\">\n\t\t\t\t<div class=\"elementor-element elementor-element-efeeb8e elementor-widget elementor-widget-heading\" data-id=\"efeeb8e\" data-element_type=\"widget\" data-e-type=\"widget\" data-widget_type=\"heading.default\">\n\t\t\t\t<div class=\"elementor-widget-container\">\n\t\t\t\t\t<p class=\"elementor-heading-title elementor-size-default\">The theaters of Gran Canaria are part of the rich cultural heritage of the island, combining history, architecture and scenic art. From centuries-old theaters with a past full of great performances to modern auditoriums with state-of-the-art technology, each of these spaces reflects the cultural evolution of the archipelago. <\/p>\t\t\t\t<\/div>\n\t\t\t\t<\/div>\n\t\t\t\t\t<\/div>\n\t\t\t\t<\/div>\n\t\t<div class=\"elementor-element elementor-element-1292c1e e-flex e-con-boxed e-con e-parent\" data-id=\"1292c1e\" data-element_type=\"container\" data-e-type=\"container\">\n\t\t\t\t\t<div class=\"e-con-inner\">\n\t\t<div class=\"elementor-element elementor-element-b1c4712 e-con-full e-flex e-con e-child\" data-id=\"b1c4712\" data-element_type=\"container\" data-e-type=\"container\">\n\t\t\t\t<div class=\"elementor-element elementor-element-6fab219 elementor-widget elementor-widget-image\" data-id=\"6fab219\" data-element_type=\"widget\" data-e-type=\"widget\" data-widget_type=\"image.default\">\n\t\t\t\t<div class=\"elementor-widget-container\">\n\t\t\t\t\t\t\t\t\t\t\t\t\t\t\t<img fetchpriority=\"high\" decoding=\"async\" width=\"800\" height=\"601\" src=\"https:\/\/welikecanarias.com\/wp-content\/uploads\/2024\/01\/teatro-perez-galdos.png\" class=\"attachment-large size-large wp-image-49534\" alt=\"Vista del interior del Teatro Perez Galdos, uno de los mejores teatros en Gran Canaria\" srcset=\"https:\/\/welikecanarias.com\/wp-content\/uploads\/2024\/01\/teatro-perez-galdos.png.webp 828w, https:\/\/welikecanarias.com\/wp-content\/uploads\/2024\/01\/teatro-perez-galdos-300x225.png.webp 300w, https:\/\/welikecanarias.com\/wp-content\/uploads\/2024\/01\/teatro-perez-galdos-768x577.png.webp 768w\" sizes=\"(max-width: 800px) 100vw, 800px\" \/>\t\t\t\t\t\t\t\t\t\t\t\t\t\t\t<\/div>\n\t\t\t\t<\/div>\n\t\t\t\t<div class=\"elementor-element elementor-element-340313d elementor-widget elementor-widget-heading\" data-id=\"340313d\" data-element_type=\"widget\" data-e-type=\"widget\" data-widget_type=\"heading.default\">\n\t\t\t\t<div class=\"elementor-widget-container\">\n\t\t\t\t\t<h3 class=\"elementor-heading-title elementor-size-default\">P\u00e9rez Gald\u00f3s Theater<\/h3>\t\t\t\t<\/div>\n\t\t\t\t<\/div>\n\t\t\t\t<div class=\"elementor-element elementor-element-6372b47 elementor-widget-divider--view-line elementor-widget elementor-widget-divider\" data-id=\"6372b47\" data-element_type=\"widget\" data-e-type=\"widget\" data-widget_type=\"divider.default\">\n\t\t\t\t<div class=\"elementor-widget-container\">\n\t\t\t\t\t\t\t<div class=\"elementor-divider\">\n\t\t\t<span class=\"elementor-divider-separator\">\n\t\t\t\t\t\t<\/span>\n\t\t<\/div>\n\t\t\t\t\t\t<\/div>\n\t\t\t\t<\/div>\n\t\t\t\t<div class=\"elementor-element elementor-element-6a141c7 elementor-widget elementor-widget-text-editor\" data-id=\"6a141c7\" data-element_type=\"widget\" data-e-type=\"widget\" data-widget_type=\"text-editor.default\">\n\t\t\t\t<div class=\"elementor-widget-container\">\n\t\t\t\t\t\t\t\t\t<p>The P\u00e9rez Gald\u00f3s Theater, located in Las Palmas de Gran Canaria, is a symbol of the theatrical history of the island. Inaugurated in 1890, this theater has hosted a wide variety of shows over the years, from classical plays to contemporary music concerts. <\/p>\n\t\t\t\t\t\t\t\t<\/div>\n\t\t\t\t<\/div>\n\t\t\t\t<\/div>\n\t\t<div class=\"elementor-element elementor-element-dffe686 e-con-full e-flex e-con e-child\" data-id=\"dffe686\" data-element_type=\"container\" data-e-type=\"container\">\n\t\t\t\t<div class=\"elementor-element elementor-element-7763e55 elementor-widget elementor-widget-image\" data-id=\"7763e55\" data-element_type=\"widget\" data-e-type=\"widget\" data-widget_type=\"image.default\">\n\t\t\t\t<div class=\"elementor-widget-container\">\n\t\t\t\t\t\t\t\t\t\t\t\t\t\t\t<img decoding=\"async\" width=\"800\" height=\"600\" data-src=\"https:\/\/welikecanarias.com\/wp-content\/uploads\/2024\/01\/auditorio-alfredo-kraus-1024x768.jpg\" class=\"attachment-large size-large wp-image-49537 lazyload\" alt=\"Vista del interior del auditorio Aldredo Kraus en la isla de Gran Canaria\" data-srcset=\"https:\/\/welikecanarias.com\/wp-content\/uploads\/2024\/01\/auditorio-alfredo-kraus-1024x768.jpg.webp 1024w, https:\/\/welikecanarias.com\/wp-content\/uploads\/2024\/01\/auditorio-alfredo-kraus-300x225.jpg.webp 300w, https:\/\/welikecanarias.com\/wp-content\/uploads\/2024\/01\/auditorio-alfredo-kraus-768x576.jpg.webp 768w, https:\/\/welikecanarias.com\/wp-content\/uploads\/2024\/01\/auditorio-alfredo-kraus.jpg.webp 1200w\" data-sizes=\"(max-width: 800px) 100vw, 800px\" src=\"data:image\/svg+xml;base64,PHN2ZyB3aWR0aD0iMSIgaGVpZ2h0PSIxIiB4bWxucz0iaHR0cDovL3d3dy53My5vcmcvMjAwMC9zdmciPjwvc3ZnPg==\" style=\"--smush-placeholder-width: 800px; --smush-placeholder-aspect-ratio: 800\/600;\" \/>\t\t\t\t\t\t\t\t\t\t\t\t\t\t\t<\/div>\n\t\t\t\t<\/div>\n\t\t\t\t<div class=\"elementor-element elementor-element-73c08db elementor-widget elementor-widget-heading\" data-id=\"73c08db\" data-element_type=\"widget\" data-e-type=\"widget\" data-widget_type=\"heading.default\">\n\t\t\t\t<div class=\"elementor-widget-container\">\n\t\t\t\t\t<h3 class=\"elementor-heading-title elementor-size-default\">Alfredo Kraus Auditorium<\/h3>\t\t\t\t<\/div>\n\t\t\t\t<\/div>\n\t\t\t\t<div class=\"elementor-element elementor-element-ad7da35 elementor-widget-divider--view-line elementor-widget elementor-widget-divider\" data-id=\"ad7da35\" data-element_type=\"widget\" data-e-type=\"widget\" data-widget_type=\"divider.default\">\n\t\t\t\t<div class=\"elementor-widget-container\">\n\t\t\t\t\t\t\t<div class=\"elementor-divider\">\n\t\t\t<span class=\"elementor-divider-separator\">\n\t\t\t\t\t\t<\/span>\n\t\t<\/div>\n\t\t\t\t\t\t<\/div>\n\t\t\t\t<\/div>\n\t\t\t\t<div class=\"elementor-element elementor-element-a2b522a elementor-widget elementor-widget-text-editor\" data-id=\"a2b522a\" data-element_type=\"widget\" data-e-type=\"widget\" data-widget_type=\"text-editor.default\">\n\t\t\t\t<div class=\"elementor-widget-container\">\n\t\t\t\t\t\t\t\t\t<p>The Alfredo Kraus Auditorium, with its modern architecture and privileged location facing the sea, has been a cultural reference point since its opening in 1997. Named in honor of the renowned tenor from the Canary Islands, this auditorium stands out for its avant-garde design and exceptional acoustics. <\/p>\n\t\t\t\t\t\t\t\t<\/div>\n\t\t\t\t<\/div>\n\t\t\t\t<\/div>\n\t\t<div class=\"elementor-element elementor-element-7750d03 e-con-full e-flex e-con e-child\" data-id=\"7750d03\" data-element_type=\"container\" data-e-type=\"container\">\n\t\t\t\t<div class=\"elementor-element elementor-element-c36a6e2 elementor-widget elementor-widget-image\" data-id=\"c36a6e2\" data-element_type=\"widget\" data-e-type=\"widget\" data-widget_type=\"image.default\">\n\t\t\t\t<div class=\"elementor-widget-container\">\n\t\t\t\t\t\t\t\t\t\t\t\t\t\t\t<img decoding=\"async\" width=\"534\" height=\"401\" data-src=\"https:\/\/welikecanarias.com\/wp-content\/uploads\/2024\/01\/teatro-victor-jara.jpg\" class=\"attachment-large size-large wp-image-49540 lazyload\" alt=\"\" data-srcset=\"https:\/\/welikecanarias.com\/wp-content\/uploads\/2024\/01\/teatro-victor-jara.jpg.webp 534w, https:\/\/welikecanarias.com\/wp-content\/uploads\/2024\/01\/teatro-victor-jara-300x225.jpg.webp 300w\" data-sizes=\"(max-width: 534px) 100vw, 534px\" src=\"data:image\/svg+xml;base64,PHN2ZyB3aWR0aD0iMSIgaGVpZ2h0PSIxIiB4bWxucz0iaHR0cDovL3d3dy53My5vcmcvMjAwMC9zdmciPjwvc3ZnPg==\" style=\"--smush-placeholder-width: 534px; --smush-placeholder-aspect-ratio: 534\/401;\" \/>\t\t\t\t\t\t\t\t\t\t\t\t\t\t\t<\/div>\n\t\t\t\t<\/div>\n\t\t\t\t<div class=\"elementor-element elementor-element-8bd1667 elementor-widget elementor-widget-heading\" data-id=\"8bd1667\" data-element_type=\"widget\" data-e-type=\"widget\" data-widget_type=\"heading.default\">\n\t\t\t\t<div class=\"elementor-widget-container\">\n\t\t\t\t\t<h3 class=\"elementor-heading-title elementor-size-default\">Other theaters and auditoriums on the island<\/h3>\t\t\t\t<\/div>\n\t\t\t\t<\/div>\n\t\t\t\t<div class=\"elementor-element elementor-element-8009ff9 elementor-widget-divider--view-line elementor-widget elementor-widget-divider\" data-id=\"8009ff9\" data-element_type=\"widget\" data-e-type=\"widget\" data-widget_type=\"divider.default\">\n\t\t\t\t<div class=\"elementor-widget-container\">\n\t\t\t\t\t\t\t<div class=\"elementor-divider\">\n\t\t\t<span class=\"elementor-divider-separator\">\n\t\t\t\t\t\t<\/span>\n\t\t<\/div>\n\t\t\t\t\t\t<\/div>\n\t\t\t\t<\/div>\n\t\t\t\t<div class=\"elementor-element elementor-element-19701a9 elementor-widget elementor-widget-n-accordion\" data-id=\"19701a9\" data-element_type=\"widget\" data-e-type=\"widget\" data-settings=\"{&quot;default_state&quot;:&quot;expanded&quot;,&quot;max_items_expended&quot;:&quot;one&quot;,&quot;n_accordion_animation_duration&quot;:{&quot;unit&quot;:&quot;ms&quot;,&quot;size&quot;:400,&quot;sizes&quot;:[]}}\" data-widget_type=\"nested-accordion.default\">\n\t\t\t\t<div class=\"elementor-widget-container\">\n\t\t\t\t\t\t\t<div class=\"e-n-accordion\" aria-label=\"Accordion. Open links with Enter or Space, close with Escape, and navigate with Arrow Keys\">\n\t\t\t\t\t\t<details id=\"e-n-accordion-item-2660\" class=\"e-n-accordion-item\" open>\n\t\t\t\t<summary class=\"e-n-accordion-item-title\" data-accordion-index=\"1\" tabindex=\"0\" aria-expanded=\"true\" aria-controls=\"e-n-accordion-item-2660\" >\n\t\t\t\t\t<span class='e-n-accordion-item-title-header'><h4 class=\"e-n-accordion-item-title-text\"> Architecture and design <\/h4><\/span>\n\t\t\t\t\t\t\t<span class='e-n-accordion-item-title-icon'>\n\t\t\t<span class='e-opened' ><svg aria-hidden=\"true\" class=\"e-font-icon-svg e-fas-minus\" viewBox=\"0 0 448 512\" xmlns=\"http:\/\/www.w3.org\/2000\/svg\"><path d=\"M416 208H32c-17.67 0-32 14.33-32 32v32c0 17.67 14.33 32 32 32h384c17.67 0 32-14.33 32-32v-32c0-17.67-14.33-32-32-32z\"><\/path><\/svg><\/span>\n\t\t\t<span class='e-closed'><svg aria-hidden=\"true\" class=\"e-font-icon-svg e-fas-plus\" viewBox=\"0 0 448 512\" xmlns=\"http:\/\/www.w3.org\/2000\/svg\"><path d=\"M416 208H272V64c0-17.67-14.33-32-32-32h-32c-17.67 0-32 14.33-32 32v144H32c-17.67 0-32 14.33-32 32v32c0 17.67 14.33 32 32 32h144v144c0 17.67 14.33 32 32 32h32c17.67 0 32-14.33 32-32V304h144c17.67 0 32-14.33 32-32v-32c0-17.67-14.33-32-32-32z\"><\/path><\/svg><\/span>\n\t\t<\/span>\n\n\t\t\t\t\t\t<\/summary>\n\t\t\t\t<div role=\"region\" aria-labelledby=\"e-n-accordion-item-2660\" class=\"elementor-element elementor-element-10708c3 e-con-full e-flex e-con e-child\" data-id=\"10708c3\" data-element_type=\"container\" data-e-type=\"container\">\n\t\t\t\t<div class=\"elementor-element elementor-element-7e82a4e elementor-widget elementor-widget-text-editor\" data-id=\"7e82a4e\" data-element_type=\"widget\" data-e-type=\"widget\" data-widget_type=\"text-editor.default\">\n\t\t\t\t<div class=\"elementor-widget-container\">\n\t\t\t\t\t\t\t\t\t<p>In addition to the P\u00e9rez Gald\u00f3s Theater and the Alfredo Kraus Auditorium, Gran Canaria has other cultural spaces of great architectural relevance and careful design. These places offer a wide range of artistic proposals that enrich the cultural offer of the island. <\/p>\n\t\t\t\t\t\t\t\t<\/div>\n\t\t\t\t<\/div>\n\t\t\t\t<\/div>\n\t\t\t\t\t<\/details>\n\t\t\t\t\t\t<details id=\"e-n-accordion-item-2661\" class=\"e-n-accordion-item\" >\n\t\t\t\t<summary class=\"e-n-accordion-item-title\" data-accordion-index=\"2\" tabindex=\"-1\" aria-expanded=\"false\" aria-controls=\"e-n-accordion-item-2661\" >\n\t\t\t\t\t<span class='e-n-accordion-item-title-header'><h4 class=\"e-n-accordion-item-title-text\"> Cultural importance <\/h4><\/span>\n\t\t\t\t\t\t\t<span class='e-n-accordion-item-title-icon'>\n\t\t\t<span class='e-opened' ><svg aria-hidden=\"true\" class=\"e-font-icon-svg e-fas-minus\" viewBox=\"0 0 448 512\" xmlns=\"http:\/\/www.w3.org\/2000\/svg\"><path d=\"M416 208H32c-17.67 0-32 14.33-32 32v32c0 17.67 14.33 32 32 32h384c17.67 0 32-14.33 32-32v-32c0-17.67-14.33-32-32-32z\"><\/path><\/svg><\/span>\n\t\t\t<span class='e-closed'><svg aria-hidden=\"true\" class=\"e-font-icon-svg e-fas-plus\" viewBox=\"0 0 448 512\" xmlns=\"http:\/\/www.w3.org\/2000\/svg\"><path d=\"M416 208H272V64c0-17.67-14.33-32-32-32h-32c-17.67 0-32 14.33-32 32v144H32c-17.67 0-32 14.33-32 32v32c0 17.67 14.33 32 32 32h144v144c0 17.67 14.33 32 32 32h32c17.67 0 32-14.33 32-32V304h144c17.67 0 32-14.33 32-32v-32c0-17.67-14.33-32-32-32z\"><\/path><\/svg><\/span>\n\t\t<\/span>\n\n\t\t\t\t\t\t<\/summary>\n\t\t\t\t<div role=\"region\" aria-labelledby=\"e-n-accordion-item-2661\" class=\"elementor-element elementor-element-aff4af8 e-con-full e-flex e-con e-child\" data-id=\"aff4af8\" data-element_type=\"container\" data-e-type=\"container\">\n\t\t\t\t<div class=\"elementor-element elementor-element-10f4cf8 elementor-widget elementor-widget-text-editor\" data-id=\"10f4cf8\" data-element_type=\"widget\" data-e-type=\"widget\" data-widget_type=\"text-editor.default\">\n\t\t\t\t<div class=\"elementor-widget-container\">\n\t\t\t\t\t\t\t\t\t<p>The presence of several theaters and auditoriums in Gran Canaria not only enriches the cultural life of its inhabitants, but also contributes to position the island as a cultural destination of great national and international importance. The diversity of artistic proposals and the quality of the shows make these spaces true cultural emblems of Gran Canaria. <\/p>\n\t\t\t\t\t\t\t\t<\/div>\n\t\t\t\t<\/div>\n\t\t\t\t<\/div>\n\t\t\t\t\t<\/details>\n\t\t\t\t\t<\/div>\n\t\t\t\t\t\t<\/div>\n\t\t\t\t<\/div>\n\t\t\t\t<\/div>\n\t\t\t\t\t<\/div>\n\t\t\t\t<\/div>\n\t\t<div class=\"elementor-element elementor-element-f786ddd e-flex e-con-boxed e-con e-parent\" data-id=\"f786ddd\" data-element_type=\"container\" data-e-type=\"container\">\n\t\t\t\t\t<div class=\"e-con-inner\">\n\t\t\t\t<div class=\"elementor-element elementor-element-fe31286 elementor-widget elementor-widget-spacer\" data-id=\"fe31286\" data-element_type=\"widget\" data-e-type=\"widget\" data-widget_type=\"spacer.default\">\n\t\t\t\t<div class=\"elementor-widget-container\">\n\t\t\t\t\t\t\t<div class=\"elementor-spacer\">\n\t\t\t<div class=\"elementor-spacer-inner\"><\/div>\n\t\t<\/div>\n\t\t\t\t\t\t<\/div>\n\t\t\t\t<\/div>\n\t\t\t\t\t<\/div>\n\t\t\t\t<\/div>\n\t\t\t\t<\/div>\n\t\t","protected":false},"excerpt":{"rendered":"<p>Theaters and Auditoriums of Gran Canaria: History, Programming and Cultural Experience Gran Canaria is a first class cultural destination thanks to its theaters and auditoriums. The P\u00e9rez Gald\u00f3s Theater and the Alfredo Kraus Auditorium are the main venues for enjoying artistic events. These institutions offer a varied program that includes theater, music and dance, attracting [&hellip;]<\/p>\n","protected":false},"author":244305394,"featured_media":30118,"comment_status":"closed","ping_status":"closed","sticky":false,"template":"","format":"standard","meta":{"_monsterinsights_skip_tracking":false,"_monsterinsights_sitenote_active":false,"_monsterinsights_sitenote_note":"","_monsterinsights_sitenote_category":0,"footnotes":""},"categories":[919,1712],"tags":[1893,1894,1896,1895,1897],"class_list":["post-52340","post","type-post","status-publish","format-standard","has-post-thumbnail","hentry","category-gran-canaria-de","category-kultur-und-kunst-de-6","tag-alfredo-kraus-auditorium-en","tag-cuyas-theater-en","tag-gran-canaria-theaters","tag-guiniguada-theater-en","tag-perez-galdos-theater-en"],"yoast_head":"<!-- This site is optimized with the Yoast SEO plugin v27.3 - https:\/\/yoast.com\/product\/yoast-seo-wordpress\/ -->\n<title>Theaters and Auditoriums of Gran Canaria<\/title>\n<meta name=\"description\" content=\"Discover the vibrant cultural scene of Gran Canaria with our guide to theaters and auditoriums. Music, dance, theater and cultural events.\" \/>\n<meta name=\"robots\" content=\"index, follow, max-snippet:-1, max-image-preview:large, max-video-preview:-1\" \/>\n<link rel=\"canonical\" href=\"https:\/\/welikecanarias.com\/en\/theaters-and-auditoriums-of-gran-canaria\/\" \/>\n<meta property=\"og:locale\" content=\"en_US\" \/>\n<meta property=\"og:type\" content=\"article\" \/>\n<meta property=\"og:title\" content=\"Theaters and Auditoriums of Gran Canaria\" \/>\n<meta property=\"og:description\" content=\"Discover the vibrant cultural scene of Gran Canaria with our guide to theaters and auditoriums. Music, dance, theater and cultural events.\" \/>\n<meta property=\"og:url\" content=\"https:\/\/welikecanarias.com\/en\/theaters-and-auditoriums-of-gran-canaria\/\" \/>\n<meta property=\"og:site_name\" content=\"WeLikeCanarias\" \/>\n<meta property=\"article:published_time\" content=\"2024-01-14T20:48:02+00:00\" \/>\n<meta property=\"article:modified_time\" content=\"2025-03-29T12:25:07+00:00\" \/>\n<meta property=\"og:image\" content=\"https:\/\/welikecanarias.com\/wp-content\/uploads\/2024\/01\/iStock-152176747-scaled.jpg\" \/>\n\t<meta property=\"og:image:width\" content=\"2560\" \/>\n\t<meta property=\"og:image:height\" content=\"1700\" \/>\n\t<meta property=\"og:image:type\" content=\"image\/jpeg\" \/>\n<meta name=\"author\" content=\"WeLikeCanarias\" \/>\n<meta name=\"twitter:card\" content=\"summary_large_image\" \/>\n<meta name=\"twitter:label1\" content=\"Written by\" \/>\n\t<meta name=\"twitter:data1\" content=\"WeLikeCanarias\" \/>\n\t<meta name=\"twitter:label2\" content=\"Est. reading time\" \/>\n\t<meta name=\"twitter:data2\" content=\"5 minutes\" \/>\n<script type=\"application\/ld+json\" class=\"yoast-schema-graph\">{\"@context\":\"https:\\\/\\\/schema.org\",\"@graph\":[{\"@type\":[\"Article\",\"BlogPosting\"],\"@id\":\"https:\\\/\\\/welikecanarias.com\\\/en\\\/theaters-and-auditoriums-of-gran-canaria\\\/#article\",\"isPartOf\":{\"@id\":\"https:\\\/\\\/welikecanarias.com\\\/en\\\/theaters-and-auditoriums-of-gran-canaria\\\/\"},\"author\":{\"name\":\"WeLikeCanarias\",\"@id\":\"https:\\\/\\\/welikecanarias.com\\\/en\\\/#\\\/schema\\\/person\\\/8f32b8fa9eacbc052e5cac461636dd27\"},\"headline\":\"Theaters and Auditoriums of Gran Canaria: History, Programming and Cultural Experience\",\"datePublished\":\"2024-01-14T20:48:02+00:00\",\"dateModified\":\"2025-03-29T12:25:07+00:00\",\"mainEntityOfPage\":{\"@id\":\"https:\\\/\\\/welikecanarias.com\\\/en\\\/theaters-and-auditoriums-of-gran-canaria\\\/\"},\"wordCount\":897,\"publisher\":{\"@id\":\"https:\\\/\\\/welikecanarias.com\\\/en\\\/#\\\/schema\\\/person\\\/8f32b8fa9eacbc052e5cac461636dd27\"},\"image\":{\"@id\":\"https:\\\/\\\/welikecanarias.com\\\/en\\\/theaters-and-auditoriums-of-gran-canaria\\\/#primaryimage\"},\"thumbnailUrl\":\"https:\\\/\\\/welikecanarias.com\\\/wp-content\\\/uploads\\\/2024\\\/01\\\/iStock-152176747-scaled.jpg\",\"keywords\":[\"alfredo kraus auditorium\",\"cuy\u00e1s theater\",\"gran canaria theaters\",\"guiniguada theater\",\"p\u00e9rez gald\u00f3s theater\"],\"articleSection\":[\"Gran Canaria\",\"Kultur und Kunst\"],\"inLanguage\":\"en-US\"},{\"@type\":\"WebPage\",\"@id\":\"https:\\\/\\\/welikecanarias.com\\\/en\\\/theaters-and-auditoriums-of-gran-canaria\\\/\",\"url\":\"https:\\\/\\\/welikecanarias.com\\\/en\\\/theaters-and-auditoriums-of-gran-canaria\\\/\",\"name\":\"Theaters and Auditoriums of Gran Canaria\",\"isPartOf\":{\"@id\":\"https:\\\/\\\/welikecanarias.com\\\/en\\\/#website\"},\"primaryImageOfPage\":{\"@id\":\"https:\\\/\\\/welikecanarias.com\\\/en\\\/theaters-and-auditoriums-of-gran-canaria\\\/#primaryimage\"},\"image\":{\"@id\":\"https:\\\/\\\/welikecanarias.com\\\/en\\\/theaters-and-auditoriums-of-gran-canaria\\\/#primaryimage\"},\"thumbnailUrl\":\"https:\\\/\\\/welikecanarias.com\\\/wp-content\\\/uploads\\\/2024\\\/01\\\/iStock-152176747-scaled.jpg\",\"datePublished\":\"2024-01-14T20:48:02+00:00\",\"dateModified\":\"2025-03-29T12:25:07+00:00\",\"description\":\"Discover the vibrant cultural scene of Gran Canaria with our guide to theaters and auditoriums. Music, dance, theater and cultural events.\",\"breadcrumb\":{\"@id\":\"https:\\\/\\\/welikecanarias.com\\\/en\\\/theaters-and-auditoriums-of-gran-canaria\\\/#breadcrumb\"},\"inLanguage\":\"en-US\",\"potentialAction\":[{\"@type\":\"ReadAction\",\"target\":[\"https:\\\/\\\/welikecanarias.com\\\/en\\\/theaters-and-auditoriums-of-gran-canaria\\\/\"]}]},{\"@type\":\"ImageObject\",\"inLanguage\":\"en-US\",\"@id\":\"https:\\\/\\\/welikecanarias.com\\\/en\\\/theaters-and-auditoriums-of-gran-canaria\\\/#primaryimage\",\"url\":\"https:\\\/\\\/welikecanarias.com\\\/wp-content\\\/uploads\\\/2024\\\/01\\\/iStock-152176747-scaled.jpg\",\"contentUrl\":\"https:\\\/\\\/welikecanarias.com\\\/wp-content\\\/uploads\\\/2024\\\/01\\\/iStock-152176747-scaled.jpg\",\"width\":2560,\"height\":1700,\"caption\":\"Las Palmas de Gran Canaria at night. Auditorio Alfredo Kraus in the foreground, Las Canteras beach in the background.\"},{\"@type\":\"BreadcrumbList\",\"@id\":\"https:\\\/\\\/welikecanarias.com\\\/en\\\/theaters-and-auditoriums-of-gran-canaria\\\/#breadcrumb\",\"itemListElement\":[{\"@type\":\"ListItem\",\"position\":1,\"name\":\"Portada\",\"item\":\"https:\\\/\\\/welikecanarias.com\\\/en\\\/\"},{\"@type\":\"ListItem\",\"position\":2,\"name\":\"Theaters and Auditoriums of Gran Canaria: History, Programming and Cultural Experience\"}]},{\"@type\":\"WebSite\",\"@id\":\"https:\\\/\\\/welikecanarias.com\\\/en\\\/#website\",\"url\":\"https:\\\/\\\/welikecanarias.com\\\/en\\\/\",\"name\":\"WeLikeCanarias\",\"description\":\"Blog de viaje por las Islas Canarias\",\"publisher\":{\"@id\":\"https:\\\/\\\/welikecanarias.com\\\/en\\\/#\\\/schema\\\/person\\\/8f32b8fa9eacbc052e5cac461636dd27\"},\"potentialAction\":[{\"@type\":\"SearchAction\",\"target\":{\"@type\":\"EntryPoint\",\"urlTemplate\":\"https:\\\/\\\/welikecanarias.com\\\/en\\\/?s={search_term_string}\"},\"query-input\":{\"@type\":\"PropertyValueSpecification\",\"valueRequired\":true,\"valueName\":\"search_term_string\"}}],\"inLanguage\":\"en-US\"},{\"@type\":[\"Person\",\"Organization\"],\"@id\":\"https:\\\/\\\/welikecanarias.com\\\/en\\\/#\\\/schema\\\/person\\\/8f32b8fa9eacbc052e5cac461636dd27\",\"name\":\"WeLikeCanarias\",\"image\":{\"@type\":\"ImageObject\",\"inLanguage\":\"en-US\",\"@id\":\"https:\\\/\\\/welikecanarias.com\\\/wp-content\\\/uploads\\\/2025\\\/09\\\/cropped-Canarias.png\",\"url\":\"https:\\\/\\\/welikecanarias.com\\\/wp-content\\\/uploads\\\/2025\\\/09\\\/cropped-Canarias.png\",\"contentUrl\":\"https:\\\/\\\/welikecanarias.com\\\/wp-content\\\/uploads\\\/2025\\\/09\\\/cropped-Canarias.png\",\"width\":1147,\"height\":867,\"caption\":\"WeLikeCanarias\"},\"logo\":{\"@id\":\"https:\\\/\\\/welikecanarias.com\\\/wp-content\\\/uploads\\\/2025\\\/09\\\/cropped-Canarias.png\"},\"sameAs\":[\"http:\\\/\\\/welikecanarias.wordpress.com\"],\"url\":\"https:\\\/\\\/welikecanarias.com\\\/en\\\/author\\\/welikecanarias\\\/\"}]}<\/script>\n<!-- \/ Yoast SEO plugin. -->","yoast_head_json":{"title":"Theaters and Auditoriums of Gran Canaria","description":"Discover the vibrant cultural scene of Gran Canaria with our guide to theaters and auditoriums. Music, dance, theater and cultural events.","robots":{"index":"index","follow":"follow","max-snippet":"max-snippet:-1","max-image-preview":"max-image-preview:large","max-video-preview":"max-video-preview:-1"},"canonical":"https:\/\/welikecanarias.com\/en\/theaters-and-auditoriums-of-gran-canaria\/","og_locale":"en_US","og_type":"article","og_title":"Theaters and Auditoriums of Gran Canaria","og_description":"Discover the vibrant cultural scene of Gran Canaria with our guide to theaters and auditoriums. Music, dance, theater and cultural events.","og_url":"https:\/\/welikecanarias.com\/en\/theaters-and-auditoriums-of-gran-canaria\/","og_site_name":"WeLikeCanarias","article_published_time":"2024-01-14T20:48:02+00:00","article_modified_time":"2025-03-29T12:25:07+00:00","og_image":[{"width":2560,"height":1700,"url":"https:\/\/welikecanarias.com\/wp-content\/uploads\/2024\/01\/iStock-152176747-scaled.jpg","type":"image\/jpeg"}],"author":"WeLikeCanarias","twitter_card":"summary_large_image","twitter_misc":{"Written by":"WeLikeCanarias","Est. reading time":"5 minutes"},"schema":{"@context":"https:\/\/schema.org","@graph":[{"@type":["Article","BlogPosting"],"@id":"https:\/\/welikecanarias.com\/en\/theaters-and-auditoriums-of-gran-canaria\/#article","isPartOf":{"@id":"https:\/\/welikecanarias.com\/en\/theaters-and-auditoriums-of-gran-canaria\/"},"author":{"name":"WeLikeCanarias","@id":"https:\/\/welikecanarias.com\/en\/#\/schema\/person\/8f32b8fa9eacbc052e5cac461636dd27"},"headline":"Theaters and Auditoriums of Gran Canaria: History, Programming and Cultural Experience","datePublished":"2024-01-14T20:48:02+00:00","dateModified":"2025-03-29T12:25:07+00:00","mainEntityOfPage":{"@id":"https:\/\/welikecanarias.com\/en\/theaters-and-auditoriums-of-gran-canaria\/"},"wordCount":897,"publisher":{"@id":"https:\/\/welikecanarias.com\/en\/#\/schema\/person\/8f32b8fa9eacbc052e5cac461636dd27"},"image":{"@id":"https:\/\/welikecanarias.com\/en\/theaters-and-auditoriums-of-gran-canaria\/#primaryimage"},"thumbnailUrl":"https:\/\/welikecanarias.com\/wp-content\/uploads\/2024\/01\/iStock-152176747-scaled.jpg","keywords":["alfredo kraus auditorium","cuy\u00e1s theater","gran canaria theaters","guiniguada theater","p\u00e9rez gald\u00f3s theater"],"articleSection":["Gran Canaria","Kultur und Kunst"],"inLanguage":"en-US"},{"@type":"WebPage","@id":"https:\/\/welikecanarias.com\/en\/theaters-and-auditoriums-of-gran-canaria\/","url":"https:\/\/welikecanarias.com\/en\/theaters-and-auditoriums-of-gran-canaria\/","name":"Theaters and Auditoriums of Gran Canaria","isPartOf":{"@id":"https:\/\/welikecanarias.com\/en\/#website"},"primaryImageOfPage":{"@id":"https:\/\/welikecanarias.com\/en\/theaters-and-auditoriums-of-gran-canaria\/#primaryimage"},"image":{"@id":"https:\/\/welikecanarias.com\/en\/theaters-and-auditoriums-of-gran-canaria\/#primaryimage"},"thumbnailUrl":"https:\/\/welikecanarias.com\/wp-content\/uploads\/2024\/01\/iStock-152176747-scaled.jpg","datePublished":"2024-01-14T20:48:02+00:00","dateModified":"2025-03-29T12:25:07+00:00","description":"Discover the vibrant cultural scene of Gran Canaria with our guide to theaters and auditoriums. Music, dance, theater and cultural events.","breadcrumb":{"@id":"https:\/\/welikecanarias.com\/en\/theaters-and-auditoriums-of-gran-canaria\/#breadcrumb"},"inLanguage":"en-US","potentialAction":[{"@type":"ReadAction","target":["https:\/\/welikecanarias.com\/en\/theaters-and-auditoriums-of-gran-canaria\/"]}]},{"@type":"ImageObject","inLanguage":"en-US","@id":"https:\/\/welikecanarias.com\/en\/theaters-and-auditoriums-of-gran-canaria\/#primaryimage","url":"https:\/\/welikecanarias.com\/wp-content\/uploads\/2024\/01\/iStock-152176747-scaled.jpg","contentUrl":"https:\/\/welikecanarias.com\/wp-content\/uploads\/2024\/01\/iStock-152176747-scaled.jpg","width":2560,"height":1700,"caption":"Las Palmas de Gran Canaria at night. Auditorio Alfredo Kraus in the foreground, Las Canteras beach in the background."},{"@type":"BreadcrumbList","@id":"https:\/\/welikecanarias.com\/en\/theaters-and-auditoriums-of-gran-canaria\/#breadcrumb","itemListElement":[{"@type":"ListItem","position":1,"name":"Portada","item":"https:\/\/welikecanarias.com\/en\/"},{"@type":"ListItem","position":2,"name":"Theaters and Auditoriums of Gran Canaria: History, Programming and Cultural Experience"}]},{"@type":"WebSite","@id":"https:\/\/welikecanarias.com\/en\/#website","url":"https:\/\/welikecanarias.com\/en\/","name":"WeLikeCanarias","description":"Blog de viaje por las Islas Canarias","publisher":{"@id":"https:\/\/welikecanarias.com\/en\/#\/schema\/person\/8f32b8fa9eacbc052e5cac461636dd27"},"potentialAction":[{"@type":"SearchAction","target":{"@type":"EntryPoint","urlTemplate":"https:\/\/welikecanarias.com\/en\/?s={search_term_string}"},"query-input":{"@type":"PropertyValueSpecification","valueRequired":true,"valueName":"search_term_string"}}],"inLanguage":"en-US"},{"@type":["Person","Organization"],"@id":"https:\/\/welikecanarias.com\/en\/#\/schema\/person\/8f32b8fa9eacbc052e5cac461636dd27","name":"WeLikeCanarias","image":{"@type":"ImageObject","inLanguage":"en-US","@id":"https:\/\/welikecanarias.com\/wp-content\/uploads\/2025\/09\/cropped-Canarias.png","url":"https:\/\/welikecanarias.com\/wp-content\/uploads\/2025\/09\/cropped-Canarias.png","contentUrl":"https:\/\/welikecanarias.com\/wp-content\/uploads\/2025\/09\/cropped-Canarias.png","width":1147,"height":867,"caption":"WeLikeCanarias"},"logo":{"@id":"https:\/\/welikecanarias.com\/wp-content\/uploads\/2025\/09\/cropped-Canarias.png"},"sameAs":["http:\/\/welikecanarias.wordpress.com"],"url":"https:\/\/welikecanarias.com\/en\/author\/welikecanarias\/"}]}},"_links":{"self":[{"href":"https:\/\/welikecanarias.com\/en\/wp-json\/wp\/v2\/posts\/52340","targetHints":{"allow":["GET"]}}],"collection":[{"href":"https:\/\/welikecanarias.com\/en\/wp-json\/wp\/v2\/posts"}],"about":[{"href":"https:\/\/welikecanarias.com\/en\/wp-json\/wp\/v2\/types\/post"}],"author":[{"embeddable":true,"href":"https:\/\/welikecanarias.com\/en\/wp-json\/wp\/v2\/users\/244305394"}],"replies":[{"embeddable":true,"href":"https:\/\/welikecanarias.com\/en\/wp-json\/wp\/v2\/comments?post=52340"}],"version-history":[{"count":0,"href":"https:\/\/welikecanarias.com\/en\/wp-json\/wp\/v2\/posts\/52340\/revisions"}],"wp:featuredmedia":[{"embeddable":true,"href":"https:\/\/welikecanarias.com\/en\/wp-json\/wp\/v2\/media\/30118"}],"wp:attachment":[{"href":"https:\/\/welikecanarias.com\/en\/wp-json\/wp\/v2\/media?parent=52340"}],"wp:term":[{"taxonomy":"category","embeddable":true,"href":"https:\/\/welikecanarias.com\/en\/wp-json\/wp\/v2\/categories?post=52340"},{"taxonomy":"post_tag","embeddable":true,"href":"https:\/\/welikecanarias.com\/en\/wp-json\/wp\/v2\/tags?post=52340"}],"curies":[{"name":"wp","href":"https:\/\/api.w.org\/{rel}","templated":true}]}}