{"id":74359,"date":"2025-07-14T13:41:02","date_gmt":"2025-07-14T13:41:02","guid":{"rendered":"https:\/\/welikecanarias.com\/charmante-unterkuenfte-auf-fuerteventura-finden-sie-ihren-idealen-platz\/"},"modified":"2025-07-18T16:33:43","modified_gmt":"2025-07-18T16:33:43","slug":"charmante-unterkuenfte-fuerteventura","status":"publish","type":"post","link":"https:\/\/welikecanarias.com\/de\/charmante-unterkuenfte-fuerteventura\/","title":{"rendered":"Charmante Unterk\u00fcnfte auf Fuerteventura: Finden Sie Ihren idealen Platz!"},"content":{"rendered":"\t\t<div data-elementor-type=\"wp-post\" data-elementor-id=\"74359\" class=\"elementor elementor-74359 elementor-73411\" data-elementor-post-type=\"post\">\n\t\t\t\t<div class=\"elementor-element elementor-element-76efd45 e-flex e-con-boxed e-con e-parent\" data-id=\"76efd45\" data-element_type=\"container\" data-e-type=\"container\" data-settings=\"{&quot;background_background&quot;:&quot;classic&quot;,&quot;shape_divider_bottom&quot;:&quot;wave-brush&quot;}\">\n\t\t\t\t\t<div class=\"e-con-inner\">\n\t\t\t\t<div class=\"elementor-shape elementor-shape-bottom\" aria-hidden=\"true\" data-negative=\"false\">\n\t\t\t<svg xmlns=\"http:\/\/www.w3.org\/2000\/svg\" viewBox=\"0 0 283.5 27.8\" preserveAspectRatio=\"none\">\n\t<path class=\"elementor-shape-fill\" d=\"M283.5,9.7c0,0-7.3,4.3-14,4.6c-6.8,0.3-12.6,0-20.9-1.5c-11.3-2-33.1-10.1-44.7-5.7\ts-12.1,4.6-18,7.4c-6.6,3.2-20,9.6-36.6,9.3C131.6,23.5,99.5,7.2,86.3,8c-1.4,0.1-6.6,0.8-10.5,2c-3.8,1.2-9.4,3.8-17,4.7\tc-3.2,0.4-8.3,1.1-14.2,0.9c-1.5-0.1-6.3-0.4-12-1.6c-5.7-1.2-11-3.1-15.8-3.7C6.5,9.2,0,10.8,0,10.8V0h283.5V9.7z M260.8,11.3\tc-0.7-1-2-0.4-4.3-0.4c-2.3,0-6.1-1.2-5.8-1.1c0.3,0.1,3.1,1.5,6,1.9C259.7,12.2,261.4,12.3,260.8,11.3z M242.4,8.6\tc0,0-2.4-0.2-5.6-0.9c-3.2-0.8-10.3-2.8-15.1-3.5c-8.2-1.1-15.8,0-15.1,0.1c0.8,0.1,9.6-0.6,17.6,1.1c3.3,0.7,9.3,2.2,12.4,2.7\tC239.9,8.7,242.4,8.6,242.4,8.6z M185.2,8.5c1.7-0.7-13.3,4.7-18.5,6.1c-2.1,0.6-6.2,1.6-10,2c-3.9,0.4-8.9,0.4-8.8,0.5\tc0,0.2,5.8,0.8,11.2,0c5.4-0.8,5.2-1.1,7.6-1.6C170.5,14.7,183.5,9.2,185.2,8.5z M199.1,6.9c0.2,0-0.8-0.4-4.8,1.1\tc-4,1.5-6.7,3.5-6.9,3.7c-0.2,0.1,3.5-1.8,6.6-3C197,7.5,199,6.9,199.1,6.9z M283,6c-0.1,0.1-1.9,1.1-4.8,2.5s-6.9,2.8-6.7,2.7\tc0.2,0,3.5-0.6,7.4-2.5C282.8,6.8,283.1,5.9,283,6z M31.3,11.6c0.1-0.2-1.9-0.2-4.5-1.2s-5.4-1.6-7.8-2C15,7.6,7.3,8.5,7.7,8.6\tC8,8.7,15.9,8.3,20.2,9.3c2.2,0.5,2.4,0.5,5.7,1.6S31.2,11.9,31.3,11.6z M73,9.2c0.4-0.1,3.5-1.6,8.4-2.6c4.9-1.1,8.9-0.5,8.9-0.8\tc0-0.3-1-0.9-6.2-0.3S72.6,9.3,73,9.2z M71.6,6.7C71.8,6.8,75,5.4,77.3,5c2.3-0.3,1.9-0.5,1.9-0.6c0-0.1-1.1-0.2-2.7,0.2\tC74.8,5.1,71.4,6.6,71.6,6.7z M93.6,4.4c0.1,0.2,3.5,0.8,5.6,1.8c2.1,1,1.8,0.6,1.9,0.5c0.1-0.1-0.8-0.8-2.4-1.3\tC97.1,4.8,93.5,4.2,93.6,4.4z M65.4,11.1c-0.1,0.3,0.3,0.5,1.9-0.2s2.6-1.3,2.2-1.2s-0.9,0.4-2.5,0.8C65.3,10.9,65.5,10.8,65.4,11.1\tz M34.5,12.4c-0.2,0,2.1,0.8,3.3,0.9c1.2,0.1,2,0.1,2-0.2c0-0.3-0.1-0.5-1.6-0.4C36.6,12.8,34.7,12.4,34.5,12.4z M152.2,21.1\tc-0.1,0.1-2.4-0.3-7.5-0.3c-5,0-13.6-2.4-17.2-3.5c-3.6-1.1,10,3.9,16.5,4.1C150.5,21.6,152.3,21,152.2,21.1z\"\/>\n\t<path class=\"elementor-shape-fill\" d=\"M269.6,18c-0.1-0.1-4.6,0.3-7.2,0c-7.3-0.7-17-3.2-16.6-2.9c0.4,0.3,13.7,3.1,17,3.3\tC267.7,18.8,269.7,18,269.6,18z\"\/>\n\t<path class=\"elementor-shape-fill\" d=\"M227.4,9.8c-0.2-0.1-4.5-1-9.5-1.2c-5-0.2-12.7,0.6-12.3,0.5c0.3-0.1,5.9-1.8,13.3-1.2\tS227.6,9.9,227.4,9.8z\"\/>\n\t<path class=\"elementor-shape-fill\" d=\"M204.5,13.4c-0.1-0.1,2-1,3.2-1.1c1.2-0.1,2,0,2,0.3c0,0.3-0.1,0.5-1.6,0.4\tC206.4,12.9,204.6,13.5,204.5,13.4z\"\/>\n\t<path class=\"elementor-shape-fill\" d=\"M201,10.6c0-0.1-4.4,1.2-6.3,2.2c-1.9,0.9-6.2,3.1-6.1,3.1c0.1,0.1,4.2-1.6,6.3-2.6\tS201,10.7,201,10.6z\"\/>\n\t<path class=\"elementor-shape-fill\" d=\"M154.5,26.7c-0.1-0.1-4.6,0.3-7.2,0c-7.3-0.7-17-3.2-16.6-2.9c0.4,0.3,13.7,3.1,17,3.3\tC152.6,27.5,154.6,26.8,154.5,26.7z\"\/>\n\t<path class=\"elementor-shape-fill\" d=\"M41.9,19.3c0,0,1.2-0.3,2.9-0.1c1.7,0.2,5.8,0.9,8.2,0.7c4.2-0.4,7.4-2.7,7-2.6\tc-0.4,0-4.3,2.2-8.6,1.9c-1.8-0.1-5.1-0.5-6.7-0.4S41.9,19.3,41.9,19.3z\"\/>\n\t<path class=\"elementor-shape-fill\" d=\"M75.5,12.6c0.2,0.1,2-0.8,4.3-1.1c2.3-0.2,2.1-0.3,2.1-0.5c0-0.1-1.8-0.4-3.4,0\tC76.9,11.5,75.3,12.5,75.5,12.6z\"\/>\n\t<path class=\"elementor-shape-fill\" d=\"M15.6,13.2c0-0.1,4.3,0,6.7,0.5c2.4,0.5,5,1.9,5,2c0,0.1-2.7-0.8-5.1-1.4\tC19.9,13.7,15.7,13.3,15.6,13.2z\"\/>\n<\/svg>\t\t<\/div>\n\t\t\t\t<div class=\"elementor-element elementor-element-fcae566 elementor-widget__width-initial elementor-widget-mobile__width-initial elementor-widget elementor-widget-heading\" data-id=\"fcae566\" data-element_type=\"widget\" data-e-type=\"widget\" data-widget_type=\"heading.default\">\n\t\t\t\t<div class=\"elementor-widget-container\">\n\t\t\t\t\t<h1 class=\"elementor-heading-title elementor-size-default\">Charmante Unterk\u00fcnfte auf Fuerteventura: Finden Sie Ihren idealen Platz!<\/h1>\t\t\t\t<\/div>\n\t\t\t\t<\/div>\n\t\t\t\t\t<\/div>\n\t\t\t\t<\/div>\n\t\t<div class=\"elementor-element elementor-element-742e5f0 e-flex e-con-boxed e-con e-parent\" data-id=\"742e5f0\" data-element_type=\"container\" data-e-type=\"container\">\n\t\t\t\t\t<div class=\"e-con-inner\">\n\t\t\t\t<div class=\"elementor-element elementor-element-2f5d2a4 elementor-widget elementor-widget-heading\" data-id=\"2f5d2a4\" data-element_type=\"widget\" data-e-type=\"widget\" data-widget_type=\"heading.default\">\n\t\t\t\t<div class=\"elementor-widget-container\">\n\t\t\t\t\t<p class=\"elementor-heading-title elementor-size-default\">  Fuerteventura bietet eine Vielzahl von charmanten Unterk\u00fcnften, die die Erfahrung des Reisenden bereichern. Von Boutique-Hotels bis hin zu privaten Villen bietet jede Option eine einzigartige und einladende Atmosph\u00e4re. Diese Unterk\u00fcnfte sind so konzipiert, dass sie Komfort und eine pers\u00f6nliche Note bieten. Sie erm\u00f6glichen es Ihnen, die nat\u00fcrliche Sch\u00f6nheit der Insel zu genie\u00dfen und gleichzeitig in die Kultur und Traditionen der Insel einzutauchen.   <\/p>\t\t\t\t<\/div>\n\t\t\t\t<\/div>\n\t\t\t\t\t<\/div>\n\t\t\t\t<\/div>\n\t\t<div class=\"elementor-element elementor-element-be6c127 e-flex e-con-boxed e-con e-parent\" data-id=\"be6c127\" data-element_type=\"container\" data-e-type=\"container\">\n\t\t\t\t\t<div class=\"e-con-inner\">\n\t\t<div class=\"elementor-element elementor-element-7418dcc e-grid e-con-full e-con e-child\" data-id=\"7418dcc\" data-element_type=\"container\" data-e-type=\"container\">\n\t\t\t\t<div class=\"elementor-element elementor-element-f897ea6 elementor-widget elementor-widget-text-editor\" data-id=\"f897ea6\" data-element_type=\"widget\" data-e-type=\"widget\" data-widget_type=\"text-editor.default\">\n\t\t\t\t<div class=\"elementor-widget-container\">\n\t\t\t\t\t\t\t\t\t<p><span style=\"color: #000000;\">Fuerteventura ist eine Insel, die durch ihre unendliche Ruhe, ihre goldenen Sandstr\u00e4nde und ihre von Wind und Zeit geformten Naturlandschaften besticht. Es ist ein Reiseziel, an dem sich das Tempo verlangsamt und jeder Winkel dazu einl\u00e4dt, abzuschalten und mit dem Wesentlichen in Ber\u00fchrung zu kommen. Inmitten dieser wilden und ruhigen Sch\u00f6nheit finden Sie Unterk\u00fcnfte mit einem besonderen Charme: traditionelle wei\u00dfe H\u00e4user, Boutique-Hotels am Meer, Villen inmitten der D\u00fcnen und l\u00e4ndliche R\u00fcckzugsorte, in denen die Stille im Mittelpunkt steht.  <\/span><\/p>\t\t\t\t\t\t\t\t<\/div>\n\t\t\t\t<\/div>\n\t\t\t\t<div class=\"elementor-element elementor-element-8e2b1e0 elementor-widget elementor-widget-text-editor\" data-id=\"8e2b1e0\" data-element_type=\"widget\" data-e-type=\"widget\" data-widget_type=\"text-editor.default\">\n\t\t\t\t<div class=\"elementor-widget-container\">\n\t\t\t\t\t\t\t\t\t<p><span style=\"color: #000000;\">Auf Fuerteventura zu schlafen bedeutet, die friedliche Essenz der Insel in sich aufzunehmen: mit Blick auf das Meer aufzuwachen, das Fr\u00fchst\u00fcck unter der Sonne des Majorero zu genie\u00dfen oder sich vom Rauschen der Wellen mitrei\u00dfen zu lassen. In diesem Reisef\u00fchrer stellen wir Ihnen die besten charmanten Unterk\u00fcnfte auf Fuerteventura vor, damit Sie Ihren idealen Platz finden und einen ebenso authentischen wie unvergesslichen Urlaub erleben k\u00f6nnen. <\/span><\/p>\t\t\t\t\t\t\t\t<\/div>\n\t\t\t\t<\/div>\n\t\t\t\t<\/div>\n\t\t\t\t\t<\/div>\n\t\t\t\t<\/div>\n\t\t<div class=\"elementor-element elementor-element-8119925 e-flex e-con-boxed e-con e-parent\" data-id=\"8119925\" data-element_type=\"container\" data-e-type=\"container\" id=\"INDICE\">\n\t\t\t\t\t<div class=\"e-con-inner\">\n\t\t<div class=\"elementor-element elementor-element-e5d4488 e-con-full e-flex e-con e-child\" data-id=\"e5d4488\" data-element_type=\"container\" data-e-type=\"container\">\n\t\t\t\t<div class=\"elementor-element elementor-element-3c8452b elementor-widget elementor-widget-button\" data-id=\"3c8452b\" data-element_type=\"widget\" data-e-type=\"widget\" data-widget_type=\"button.default\">\n\t\t\t\t<div class=\"elementor-widget-container\">\n\t\t\t\t\t\t\t\t\t<div class=\"elementor-button-wrapper\">\n\t\t\t\t\t<a class=\"elementor-button elementor-button-link elementor-size-sm\" href=\"#\">\n\t\t\t\t\t\t<span class=\"elementor-button-content-wrapper\">\n\t\t\t\t\t\t\t\t\t<span class=\"elementor-button-text\">Inhaltsverzeichnis<\/span>\n\t\t\t\t\t<\/span>\n\t\t\t\t\t<\/a>\n\t\t\t\t<\/div>\n\t\t\t\t\t\t\t\t<\/div>\n\t\t\t\t<\/div>\n\t\t<div class=\"elementor-element elementor-element-0871efa e-con-full e-grid e-con e-child\" data-id=\"0871efa\" data-element_type=\"container\" data-e-type=\"container\">\n\t\t\t\t<div class=\"elementor-element elementor-element-bf88e31 elementor-icon-list--layout-traditional elementor-list-item-link-full_width elementor-widget elementor-widget-icon-list\" data-id=\"bf88e31\" data-element_type=\"widget\" data-e-type=\"widget\" data-widget_type=\"icon-list.default\">\n\t\t\t\t<div class=\"elementor-widget-container\">\n\t\t\t\t\t\t\t<ul class=\"elementor-icon-list-items\">\n\t\t\t\t\t\t\t<li class=\"elementor-icon-list-item\">\n\t\t\t\t\t\t\t\t\t\t\t<a href=\"#1\">\n\n\t\t\t\t\t\t\t\t\t\t\t\t<span class=\"elementor-icon-list-icon\">\n\t\t\t\t\t\t\t<svg xmlns=\"http:\/\/www.w3.org\/2000\/svg\" xmlns:xlink=\"http:\/\/www.w3.org\/1999\/xlink\" id=\"Capa_1\" x=\"0px\" y=\"0px\" viewBox=\"0 0 426.667 426.667\" style=\"enable-background:new 0 0 426.667 426.667;\" xml:space=\"preserve\"> <g> <g> <g> <path d=\"M213.333,106.667c-58.88,0-106.667,47.787-106.667,106.667S154.453,320,213.333,320S320,272.213,320,213.333 S272.213,106.667,213.333,106.667z\"><\/path> <path d=\"M213.333,0C95.467,0,0,95.467,0,213.333s95.467,213.333,213.333,213.333S426.667,331.2,426.667,213.333 S331.2,0,213.333,0z M213.333,384c-94.293,0-170.667-76.373-170.667-170.667S119.04,42.667,213.333,42.667 S384,119.04,384,213.333S307.627,384,213.333,384z\"><\/path> <\/g> <\/g> <\/g> <g> <\/g> <g> <\/g> <g> <\/g> <g> <\/g> <g> <\/g> <g> <\/g> <g> <\/g> <g> <\/g> <g> <\/g> <g> <\/g> <g> <\/g> <g> <\/g> <g> <\/g> <g> <\/g> <g> <\/g> <\/svg>\t\t\t\t\t\t<\/span>\n\t\t\t\t\t\t\t\t\t\t<span class=\"elementor-icon-list-text\">1. unsere Auswahl der sch\u00f6nsten Unterk\u00fcnfte auf Fuerteventura<\/span>\n\t\t\t\t\t\t\t\t\t\t\t<\/a>\n\t\t\t\t\t\t\t\t\t<\/li>\n\t\t\t\t\t\t\t\t<li class=\"elementor-icon-list-item\">\n\t\t\t\t\t\t\t\t\t\t\t<a href=\"#2\">\n\n\t\t\t\t\t\t\t\t\t\t\t\t<span class=\"elementor-icon-list-icon\">\n\t\t\t\t\t\t\t<svg xmlns=\"http:\/\/www.w3.org\/2000\/svg\" xmlns:xlink=\"http:\/\/www.w3.org\/1999\/xlink\" id=\"Capa_1\" x=\"0px\" y=\"0px\" viewBox=\"0 0 426.667 426.667\" style=\"enable-background:new 0 0 426.667 426.667;\" xml:space=\"preserve\"> <g> <g> <g> <path d=\"M213.333,106.667c-58.88,0-106.667,47.787-106.667,106.667S154.453,320,213.333,320S320,272.213,320,213.333 S272.213,106.667,213.333,106.667z\"><\/path> <path d=\"M213.333,0C95.467,0,0,95.467,0,213.333s95.467,213.333,213.333,213.333S426.667,331.2,426.667,213.333 S331.2,0,213.333,0z M213.333,384c-94.293,0-170.667-76.373-170.667-170.667S119.04,42.667,213.333,42.667 S384,119.04,384,213.333S307.627,384,213.333,384z\"><\/path> <\/g> <\/g> <\/g> <g> <\/g> <g> <\/g> <g> <\/g> <g> <\/g> <g> <\/g> <g> <\/g> <g> <\/g> <g> <\/g> <g> <\/g> <g> <\/g> <g> <\/g> <g> <\/g> <g> <\/g> <g> <\/g> <g> <\/g> <\/svg>\t\t\t\t\t\t<\/span>\n\t\t\t\t\t\t\t\t\t\t<span class=\"elementor-icon-list-text\">2. Entdecken Sie reizvolle Unterk\u00fcnfte<\/span>\n\t\t\t\t\t\t\t\t\t\t\t<\/a>\n\t\t\t\t\t\t\t\t\t<\/li>\n\t\t\t\t\t\t\t\t<li class=\"elementor-icon-list-item\">\n\t\t\t\t\t\t\t\t\t\t\t<a href=\"#3\">\n\n\t\t\t\t\t\t\t\t\t\t\t\t<span class=\"elementor-icon-list-icon\">\n\t\t\t\t\t\t\t<svg xmlns=\"http:\/\/www.w3.org\/2000\/svg\" xmlns:xlink=\"http:\/\/www.w3.org\/1999\/xlink\" id=\"Capa_1\" x=\"0px\" y=\"0px\" viewBox=\"0 0 426.667 426.667\" style=\"enable-background:new 0 0 426.667 426.667;\" xml:space=\"preserve\"> <g> <g> <g> <path d=\"M213.333,106.667c-58.88,0-106.667,47.787-106.667,106.667S154.453,320,213.333,320S320,272.213,320,213.333 S272.213,106.667,213.333,106.667z\"><\/path> <path d=\"M213.333,0C95.467,0,0,95.467,0,213.333s95.467,213.333,213.333,213.333S426.667,331.2,426.667,213.333 S331.2,0,213.333,0z M213.333,384c-94.293,0-170.667-76.373-170.667-170.667S119.04,42.667,213.333,42.667 S384,119.04,384,213.333S307.627,384,213.333,384z\"><\/path> <\/g> <\/g> <\/g> <g> <\/g> <g> <\/g> <g> <\/g> <g> <\/g> <g> <\/g> <g> <\/g> <g> <\/g> <g> <\/g> <g> <\/g> <g> <\/g> <g> <\/g> <g> <\/g> <g> <\/g> <g> <\/g> <g> <\/g> <\/svg>\t\t\t\t\t\t<\/span>\n\t\t\t\t\t\t\t\t\t\t<span class=\"elementor-icon-list-text\">3. Unterkunft Optionen<\/span>\n\t\t\t\t\t\t\t\t\t\t\t<\/a>\n\t\t\t\t\t\t\t\t\t<\/li>\n\t\t\t\t\t\t<\/ul>\n\t\t\t\t\t\t<\/div>\n\t\t\t\t<\/div>\n\t\t\t\t<\/div>\n\t\t\t\t<\/div>\n\t\t\t\t\t<\/div>\n\t\t\t\t<\/div>\n\t\t<div class=\"elementor-element elementor-element-a4706ee e-flex e-con-boxed e-con e-parent\" data-id=\"a4706ee\" data-element_type=\"container\" data-e-type=\"container\">\n\t\t\t\t\t<div class=\"e-con-inner\">\n\t\t\t\t<div class=\"elementor-element elementor-element-b97030e elementor-widget-divider--view-line elementor-widget elementor-widget-divider\" data-id=\"b97030e\" data-element_type=\"widget\" data-e-type=\"widget\" data-widget_type=\"divider.default\">\n\t\t\t\t<div class=\"elementor-widget-container\">\n\t\t\t\t\t\t\t<div class=\"elementor-divider\">\n\t\t\t<span class=\"elementor-divider-separator\">\n\t\t\t\t\t\t<\/span>\n\t\t<\/div>\n\t\t\t\t\t\t<\/div>\n\t\t\t\t<\/div>\n\t\t\t\t\t<\/div>\n\t\t\t\t<\/div>\n\t\t<div class=\"elementor-element elementor-element-eb7c79e e-flex e-con-boxed e-con e-parent\" data-id=\"eb7c79e\" data-element_type=\"container\" data-e-type=\"container\">\n\t\t\t\t\t<div class=\"e-con-inner\">\n\t\t\t\t<div class=\"elementor-element elementor-element-2cc501e elementor-position-inline-start elementor-view-default elementor-mobile-position-block-start elementor-widget elementor-widget-icon-box\" data-id=\"2cc501e\" data-element_type=\"widget\" data-e-type=\"widget\" id=\"1\" data-widget_type=\"icon-box.default\">\n\t\t\t\t<div class=\"elementor-widget-container\">\n\t\t\t\t\t\t\t<div class=\"elementor-icon-box-wrapper\">\n\n\t\t\t\t\t\t<div class=\"elementor-icon-box-icon\">\n\t\t\t\t<span  class=\"elementor-icon elementor-animation-grow\">\n\t\t\t\t<svg xmlns=\"http:\/\/www.w3.org\/2000\/svg\" id=\"Capa_1\" height=\"512\" viewBox=\"0 0 512 512\" width=\"512\"><g><path d=\"m483.198 454.369h-16.862v-131.075c16.2 2.934 22.636 14.762 22.994 15.444 1.325 2.604 3.963 4.108 6.704 4.108 1.129 0 2.276-.255 3.354-.794 3.712-1.856 5.217-6.369 3.361-10.082-.416-.833-8.94-17.353-30.138-22.7 10.446-8.656 26.196-9.53 26.397-9.54 4.137-.185 7.346-3.684 7.171-7.824-.175-4.147-3.72-7.388-7.825-7.191-.975.041-17.069.858-30.775 9.64-3.066-20.501-17.968-30.733-18.798-31.285-3.454-2.303-8.144-1.386-10.445 2.068-2.302 3.453-1.394 8.102 2.06 10.404.535.37 9.883 7.025 12.157 20.531-14.165-10.387-32.226-11.314-33.261-11.357-4.116-.197-7.628 3.032-7.814 7.171-.186 4.138 3.022 7.647 7.16 7.844.201.009 15.951.884 26.397 9.54-21.198 5.347-29.722 21.866-30.138 22.7-1.856 3.712-.366 8.254 3.346 10.11 1.086.543 2.24.8 3.374.8 2.745 0 5.381-1.507 6.694-4.133.301-.576 6.72-12.501 22.995-15.451v131.074h-48.638v-220.338c0-4.15-3.364-7.515-7.515-7.515s-7.515 3.365-7.515 7.515v220.337h-56.93v-109.425c0-4.15-3.364-7.515-7.515-7.515h-134.387c-4.15 0-7.515 3.365-7.515 7.515v43.44c0 4.15 3.365 7.515 7.515 7.515s7.515-3.365 7.515-7.515v-35.925h52.161v101.909h-52.161v-35.926c0-4.15-3.364-7.515-7.515-7.515-4.15 0-7.515 3.364-7.515 7.515v35.926h-56.93v-321.978c0-4.15-3.364-7.515-7.515-7.515s-7.515 3.365-7.515 7.515v321.978h-48.637v-131.074c16.207 2.937 22.64 14.776 22.991 15.444 1.325 2.604 3.963 4.107 6.703 4.107 1.129 0 2.275-.255 3.354-.794 3.712-1.856 5.217-6.369 3.361-10.082-.416-.833-8.94-17.353-30.138-22.7 10.446-8.656 26.196-9.53 26.398-9.54 4.137-.185 7.346-3.684 7.171-7.824-.175-4.146-3.679-7.38-7.825-7.191-1.035.043-19.096.971-33.261 11.357 2.264-13.45 11.545-20.106 12.15-20.526 3.419-2.312 4.335-6.954 2.042-10.392-2.302-3.453-6.968-4.386-10.421-2.084-.829.552-15.731 10.784-18.798 31.285-13.706-8.782-29.8-9.599-30.775-9.64-4.137-.187-7.628 3.033-7.814 7.171s3.022 7.647 7.16 7.844c.201.009 15.951.884 26.398 9.54-21.198 5.347-29.722 21.866-30.138 22.7-1.856 3.712-.351 8.226 3.361 10.082 1.079.539 2.225.794 3.354.794 2.757 0 5.411-1.522 6.727-4.156.07-.141 6.403-12.402 22.97-15.395v131.074h-16.862c-15.882 0-28.802 12.921-28.802 28.829 0 15.882 12.92 28.802 28.802 28.802h454.396c15.881 0 28.802-12.92 28.802-28.828 0-15.882-12.921-28.803-28.802-28.803zm-219.683-101.909h52.164v101.909h-52.164zm219.683 144.511h-454.396c-7.594 0-13.773-6.178-13.773-13.799 0-7.594 6.178-13.773 13.773-13.773h454.396c7.595 0 13.773 6.179 13.773 13.799 0 7.594-6.178 13.773-13.773 13.773z\"><\/path><path d=\"m109.328 57.502h.004v44.83c0 4.15 3.365 7.515 7.515 7.515s7.515-3.365 7.515-7.515v-44.83h263.277v146.472c0 4.15 3.364 7.515 7.515 7.515s7.515-3.364 7.515-7.515v-146.472h.004c9.668 0 17.534-7.866 17.534-17.534v-22.434c0-9.668-7.866-17.534-17.535-17.534h-293.344c-9.668 0-17.534 7.866-17.534 17.534v22.434c-.001 9.669 7.865 17.534 17.534 17.534zm-2.505-39.968c0-1.381 1.124-2.505 2.505-2.505h293.344c1.382 0 2.505 1.124 2.505 2.505v22.434c0 1.381-1.123 2.505-2.505 2.505h-293.344c-1.381 0-2.505-1.124-2.505-2.505z\"><\/path><path d=\"m271.156 252.634h-30.311c-6.906 0-12.524 5.618-12.524 12.524v30.311c0 6.906 5.618 12.524 12.524 12.524h30.311c6.906 0 12.524-5.618 12.524-12.524v-30.311c0-6.906-5.618-12.524-12.524-12.524zm-2.505 40.331h-25.301v-25.301h25.301z\"><\/path><path d=\"m196.529 252.634h-30.311c-6.906 0-12.525 5.618-12.525 12.524v30.311c0 6.906 5.618 12.524 12.525 12.524h30.311c6.906 0 12.524-5.618 12.524-12.524v-30.311c0-6.906-5.618-12.524-12.524-12.524zm-2.505 40.331h-25.301v-25.301h25.301z\"><\/path><path d=\"m345.783 252.634h-30.311c-6.906 0-12.524 5.618-12.524 12.524v30.311c0 6.906 5.618 12.524 12.524 12.524h30.311c6.906 0 12.524-5.618 12.524-12.524v-30.311c0-6.906-5.618-12.524-12.524-12.524zm-2.505 40.331h-25.301v-25.301h25.301z\"><\/path><path d=\"m283.68 183.682c0-6.906-5.618-12.524-12.524-12.524h-30.311c-6.906 0-12.524 5.618-12.524 12.524v30.311c0 6.906 5.618 12.524 12.524 12.524h30.311c6.906 0 12.524-5.618 12.524-12.524zm-15.029 27.807h-25.301v-25.301h25.301z\"><\/path><path d=\"m209.053 183.682c0-6.906-5.618-12.524-12.524-12.524h-30.311c-6.906 0-12.525 5.618-12.525 12.524v30.311c0 6.906 5.618 12.524 12.525 12.524h30.311c6.906 0 12.524-5.618 12.524-12.524zm-15.029 27.807h-25.301v-25.301h25.301z\"><\/path><path d=\"m358.307 183.682c0-6.906-5.618-12.524-12.524-12.524h-30.311c-6.906 0-12.524 5.618-12.524 12.524v30.311c0 6.906 5.618 12.524 12.524 12.524h30.311c6.906 0 12.524-5.618 12.524-12.524zm-15.029 27.807h-25.301v-25.301h25.301z\"><\/path><path d=\"m283.68 102.206c0-6.906-5.618-12.524-12.524-12.524h-30.311c-6.906 0-12.524 5.618-12.524 12.524v30.311c0 6.906 5.618 12.524 12.524 12.524h30.311c6.906 0 12.524-5.618 12.524-12.524zm-15.029 27.806h-25.301v-25.301h25.301z\"><\/path><path d=\"m209.053 102.206c0-6.906-5.618-12.524-12.524-12.524h-30.311c-6.906 0-12.525 5.618-12.525 12.524v30.311c0 6.906 5.618 12.524 12.525 12.524h30.311c6.906 0 12.524-5.618 12.524-12.524zm-15.029 27.806h-25.301v-25.301h25.301z\"><\/path><path d=\"m358.307 102.206c0-6.906-5.618-12.524-12.524-12.524h-30.311c-6.906 0-12.524 5.618-12.524 12.524v30.311c0 6.906 5.618 12.524 12.524 12.524h30.311c6.906 0 12.524-5.618 12.524-12.524zm-15.029 27.806h-25.301v-25.301h25.301z\"><\/path><\/g><\/svg>\t\t\t\t<\/span>\n\t\t\t<\/div>\n\t\t\t\n\t\t\t\t\t\t<div class=\"elementor-icon-box-content\">\n\n\t\t\t\t\t\t\t\t\t<h2 class=\"elementor-icon-box-title\">\n\t\t\t\t\t\t<span  >\n\t\t\t\t\t\t\t1. unsere Auswahl der sch\u00f6nsten Unterk\u00fcnfte auf Fuerteventura\t\t\t\t\t\t<\/span>\n\t\t\t\t\t<\/h2>\n\t\t\t\t\n\t\t\t\t\t\t\t\t\t<p class=\"elementor-icon-box-description\">\n\t\t\t\t\t\t.\t\t\t\t\t<\/p>\n\t\t\t\t\n\t\t\t<\/div>\n\t\t\t\n\t\t<\/div>\n\t\t\t\t\t\t<\/div>\n\t\t\t\t<\/div>\n\t\t\t\t\t<\/div>\n\t\t\t\t<\/div>\n\t\t<div class=\"elementor-element elementor-element-1203219 e-flex e-con-boxed e-con e-parent\" data-id=\"1203219\" data-element_type=\"container\" data-e-type=\"container\">\n\t\t\t\t\t<div class=\"e-con-inner\">\n\t\t\t\t<div class=\"elementor-element elementor-element-373561a elementor-widget-divider--view-line elementor-widget elementor-widget-divider\" data-id=\"373561a\" data-element_type=\"widget\" data-e-type=\"widget\" data-widget_type=\"divider.default\">\n\t\t\t\t<div class=\"elementor-widget-container\">\n\t\t\t\t\t\t\t<div class=\"elementor-divider\">\n\t\t\t<span class=\"elementor-divider-separator\">\n\t\t\t\t\t\t<\/span>\n\t\t<\/div>\n\t\t\t\t\t\t<\/div>\n\t\t\t\t<\/div>\n\t\t\t\t<div class=\"elementor-element elementor-element-c68429c elementor-widget elementor-widget-premium-img-gallery\" data-id=\"c68429c\" data-element_type=\"widget\" data-e-type=\"widget\" data-settings=\"{&quot;premium_gallery_img_content&quot;:[{&quot;premium_gallery_img_name&quot;:&quot;Alma Calma L\\u00e4ndliches Hotel&quot;,&quot;premium_gallery_img_category&quot;:&quot;Hoteles Rurales&quot;,&quot;_id&quot;:&quot;579116a&quot;,&quot;premium_gallery_img&quot;:{&quot;url&quot;:&quot;https:\\\/\\\/welikecanarias.com\\\/wp-content\\\/uploads\\\/2025\\\/07\\\/Alma-Calma-Hotel-Rural-fuerteventura.jpg&quot;,&quot;id&quot;:73812,&quot;size&quot;:&quot;&quot;,&quot;alt&quot;:&quot;Vista de Alma Calma Hotel Rural, uno de los hoteles rurales con encanto en Fuerteventura&quot;,&quot;source&quot;:&quot;library&quot;},&quot;premium_gallery_img_link&quot;:{&quot;url&quot;:&quot;https:\\\/\\\/www.booking.com\\\/hotel\\\/es\\\/alma-calma-rural.es.html?label=affnetcj-15773516_pub-6943326_site-101123175_pname-Juan+Jos%C3%A9+Mart%C3%ADn+Jerez_clkid-_cjevent-9d13f9b660eb11f082c6000b0a18b8fc&amp;aid=818286&amp;ucfs=1&amp;arphpl=1&amp;checkin=2025-10-06&amp;checkout=2025-10-11&amp;dest_id=752&amp;dest_type=region&amp;group_adults=2&amp;req_adults=2&amp;no_rooms=1&amp;group_children=0&amp;req_children=0&amp;hpos=2&amp;hapos=2&amp;sr_order=score&amp;nflt=ht_id%3D204&amp;srpvid=4a347a6c109d0eb2&amp;srepoch=1752600303&amp;all_sr_blocks=715922202_416466590_2_33_0&amp;highlighted_blocks=715922202_416466590_2_33_0&amp;matching_block_id=715922202_416466590_2_33_0&amp;sr_pri_blocks=715922202_416466590_2_33_0__151200&amp;from=searchresults#hotelTmpln%20Jos%C3%A9%20Mart%C3%ADn%20Jerez_clkid-_cjevent-9d953fee5fc011f0816b01c50a18b8f8&amp;aid=818286&amp;ucfs=1&amp;arphpl=1&amp;checkin=2025-10-15&amp;checkout=2025-10-19&amp;dest_id=760&amp;dest_type=region&amp;group_adults=2&amp;req_adults=2&amp;no_rooms=1&amp;group_children=0&amp;req_children=0&amp;hpos=5&amp;hapos=5&amp;sr_order=score&amp;nflt=ht_id%3D204%3Breview_score%3D90&amp;srpvid=0ef9399cc570003c&amp;srepoch=1752394355&amp;all_sr_blocks=866799502_390444513_2_1_0&amp;highlighted_blocks=866799502_390444513_2_1_0&amp;matching_block_id=866799502_390444513_2_1_0&amp;sr_pri_blocks=866799502_390444513_2_1_0__102870&amp;from=searchresults&amp;activeTab=main&quot;,&quot;is_external&quot;:&quot;&quot;,&quot;nofollow&quot;:&quot;&quot;,&quot;custom_attributes&quot;:&quot;&quot;},&quot;premium_gallery_link_whole&quot;:&quot;yes&quot;,&quot;index&quot;:0,&quot;premium_gallery_image_cell&quot;:{&quot;unit&quot;:&quot;px&quot;,&quot;size&quot;:4,&quot;sizes&quot;:[]},&quot;premium_gallery_image_cell_tablet&quot;:{&quot;unit&quot;:&quot;px&quot;,&quot;size&quot;:&quot;&quot;,&quot;sizes&quot;:[]},&quot;premium_gallery_image_cell_mobile&quot;:{&quot;unit&quot;:&quot;px&quot;,&quot;size&quot;:&quot;&quot;,&quot;sizes&quot;:[]},&quot;premium_gallery_image_vcell&quot;:{&quot;unit&quot;:&quot;px&quot;,&quot;size&quot;:4,&quot;sizes&quot;:[]},&quot;premium_gallery_image_vcell_tablet&quot;:{&quot;unit&quot;:&quot;px&quot;,&quot;size&quot;:&quot;&quot;,&quot;sizes&quot;:[]},&quot;premium_gallery_image_vcell_mobile&quot;:{&quot;unit&quot;:&quot;px&quot;,&quot;size&quot;:&quot;&quot;,&quot;sizes&quot;:[]},&quot;premium_gallery_video&quot;:&quot;&quot;,&quot;premium_gallery_video_type&quot;:null,&quot;premium_gallery_video_url&quot;:null,&quot;premium_gallery_video_self&quot;:null,&quot;premium_gallery_video_self_url&quot;:null,&quot;premium_gallery_video_controls&quot;:null,&quot;premium_gallery_video_mute&quot;:null,&quot;premium_gallery_video_loop&quot;:null,&quot;download_button&quot;:null,&quot;privacy_mode&quot;:null,&quot;premmium_gallery_img_info&quot;:&quot;&quot;,&quot;premium_gallery_img_desc&quot;:&quot;&quot;,&quot;premium_gallery_img_link_type&quot;:&quot;url&quot;,&quot;premium_gallery_img_existing&quot;:null,&quot;premium_gallery_lightbox_whole&quot;:&quot;&quot;},{&quot;premium_gallery_img_name&quot;:&quot;Hotel Rural El Cabo&quot;,&quot;premium_gallery_img_category&quot;:&quot;Hoteles Rurales&quot;,&quot;premium_gallery_img&quot;:{&quot;url&quot;:&quot;https:\\\/\\\/welikecanarias.com\\\/wp-content\\\/uploads\\\/2025\\\/07\\\/Hotel-Rural-El-Cabo-fuerteventura.jpg&quot;,&quot;id&quot;:73818,&quot;size&quot;:&quot;&quot;,&quot;alt&quot;:&quot;Vista del Hotel Rural El Cabo, uno de los hoteles con encanto en Fuerteventura&quot;,&quot;source&quot;:&quot;library&quot;},&quot;premium_gallery_image_cell&quot;:{&quot;unit&quot;:&quot;px&quot;,&quot;size&quot;:1,&quot;sizes&quot;:[]},&quot;premium_gallery_img_link&quot;:{&quot;url&quot;:&quot;https:\\\/\\\/www.booking.com\\\/hotel\\\/es\\\/el-cabo-villaverde1.es.html?label=affnetcj-15773516_pub-6943326_site-101123175_pname-Juan+Jos%C3%A9+Mart%C3%ADn+Jerez_clkid-_cjevent-9d13f9b660eb11f082c6000b0a18b8fc&amp;aid=818286&amp;ucfs=1&amp;arphpl=1&amp;checkin=2025-10-27&amp;checkout=2025-11-01&amp;dest_id=752&amp;dest_type=region&amp;group_adults=2&amp;req_adults=2&amp;no_rooms=1&amp;group_children=0&amp;req_children=0&amp;hpos=3&amp;hapos=3&amp;sr_order=score&amp;nflt=ht_id%3D204&amp;srpvid=4a347a6c109d0eb2&amp;srepoch=1752600525&amp;all_sr_blocks=676441608_403794967_2_1_0&amp;highlighted_blocks=676441608_403794967_2_1_0&amp;matching_block_id=676441608_403794967_2_1_0&amp;sr_pri_blocks=676441608_403794967_2_1_0__45540&amp;from=searchresults#hotelTmplerez_clkid-_cjevent-9d953fee5fc011f0816b01c50a18b8f8&amp;aid=818286&amp;ucfs=1&amp;arphpl=1&amp;checkin=2025-10-15&amp;checkout=2025-10-19&amp;dest_id=760&amp;dest_type=region&amp;group_adults=2&amp;req_adults=2&amp;no_rooms=1&amp;group_children=0&amp;req_children=0&amp;hpos=7&amp;hapos=7&amp;sr_order=score&amp;nflt=ht_id%3D204%3Breview_score%3D90&amp;srpvid=0ef9399cc570003c&amp;srepoch=1752394549&amp;all_sr_blocks=18906701_411635346_2_1_0&amp;highlighted_blocks=18906701_411635346_2_1_0&amp;matching_block_id=18906701_411635346_2_1_0&amp;sr_pri_blocks=18906701_411635346_2_1_0__172600&amp;from_sustainable_property_sr=1&amp;from=searchresults#hotelTmpl639ffa73e5f18cd4bb9d5587&amp;checkin=2024-11-01;checkout=2024-11-02;dest_id=90544;dest_type=hotel;dist=0;group_adults=2;group_children=0;hapos=1;hpos=1;no_rooms=1;req_adults=2;req_children=0;room1=A%2CA;sb_price_type=total;soh=1;sr_order=popularity;srepoch=1730313663;srpvid=6c96836092b6021a;type=total;ucfs=1&amp;#no_availability_msg&quot;,&quot;is_external&quot;:&quot;&quot;,&quot;nofollow&quot;:&quot;&quot;,&quot;custom_attributes&quot;:&quot;&quot;},&quot;premium_gallery_link_whole&quot;:&quot;yes&quot;,&quot;_id&quot;:&quot;8a56b2d&quot;,&quot;premium_gallery_image_vcell&quot;:{&quot;unit&quot;:&quot;px&quot;,&quot;size&quot;:2,&quot;sizes&quot;:[]},&quot;index&quot;:1,&quot;premium_gallery_image_cell_tablet&quot;:{&quot;unit&quot;:&quot;px&quot;,&quot;size&quot;:&quot;&quot;,&quot;sizes&quot;:[]},&quot;premium_gallery_image_cell_mobile&quot;:{&quot;unit&quot;:&quot;px&quot;,&quot;size&quot;:&quot;&quot;,&quot;sizes&quot;:[]},&quot;premium_gallery_image_vcell_tablet&quot;:{&quot;unit&quot;:&quot;px&quot;,&quot;size&quot;:&quot;&quot;,&quot;sizes&quot;:[]},&quot;premium_gallery_image_vcell_mobile&quot;:{&quot;unit&quot;:&quot;px&quot;,&quot;size&quot;:&quot;&quot;,&quot;sizes&quot;:[]},&quot;premium_gallery_video&quot;:&quot;&quot;,&quot;premium_gallery_video_type&quot;:null,&quot;premium_gallery_video_url&quot;:null,&quot;premium_gallery_video_self&quot;:null,&quot;premium_gallery_video_self_url&quot;:null,&quot;premium_gallery_video_controls&quot;:null,&quot;premium_gallery_video_mute&quot;:null,&quot;premium_gallery_video_loop&quot;:null,&quot;download_button&quot;:null,&quot;privacy_mode&quot;:null,&quot;premmium_gallery_img_info&quot;:&quot;&quot;,&quot;premium_gallery_img_desc&quot;:&quot;&quot;,&quot;premium_gallery_img_link_type&quot;:&quot;url&quot;,&quot;premium_gallery_img_existing&quot;:null,&quot;premium_gallery_lightbox_whole&quot;:&quot;&quot;},{&quot;premium_gallery_img_name&quot;:&quot;H\\u00e9l\\u00e8ne Feiertage&quot;,&quot;premium_gallery_img_category&quot;:&quot;Hoteles Boutique&quot;,&quot;_id&quot;:&quot;f7cceb3&quot;,&quot;premium_gallery_img&quot;:{&quot;url&quot;:&quot;https:\\\/\\\/welikecanarias.com\\\/wp-content\\\/uploads\\\/2025\\\/07\\\/Helene-Holidays-Hotel-Boutique.jpg&quot;,&quot;id&quot;:73827,&quot;size&quot;:&quot;&quot;,&quot;alt&quot;:&quot;Vista de H\\u00e9l\\u00e8ne Holidays, uno de los hoteles boutique en Fuerteventura&quot;,&quot;source&quot;:&quot;library&quot;},&quot;premium_gallery_img_link&quot;:{&quot;url&quot;:&quot;https:\\\/\\\/www.booking.com\\\/hotel\\\/es\\\/helene-holidays-and-retreats.es.html?label=affnetcj-15773516_pub-6943326_site-101123175_pname-Juan+Jos%C3%A9+Mart%C3%ADn+Jerez_clkid-_cjevent-9d13f9b660eb11f082c6000b0a18b8fc&amp;aid=818286&amp;ucfs=1&amp;arphpl=1&amp;checkin=2025-10-27&amp;checkout=2025-11-01&amp;dest_id=752&amp;dest_type=region&amp;group_adults=2&amp;req_adults=2&amp;no_rooms=1&amp;group_children=0&amp;req_children=0&amp;hpos=5&amp;hapos=5&amp;sr_order=score&amp;nflt=ht_id%3D204&amp;srpvid=4a347a6c109d0eb2&amp;srepoch=1752600681&amp;all_sr_blocks=719225005_392546764_2_2_0&amp;highlighted_blocks=719225005_392546764_2_2_0&amp;matching_block_id=719225005_392546764_2_2_0&amp;sr_pri_blocks=719225005_392546764_2_2_0__65520&amp;from=searchresults#hotelTmpl%C3%A9+Mart%C3%ADn+Jerez_clkid-_cjevent-9d953fee5fc011f0816b01c50a18b8f8&amp;aid=818286&amp;ucfs=1&amp;arphpl=1&amp;checkin=2025-10-15&amp;checkout=2025-10-19&amp;dest_id=760&amp;dest_type=region&amp;group_adults=2&amp;req_adults=2&amp;no_rooms=1&amp;group_children=0&amp;req_children=0&amp;hpos=8&amp;hapos=8&amp;sr_order=score&amp;nflt=ht_id%3D204%3Breview_score%3D90&amp;srpvid=0ef9399cc570003c&amp;srepoch=1752394674&amp;all_sr_blocks=717876008_378496882_2_1_0&amp;highlighted_blocks=717876008_378496882_2_1_0&amp;matching_block_id=717876008_378496882_2_1_0&amp;sr_pri_blocks=717876008_378496882_2_1_0__108192&amp;from=searchresults#hotelTmpl-_cjevent-1ed1da8296ee11ef8193043e0a18b8fb&amp;sid=01cb0326639ffa73e5f18cd4bb9d5587&amp;checkin=2024-11-01;checkout=2024-11-02;dest_id=770427;dest_type=hotel;dist=0;group_adults=2;group_children=0;hapos=1;hpos=1;no_rooms=1;req_adults=2;req_children=0;room1=A%2CA;sb_price_type=total;soh=1;sr_order=popularity;srepoch=1730313705;srpvid=fa2b8375490700d5;type=total;ucfs=1&amp;#no_availability_msg&quot;,&quot;is_external&quot;:&quot;&quot;,&quot;nofollow&quot;:&quot;&quot;,&quot;custom_attributes&quot;:&quot;&quot;},&quot;premium_gallery_link_whole&quot;:&quot;yes&quot;,&quot;premium_gallery_image_cell&quot;:{&quot;unit&quot;:&quot;px&quot;,&quot;size&quot;:1,&quot;sizes&quot;:[]},&quot;index&quot;:2,&quot;premium_gallery_image_cell_tablet&quot;:{&quot;unit&quot;:&quot;px&quot;,&quot;size&quot;:&quot;&quot;,&quot;sizes&quot;:[]},&quot;premium_gallery_image_cell_mobile&quot;:{&quot;unit&quot;:&quot;px&quot;,&quot;size&quot;:&quot;&quot;,&quot;sizes&quot;:[]},&quot;premium_gallery_image_vcell&quot;:{&quot;unit&quot;:&quot;px&quot;,&quot;size&quot;:4,&quot;sizes&quot;:[]},&quot;premium_gallery_image_vcell_tablet&quot;:{&quot;unit&quot;:&quot;px&quot;,&quot;size&quot;:&quot;&quot;,&quot;sizes&quot;:[]},&quot;premium_gallery_image_vcell_mobile&quot;:{&quot;unit&quot;:&quot;px&quot;,&quot;size&quot;:&quot;&quot;,&quot;sizes&quot;:[]},&quot;premium_gallery_video&quot;:&quot;&quot;,&quot;premium_gallery_video_type&quot;:null,&quot;premium_gallery_video_url&quot;:null,&quot;premium_gallery_video_self&quot;:null,&quot;premium_gallery_video_self_url&quot;:null,&quot;premium_gallery_video_controls&quot;:null,&quot;premium_gallery_video_mute&quot;:null,&quot;premium_gallery_video_loop&quot;:null,&quot;download_button&quot;:null,&quot;privacy_mode&quot;:null,&quot;premmium_gallery_img_info&quot;:&quot;&quot;,&quot;premium_gallery_img_desc&quot;:&quot;&quot;,&quot;premium_gallery_img_link_type&quot;:&quot;url&quot;,&quot;premium_gallery_img_existing&quot;:null,&quot;premium_gallery_lightbox_whole&quot;:&quot;&quot;},{&quot;_id&quot;:&quot;d6033c8&quot;,&quot;premium_gallery_img&quot;:{&quot;url&quot;:&quot;https:\\\/\\\/welikecanarias.com\\\/wp-content\\\/uploads\\\/2025\\\/07\\\/AVANTI-Lifestyle-Hotel-fuerteventura.jpg&quot;,&quot;id&quot;:73833,&quot;size&quot;:&quot;&quot;,&quot;alt&quot;:&quot;Vista de AVANTI Lifestyle Hotel, uno de los hoteles destacados en Fuerteventura&quot;,&quot;source&quot;:&quot;library&quot;},&quot;premium_gallery_img_name&quot;:&quot;AVANTI Lifestyle Hotel&quot;,&quot;premium_gallery_img_category&quot;:&quot;Hoteles Destacados&quot;,&quot;premium_gallery_img_desc&quot;:&quot;\\n\\n&quot;,&quot;premium_gallery_img_link&quot;:{&quot;url&quot;:&quot;https:\\\/\\\/www.booking.com\\\/hotel\\\/es\\\/avanti-boutique-fuerteventura.es.html?label=affnetcj-15773516_pub-6943326_site-101123175_pname-Juan%20Jos%C3%A9%20Mart%C3%ADn%20Jerez_clkid-_cjevent-9d13f9b660eb11f082c6000b0a18b8fc&amp;aid=818286&amp;ucfs=1&amp;arphpl=1&amp;checkin=2025-10-06&amp;checkout=2025-10-11&amp;dest_id=752&amp;dest_type=region&amp;group_adults=2&amp;req_adults=2&amp;no_rooms=1&amp;group_children=0&amp;req_children=0&amp;hpos=8&amp;hapos=8&amp;sr_order=score&amp;nflt=ht_id%3D204&amp;srpvid=4a347a6c109d0eb2&amp;srepoch=1752600966&amp;all_sr_blocks=53827812_397864990_2_1_0&amp;highlighted_blocks=53827812_397864990_2_1_0&amp;matching_block_id=53827812_397864990_2_1_0&amp;sr_pri_blocks=53827812_397864990_2_1_0__92137&amp;from=searchresults&amp;activeTab=mainC3%A9%20Mart%C3%ADn%20Jerez_clkid-_cjevent-9d13f9b660eb11f082c6000b0a18b8fc&amp;aid=818286&amp;ucfs=1&amp;arphpl=1&amp;checkin=2025-10-06&amp;checkout=2025-10-11&amp;dest_id=752&amp;dest_type=region&amp;group_adults=2&amp;req_adults=2&amp;no_rooms=1&amp;group_children=0&amp;req_children=0&amp;hpos=8&amp;hapos=8&amp;sr_order=score&amp;nflt=ht_id%3D204&amp;srpvid=4a347a6c109d0eb2&amp;srepoch=1752600966&amp;all_sr_blocks=53827812_397864990_2_1_0&amp;highlighted_blocks=53827812_397864990_2_1_0&amp;matching_block_id=53827812_397864990_2_1_0&amp;sr_pri_blocks=53827812_397864990_2_1_0__92137&amp;from=searchresults&amp;activeTab=main9+Mart%C3%ADn+Jerez_clkid-_cjevent-9d953fee5fc011f0816b01c50a18b8f8&amp;aid=818286&amp;ucfs=1&amp;arphpl=1&amp;checkin=2025-10-15&amp;checkout=2025-10-19&amp;dest_id=760&amp;dest_type=region&amp;group_adults=2&amp;req_adults=2&amp;no_rooms=1&amp;group_children=0&amp;req_children=0&amp;hpos=12&amp;hapos=12&amp;sr_order=score&amp;nflt=ht_id%3D204%3Breview_score%3D90&amp;srpvid=0ef9399cc570003c&amp;srepoch=1752394814&amp;all_sr_blocks=280420208_241666766_2_1_0&amp;highlighted_blocks=280420208_241666766_2_1_0&amp;matching_block_id=280420208_241666766_2_1_0&amp;sr_pri_blocks=280420208_241666766_2_1_0__109940&amp;from_sustainable_property_sr=1&amp;from=searchresults#hotelTmpl9d5587&amp;checkin=2024-11-01&amp;checkout=2024-11-02&amp;dest_id=91325&amp;dest_type=hotel&amp;dist=0&amp;group_adults=2&amp;group_children=0&amp;hapos=1&amp;hpos=1&amp;no_rooms=1&amp;req_adults=2&amp;req_children=0&amp;room1=A%2CA&amp;sb_price_type=total&amp;soh=1&amp;sr_order=popularity&amp;srepoch=1730313877&amp;srpvid=3a5983ca3a380132&amp;type=total&amp;ucfs=1&amp;activeTab=main&quot;,&quot;is_external&quot;:&quot;&quot;,&quot;nofollow&quot;:&quot;&quot;,&quot;custom_attributes&quot;:&quot;&quot;},&quot;premium_gallery_link_whole&quot;:&quot;yes&quot;,&quot;index&quot;:3,&quot;premium_gallery_image_cell&quot;:{&quot;unit&quot;:&quot;px&quot;,&quot;size&quot;:4,&quot;sizes&quot;:[]},&quot;premium_gallery_image_cell_tablet&quot;:{&quot;unit&quot;:&quot;px&quot;,&quot;size&quot;:&quot;&quot;,&quot;sizes&quot;:[]},&quot;premium_gallery_image_cell_mobile&quot;:{&quot;unit&quot;:&quot;px&quot;,&quot;size&quot;:&quot;&quot;,&quot;sizes&quot;:[]},&quot;premium_gallery_image_vcell&quot;:{&quot;unit&quot;:&quot;px&quot;,&quot;size&quot;:4,&quot;sizes&quot;:[]},&quot;premium_gallery_image_vcell_tablet&quot;:{&quot;unit&quot;:&quot;px&quot;,&quot;size&quot;:&quot;&quot;,&quot;sizes&quot;:[]},&quot;premium_gallery_image_vcell_mobile&quot;:{&quot;unit&quot;:&quot;px&quot;,&quot;size&quot;:&quot;&quot;,&quot;sizes&quot;:[]},&quot;premium_gallery_video&quot;:&quot;&quot;,&quot;premium_gallery_video_type&quot;:null,&quot;premium_gallery_video_url&quot;:null,&quot;premium_gallery_video_self&quot;:null,&quot;premium_gallery_video_self_url&quot;:null,&quot;premium_gallery_video_controls&quot;:null,&quot;premium_gallery_video_mute&quot;:null,&quot;premium_gallery_video_loop&quot;:null,&quot;download_button&quot;:null,&quot;privacy_mode&quot;:null,&quot;premmium_gallery_img_info&quot;:&quot;&quot;,&quot;premium_gallery_img_link_type&quot;:&quot;url&quot;,&quot;premium_gallery_img_existing&quot;:null,&quot;premium_gallery_lightbox_whole&quot;:&quot;&quot;},{&quot;_id&quot;:&quot;0bc4bb9&quot;,&quot;premium_gallery_img&quot;:{&quot;url&quot;:&quot;https:\\\/\\\/welikecanarias.com\\\/wp-content\\\/uploads\\\/2025\\\/07\\\/Hotel-Boutique-La-Marquesina-fuerteventura.jpg&quot;,&quot;id&quot;:73840,&quot;size&quot;:&quot;&quot;,&quot;alt&quot;:&quot;Vista de Hotel Boutique La Marquesinam uno de los hoteles boutique destacados de Fuerteventura&quot;,&quot;source&quot;:&quot;library&quot;},&quot;premium_gallery_img_name&quot;:&quot;Boutique Hotel La Marquesina&quot;,&quot;premium_gallery_img_category&quot;:&quot;Hoteles Boutique&quot;,&quot;premium_gallery_img_link&quot;:{&quot;url&quot;:&quot;https:\\\/\\\/www.booking.com\\\/hotel\\\/es\\\/boutique-la-marquesina.es.html?label=affnetcj-15773516_pub-6943326_site-101123175_pname-Juan+Jos%C3%A9+Mart%C3%ADn+Jerez_clkid-_cjevent-9d13f9b660eb11f082c6000b0a18b8fc&amp;aid=818286&amp;ucfs=1&amp;arphpl=1&amp;checkin=2025-10-06&amp;checkout=2025-10-11&amp;dest_id=752&amp;dest_type=region&amp;group_adults=2&amp;req_adults=2&amp;no_rooms=1&amp;group_children=0&amp;req_children=0&amp;hpos=9&amp;hapos=9&amp;sr_order=score&amp;nflt=ht_id%3D204&amp;srpvid=4a347a6c109d0eb2&amp;srepoch=1752601119&amp;all_sr_blocks=458830502_362070710_2_2_0_478130&amp;highlighted_blocks=458830502_362070710_2_2_0_478130&amp;matching_block_id=458830502_362070710_2_2_0_478130&amp;sr_pri_blocks=458830502_362070710_2_2_0_478130_126563&amp;from=searchresults#hotelTmpln+Jerez_clkid-_cjevent-9d953fee5fc011f0816b01c50a18b8f8&amp;aid=818286&amp;ucfs=1&amp;arphpl=1&amp;checkin=2025-10-15&amp;checkout=2025-10-19&amp;dest_id=760&amp;dest_type=region&amp;group_adults=2&amp;req_adults=2&amp;no_rooms=1&amp;group_children=0&amp;req_children=0&amp;hpos=16&amp;hapos=16&amp;sr_order=score&amp;nflt=ht_id%3D204%3Breview_score%3D90&amp;srpvid=0ef9399cc570003c&amp;srepoch=1752394986&amp;all_sr_blocks=1055028601_377691992_2_1_0&amp;highlighted_blocks=1055028601_377691992_2_1_0&amp;matching_block_id=1055028601_377691992_2_1_0&amp;sr_pri_blocks=1055028601_377691992_2_1_0__254016&amp;from=searchresults#hotelTmpl3&amp;aid=818286&amp;ucfs=1&amp;arphpl=1&amp;group_adults=2&amp;req_adults=2&amp;no_rooms=1&amp;group_children=0&amp;req_children=0&amp;hpos=1&amp;hapos=1&amp;sr_order=distance_from_search&amp;srpvid=53963df47d570698&amp;srepoch=1743497325&amp;from=searchresults#hotelTmpl&quot;,&quot;is_external&quot;:&quot;&quot;,&quot;nofollow&quot;:&quot;&quot;,&quot;custom_attributes&quot;:&quot;&quot;},&quot;premium_gallery_link_whole&quot;:&quot;yes&quot;,&quot;index&quot;:4,&quot;premium_gallery_image_cell&quot;:{&quot;unit&quot;:&quot;px&quot;,&quot;size&quot;:4,&quot;sizes&quot;:[]},&quot;premium_gallery_image_cell_tablet&quot;:{&quot;unit&quot;:&quot;px&quot;,&quot;size&quot;:&quot;&quot;,&quot;sizes&quot;:[]},&quot;premium_gallery_image_cell_mobile&quot;:{&quot;unit&quot;:&quot;px&quot;,&quot;size&quot;:&quot;&quot;,&quot;sizes&quot;:[]},&quot;premium_gallery_image_vcell&quot;:{&quot;unit&quot;:&quot;px&quot;,&quot;size&quot;:4,&quot;sizes&quot;:[]},&quot;premium_gallery_image_vcell_tablet&quot;:{&quot;unit&quot;:&quot;px&quot;,&quot;size&quot;:&quot;&quot;,&quot;sizes&quot;:[]},&quot;premium_gallery_image_vcell_mobile&quot;:{&quot;unit&quot;:&quot;px&quot;,&quot;size&quot;:&quot;&quot;,&quot;sizes&quot;:[]},&quot;premium_gallery_video&quot;:&quot;&quot;,&quot;premium_gallery_video_type&quot;:null,&quot;premium_gallery_video_url&quot;:null,&quot;premium_gallery_video_self&quot;:null,&quot;premium_gallery_video_self_url&quot;:null,&quot;premium_gallery_video_controls&quot;:null,&quot;premium_gallery_video_mute&quot;:null,&quot;premium_gallery_video_loop&quot;:null,&quot;download_button&quot;:null,&quot;privacy_mode&quot;:null,&quot;premmium_gallery_img_info&quot;:&quot;&quot;,&quot;premium_gallery_img_desc&quot;:&quot;&quot;,&quot;premium_gallery_img_link_type&quot;:&quot;url&quot;,&quot;premium_gallery_img_existing&quot;:null,&quot;premium_gallery_lightbox_whole&quot;:&quot;&quot;},{&quot;_id&quot;:&quot;c6acfc0&quot;,&quot;premium_gallery_img&quot;:{&quot;url&quot;:&quot;https:\\\/\\\/welikecanarias.com\\\/wp-content\\\/uploads\\\/2025\\\/07\\\/INNSiDE-by-Melia-Fuerteventura.jpg&quot;,&quot;id&quot;:73844,&quot;size&quot;:&quot;&quot;,&quot;alt&quot;:&quot;Vista del INNSiDE by Meli\\u00e1 Fuerteventura, uno de los mejores hoteles de Fuerteventura&quot;,&quot;source&quot;:&quot;library&quot;},&quot;premium_gallery_img_name&quot;:&quot;INNSiDE by Meli\\u00e1 Fuerteventura&quot;,&quot;premium_gallery_img_category&quot;:&quot;Hoteles Destacados&quot;,&quot;premium_gallery_img_link&quot;:{&quot;url&quot;:&quot;https:\\\/\\\/www.booking.com\\\/hotel\\\/es\\\/innside-by-melia-fuerteventura.es.html?label=affnetcj-15773516_pub-6943326_site-101123175_pname-Juan+Jos%C3%A9+Mart%C3%ADn+Jerez_clkid-_cjevent-9d13f9b660eb11f082c6000b0a18b8fc&amp;aid=818286&amp;ucfs=1&amp;arphpl=1&amp;checkin=2025-10-06&amp;checkout=2025-10-11&amp;dest_id=752&amp;dest_type=region&amp;group_adults=2&amp;req_adults=2&amp;no_rooms=1&amp;group_children=0&amp;req_children=0&amp;hpos=11&amp;hapos=11&amp;sr_order=score&amp;nflt=ht_id%3D204&amp;srpvid=4a347a6c109d0eb2&amp;srepoch=1752601228&amp;all_sr_blocks=206391417_95127880_2_33_0&amp;highlighted_blocks=206391417_95127880_2_33_0&amp;matching_block_id=206391417_95127880_2_33_0&amp;sr_pri_blocks=206391417_95127880_2_33_0__130500&amp;from_sustainable_property_sr=1&amp;from=searchresults#hotelTmpl3%A9+Mart%C3%ADn+Jerez_clkid-_cjevent-9d13f9b660eb11f082c6000b0a18b8fc&amp;aid=818286&amp;ucfs=1&amp;arphpl=1&amp;checkin=2025-10-06&amp;checkout=2025-10-11&amp;dest_id=752&amp;dest_type=region&amp;group_adults=2&amp;req_adults=2&amp;no_rooms=1&amp;group_children=0&amp;req_children=0&amp;hpos=11&amp;hapos=11&amp;sr_order=score&amp;nflt=ht_id%3D204&amp;srpvid=4a347a6c109d0eb2&amp;srepoch=1752601228&amp;all_sr_blocks=206391417_95127880_2_33_0&amp;highlighted_blocks=206391417_95127880_2_33_0&amp;matching_block_id=206391417_95127880_2_33_0&amp;sr_pri_blocks=206391417_95127880_2_33_0__130500&amp;from_sustainable_property_sr=1&amp;from=searchresults#hotelTmpl3%A9+Mart%C3%ADn+Jerez_clkid-_cjevent-9d13f9b660eb11f082c6000b0a18b8fc&amp;aid=818286&amp;ucfs=1&amp;arphpl=1&amp;checkin=2025-10-06&amp;checkout=2025-10-11&amp;dest_id=752&amp;dest_type=region&amp;group_adults=2&amp;req_adults=2&amp;no_rooms=1&amp;group_children=0&amp;req_children=0&amp;hpos=11&amp;hapos=11&amp;sr_order=score&amp;nflt=ht_id%3D204&amp;srpvid=4a347a6c109d0eb2&amp;srepoch=1752601228&amp;all_sr_blocks=206391417_95127880_2_33_0&amp;highlighted_blocks=206391417_95127880_2_33_0&amp;matching_block_id=206391417_95127880_2_33_0&amp;sr_pri_blocks=206391417_95127880_2_33_0__130500&amp;from_sustainable_property_sr=1&amp;from=searchresults#hotelTmplJerez_clkid-_cjevent-9d953fee5fc011f0816b01c50a18b8f8&amp;aid=818286&amp;ucfs=1&amp;arphpl=1&amp;checkin=2025-10-15&amp;checkout=2025-10-19&amp;dest_id=760&amp;dest_type=region&amp;group_adults=2&amp;req_adults=2&amp;no_rooms=1&amp;group_children=0&amp;req_children=0&amp;hpos=2&amp;hapos=2&amp;sr_order=score&amp;nflt=ht_id%3D204%3Breview_score%3D90&amp;srpvid=0ef9399cc570003c&amp;srepoch=1752395109&amp;all_sr_blocks=327487304_385295777_2_33_0_863663&amp;highlighted_blocks=327487304_385295777_2_33_0_863663&amp;matching_block_id=327487304_385295777_2_33_0_863663&amp;sr_pri_blocks=327487304_385295777_2_33_0_863663_87024&amp;from=searchresults#hotelTmpl3e5f18cd4bb9d5587&amp;checkin=2024-11-01;checkout=2024-11-02;dest_id=13155;dest_type=hotel;dist=0;group_adults=2;group_children=0;hapos=1;hpos=1;no_rooms=1;req_adults=2;req_children=0;room1=A%2CA;sb_price_type=total;soh=1;sr_order=popularity;srepoch=1730313976;srpvid=0dc783fd28c600e9;type=total;ucfs=1&amp;#no_availability_msg&quot;,&quot;is_external&quot;:&quot;&quot;,&quot;nofollow&quot;:&quot;&quot;,&quot;custom_attributes&quot;:&quot;&quot;},&quot;premium_gallery_link_whole&quot;:&quot;yes&quot;,&quot;index&quot;:5,&quot;premium_gallery_image_cell&quot;:{&quot;unit&quot;:&quot;px&quot;,&quot;size&quot;:4,&quot;sizes&quot;:[]},&quot;premium_gallery_image_cell_tablet&quot;:{&quot;unit&quot;:&quot;px&quot;,&quot;size&quot;:&quot;&quot;,&quot;sizes&quot;:[]},&quot;premium_gallery_image_cell_mobile&quot;:{&quot;unit&quot;:&quot;px&quot;,&quot;size&quot;:&quot;&quot;,&quot;sizes&quot;:[]},&quot;premium_gallery_image_vcell&quot;:{&quot;unit&quot;:&quot;px&quot;,&quot;size&quot;:4,&quot;sizes&quot;:[]},&quot;premium_gallery_image_vcell_tablet&quot;:{&quot;unit&quot;:&quot;px&quot;,&quot;size&quot;:&quot;&quot;,&quot;sizes&quot;:[]},&quot;premium_gallery_image_vcell_mobile&quot;:{&quot;unit&quot;:&quot;px&quot;,&quot;size&quot;:&quot;&quot;,&quot;sizes&quot;:[]},&quot;premium_gallery_video&quot;:&quot;&quot;,&quot;premium_gallery_video_type&quot;:null,&quot;premium_gallery_video_url&quot;:null,&quot;premium_gallery_video_self&quot;:null,&quot;premium_gallery_video_self_url&quot;:null,&quot;premium_gallery_video_controls&quot;:null,&quot;premium_gallery_video_mute&quot;:null,&quot;premium_gallery_video_loop&quot;:null,&quot;download_button&quot;:null,&quot;privacy_mode&quot;:null,&quot;premmium_gallery_img_info&quot;:&quot;&quot;,&quot;premium_gallery_img_desc&quot;:&quot;&quot;,&quot;premium_gallery_img_link_type&quot;:&quot;url&quot;,&quot;premium_gallery_img_existing&quot;:null,&quot;premium_gallery_lightbox_whole&quot;:&quot;&quot;},{&quot;_id&quot;:&quot;18186d1&quot;,&quot;premium_gallery_img&quot;:{&quot;url&quot;:&quot;https:\\\/\\\/welikecanarias.com\\\/wp-content\\\/uploads\\\/2025\\\/07\\\/Iberostar-Waves-Gaviotas-Park.jpg&quot;,&quot;id&quot;:73851,&quot;size&quot;:&quot;&quot;,&quot;alt&quot;:&quot;Vista del Iberostar Waves Gaviotas Park, uno de los hoteles con encanto en Fuerteventura&quot;,&quot;source&quot;:&quot;library&quot;},&quot;premium_gallery_img_name&quot;:&quot;Iberostar Waves Gaviotas Park&quot;,&quot;premium_gallery_img_category&quot;:&quot;Hoteles Destacados&quot;,&quot;premium_gallery_img_link&quot;:{&quot;url&quot;:&quot;https:\\\/\\\/www.booking.com\\\/hotel\\\/es\\\/fuerteventura-park.es.html?label=affnetcj-15773516_pub-6943326_site-101123175_pname-Juan+Jos%C3%A9+Mart%C3%ADn+Jerez_clkid-_cjevent-9d13f9b660eb11f082c6000b0a18b8fc&amp;aid=818286&amp;ucfs=1&amp;arphpl=1&amp;checkin=2025-10-06&amp;checkout=2025-10-11&amp;dest_id=752&amp;dest_type=region&amp;group_adults=2&amp;req_adults=2&amp;no_rooms=1&amp;group_children=0&amp;req_children=0&amp;hpos=14&amp;hapos=14&amp;sr_order=score&amp;nflt=ht_id%3D204&amp;srpvid=4a347a6c109d0eb2&amp;srepoch=1752601794&amp;all_sr_blocks=1345420_360726788_2_85_0&amp;highlighted_blocks=1345420_360726788_2_85_0&amp;matching_block_id=1345420_360726788_2_85_0&amp;sr_pri_blocks=1345420_360726788_2_85_0__139480&amp;from_sustainable_property_sr=1&amp;from=searchresults#hotelTmplA9+Mart%C3%ADn+Jerez_clkid-_cjevent-9d953fee5fc011f0816b01c50a18b8f8&amp;aid=818286&amp;ucfs=1&amp;arphpl=1&amp;checkin=2025-10-15&amp;checkout=2025-10-19&amp;dest_id=760&amp;dest_type=region&amp;group_adults=2&amp;req_adults=2&amp;no_rooms=1&amp;group_children=0&amp;req_children=0&amp;hpos=10&amp;hapos=10&amp;sr_order=score&amp;nflt=ht_id%3D204%3Breview_score%3D90&amp;srpvid=0ef9399cc570003c&amp;srepoch=1752395276&amp;all_sr_blocks=4835112_84618747_2_33_0&amp;highlighted_blocks=4835112_84618747_2_33_0&amp;matching_block_id=4835112_84618747_2_33_0&amp;sr_pri_blocks=4835112_84618747_2_33_0__73800&amp;from_sustainable_property_sr=1&amp;from=searchresults#hotelTmpl3e5f18cd4bb9d5587&amp;all_sr_blocks=40603103_375847779_2_34_0;checkin=2024-11-01;checkout=2024-11-02;dest_id=406031;dest_type=hotel;dist=0;group_adults=2;group_children=0;hapos=1;highlighted_blocks=40603103_375847779_2_34_0;hpos=1;matching_block_id=40603103_375847779_2_34_0;no_rooms=1;req_adults=2;req_children=0;room1=A%2CA;sb_price_type=total;sr_order=popularity;sr_pri_blocks=40603103_375847779_2_34_0__12281;srepoch=1730314008;srpvid=4407840dc1360465;type=total;ucfs=1&amp;#hotelTmpl&quot;,&quot;is_external&quot;:&quot;&quot;,&quot;nofollow&quot;:&quot;&quot;,&quot;custom_attributes&quot;:&quot;&quot;},&quot;premium_gallery_link_whole&quot;:&quot;yes&quot;,&quot;index&quot;:6,&quot;premium_gallery_image_cell&quot;:{&quot;unit&quot;:&quot;px&quot;,&quot;size&quot;:4,&quot;sizes&quot;:[]},&quot;premium_gallery_image_cell_tablet&quot;:{&quot;unit&quot;:&quot;px&quot;,&quot;size&quot;:&quot;&quot;,&quot;sizes&quot;:[]},&quot;premium_gallery_image_cell_mobile&quot;:{&quot;unit&quot;:&quot;px&quot;,&quot;size&quot;:&quot;&quot;,&quot;sizes&quot;:[]},&quot;premium_gallery_image_vcell&quot;:{&quot;unit&quot;:&quot;px&quot;,&quot;size&quot;:4,&quot;sizes&quot;:[]},&quot;premium_gallery_image_vcell_tablet&quot;:{&quot;unit&quot;:&quot;px&quot;,&quot;size&quot;:&quot;&quot;,&quot;sizes&quot;:[]},&quot;premium_gallery_image_vcell_mobile&quot;:{&quot;unit&quot;:&quot;px&quot;,&quot;size&quot;:&quot;&quot;,&quot;sizes&quot;:[]},&quot;premium_gallery_video&quot;:&quot;&quot;,&quot;premium_gallery_video_type&quot;:null,&quot;premium_gallery_video_url&quot;:null,&quot;premium_gallery_video_self&quot;:null,&quot;premium_gallery_video_self_url&quot;:null,&quot;premium_gallery_video_controls&quot;:null,&quot;premium_gallery_video_mute&quot;:null,&quot;premium_gallery_video_loop&quot;:null,&quot;download_button&quot;:null,&quot;privacy_mode&quot;:null,&quot;premmium_gallery_img_info&quot;:&quot;&quot;,&quot;premium_gallery_img_desc&quot;:&quot;&quot;,&quot;premium_gallery_img_link_type&quot;:&quot;url&quot;,&quot;premium_gallery_img_existing&quot;:null,&quot;premium_gallery_lightbox_whole&quot;:&quot;&quot;},{&quot;_id&quot;:&quot;e048a7b&quot;,&quot;premium_gallery_img&quot;:{&quot;url&quot;:&quot;https:\\\/\\\/welikecanarias.com\\\/wp-content\\\/uploads\\\/2025\\\/06\\\/Secrets-Bahia-Real-Resort-Spa.jpg&quot;,&quot;id&quot;:68763,&quot;size&quot;:&quot;&quot;,&quot;alt&quot;:&quot;Vista de Secrets Bah\\u00eda Real Resort &amp; Spa , uno de los mejores hoteles de Fuerteventura&quot;,&quot;source&quot;:&quot;library&quot;},&quot;premium_gallery_img_name&quot;:&quot;Secrets Bah\\u00eda Real Resort &amp; Spa  &quot;,&quot;premium_gallery_img_category&quot;:&quot;Hoteles Destacados&quot;,&quot;premium_gallery_img_link&quot;:{&quot;url&quot;:&quot;https:\\\/\\\/www.booking.com\\\/hotel\\\/es\\\/secrets-bahia-real.es.html?label=affnetcj-15773516_pub-6943326_site-101123175_pname-Juan+Jos%C3%A9+Mart%C3%ADn+Jerez_clkid-_cjevent-9d13f9b660eb11f082c6000b0a18b8fc&amp;aid=818286&amp;ucfs=1&amp;arphpl=1&amp;checkin=2025-10-13&amp;checkout=2025-10-18&amp;dest_id=752&amp;dest_type=region&amp;group_adults=2&amp;req_adults=2&amp;no_rooms=1&amp;group_children=0&amp;req_children=0&amp;hpos=15&amp;hapos=15&amp;sr_order=score&amp;nflt=ht_id%3D204&amp;srpvid=4a347a6c109d0eb2&amp;srepoch=1752601852&amp;all_sr_blocks=9754745_106816155_2_41_0&amp;highlighted_blocks=9754745_106816155_2_41_0&amp;matching_block_id=9754745_106816155_2_41_0&amp;sr_pri_blocks=9754745_106816155_2_41_0__119500&amp;from_sustainable_property_sr=1&amp;from=searchresults#hotelTmplz_clkid-_cjevent-9d953fee5fc011f0816b01c50a18b8f8&amp;aid=818286&amp;ucfs=1&amp;arphpl=1&amp;checkin=2025-10-15&amp;checkout=2025-10-19&amp;dest_id=760&amp;dest_type=region&amp;group_adults=2&amp;req_adults=2&amp;no_rooms=1&amp;group_children=0&amp;req_children=0&amp;hpos=11&amp;hapos=11&amp;sr_order=score&amp;nflt=ht_id%3D204%3Breview_score%3D90&amp;srpvid=706e5b1f54b604d0&amp;srepoch=1752411469&amp;all_sr_blocks=347517601_408720144_0_33_0_169069&amp;highlighted_blocks=347517601_408720144_0_33_0_169069&amp;matching_block_id=347517601_408720144_0_33_0_169069&amp;sr_pri_blocks=347517601_408720144_0_33_0_169069_106733&amp;from_sustainable_property_sr=1&amp;from=searchresults#hotelTmpl&quot;,&quot;is_external&quot;:&quot;&quot;,&quot;nofollow&quot;:&quot;&quot;,&quot;custom_attributes&quot;:&quot;&quot;},&quot;premium_gallery_link_whole&quot;:&quot;yes&quot;,&quot;index&quot;:7,&quot;premium_gallery_image_cell&quot;:{&quot;unit&quot;:&quot;px&quot;,&quot;size&quot;:4,&quot;sizes&quot;:[]},&quot;premium_gallery_image_cell_tablet&quot;:{&quot;unit&quot;:&quot;px&quot;,&quot;size&quot;:&quot;&quot;,&quot;sizes&quot;:[]},&quot;premium_gallery_image_cell_mobile&quot;:{&quot;unit&quot;:&quot;px&quot;,&quot;size&quot;:&quot;&quot;,&quot;sizes&quot;:[]},&quot;premium_gallery_image_vcell&quot;:{&quot;unit&quot;:&quot;px&quot;,&quot;size&quot;:4,&quot;sizes&quot;:[]},&quot;premium_gallery_image_vcell_tablet&quot;:{&quot;unit&quot;:&quot;px&quot;,&quot;size&quot;:&quot;&quot;,&quot;sizes&quot;:[]},&quot;premium_gallery_image_vcell_mobile&quot;:{&quot;unit&quot;:&quot;px&quot;,&quot;size&quot;:&quot;&quot;,&quot;sizes&quot;:[]},&quot;premium_gallery_video&quot;:&quot;&quot;,&quot;premium_gallery_video_type&quot;:null,&quot;premium_gallery_video_url&quot;:null,&quot;premium_gallery_video_self&quot;:null,&quot;premium_gallery_video_self_url&quot;:null,&quot;premium_gallery_video_controls&quot;:null,&quot;premium_gallery_video_mute&quot;:null,&quot;premium_gallery_video_loop&quot;:null,&quot;download_button&quot;:null,&quot;privacy_mode&quot;:null,&quot;premmium_gallery_img_info&quot;:&quot;&quot;,&quot;premium_gallery_img_desc&quot;:&quot;&quot;,&quot;premium_gallery_img_link_type&quot;:&quot;url&quot;,&quot;premium_gallery_img_existing&quot;:null,&quot;premium_gallery_lightbox_whole&quot;:&quot;&quot;},{&quot;_id&quot;:&quot;cc24dd3&quot;,&quot;premium_gallery_img&quot;:{&quot;url&quot;:&quot;https:\\\/\\\/welikecanarias.com\\\/wp-content\\\/uploads\\\/2025\\\/07\\\/Bahiazul-Resort-Fuerteventura.jpg&quot;,&quot;id&quot;:73860,&quot;size&quot;:&quot;&quot;,&quot;alt&quot;:&quot;Vista de Bahiazul Resort Fuerteventura &quot;,&quot;source&quot;:&quot;library&quot;},&quot;premium_gallery_img_name&quot;:&quot;Bahiazul Resort Fuerteventura&quot;,&quot;premium_gallery_img_category&quot;:&quot;Fincas y Villas&quot;,&quot;premium_gallery_img_link&quot;:{&quot;url&quot;:&quot;https:\\\/\\\/www.booking.com\\\/hotel\\\/es\\\/bahiazul-villas-club-fuerteventura.es.html?label=affnetcj-15773516_pub-6943326_site-101123175_pname-Juan+Jos%C3%A9+Mart%C3%ADn+Jerez_clkid-_cjevent-9d13f9b660eb11f082c6000b0a18b8fc&amp;aid=818286&amp;ucfs=1&amp;arphpl=1&amp;checkin=2025-10-06&amp;checkout=2025-10-11&amp;dest_id=752&amp;dest_type=region&amp;group_adults=2&amp;req_adults=2&amp;no_rooms=1&amp;group_children=0&amp;req_children=0&amp;hpos=16&amp;hapos=16&amp;sr_order=score&amp;nflt=ht_id%3D204&amp;srpvid=4a347a6c109d0eb2&amp;srepoch=1752601901&amp;all_sr_blocks=31830216_409772135_2_33_0&amp;highlighted_blocks=31830216_409772135_2_33_0&amp;matching_block_id=31830216_409772135_2_33_0&amp;sr_pri_blocks=31830216_409772135_2_33_0__167140&amp;from=searchresults#hotelTmpl3%ADn+Jerez_clkid-_cjevent-9d953fee5fc011f0816b01c50a18b8f8&amp;aid=818286&amp;ucfs=1&amp;arphpl=1&amp;checkin=2025-10-15&amp;checkout=2025-10-19&amp;dest_id=760&amp;dest_type=region&amp;group_adults=2&amp;req_adults=2&amp;no_rooms=1&amp;group_children=0&amp;req_children=0&amp;hpos=13&amp;hapos=13&amp;sr_order=score&amp;nflt=ht_id%3D204%3Breview_score%3D90&amp;srpvid=706e5b1f54b604d0&amp;srepoch=1752411602&amp;all_sr_blocks=712494701_297755329_2_1_0&amp;highlighted_blocks=712494701_297755329_2_1_0&amp;matching_block_id=712494701_297755329_2_1_0&amp;sr_pri_blocks=712494701_297755329_2_1_0__121590&amp;from=searchresults#hotelTmpl&quot;,&quot;is_external&quot;:&quot;&quot;,&quot;nofollow&quot;:&quot;&quot;,&quot;custom_attributes&quot;:&quot;&quot;},&quot;premium_gallery_link_whole&quot;:&quot;yes&quot;,&quot;index&quot;:8,&quot;premium_gallery_image_cell&quot;:{&quot;unit&quot;:&quot;px&quot;,&quot;size&quot;:4,&quot;sizes&quot;:[]},&quot;premium_gallery_image_cell_tablet&quot;:{&quot;unit&quot;:&quot;px&quot;,&quot;size&quot;:&quot;&quot;,&quot;sizes&quot;:[]},&quot;premium_gallery_image_cell_mobile&quot;:{&quot;unit&quot;:&quot;px&quot;,&quot;size&quot;:&quot;&quot;,&quot;sizes&quot;:[]},&quot;premium_gallery_image_vcell&quot;:{&quot;unit&quot;:&quot;px&quot;,&quot;size&quot;:4,&quot;sizes&quot;:[]},&quot;premium_gallery_image_vcell_tablet&quot;:{&quot;unit&quot;:&quot;px&quot;,&quot;size&quot;:&quot;&quot;,&quot;sizes&quot;:[]},&quot;premium_gallery_image_vcell_mobile&quot;:{&quot;unit&quot;:&quot;px&quot;,&quot;size&quot;:&quot;&quot;,&quot;sizes&quot;:[]},&quot;premium_gallery_video&quot;:&quot;&quot;,&quot;premium_gallery_video_type&quot;:null,&quot;premium_gallery_video_url&quot;:null,&quot;premium_gallery_video_self&quot;:null,&quot;premium_gallery_video_self_url&quot;:null,&quot;premium_gallery_video_controls&quot;:null,&quot;premium_gallery_video_mute&quot;:null,&quot;premium_gallery_video_loop&quot;:null,&quot;download_button&quot;:null,&quot;privacy_mode&quot;:null,&quot;premmium_gallery_img_info&quot;:&quot;&quot;,&quot;premium_gallery_img_desc&quot;:&quot;&quot;,&quot;premium_gallery_img_link_type&quot;:&quot;url&quot;,&quot;premium_gallery_img_existing&quot;:null,&quot;premium_gallery_lightbox_whole&quot;:&quot;&quot;},{&quot;_id&quot;:&quot;4ecdceb&quot;,&quot;premium_gallery_img&quot;:{&quot;url&quot;:&quot;https:\\\/\\\/welikecanarias.com\\\/wp-content\\\/uploads\\\/2025\\\/07\\\/Iberostar-Selection-Fuerteventura-Palace.jpg&quot;,&quot;id&quot;:73866,&quot;size&quot;:&quot;&quot;,&quot;alt&quot;:&quot;Vista de Iberostar Selection Fuerteventura Palace, uno de los hoteles con encanto en Fuerteventura&quot;,&quot;source&quot;:&quot;library&quot;},&quot;premium_gallery_img_name&quot;:&quot;Iberostar Auswahl Fuerteventura Palace&quot;,&quot;premium_gallery_img_category&quot;:&quot;Hoteles Destacados&quot;,&quot;premium_gallery_img_link&quot;:{&quot;url&quot;:&quot;https:\\\/\\\/www.booking.com\\\/hotel\\\/es\\\/palace-fuerteventura.es.html?label=affnetcj-15773516_pub-6943326_site-101123175_pname-Juan+Jos%C3%A9+Mart%C3%ADn+Jerez_clkid-_cjevent-9d13f9b660eb11f082c6000b0a18b8fc&amp;aid=818286&amp;ucfs=1&amp;arphpl=1&amp;checkin=2025-10-06&amp;checkout=2025-10-11&amp;dest_id=752&amp;dest_type=region&amp;group_adults=2&amp;req_adults=2&amp;no_rooms=1&amp;group_children=0&amp;req_children=0&amp;hpos=17&amp;hapos=17&amp;sr_order=score&amp;nflt=ht_id%3D204&amp;srpvid=4a347a6c109d0eb2&amp;srepoch=1752601968&amp;all_sr_blocks=1345202_360726830_2_25_0_313500&amp;highlighted_blocks=1345202_360726830_2_25_0_313500&amp;matching_block_id=1345202_360726830_2_25_0_313500&amp;sr_pri_blocks=1345202_360726830_2_25_0_313500_178200&amp;from_sustainable_property_sr=1&amp;from=searchresults#hotelTmpl+Jerez_clkid-_cjevent-9d953fee5fc011f0816b01c50a18b8f8&amp;aid=818286&amp;ucfs=1&amp;arphpl=1&amp;checkin=2025-10-15&amp;checkout=2025-10-19&amp;dest_id=760&amp;dest_type=region&amp;group_adults=2&amp;req_adults=2&amp;no_rooms=1&amp;group_children=0&amp;req_children=0&amp;hpos=14&amp;hapos=14&amp;sr_order=score&amp;nflt=ht_id%3D204%3Breview_score%3D90&amp;srpvid=706e5b1f54b604d0&amp;srepoch=1752411718&amp;all_sr_blocks=562580106_287901581_2_33_0&amp;highlighted_blocks=562580106_287901581_2_33_0&amp;matching_block_id=562580106_287901581_2_33_0&amp;sr_pri_blocks=562580106_287901581_2_33_0__94400&amp;from=searchresults#hotelTmpl&quot;,&quot;is_external&quot;:&quot;&quot;,&quot;nofollow&quot;:&quot;&quot;,&quot;custom_attributes&quot;:&quot;&quot;},&quot;premium_gallery_link_whole&quot;:&quot;yes&quot;,&quot;index&quot;:9,&quot;premium_gallery_image_cell&quot;:{&quot;unit&quot;:&quot;px&quot;,&quot;size&quot;:4,&quot;sizes&quot;:[]},&quot;premium_gallery_image_cell_tablet&quot;:{&quot;unit&quot;:&quot;px&quot;,&quot;size&quot;:&quot;&quot;,&quot;sizes&quot;:[]},&quot;premium_gallery_image_cell_mobile&quot;:{&quot;unit&quot;:&quot;px&quot;,&quot;size&quot;:&quot;&quot;,&quot;sizes&quot;:[]},&quot;premium_gallery_image_vcell&quot;:{&quot;unit&quot;:&quot;px&quot;,&quot;size&quot;:4,&quot;sizes&quot;:[]},&quot;premium_gallery_image_vcell_tablet&quot;:{&quot;unit&quot;:&quot;px&quot;,&quot;size&quot;:&quot;&quot;,&quot;sizes&quot;:[]},&quot;premium_gallery_image_vcell_mobile&quot;:{&quot;unit&quot;:&quot;px&quot;,&quot;size&quot;:&quot;&quot;,&quot;sizes&quot;:[]},&quot;premium_gallery_video&quot;:&quot;&quot;,&quot;premium_gallery_video_type&quot;:null,&quot;premium_gallery_video_url&quot;:null,&quot;premium_gallery_video_self&quot;:null,&quot;premium_gallery_video_self_url&quot;:null,&quot;premium_gallery_video_controls&quot;:null,&quot;premium_gallery_video_mute&quot;:null,&quot;premium_gallery_video_loop&quot;:null,&quot;download_button&quot;:null,&quot;privacy_mode&quot;:null,&quot;premmium_gallery_img_info&quot;:&quot;&quot;,&quot;premium_gallery_img_desc&quot;:&quot;&quot;,&quot;premium_gallery_img_link_type&quot;:&quot;url&quot;,&quot;premium_gallery_img_existing&quot;:null,&quot;premium_gallery_lightbox_whole&quot;:&quot;&quot;},{&quot;_id&quot;:&quot;0a68e72&quot;,&quot;premium_gallery_img&quot;:{&quot;url&quot;:&quot;https:\\\/\\\/welikecanarias.com\\\/wp-content\\\/uploads\\\/2025\\\/07\\\/H10-Ocean-Dreams-Hotel-Boutique.jpg&quot;,&quot;id&quot;:73872,&quot;size&quot;:&quot;&quot;,&quot;alt&quot;:&quot;Vista del H10 Ocean Dreams Hotel Boutique, uno de los hoteles con encanto de Fuerteventura&quot;,&quot;source&quot;:&quot;library&quot;},&quot;premium_gallery_img_name&quot;:&quot;H10 Ocean Dreams Hotel Boutique&quot;,&quot;premium_gallery_img_category&quot;:&quot;Hoteles Boutique&quot;,&quot;premium_gallery_img_link&quot;:{&quot;url&quot;:&quot;https:\\\/\\\/www.booking.com\\\/hotel\\\/es\\\/las-palmeras-corralejo.es.html?label=affnetcj-15773516_pub-6943326_site-101123175_pname-Juan%20Jos%C3%A9%20Mart%C3%ADn%20Jerez_clkid-_cjevent-9d13f9b660eb11f082c6000b0a18b8fc&amp;aid=818286&amp;ucfs=1&amp;arphpl=1&amp;checkin=2025-10-27&amp;checkout=2025-11-01&amp;dest_id=752&amp;dest_type=region&amp;group_adults=2&amp;req_adults=2&amp;no_rooms=1&amp;group_children=0&amp;req_children=0&amp;hpos=19&amp;hapos=19&amp;sr_order=score&amp;nflt=ht_id%3D204&amp;srpvid=4a347a6c109d0eb2&amp;srepoch=1752602026&amp;all_sr_blocks=9399213_91295899_0_1_0&amp;highlighted_blocks=9399213_91295899_0_1_0&amp;matching_block_id=9399213_91295899_0_1_0&amp;sr_pri_blocks=9399213_91295899_0_1_0__90730&amp;from_sustainable_property_sr=1&amp;from=searchresults&amp;activeTab=maint%C3%ADn%20Jerez_clkid-_cjevent-9d13f9b660eb11f082c6000b0a18b8fc&amp;aid=818286&amp;ucfs=1&amp;arphpl=1&amp;checkin=2025-10-27&amp;checkout=2025-11-01&amp;dest_id=752&amp;dest_type=region&amp;group_adults=2&amp;req_adults=2&amp;no_rooms=1&amp;group_children=0&amp;req_children=0&amp;hpos=19&amp;hapos=19&amp;sr_order=score&amp;nflt=ht_id%3D204&amp;srpvid=4a347a6c109d0eb2&amp;srepoch=1752602026&amp;all_sr_blocks=9399213_91295899_0_1_0&amp;highlighted_blocks=9399213_91295899_0_1_0&amp;matching_block_id=9399213_91295899_0_1_0&amp;sr_pri_blocks=9399213_91295899_0_1_0__90730&amp;from_sustainable_property_sr=1&amp;from=searchresults&amp;activeTab=main+Mart%C3%ADn+Jerez_clkid-_cjevent-9d953fee5fc011f0816b01c50a18b8f8&amp;aid=818286&amp;ucfs=1&amp;arphpl=1&amp;checkin=2025-10-15&amp;checkout=2025-10-19&amp;dest_id=760&amp;dest_type=region&amp;group_adults=2&amp;req_adults=2&amp;no_rooms=1&amp;group_children=0&amp;req_children=0&amp;hpos=20&amp;hapos=20&amp;sr_order=score&amp;nflt=ht_id%3D204%3Breview_score%3D90&amp;srpvid=706e5b1f54b604d0&amp;srepoch=1752411870&amp;all_sr_blocks=9452101_112636450_2_85_0&amp;highlighted_blocks=9452101_112636450_2_85_0&amp;matching_block_id=9452101_112636450_2_85_0&amp;sr_pri_blocks=9452101_112636450_2_85_0__203400&amp;from_sustainable_property_sr=1&amp;from=searchresults#hotelTmpl&quot;,&quot;is_external&quot;:&quot;&quot;,&quot;nofollow&quot;:&quot;&quot;,&quot;custom_attributes&quot;:&quot;&quot;},&quot;premium_gallery_link_whole&quot;:&quot;yes&quot;,&quot;index&quot;:10,&quot;premium_gallery_image_cell&quot;:{&quot;unit&quot;:&quot;px&quot;,&quot;size&quot;:4,&quot;sizes&quot;:[]},&quot;premium_gallery_image_cell_tablet&quot;:{&quot;unit&quot;:&quot;px&quot;,&quot;size&quot;:&quot;&quot;,&quot;sizes&quot;:[]},&quot;premium_gallery_image_cell_mobile&quot;:{&quot;unit&quot;:&quot;px&quot;,&quot;size&quot;:&quot;&quot;,&quot;sizes&quot;:[]},&quot;premium_gallery_image_vcell&quot;:{&quot;unit&quot;:&quot;px&quot;,&quot;size&quot;:4,&quot;sizes&quot;:[]},&quot;premium_gallery_image_vcell_tablet&quot;:{&quot;unit&quot;:&quot;px&quot;,&quot;size&quot;:&quot;&quot;,&quot;sizes&quot;:[]},&quot;premium_gallery_image_vcell_mobile&quot;:{&quot;unit&quot;:&quot;px&quot;,&quot;size&quot;:&quot;&quot;,&quot;sizes&quot;:[]},&quot;premium_gallery_video&quot;:&quot;&quot;,&quot;premium_gallery_video_type&quot;:null,&quot;premium_gallery_video_url&quot;:null,&quot;premium_gallery_video_self&quot;:null,&quot;premium_gallery_video_self_url&quot;:null,&quot;premium_gallery_video_controls&quot;:null,&quot;premium_gallery_video_mute&quot;:null,&quot;premium_gallery_video_loop&quot;:null,&quot;download_button&quot;:null,&quot;privacy_mode&quot;:null,&quot;premmium_gallery_img_info&quot;:&quot;&quot;,&quot;premium_gallery_img_desc&quot;:&quot;&quot;,&quot;premium_gallery_img_link_type&quot;:&quot;url&quot;,&quot;premium_gallery_img_existing&quot;:null,&quot;premium_gallery_lightbox_whole&quot;:&quot;&quot;},{&quot;_id&quot;:&quot;60f89cb&quot;,&quot;premium_gallery_img&quot;:{&quot;url&quot;:&quot;https:\\\/\\\/welikecanarias.com\\\/wp-content\\\/uploads\\\/2025\\\/06\\\/MUR-Faro-Jandia-Fuerteventura-Spa.jpg&quot;,&quot;id&quot;:68863,&quot;size&quot;:&quot;&quot;,&quot;alt&quot;:&quot;Vistal del MUR Faro Jandia Fuerteventura &amp; Spa, uno de los mejores hoteles todo incluido en Fuerteventura&quot;,&quot;source&quot;:&quot;library&quot;},&quot;premium_gallery_img_name&quot;:&quot;MUR Faro Jandia Fuerteventura &amp; Spa&quot;,&quot;premium_gallery_img_category&quot;:&quot;Hoteles Destacados&quot;,&quot;premium_gallery_img_link&quot;:{&quot;url&quot;:&quot;https:\\\/\\\/www.booking.com\\\/hotel\\\/es\\\/faro-jandia.es.html?label=affnetcj-15773516_pub-6943326_site-101123175_pname-Juan+Jos%C3%A9+Mart%C3%ADn+Jerez_clkid-_cjevent-9d13f9b660eb11f082c6000b0a18b8fc&amp;aid=818286&amp;ucfs=1&amp;arphpl=1&amp;checkin=2025-10-06&amp;checkout=2025-10-11&amp;dest_id=752&amp;dest_type=region&amp;group_adults=2&amp;req_adults=2&amp;no_rooms=1&amp;group_children=0&amp;req_children=0&amp;hpos=21&amp;hapos=21&amp;sr_order=score&amp;nflt=ht_id%3D204&amp;srpvid=4a347a6c109d0eb2&amp;srepoch=1752602180&amp;all_sr_blocks=9254507_103193546_0_25_0&amp;highlighted_blocks=9254507_103193546_0_25_0&amp;matching_block_id=9254507_103193546_0_25_0&amp;sr_pri_blocks=9254507_103193546_0_25_0__115000&amp;from=searchresults#hotelTmplC3%A9+Mart%C3%ADn+Jerez_clkid-_cjevent-9d953fee5fc011f0816b01c50a18b8f8&amp;aid=818286&amp;ucfs=1&amp;arphpl=1&amp;checkin=2025-10-15&amp;checkout=2025-10-19&amp;dest_id=760&amp;dest_type=region&amp;group_adults=2&amp;req_adults=2&amp;no_rooms=1&amp;group_children=0&amp;req_children=0&amp;hpos=21&amp;hapos=21&amp;sr_order=score&amp;nflt=ht_id%3D204%3Breview_score%3D90&amp;srpvid=706e5b1f54b604d0&amp;srepoch=1752412051&amp;all_sr_blocks=1775605_120048236_2_33_0&amp;highlighted_blocks=1775605_120048236_2_33_0&amp;matching_block_id=1775605_120048236_2_33_0&amp;sr_pri_blocks=1775605_120048236_2_33_0__158090&amp;from_sustainable_property_sr=1&amp;from=searchresults#hotelTmpl&quot;,&quot;is_external&quot;:&quot;&quot;,&quot;nofollow&quot;:&quot;&quot;,&quot;custom_attributes&quot;:&quot;&quot;},&quot;premium_gallery_link_whole&quot;:&quot;yes&quot;,&quot;index&quot;:11,&quot;premium_gallery_image_cell&quot;:{&quot;unit&quot;:&quot;px&quot;,&quot;size&quot;:4,&quot;sizes&quot;:[]},&quot;premium_gallery_image_cell_tablet&quot;:{&quot;unit&quot;:&quot;px&quot;,&quot;size&quot;:&quot;&quot;,&quot;sizes&quot;:[]},&quot;premium_gallery_image_cell_mobile&quot;:{&quot;unit&quot;:&quot;px&quot;,&quot;size&quot;:&quot;&quot;,&quot;sizes&quot;:[]},&quot;premium_gallery_image_vcell&quot;:{&quot;unit&quot;:&quot;px&quot;,&quot;size&quot;:4,&quot;sizes&quot;:[]},&quot;premium_gallery_image_vcell_tablet&quot;:{&quot;unit&quot;:&quot;px&quot;,&quot;size&quot;:&quot;&quot;,&quot;sizes&quot;:[]},&quot;premium_gallery_image_vcell_mobile&quot;:{&quot;unit&quot;:&quot;px&quot;,&quot;size&quot;:&quot;&quot;,&quot;sizes&quot;:[]},&quot;premium_gallery_video&quot;:&quot;&quot;,&quot;premium_gallery_video_type&quot;:null,&quot;premium_gallery_video_url&quot;:null,&quot;premium_gallery_video_self&quot;:null,&quot;premium_gallery_video_self_url&quot;:null,&quot;premium_gallery_video_controls&quot;:null,&quot;premium_gallery_video_mute&quot;:null,&quot;premium_gallery_video_loop&quot;:null,&quot;download_button&quot;:null,&quot;privacy_mode&quot;:null,&quot;premmium_gallery_img_info&quot;:&quot;&quot;,&quot;premium_gallery_img_desc&quot;:&quot;&quot;,&quot;premium_gallery_img_link_type&quot;:&quot;url&quot;,&quot;premium_gallery_img_existing&quot;:null,&quot;premium_gallery_lightbox_whole&quot;:&quot;&quot;},{&quot;_id&quot;:&quot;8edca42&quot;,&quot;premium_gallery_img&quot;:{&quot;url&quot;:&quot;https:\\\/\\\/welikecanarias.com\\\/wp-content\\\/uploads\\\/2025\\\/07\\\/XQ-El-Palacete-fuerteventura.jpg&quot;,&quot;id&quot;:73884,&quot;size&quot;:&quot;&quot;,&quot;alt&quot;:&quot;Vista del XQ El Palacete, uno de los mejores hoteles de Fuerteventura&quot;,&quot;source&quot;:&quot;library&quot;},&quot;premium_gallery_img_name&quot;:&quot;XQ El Palacete&quot;,&quot;premium_gallery_img_category&quot;:&quot;Hoteles Destacados&quot;,&quot;premium_gallery_img_link&quot;:{&quot;url&quot;:&quot;https:\\\/\\\/www.booking.com\\\/hotel\\\/es\\\/xq-el-palacete.es.html?label=affnetcj-15773516_pub-6943326_site-101123175_pname-Juan%20Jos%C3%A9%20Mart%C3%ADn%20Jerez_clkid-_cjevent-9d13f9b660eb11f082c6000b0a18b8fc&amp;aid=818286&amp;ucfs=1&amp;arphpl=1&amp;checkin=2025-10-13&amp;checkout=2025-10-18&amp;dest_id=752&amp;dest_type=region&amp;group_adults=2&amp;req_adults=2&amp;no_rooms=1&amp;group_children=0&amp;req_children=0&amp;hpos=22&amp;hapos=22&amp;sr_order=score&amp;nflt=ht_id%3D204&amp;srpvid=4a347a6c109d0eb2&amp;srepoch=1752602230&amp;all_sr_blocks=27659225_205851802_2_17_0&amp;highlighted_blocks=27659225_205851802_2_17_0&amp;matching_block_id=27659225_205851802_2_17_0&amp;sr_pri_blocks=27659225_205851802_2_17_0__201802&amp;from=searchresults&amp;activeTab=mainA9+Mart%C3%ADn+Jerez_clkid-_cjevent-9d953fee5fc011f0816b01c50a18b8f8&amp;aid=818286&amp;ucfs=1&amp;arphpl=1&amp;checkin=2025-10-15&amp;checkout=2025-10-19&amp;dest_id=760&amp;dest_type=region&amp;group_adults=2&amp;req_adults=2&amp;no_rooms=1&amp;group_children=0&amp;req_children=0&amp;hpos=4&amp;hapos=4&amp;sr_order=score&amp;nflt=ht_id%3D204%3Breview_score%3D90&amp;srpvid=706e5b1f54b604d0&amp;srepoch=1752412186&amp;all_sr_blocks=497682301_298526254_2_1_0&amp;highlighted_blocks=497682301_298526254_2_1_0&amp;matching_block_id=497682301_298526254_2_1_0&amp;sr_pri_blocks=497682301_298526254_2_1_0__64000&amp;from=searchresults#hotelTmpl&quot;,&quot;is_external&quot;:&quot;&quot;,&quot;nofollow&quot;:&quot;&quot;,&quot;custom_attributes&quot;:&quot;&quot;},&quot;premium_gallery_link_whole&quot;:&quot;yes&quot;,&quot;index&quot;:12,&quot;premium_gallery_image_cell&quot;:{&quot;unit&quot;:&quot;px&quot;,&quot;size&quot;:4,&quot;sizes&quot;:[]},&quot;premium_gallery_image_cell_tablet&quot;:{&quot;unit&quot;:&quot;px&quot;,&quot;size&quot;:&quot;&quot;,&quot;sizes&quot;:[]},&quot;premium_gallery_image_cell_mobile&quot;:{&quot;unit&quot;:&quot;px&quot;,&quot;size&quot;:&quot;&quot;,&quot;sizes&quot;:[]},&quot;premium_gallery_image_vcell&quot;:{&quot;unit&quot;:&quot;px&quot;,&quot;size&quot;:4,&quot;sizes&quot;:[]},&quot;premium_gallery_image_vcell_tablet&quot;:{&quot;unit&quot;:&quot;px&quot;,&quot;size&quot;:&quot;&quot;,&quot;sizes&quot;:[]},&quot;premium_gallery_image_vcell_mobile&quot;:{&quot;unit&quot;:&quot;px&quot;,&quot;size&quot;:&quot;&quot;,&quot;sizes&quot;:[]},&quot;premium_gallery_video&quot;:&quot;&quot;,&quot;premium_gallery_video_type&quot;:null,&quot;premium_gallery_video_url&quot;:null,&quot;premium_gallery_video_self&quot;:null,&quot;premium_gallery_video_self_url&quot;:null,&quot;premium_gallery_video_controls&quot;:null,&quot;premium_gallery_video_mute&quot;:null,&quot;premium_gallery_video_loop&quot;:null,&quot;download_button&quot;:null,&quot;privacy_mode&quot;:null,&quot;premmium_gallery_img_info&quot;:&quot;&quot;,&quot;premium_gallery_img_desc&quot;:&quot;&quot;,&quot;premium_gallery_img_link_type&quot;:&quot;url&quot;,&quot;premium_gallery_img_existing&quot;:null,&quot;premium_gallery_lightbox_whole&quot;:&quot;&quot;},{&quot;_id&quot;:&quot;fd0d70a&quot;,&quot;premium_gallery_img&quot;:{&quot;url&quot;:&quot;https:\\\/\\\/welikecanarias.com\\\/wp-content\\\/uploads\\\/2025\\\/07\\\/Elba-Palace-Golf-Boutique-Hotel.jpg&quot;,&quot;id&quot;:73891,&quot;size&quot;:&quot;&quot;,&quot;alt&quot;:&quot;Vista del Elba Palace Golf Boutique Hotel, uno de los hoteles con encanto de Fuerteventura&quot;,&quot;source&quot;:&quot;library&quot;},&quot;premium_gallery_img_name&quot;:&quot;Elba Palace Golf Boutique Hotel&quot;,&quot;premium_gallery_img_category&quot;:&quot;Hoteles Boutique&quot;,&quot;premium_gallery_img_link&quot;:{&quot;url&quot;:&quot;https:\\\/\\\/www.booking.com\\\/hotel\\\/es\\\/elbapalacegolf.es.html?label=affnetcj-15773516_pub-6943326_site-101123175_pname-Juan+Jos%C3%A9+Mart%C3%ADn+Jerez_clkid-_cjevent-9d13f9b660eb11f082c6000b0a18b8fc&amp;aid=818286&amp;ucfs=1&amp;arphpl=1&amp;checkin=2025-10-06&amp;checkout=2025-10-11&amp;dest_id=752&amp;dest_type=region&amp;group_adults=2&amp;req_adults=2&amp;no_rooms=1&amp;group_children=0&amp;req_children=0&amp;hpos=2&amp;hapos=27&amp;sr_order=score&amp;nflt=ht_id%3D204&amp;srpvid=4a347a6c109d0eb2&amp;srepoch=1752602151&amp;all_sr_blocks=9104402_246290312_0_1_0&amp;highlighted_blocks=9104402_246290312_0_1_0&amp;matching_block_id=9104402_246290312_0_1_0&amp;sr_pri_blocks=9104402_246290312_0_1_0__102280&amp;from=searchresults#hotelTmpln+Jerez_clkid-_cjevent-9d953fee5fc011f0816b01c50a18b8f8&amp;aid=818286&amp;ucfs=1&amp;arphpl=1&amp;checkin=2025-10-15&amp;checkout=2025-10-19&amp;dest_id=760&amp;dest_type=region&amp;group_adults=2&amp;req_adults=2&amp;no_rooms=1&amp;group_children=0&amp;req_children=0&amp;hpos=15&amp;hapos=15&amp;sr_order=score&amp;nflt=ht_id%3D204%3Breview_score%3D90&amp;srpvid=706e5b1f54b604d0&amp;srepoch=1752412397&amp;all_sr_blocks=9170202_119295691_2_1_0&amp;highlighted_blocks=9170202_119295691_2_1_0&amp;matching_block_id=9170202_119295691_2_1_0&amp;sr_pri_blocks=9170202_119295691_2_1_0__66500&amp;from=searchresults#hotelTmpl&quot;,&quot;is_external&quot;:&quot;&quot;,&quot;nofollow&quot;:&quot;&quot;,&quot;custom_attributes&quot;:&quot;&quot;},&quot;premium_gallery_link_whole&quot;:&quot;yes&quot;,&quot;index&quot;:13,&quot;premium_gallery_image_cell&quot;:{&quot;unit&quot;:&quot;px&quot;,&quot;size&quot;:4,&quot;sizes&quot;:[]},&quot;premium_gallery_image_cell_tablet&quot;:{&quot;unit&quot;:&quot;px&quot;,&quot;size&quot;:&quot;&quot;,&quot;sizes&quot;:[]},&quot;premium_gallery_image_cell_mobile&quot;:{&quot;unit&quot;:&quot;px&quot;,&quot;size&quot;:&quot;&quot;,&quot;sizes&quot;:[]},&quot;premium_gallery_image_vcell&quot;:{&quot;unit&quot;:&quot;px&quot;,&quot;size&quot;:4,&quot;sizes&quot;:[]},&quot;premium_gallery_image_vcell_tablet&quot;:{&quot;unit&quot;:&quot;px&quot;,&quot;size&quot;:&quot;&quot;,&quot;sizes&quot;:[]},&quot;premium_gallery_image_vcell_mobile&quot;:{&quot;unit&quot;:&quot;px&quot;,&quot;size&quot;:&quot;&quot;,&quot;sizes&quot;:[]},&quot;premium_gallery_video&quot;:&quot;&quot;,&quot;premium_gallery_video_type&quot;:null,&quot;premium_gallery_video_url&quot;:null,&quot;premium_gallery_video_self&quot;:null,&quot;premium_gallery_video_self_url&quot;:null,&quot;premium_gallery_video_controls&quot;:null,&quot;premium_gallery_video_mute&quot;:null,&quot;premium_gallery_video_loop&quot;:null,&quot;download_button&quot;:null,&quot;privacy_mode&quot;:null,&quot;premmium_gallery_img_info&quot;:&quot;&quot;,&quot;premium_gallery_img_desc&quot;:&quot;&quot;,&quot;premium_gallery_img_link_type&quot;:&quot;url&quot;,&quot;premium_gallery_img_existing&quot;:null,&quot;premium_gallery_lightbox_whole&quot;:&quot;&quot;},{&quot;_id&quot;:&quot;a2e3047&quot;,&quot;premium_gallery_img&quot;:{&quot;url&quot;:&quot;https:\\\/\\\/welikecanarias.com\\\/wp-content\\\/uploads\\\/2025\\\/07\\\/H10-Ocean-Dunas-fuerteventura.jpg&quot;,&quot;id&quot;:73897,&quot;size&quot;:&quot;&quot;,&quot;alt&quot;:&quot;Vista de H10 Ocean Dunas , uno de los mejores hoteles de Fuerteventura&quot;,&quot;source&quot;:&quot;library&quot;},&quot;premium_gallery_img_name&quot;:&quot;H10 Ocean Dunas  &quot;,&quot;premium_gallery_img_category&quot;:&quot;Hoteles Destacados&quot;,&quot;premium_gallery_img_link&quot;:{&quot;url&quot;:&quot;https:\\\/\\\/www.booking.com\\\/hotel\\\/es\\\/atlantis-dunapark-by-oasis.es.html?label=affnetcj-15773516_pub-6943326_site-101123175_pname-Juan+Jos%C3%A9+Mart%C3%ADn+Jerez_clkid-_cjevent-9d13f9b660eb11f082c6000b0a18b8fc&amp;aid=818286&amp;ucfs=1&amp;arphpl=1&amp;checkin=2025-10-20&amp;checkout=2025-10-25&amp;dest_id=752&amp;dest_type=region&amp;group_adults=2&amp;req_adults=2&amp;no_rooms=1&amp;group_children=0&amp;req_children=0&amp;hpos=4&amp;hapos=29&amp;sr_order=score&amp;nflt=ht_id%3D204&amp;srpvid=4a347a6c109d0eb2&amp;srepoch=1752602151&amp;all_sr_blocks=2238919_183474681_0_1_0&amp;highlighted_blocks=2238919_183474681_0_1_0&amp;matching_block_id=2238919_183474681_0_1_0&amp;sr_pri_blocks=2238919_183474681_0_1_0__95100&amp;from_sustainable_property_sr=1&amp;from=searchresults#hotelTmpl%ADn%20Jerez_clkid-_cjevent-9d953fee5fc011f0816b01c50a18b8f8&amp;aid=818286&amp;ucfs=1&amp;arphpl=1&amp;checkin=2025-10-15&amp;checkout=2025-10-19&amp;dest_id=760&amp;dest_type=region&amp;group_adults=2&amp;req_adults=2&amp;no_rooms=1&amp;group_children=0&amp;req_children=0&amp;hpos=6&amp;hapos=6&amp;sr_order=popularity&amp;nflt=ht_id%3D206&amp;srpvid=72b45d2ab4c60a34&amp;srepoch=1752412826&amp;all_sr_blocks=17605902_88494671_2_1_0&amp;highlighted_blocks=17605902_88494671_2_1_0&amp;matching_block_id=17605902_88494671_2_1_0&amp;sr_pri_blocks=17605902_88494671_2_1_0__251285&amp;from_sustainable_property_sr=1&amp;from=searchresults&amp;show_room=17605902&amp;activeTab=main&quot;,&quot;is_external&quot;:&quot;&quot;,&quot;nofollow&quot;:&quot;&quot;,&quot;custom_attributes&quot;:&quot;&quot;},&quot;premium_gallery_link_whole&quot;:&quot;yes&quot;,&quot;index&quot;:14,&quot;premium_gallery_image_cell&quot;:{&quot;unit&quot;:&quot;px&quot;,&quot;size&quot;:4,&quot;sizes&quot;:[]},&quot;premium_gallery_image_cell_tablet&quot;:{&quot;unit&quot;:&quot;px&quot;,&quot;size&quot;:&quot;&quot;,&quot;sizes&quot;:[]},&quot;premium_gallery_image_cell_mobile&quot;:{&quot;unit&quot;:&quot;px&quot;,&quot;size&quot;:&quot;&quot;,&quot;sizes&quot;:[]},&quot;premium_gallery_image_vcell&quot;:{&quot;unit&quot;:&quot;px&quot;,&quot;size&quot;:4,&quot;sizes&quot;:[]},&quot;premium_gallery_image_vcell_tablet&quot;:{&quot;unit&quot;:&quot;px&quot;,&quot;size&quot;:&quot;&quot;,&quot;sizes&quot;:[]},&quot;premium_gallery_image_vcell_mobile&quot;:{&quot;unit&quot;:&quot;px&quot;,&quot;size&quot;:&quot;&quot;,&quot;sizes&quot;:[]},&quot;premium_gallery_video&quot;:&quot;&quot;,&quot;premium_gallery_video_type&quot;:null,&quot;premium_gallery_video_url&quot;:null,&quot;premium_gallery_video_self&quot;:null,&quot;premium_gallery_video_self_url&quot;:null,&quot;premium_gallery_video_controls&quot;:null,&quot;premium_gallery_video_mute&quot;:null,&quot;premium_gallery_video_loop&quot;:null,&quot;download_button&quot;:null,&quot;privacy_mode&quot;:null,&quot;premmium_gallery_img_info&quot;:&quot;&quot;,&quot;premium_gallery_img_desc&quot;:&quot;&quot;,&quot;premium_gallery_img_link_type&quot;:&quot;url&quot;,&quot;premium_gallery_img_existing&quot;:null,&quot;premium_gallery_lightbox_whole&quot;:&quot;&quot;},{&quot;_id&quot;:&quot;49c9936&quot;,&quot;premium_gallery_img&quot;:{&quot;url&quot;:&quot;https:\\\/\\\/welikecanarias.com\\\/wp-content\\\/uploads\\\/2025\\\/07\\\/Hotel-Rural-Rosario-Martin.jpg&quot;,&quot;id&quot;:73903,&quot;size&quot;:&quot;&quot;,&quot;alt&quot;:&quot;Vista del Hotel Rural Rosario Martin, uno de los alojamientos con encanto en Fuerteventura&quot;,&quot;source&quot;:&quot;library&quot;},&quot;premium_gallery_img_name&quot;:&quot;Hotel Rural Rosario Martin&quot;,&quot;premium_gallery_img_category&quot;:&quot;Hoteles Rurales&quot;,&quot;premium_gallery_img_link&quot;:{&quot;url&quot;:&quot;https:\\\/\\\/www.booking.com\\\/hotel\\\/es\\\/rural-rosario-martin.es.html?label=affnetcj-15773516_pub-6943326_site-101123175_pname-Juan+Jos%C3%A9+Mart%C3%ADn+Jerez_clkid-_cjevent-9d13f9b660eb11f082c6000b0a18b8fc&amp;aid=818286&amp;ucfs=1&amp;arphpl=1&amp;checkin=2025-10-06&amp;checkout=2025-10-11&amp;dest_id=752&amp;dest_type=region&amp;group_adults=2&amp;req_adults=2&amp;no_rooms=1&amp;group_children=0&amp;req_children=0&amp;hpos=6&amp;hapos=31&amp;sr_order=score&amp;nflt=ht_id%3D204&amp;srpvid=4a347a6c109d0eb2&amp;srepoch=1752602151&amp;all_sr_blocks=939003601_366148900_0_1_0&amp;highlighted_blocks=939003601_366148900_0_1_0&amp;matching_block_id=939003601_366148900_0_1_0&amp;sr_pri_blocks=939003601_366148900_0_1_0__51120&amp;from=searchresults#hotelTmplC3%ADn+Jerez_clkid-_cjevent-9d13f9b660eb11f082c6000b0a18b8fc&amp;aid=818286&amp;ucfs=1&amp;arphpl=1&amp;checkin=2025-10-06&amp;checkout=2025-10-11&amp;dest_id=752&amp;dest_type=region&amp;group_adults=2&amp;req_adults=2&amp;no_rooms=1&amp;group_children=0&amp;req_children=0&amp;hpos=6&amp;hapos=31&amp;sr_order=score&amp;nflt=ht_id%3D204&amp;srpvid=4a347a6c109d0eb2&amp;srepoch=1752602151&amp;all_sr_blocks=939003601_366148900_0_1_0&amp;highlighted_blocks=939003601_366148900_0_1_0&amp;matching_block_id=939003601_366148900_0_1_0&amp;sr_pri_blocks=939003601_366148900_0_1_0__51120&amp;from=searchresults#hotelTmplJuan%20Jos%C3%A9%20Mart%C3%ADn%20Jerez_clkid-_cjevent-9d953fee5fc011f0816b01c50a18b8f8&amp;aid=818286&amp;ucfs=1&amp;arphpl=1&amp;checkin=2025-10-15&amp;checkout=2025-10-19&amp;dest_id=760&amp;dest_type=region&amp;group_adults=2&amp;req_adults=2&amp;no_rooms=1&amp;group_children=0&amp;req_children=0&amp;hpos=1&amp;hapos=1&amp;sr_order=score&amp;nflt=ht_id%3D223&amp;srpvid=72b45d2ab4c60a34&amp;srepoch=1752413055&amp;all_sr_blocks=999405003_372823693_2_0_0&amp;highlighted_blocks=999405003_372823693_2_0_0&amp;matching_block_id=999405003_372823693_2_0_0&amp;sr_pri_blocks=999405003_372823693_2_0_0__49500&amp;from=searchresults&amp;activeTab=main&quot;,&quot;is_external&quot;:&quot;&quot;,&quot;nofollow&quot;:&quot;&quot;,&quot;custom_attributes&quot;:&quot;&quot;},&quot;premium_gallery_link_whole&quot;:&quot;yes&quot;,&quot;index&quot;:15,&quot;premium_gallery_image_cell&quot;:{&quot;unit&quot;:&quot;px&quot;,&quot;size&quot;:4,&quot;sizes&quot;:[]},&quot;premium_gallery_image_cell_tablet&quot;:{&quot;unit&quot;:&quot;px&quot;,&quot;size&quot;:&quot;&quot;,&quot;sizes&quot;:[]},&quot;premium_gallery_image_cell_mobile&quot;:{&quot;unit&quot;:&quot;px&quot;,&quot;size&quot;:&quot;&quot;,&quot;sizes&quot;:[]},&quot;premium_gallery_image_vcell&quot;:{&quot;unit&quot;:&quot;px&quot;,&quot;size&quot;:4,&quot;sizes&quot;:[]},&quot;premium_gallery_image_vcell_tablet&quot;:{&quot;unit&quot;:&quot;px&quot;,&quot;size&quot;:&quot;&quot;,&quot;sizes&quot;:[]},&quot;premium_gallery_image_vcell_mobile&quot;:{&quot;unit&quot;:&quot;px&quot;,&quot;size&quot;:&quot;&quot;,&quot;sizes&quot;:[]},&quot;premium_gallery_video&quot;:&quot;&quot;,&quot;premium_gallery_video_type&quot;:null,&quot;premium_gallery_video_url&quot;:null,&quot;premium_gallery_video_self&quot;:null,&quot;premium_gallery_video_self_url&quot;:null,&quot;premium_gallery_video_controls&quot;:null,&quot;premium_gallery_video_mute&quot;:null,&quot;premium_gallery_video_loop&quot;:null,&quot;download_button&quot;:null,&quot;privacy_mode&quot;:null,&quot;premmium_gallery_img_info&quot;:&quot;&quot;,&quot;premium_gallery_img_desc&quot;:&quot;&quot;,&quot;premium_gallery_img_link_type&quot;:&quot;url&quot;,&quot;premium_gallery_img_existing&quot;:null,&quot;premium_gallery_lightbox_whole&quot;:&quot;&quot;},{&quot;_id&quot;:&quot;66ded6b&quot;,&quot;premium_gallery_img&quot;:{&quot;url&quot;:&quot;https:\\\/\\\/welikecanarias.com\\\/wp-content\\\/uploads\\\/2025\\\/07\\\/Hotel-Boutique-TAO-Caleta-Mar.jpg&quot;,&quot;id&quot;:73912,&quot;size&quot;:&quot;&quot;,&quot;alt&quot;:&quot;Vista del Hotel Boutique TAO Caleta Mar, uno de los alojamientos con encanto en Fuerteventura&quot;,&quot;source&quot;:&quot;library&quot;},&quot;premium_gallery_img_name&quot;:&quot;Hotel Boutique TAO Caleta Mar&quot;,&quot;premium_gallery_img_category&quot;:&quot;Hoteles Boutique&quot;,&quot;premium_gallery_img_link&quot;:{&quot;url&quot;:&quot;https:\\\/\\\/www.booking.com\\\/hotel\\\/es\\\/tao-caleta-mar.es.html?label=affnetcj-15773516_pub-6943326_site-101123175_pname-Juan+Jos%C3%A9+Mart%C3%ADn+Jerez_clkid-_cjevent-9d13f9b660eb11f082c6000b0a18b8fc&amp;aid=818286&amp;ucfs=1&amp;arphpl=1&amp;checkin=2025-10-13&amp;checkout=2025-10-18&amp;dest_id=752&amp;dest_type=region&amp;group_adults=2&amp;req_adults=2&amp;no_rooms=1&amp;group_children=0&amp;req_children=0&amp;hpos=7&amp;hapos=32&amp;sr_order=score&amp;nflt=ht_id%3D204&amp;srpvid=4a347a6c109d0eb2&amp;srepoch=1752602151&amp;all_sr_blocks=485879311_159362233_0_2_0&amp;highlighted_blocks=485879311_159362233_0_2_0&amp;matching_block_id=485879311_159362233_0_2_0&amp;sr_pri_blocks=485879311_159362233_0_2_0__54681&amp;from=searchresults#hotelTmplADn%20Jerez_clkid-_cjevent-9d953fee5fc011f0816b01c50a18b8f8&amp;aid=818286&amp;ucfs=1&amp;arphpl=1&amp;checkin=2025-10-15&amp;checkout=2025-10-19&amp;dest_id=760&amp;dest_type=region&amp;group_adults=2&amp;req_adults=2&amp;no_rooms=1&amp;group_children=0&amp;req_children=0&amp;hpos=2&amp;hapos=2&amp;sr_order=score&amp;nflt=ht_id%3D223&amp;srpvid=72b45d2ab4c60a34&amp;srepoch=1752413427&amp;all_sr_blocks=340367501_116682664_2_0_0&amp;highlighted_blocks=340367501_116682664_2_0_0&amp;matching_block_id=340367501_116682664_2_0_0&amp;sr_pri_blocks=340367501_116682664_2_0_0__38400&amp;from=searchresults&amp;activeTab=main&quot;,&quot;is_external&quot;:&quot;&quot;,&quot;nofollow&quot;:&quot;&quot;,&quot;custom_attributes&quot;:&quot;&quot;},&quot;premium_gallery_link_whole&quot;:&quot;yes&quot;,&quot;index&quot;:16,&quot;premium_gallery_image_cell&quot;:{&quot;unit&quot;:&quot;px&quot;,&quot;size&quot;:4,&quot;sizes&quot;:[]},&quot;premium_gallery_image_cell_tablet&quot;:{&quot;unit&quot;:&quot;px&quot;,&quot;size&quot;:&quot;&quot;,&quot;sizes&quot;:[]},&quot;premium_gallery_image_cell_mobile&quot;:{&quot;unit&quot;:&quot;px&quot;,&quot;size&quot;:&quot;&quot;,&quot;sizes&quot;:[]},&quot;premium_gallery_image_vcell&quot;:{&quot;unit&quot;:&quot;px&quot;,&quot;size&quot;:4,&quot;sizes&quot;:[]},&quot;premium_gallery_image_vcell_tablet&quot;:{&quot;unit&quot;:&quot;px&quot;,&quot;size&quot;:&quot;&quot;,&quot;sizes&quot;:[]},&quot;premium_gallery_image_vcell_mobile&quot;:{&quot;unit&quot;:&quot;px&quot;,&quot;size&quot;:&quot;&quot;,&quot;sizes&quot;:[]},&quot;premium_gallery_video&quot;:&quot;&quot;,&quot;premium_gallery_video_type&quot;:null,&quot;premium_gallery_video_url&quot;:null,&quot;premium_gallery_video_self&quot;:null,&quot;premium_gallery_video_self_url&quot;:null,&quot;premium_gallery_video_controls&quot;:null,&quot;premium_gallery_video_mute&quot;:null,&quot;premium_gallery_video_loop&quot;:null,&quot;download_button&quot;:null,&quot;privacy_mode&quot;:null,&quot;premmium_gallery_img_info&quot;:&quot;&quot;,&quot;premium_gallery_img_desc&quot;:&quot;&quot;,&quot;premium_gallery_img_link_type&quot;:&quot;url&quot;,&quot;premium_gallery_img_existing&quot;:null,&quot;premium_gallery_lightbox_whole&quot;:&quot;&quot;},{&quot;_id&quot;:&quot;b8d1a2a&quot;,&quot;premium_gallery_img&quot;:{&quot;url&quot;:&quot;https:\\\/\\\/welikecanarias.com\\\/wp-content\\\/uploads\\\/2025\\\/07\\\/Barcelo-Corralejo-Bay-fuerteventura.jpg&quot;,&quot;id&quot;:73918,&quot;size&quot;:&quot;&quot;,&quot;alt&quot;:&quot;Vista de Barcel\\u00f3 Corralejo Bay, uno de los hoteles destacados en Fuerteventura&quot;,&quot;source&quot;:&quot;library&quot;},&quot;premium_gallery_img_name&quot;:&quot;Barcel\\u00f3 Corralejo Bay&quot;,&quot;premium_gallery_img_category&quot;:&quot;Hoteles Destacados&quot;,&quot;premium_gallery_img_link&quot;:{&quot;url&quot;:&quot;https:\\\/\\\/www.booking.com\\\/hotel\\\/es\\\/atlantispalace.es.html?label=affnetcj-15773516_pub-6943326_site-101123175_pname-Juan%20Jos%C3%A9%20Mart%C3%ADn%20Jerez_clkid-_cjevent-9d13f9b660eb11f082c6000b0a18b8fc&amp;aid=818286&amp;ucfs=1&amp;arphpl=1&amp;checkin=2025-10-20&amp;checkout=2025-10-25&amp;dest_id=752&amp;dest_type=region&amp;group_adults=2&amp;req_adults=2&amp;no_rooms=1&amp;group_children=0&amp;req_children=0&amp;hpos=9&amp;hapos=34&amp;sr_order=score&amp;nflt=ht_id%3D204&amp;srpvid=4a347a6c109d0eb2&amp;srepoch=1752602151&amp;all_sr_blocks=9398128_408647246_2_1_0&amp;highlighted_blocks=9398128_408647246_2_1_0&amp;matching_block_id=9398128_408647246_2_1_0&amp;sr_pri_blocks=9398128_408647246_2_1_0__113200&amp;from_sustainable_property_sr=1&amp;from=searchresults&amp;activeTab=main%A9+Mart%C3%ADn+Jerez_clkid-_cjevent-9d953fee5fc011f0816b01c50a18b8f8&amp;aid=818286&amp;ucfs=1&amp;arphpl=1&amp;checkin=2025-10-15&amp;checkout=2025-10-19&amp;dest_id=760&amp;dest_type=region&amp;group_adults=2&amp;req_adults=2&amp;no_rooms=1&amp;group_children=0&amp;req_children=0&amp;hpos=3&amp;hapos=3&amp;sr_order=score&amp;nflt=ht_id%3D223&amp;srpvid=72b45d2ab4c60a34&amp;srepoch=1752413531&amp;all_sr_blocks=160425601_343913305_2_0_0&amp;highlighted_blocks=160425601_343913305_2_0_0&amp;matching_block_id=160425601_343913305_2_0_0&amp;sr_pri_blocks=160425601_343913305_2_0_0__86300&amp;from=searchresults#hotelTmpl&quot;,&quot;is_external&quot;:&quot;&quot;,&quot;nofollow&quot;:&quot;&quot;,&quot;custom_attributes&quot;:&quot;&quot;},&quot;premium_gallery_link_whole&quot;:&quot;yes&quot;,&quot;index&quot;:17,&quot;premium_gallery_image_cell&quot;:{&quot;unit&quot;:&quot;px&quot;,&quot;size&quot;:4,&quot;sizes&quot;:[]},&quot;premium_gallery_image_cell_tablet&quot;:{&quot;unit&quot;:&quot;px&quot;,&quot;size&quot;:&quot;&quot;,&quot;sizes&quot;:[]},&quot;premium_gallery_image_cell_mobile&quot;:{&quot;unit&quot;:&quot;px&quot;,&quot;size&quot;:&quot;&quot;,&quot;sizes&quot;:[]},&quot;premium_gallery_image_vcell&quot;:{&quot;unit&quot;:&quot;px&quot;,&quot;size&quot;:4,&quot;sizes&quot;:[]},&quot;premium_gallery_image_vcell_tablet&quot;:{&quot;unit&quot;:&quot;px&quot;,&quot;size&quot;:&quot;&quot;,&quot;sizes&quot;:[]},&quot;premium_gallery_image_vcell_mobile&quot;:{&quot;unit&quot;:&quot;px&quot;,&quot;size&quot;:&quot;&quot;,&quot;sizes&quot;:[]},&quot;premium_gallery_video&quot;:&quot;&quot;,&quot;premium_gallery_video_type&quot;:null,&quot;premium_gallery_video_url&quot;:null,&quot;premium_gallery_video_self&quot;:null,&quot;premium_gallery_video_self_url&quot;:null,&quot;premium_gallery_video_controls&quot;:null,&quot;premium_gallery_video_mute&quot;:null,&quot;premium_gallery_video_loop&quot;:null,&quot;download_button&quot;:null,&quot;privacy_mode&quot;:null,&quot;premmium_gallery_img_info&quot;:&quot;&quot;,&quot;premium_gallery_img_desc&quot;:&quot;&quot;,&quot;premium_gallery_img_link_type&quot;:&quot;url&quot;,&quot;premium_gallery_img_existing&quot;:null,&quot;premium_gallery_lightbox_whole&quot;:&quot;&quot;},{&quot;_id&quot;:&quot;83a21fb&quot;,&quot;premium_gallery_img&quot;:{&quot;url&quot;:&quot;https:\\\/\\\/welikecanarias.com\\\/wp-content\\\/uploads\\\/2025\\\/07\\\/Barcelo-Fuerteventura-Royal-Level.jpg&quot;,&quot;id&quot;:73924,&quot;size&quot;:&quot;&quot;,&quot;alt&quot;:&quot;vista del Barcel\\u00f3 Fuerteventura Royal Level, uno de los hoteles destacados en Fuerteventura&quot;,&quot;source&quot;:&quot;library&quot;},&quot;premium_gallery_img_name&quot;:&quot;Barcel\\u00f3 Fuerteventura Royal Level&quot;,&quot;premium_gallery_img_category&quot;:&quot;Hoteles Destacados&quot;,&quot;premium_gallery_img_link&quot;:{&quot;url&quot;:&quot;https:\\\/\\\/www.booking.com\\\/hotel\\\/es\\\/barcelo-castillo-royal-level-adults-only.es.html?label=affnetcj-15773516_pub-6943326_site-101123175_pname-Juan+Jos%C3%A9+Mart%C3%ADn+Jerez_clkid-_cjevent-9d13f9b660eb11f082c6000b0a18b8fc&amp;aid=818286&amp;ucfs=1&amp;arphpl=1&amp;checkin=2025-10-20&amp;checkout=2025-10-25&amp;dest_id=752&amp;dest_type=region&amp;group_adults=2&amp;req_adults=2&amp;no_rooms=1&amp;group_children=0&amp;req_children=0&amp;hpos=11&amp;hapos=36&amp;sr_order=score&amp;nflt=ht_id%3D204&amp;srpvid=4a347a6c109d0eb2&amp;srepoch=1752602151&amp;all_sr_blocks=769611101_408649367_2_17_0&amp;highlighted_blocks=769611101_408649367_2_17_0&amp;matching_block_id=769611101_408649367_2_17_0&amp;sr_pri_blocks=769611101_408649367_2_17_0__144000&amp;from=searchresults#hotelTmplJuan+Jos%C3%A9+Mart%C3%ADn+Jerez_clkid-_cjevent-9d13f9b660eb11f082c6000b0a18b8fc&amp;aid=818286&amp;ucfs=1&amp;arphpl=1&amp;checkin=2025-10-20&amp;checkout=2025-10-25&amp;dest_id=752&amp;dest_type=region&amp;group_adults=2&amp;req_adults=2&amp;no_rooms=1&amp;group_children=0&amp;req_children=0&amp;hpos=11&amp;hapos=36&amp;sr_order=score&amp;nflt=ht_id%3D204&amp;srpvid=4a347a6c109d0eb2&amp;srepoch=1752602151&amp;all_sr_blocks=769611101_408649367_2_17_0&amp;highlighted_blocks=769611101_408649367_2_17_0&amp;matching_block_id=769611101_408649367_2_17_0&amp;sr_pri_blocks=769611101_408649367_2_17_0__144000&amp;from=searchresults#hotelTmplt%C3%ADn+Jerez_clkid-_cjevent-9d953fee5fc011f0816b01c50a18b8f8&amp;aid=818286&amp;ucfs=1&amp;arphpl=1&amp;checkin=2025-10-15&amp;checkout=2025-10-19&amp;dest_id=760&amp;dest_type=region&amp;group_adults=2&amp;req_adults=2&amp;no_rooms=1&amp;group_children=0&amp;req_children=0&amp;hpos=5&amp;hapos=5&amp;sr_order=score&amp;nflt=ht_id%3D223&amp;srpvid=72b45d2ab4c60a34&amp;srepoch=1752413691&amp;all_sr_blocks=658321001_269980454_4_0_0&amp;highlighted_blocks=658321001_269980454_4_0_0&amp;matching_block_id=658321001_269980454_4_0_0&amp;sr_pri_blocks=658321001_269980454_4_0_0__72000&amp;from=searchresults#hotelTmpl&quot;,&quot;is_external&quot;:&quot;&quot;,&quot;nofollow&quot;:&quot;&quot;,&quot;custom_attributes&quot;:&quot;&quot;},&quot;premium_gallery_link_whole&quot;:&quot;yes&quot;,&quot;index&quot;:18,&quot;premium_gallery_image_cell&quot;:{&quot;unit&quot;:&quot;px&quot;,&quot;size&quot;:4,&quot;sizes&quot;:[]},&quot;premium_gallery_image_cell_tablet&quot;:{&quot;unit&quot;:&quot;px&quot;,&quot;size&quot;:&quot;&quot;,&quot;sizes&quot;:[]},&quot;premium_gallery_image_cell_mobile&quot;:{&quot;unit&quot;:&quot;px&quot;,&quot;size&quot;:&quot;&quot;,&quot;sizes&quot;:[]},&quot;premium_gallery_image_vcell&quot;:{&quot;unit&quot;:&quot;px&quot;,&quot;size&quot;:4,&quot;sizes&quot;:[]},&quot;premium_gallery_image_vcell_tablet&quot;:{&quot;unit&quot;:&quot;px&quot;,&quot;size&quot;:&quot;&quot;,&quot;sizes&quot;:[]},&quot;premium_gallery_image_vcell_mobile&quot;:{&quot;unit&quot;:&quot;px&quot;,&quot;size&quot;:&quot;&quot;,&quot;sizes&quot;:[]},&quot;premium_gallery_video&quot;:&quot;&quot;,&quot;premium_gallery_video_type&quot;:null,&quot;premium_gallery_video_url&quot;:null,&quot;premium_gallery_video_self&quot;:null,&quot;premium_gallery_video_self_url&quot;:null,&quot;premium_gallery_video_controls&quot;:null,&quot;premium_gallery_video_mute&quot;:null,&quot;premium_gallery_video_loop&quot;:null,&quot;download_button&quot;:null,&quot;privacy_mode&quot;:null,&quot;premmium_gallery_img_info&quot;:&quot;&quot;,&quot;premium_gallery_img_desc&quot;:&quot;&quot;,&quot;premium_gallery_img_link_type&quot;:&quot;url&quot;,&quot;premium_gallery_img_existing&quot;:null,&quot;premium_gallery_lightbox_whole&quot;:&quot;&quot;},{&quot;_id&quot;:&quot;d5e7606&quot;,&quot;premium_gallery_img&quot;:{&quot;url&quot;:&quot;https:\\\/\\\/welikecanarias.com\\\/wp-content\\\/uploads\\\/2025\\\/07\\\/Hotel-LIVVO-Jandia-Golf.jpg&quot;,&quot;id&quot;:73930,&quot;size&quot;:&quot;&quot;,&quot;alt&quot;:&quot;Vista del Hotel LIVVO Jand\\u00eda Golf, uno de los hoteles destacados de Fuerteventura&quot;,&quot;source&quot;:&quot;library&quot;},&quot;premium_gallery_img_name&quot;:&quot;Hotel LIVVO Jand\\u00eda Golf&quot;,&quot;premium_gallery_img_category&quot;:&quot;Hoteles Destacados&quot;,&quot;premium_gallery_img_link&quot;:{&quot;url&quot;:&quot;https:\\\/\\\/www.booking.com\\\/hotel\\\/es\\\/jandia-golf.es.html?label=affnetcj-15773516_pub-6943326_site-101123175_pname-Juan%20Jos%C3%A9%20Mart%C3%ADn%20Jerez_clkid-_cjevent-9d13f9b660eb11f082c6000b0a18b8fc&amp;aid=818286&amp;ucfs=1&amp;arphpl=1&amp;checkin=2025-10-06&amp;checkout=2025-10-11&amp;dest_id=752&amp;dest_type=region&amp;group_adults=2&amp;req_adults=2&amp;no_rooms=1&amp;group_children=0&amp;req_children=0&amp;hpos=13&amp;hapos=38&amp;sr_order=score&amp;nflt=ht_id%3D204&amp;srpvid=4a347a6c109d0eb2&amp;srepoch=1752602151&amp;all_sr_blocks=110805709_406048124_2_85_0&amp;highlighted_blocks=110805709_406048124_2_85_0&amp;matching_block_id=110805709_406048124_2_85_0&amp;sr_pri_blocks=110805709_406048124_2_85_0__64574&amp;from=searchresults&amp;activeTab=mainADn+Jerez_clkid-_cjevent-9d953fee5fc011f0816b01c50a18b8f8&amp;aid=818286&amp;ucfs=1&amp;arphpl=1&amp;checkin=2025-10-15&amp;checkout=2025-10-19&amp;dest_id=760&amp;dest_type=region&amp;group_adults=2&amp;req_adults=2&amp;no_rooms=1&amp;group_children=0&amp;req_children=0&amp;hpos=6&amp;hapos=6&amp;sr_order=score&amp;nflt=ht_id%3D223&amp;srpvid=72b45d2ab4c60a34&amp;srepoch=1752413767&amp;all_sr_blocks=42559804_106161322_0_0_0&amp;highlighted_blocks=42559804_106161322_0_0_0&amp;matching_block_id=42559804_106161322_0_0_0&amp;sr_pri_blocks=42559804_106161322_0_0_0__19500&amp;from=searchresults&amp;map=1#map_closed&quot;,&quot;is_external&quot;:&quot;&quot;,&quot;nofollow&quot;:&quot;&quot;,&quot;custom_attributes&quot;:&quot;&quot;},&quot;premium_gallery_link_whole&quot;:&quot;yes&quot;,&quot;index&quot;:19,&quot;premium_gallery_image_cell&quot;:{&quot;unit&quot;:&quot;px&quot;,&quot;size&quot;:4,&quot;sizes&quot;:[]},&quot;premium_gallery_image_cell_tablet&quot;:{&quot;unit&quot;:&quot;px&quot;,&quot;size&quot;:&quot;&quot;,&quot;sizes&quot;:[]},&quot;premium_gallery_image_cell_mobile&quot;:{&quot;unit&quot;:&quot;px&quot;,&quot;size&quot;:&quot;&quot;,&quot;sizes&quot;:[]},&quot;premium_gallery_image_vcell&quot;:{&quot;unit&quot;:&quot;px&quot;,&quot;size&quot;:4,&quot;sizes&quot;:[]},&quot;premium_gallery_image_vcell_tablet&quot;:{&quot;unit&quot;:&quot;px&quot;,&quot;size&quot;:&quot;&quot;,&quot;sizes&quot;:[]},&quot;premium_gallery_image_vcell_mobile&quot;:{&quot;unit&quot;:&quot;px&quot;,&quot;size&quot;:&quot;&quot;,&quot;sizes&quot;:[]},&quot;premium_gallery_video&quot;:&quot;&quot;,&quot;premium_gallery_video_type&quot;:null,&quot;premium_gallery_video_url&quot;:null,&quot;premium_gallery_video_self&quot;:null,&quot;premium_gallery_video_self_url&quot;:null,&quot;premium_gallery_video_controls&quot;:null,&quot;premium_gallery_video_mute&quot;:null,&quot;premium_gallery_video_loop&quot;:null,&quot;download_button&quot;:null,&quot;privacy_mode&quot;:null,&quot;premmium_gallery_img_info&quot;:&quot;&quot;,&quot;premium_gallery_img_desc&quot;:&quot;&quot;,&quot;premium_gallery_img_link_type&quot;:&quot;url&quot;,&quot;premium_gallery_img_existing&quot;:null,&quot;premium_gallery_lightbox_whole&quot;:&quot;&quot;},{&quot;_id&quot;:&quot;9cb8d38&quot;,&quot;premium_gallery_img&quot;:{&quot;url&quot;:&quot;https:\\\/\\\/welikecanarias.com\\\/wp-content\\\/uploads\\\/2025\\\/07\\\/Sheraton-Fuerteventura-Golf-Spa-Resort.jpg&quot;,&quot;id&quot;:73936,&quot;size&quot;:&quot;&quot;,&quot;alt&quot;:&quot;Vista de Sheraton Fuerteventura Golf &amp; Spa Resort, uno de los hoteles destacados en Fuerteventura&quot;,&quot;source&quot;:&quot;library&quot;},&quot;premium_gallery_img_name&quot;:&quot;Sheraton Fuerteventura Golf &amp; Spa Resort&quot;,&quot;premium_gallery_img_category&quot;:&quot;Hoteles Destacados&quot;,&quot;premium_gallery_img_link&quot;:{&quot;url&quot;:&quot;https:\\\/\\\/www.booking.com\\\/hotel\\\/es\\\/sheraton-fuerteventura-golf-spa-resort.es.html?label=affnetcj-15773516_pub-6943326_site-101123175_pname-Juan+Jos%C3%A9+Mart%C3%ADn+Jerez_clkid-_cjevent-9d13f9b660eb11f082c6000b0a18b8fc&amp;aid=818286&amp;ucfs=1&amp;arphpl=1&amp;checkin=2025-10-06&amp;checkout=2025-10-11&amp;dest_id=752&amp;dest_type=region&amp;group_adults=2&amp;req_adults=2&amp;no_rooms=1&amp;group_children=0&amp;req_children=0&amp;hpos=14&amp;hapos=39&amp;sr_order=score&amp;nflt=ht_id%3D204&amp;srpvid=4a347a6c109d0eb2&amp;srepoch=1752602151&amp;all_sr_blocks=9437660_140410870_0_1_0&amp;highlighted_blocks=9437660_140410870_0_1_0&amp;matching_block_id=9437660_140410870_0_1_0&amp;sr_pri_blocks=9437660_140410870_0_1_0__111296&amp;from=searchresults#hotelTmplan+Jos%C3%A9+Mart%C3%ADn+Jerez_clkid-_cjevent-9d953fee5fc011f0816b01c50a18b8f8&amp;aid=818286&amp;ucfs=1&amp;arphpl=1&amp;checkin=2025-10-15&amp;checkout=2025-10-19&amp;dest_id=760&amp;dest_type=region&amp;group_adults=2&amp;req_adults=2&amp;no_rooms=1&amp;group_children=0&amp;req_children=0&amp;hpos=11&amp;hapos=11&amp;sr_order=score&amp;nflt=ht_id%3D223&amp;srpvid=72b45d2ab4c60a34&amp;srepoch=1752413902&amp;all_sr_blocks=219392702_97740246_2_0_0&amp;highlighted_blocks=219392702_97740246_2_0_0&amp;matching_block_id=219392702_97740246_2_0_0&amp;sr_pri_blocks=219392702_97740246_2_0_0__21600&amp;from=searchresults#hotelTmpl&quot;,&quot;is_external&quot;:&quot;&quot;,&quot;nofollow&quot;:&quot;&quot;,&quot;custom_attributes&quot;:&quot;&quot;},&quot;premium_gallery_link_whole&quot;:&quot;yes&quot;,&quot;index&quot;:20,&quot;premium_gallery_image_cell&quot;:{&quot;unit&quot;:&quot;px&quot;,&quot;size&quot;:4,&quot;sizes&quot;:[]},&quot;premium_gallery_image_cell_tablet&quot;:{&quot;unit&quot;:&quot;px&quot;,&quot;size&quot;:&quot;&quot;,&quot;sizes&quot;:[]},&quot;premium_gallery_image_cell_mobile&quot;:{&quot;unit&quot;:&quot;px&quot;,&quot;size&quot;:&quot;&quot;,&quot;sizes&quot;:[]},&quot;premium_gallery_image_vcell&quot;:{&quot;unit&quot;:&quot;px&quot;,&quot;size&quot;:4,&quot;sizes&quot;:[]},&quot;premium_gallery_image_vcell_tablet&quot;:{&quot;unit&quot;:&quot;px&quot;,&quot;size&quot;:&quot;&quot;,&quot;sizes&quot;:[]},&quot;premium_gallery_image_vcell_mobile&quot;:{&quot;unit&quot;:&quot;px&quot;,&quot;size&quot;:&quot;&quot;,&quot;sizes&quot;:[]},&quot;premium_gallery_video&quot;:&quot;&quot;,&quot;premium_gallery_video_type&quot;:null,&quot;premium_gallery_video_url&quot;:null,&quot;premium_gallery_video_self&quot;:null,&quot;premium_gallery_video_self_url&quot;:null,&quot;premium_gallery_video_controls&quot;:null,&quot;premium_gallery_video_mute&quot;:null,&quot;premium_gallery_video_loop&quot;:null,&quot;download_button&quot;:null,&quot;privacy_mode&quot;:null,&quot;premmium_gallery_img_info&quot;:&quot;&quot;,&quot;premium_gallery_img_desc&quot;:&quot;&quot;,&quot;premium_gallery_img_link_type&quot;:&quot;url&quot;,&quot;premium_gallery_img_existing&quot;:null,&quot;premium_gallery_lightbox_whole&quot;:&quot;&quot;},{&quot;_id&quot;:&quot;1db4cfa&quot;,&quot;premium_gallery_img&quot;:{&quot;url&quot;:&quot;https:\\\/\\\/welikecanarias.com\\\/wp-content\\\/uploads\\\/2025\\\/07\\\/Bakour-Fuerteventura-La-Pared.jpg&quot;,&quot;id&quot;:73942,&quot;size&quot;:&quot;&quot;,&quot;alt&quot;:&quot;Vista de Bakour Fuerteventura La Pared, uno de los mejores hoteles en Fuerteventura&quot;,&quot;source&quot;:&quot;library&quot;},&quot;premium_gallery_img_name&quot;:&quot;Bakour Fuerteventura La Pared&quot;,&quot;premium_gallery_img_category&quot;:&quot;Hoteles Destacados&quot;,&quot;premium_gallery_img_link&quot;:{&quot;url&quot;:&quot;https:\\\/\\\/www.booking.com\\\/hotel\\\/es\\\/la-pared-powered-by-playitas.es.html?label=affnetcj-15773516_pub-6943326_site-101123175_pname-Juan+Jos%C3%A9+Mart%C3%ADn+Jerez_clkid-_cjevent-9d13f9b660eb11f082c6000b0a18b8fc&amp;aid=818286&amp;ucfs=1&amp;arphpl=1&amp;checkin=2025-10-06&amp;checkout=2025-10-11&amp;dest_id=752&amp;dest_type=region&amp;group_adults=2&amp;req_adults=2&amp;no_rooms=1&amp;group_children=0&amp;req_children=0&amp;hpos=19&amp;hapos=44&amp;sr_order=score&amp;nflt=ht_id%3D204&amp;srpvid=4a347a6c109d0eb2&amp;srepoch=1752602151&amp;all_sr_blocks=42234109_92871794_2_2_0&amp;highlighted_blocks=42234109_92871794_2_2_0&amp;matching_block_id=42234109_92871794_2_2_0&amp;sr_pri_blocks=42234109_92871794_2_2_0__35550&amp;from=searchresults#hotelTmplDn%20Jerez_clkid-_cjevent-9d953fee5fc011f0816b01c50a18b8f8&amp;aid=818286&amp;ucfs=1&amp;arphpl=1&amp;checkin=2025-10-15&amp;checkout=2025-10-19&amp;dest_id=760&amp;dest_type=region&amp;group_adults=2&amp;req_adults=2&amp;no_rooms=1&amp;group_children=0&amp;req_children=0&amp;hpos=8&amp;hapos=8&amp;sr_order=score&amp;nflt=ht_id%3D223&amp;srpvid=72b45d2ab4c60a34&amp;srepoch=1752414105&amp;all_sr_blocks=42670502_329629355_0_0_0&amp;highlighted_blocks=42670502_329629355_0_0_0&amp;matching_block_id=42670502_329629355_0_0_0&amp;sr_pri_blocks=42670502_329629355_0_0_0__34000&amp;from=searchresults&amp;activeTab=main&quot;,&quot;is_external&quot;:&quot;&quot;,&quot;nofollow&quot;:&quot;&quot;,&quot;custom_attributes&quot;:&quot;&quot;},&quot;premium_gallery_link_whole&quot;:&quot;yes&quot;,&quot;index&quot;:21,&quot;premium_gallery_image_cell&quot;:{&quot;unit&quot;:&quot;px&quot;,&quot;size&quot;:4,&quot;sizes&quot;:[]},&quot;premium_gallery_image_cell_tablet&quot;:{&quot;unit&quot;:&quot;px&quot;,&quot;size&quot;:&quot;&quot;,&quot;sizes&quot;:[]},&quot;premium_gallery_image_cell_mobile&quot;:{&quot;unit&quot;:&quot;px&quot;,&quot;size&quot;:&quot;&quot;,&quot;sizes&quot;:[]},&quot;premium_gallery_image_vcell&quot;:{&quot;unit&quot;:&quot;px&quot;,&quot;size&quot;:4,&quot;sizes&quot;:[]},&quot;premium_gallery_image_vcell_tablet&quot;:{&quot;unit&quot;:&quot;px&quot;,&quot;size&quot;:&quot;&quot;,&quot;sizes&quot;:[]},&quot;premium_gallery_image_vcell_mobile&quot;:{&quot;unit&quot;:&quot;px&quot;,&quot;size&quot;:&quot;&quot;,&quot;sizes&quot;:[]},&quot;premium_gallery_video&quot;:&quot;&quot;,&quot;premium_gallery_video_type&quot;:null,&quot;premium_gallery_video_url&quot;:null,&quot;premium_gallery_video_self&quot;:null,&quot;premium_gallery_video_self_url&quot;:null,&quot;premium_gallery_video_controls&quot;:null,&quot;premium_gallery_video_mute&quot;:null,&quot;premium_gallery_video_loop&quot;:null,&quot;download_button&quot;:null,&quot;privacy_mode&quot;:null,&quot;premmium_gallery_img_info&quot;:&quot;&quot;,&quot;premium_gallery_img_desc&quot;:&quot;&quot;,&quot;premium_gallery_img_link_type&quot;:&quot;url&quot;,&quot;premium_gallery_img_existing&quot;:null,&quot;premium_gallery_lightbox_whole&quot;:&quot;&quot;},{&quot;_id&quot;:&quot;7082b4a&quot;,&quot;premium_gallery_img&quot;:{&quot;url&quot;:&quot;https:\\\/\\\/welikecanarias.com\\\/wp-content\\\/uploads\\\/2025\\\/07\\\/Barcelo-Fuerteventura-Mar.jpg&quot;,&quot;id&quot;:73948,&quot;size&quot;:&quot;&quot;,&quot;alt&quot;:&quot;Vista de Barcel\\u00f3 Fuerteventura Mar, uno de los hoteles destacados en Fuerteventura&quot;,&quot;source&quot;:&quot;library&quot;},&quot;premium_gallery_img_name&quot;:&quot;  Barcel\\u00f3 Fuerteventura Meer&quot;,&quot;premium_gallery_img_category&quot;:&quot;Hoteles Destacados&quot;,&quot;premium_gallery_img_link&quot;:{&quot;url&quot;:&quot;https:\\\/\\\/www.booking.com\\\/hotel\\\/es\\\/barcelo-fuerteventura-mar.es.html?label=affnetcj-15773516_pub-6943326_site-101123175_pname-Juan+Jos%C3%A9+Mart%C3%ADn+Jerez_clkid-_cjevent-9d13f9b660eb11f082c6000b0a18b8fc&amp;aid=818286&amp;ucfs=1&amp;arphpl=1&amp;checkin=2025-10-06&amp;checkout=2025-10-11&amp;dest_id=752&amp;dest_type=region&amp;group_adults=2&amp;req_adults=2&amp;no_rooms=1&amp;group_children=0&amp;req_children=0&amp;hpos=20&amp;hapos=45&amp;sr_order=score&amp;nflt=ht_id%3D204&amp;srpvid=4a347a6c109d0eb2&amp;srepoch=1752602151&amp;all_sr_blocks=9404801_140304385_2_1_0&amp;highlighted_blocks=9404801_140304385_2_1_0&amp;matching_block_id=9404801_140304385_2_1_0&amp;sr_pri_blocks=9404801_140304385_2_1_0__101000&amp;from_sustainable_property_sr=1&amp;from=searchresults#hotelTmplC3%A9+Mart%C3%ADn+Jerez_clkid-_cjevent-9d953fee5fc011f0816b01c50a18b8f8&amp;aid=818286&amp;ucfs=1&amp;arphpl=1&amp;checkin=2025-10-15&amp;checkout=2025-10-19&amp;dest_id=760&amp;dest_type=region&amp;group_adults=2&amp;req_adults=2&amp;no_rooms=1&amp;group_children=0&amp;req_children=0&amp;hpos=1&amp;hapos=1&amp;sr_order=score&amp;nflt=ht_id%3D213&amp;srpvid=72b45d2ab4c60a34&amp;srepoch=1752414309&amp;all_sr_blocks=1071630701_379687705_4_0_0&amp;highlighted_blocks=1071630701_379687705_4_0_0&amp;matching_block_id=1071630701_379687705_4_0_0&amp;sr_pri_blocks=1071630701_379687705_4_0_0__77760&amp;from=searchresults#hotelTmpl&quot;,&quot;is_external&quot;:&quot;&quot;,&quot;nofollow&quot;:&quot;&quot;,&quot;custom_attributes&quot;:&quot;&quot;},&quot;premium_gallery_link_whole&quot;:&quot;yes&quot;,&quot;index&quot;:22,&quot;premium_gallery_image_cell&quot;:{&quot;unit&quot;:&quot;px&quot;,&quot;size&quot;:4,&quot;sizes&quot;:[]},&quot;premium_gallery_image_cell_tablet&quot;:{&quot;unit&quot;:&quot;px&quot;,&quot;size&quot;:&quot;&quot;,&quot;sizes&quot;:[]},&quot;premium_gallery_image_cell_mobile&quot;:{&quot;unit&quot;:&quot;px&quot;,&quot;size&quot;:&quot;&quot;,&quot;sizes&quot;:[]},&quot;premium_gallery_image_vcell&quot;:{&quot;unit&quot;:&quot;px&quot;,&quot;size&quot;:4,&quot;sizes&quot;:[]},&quot;premium_gallery_image_vcell_tablet&quot;:{&quot;unit&quot;:&quot;px&quot;,&quot;size&quot;:&quot;&quot;,&quot;sizes&quot;:[]},&quot;premium_gallery_image_vcell_mobile&quot;:{&quot;unit&quot;:&quot;px&quot;,&quot;size&quot;:&quot;&quot;,&quot;sizes&quot;:[]},&quot;premium_gallery_video&quot;:&quot;&quot;,&quot;premium_gallery_video_type&quot;:null,&quot;premium_gallery_video_url&quot;:null,&quot;premium_gallery_video_self&quot;:null,&quot;premium_gallery_video_self_url&quot;:null,&quot;premium_gallery_video_controls&quot;:null,&quot;premium_gallery_video_mute&quot;:null,&quot;premium_gallery_video_loop&quot;:null,&quot;download_button&quot;:null,&quot;privacy_mode&quot;:null,&quot;premmium_gallery_img_info&quot;:&quot;&quot;,&quot;premium_gallery_img_desc&quot;:&quot;&quot;,&quot;premium_gallery_img_link_type&quot;:&quot;url&quot;,&quot;premium_gallery_img_existing&quot;:null,&quot;premium_gallery_lightbox_whole&quot;:&quot;&quot;},{&quot;_id&quot;:&quot;fb61de4&quot;,&quot;premium_gallery_img&quot;:{&quot;url&quot;:&quot;https:\\\/\\\/welikecanarias.com\\\/wp-content\\\/uploads\\\/2025\\\/06\\\/Occidental-Jandia-Royal-Level-Adults-Only-todo-incluido.jpg&quot;,&quot;id&quot;:68881,&quot;size&quot;:&quot;&quot;,&quot;alt&quot;:&quot;Vista del Occidental Jand\\u00eda Royal Level - Adults Only, uno de los mejores todo incluidos en Fuerteventura&quot;,&quot;source&quot;:&quot;library&quot;},&quot;premium_gallery_img_name&quot;:&quot;Occidental Jand\\u00eda Royal Level  &quot;,&quot;premium_gallery_img_category&quot;:&quot;Hoteles Destacados&quot;,&quot;premium_gallery_img_link&quot;:{&quot;url&quot;:&quot;https:\\\/\\\/www.booking.com\\\/hotel\\\/es\\\/occidental-jandia-royal-level.es.html?label=affnetcj-15773516_pub-6943326_site-101123175_pname-Juan+Jos%C3%A9+Mart%C3%ADn+Jerez_clkid-_cjevent-9d13f9b660eb11f082c6000b0a18b8fc&amp;aid=818286&amp;ucfs=1&amp;arphpl=1&amp;checkin=2025-10-20&amp;checkout=2025-10-25&amp;dest_id=752&amp;dest_type=region&amp;group_adults=2&amp;req_adults=2&amp;no_rooms=1&amp;group_children=0&amp;req_children=0&amp;hpos=22&amp;hapos=47&amp;sr_order=score&amp;nflt=ht_id%3D204&amp;srpvid=4a347a6c109d0eb2&amp;srepoch=1752602151&amp;all_sr_blocks=27480607_408795160_2_1_0&amp;highlighted_blocks=27480607_408795160_2_1_0&amp;matching_block_id=27480607_408795160_2_1_0&amp;sr_pri_blocks=27480607_408795160_2_1_0__110790&amp;from=searchresults#hotelTmpl%A9+Mart%C3%ADn+Jerez_clkid-_cjevent-9d13f9b660eb11f082c6000b0a18b8fc&amp;aid=818286&amp;ucfs=1&amp;arphpl=1&amp;checkin=2025-10-20&amp;checkout=2025-10-25&amp;dest_id=752&amp;dest_type=region&amp;group_adults=2&amp;req_adults=2&amp;no_rooms=1&amp;group_children=0&amp;req_children=0&amp;hpos=22&amp;hapos=47&amp;sr_order=score&amp;nflt=ht_id%3D204&amp;srpvid=4a347a6c109d0eb2&amp;srepoch=1752602151&amp;all_sr_blocks=27480607_408795160_2_1_0&amp;highlighted_blocks=27480607_408795160_2_1_0&amp;matching_block_id=27480607_408795160_2_1_0&amp;sr_pri_blocks=27480607_408795160_2_1_0__110790&amp;from=searchresults#hotelTmpl9%20Mart%C3%ADn%20Jerez_clkid-_cjevent-9d953fee5fc011f0816b01c50a18b8f8&amp;aid=818286&amp;ucfs=1&amp;arphpl=1&amp;checkin=2025-10-15&amp;checkout=2025-10-19&amp;dest_id=760&amp;dest_type=region&amp;group_adults=2&amp;req_adults=2&amp;no_rooms=1&amp;group_children=0&amp;req_children=0&amp;hpos=3&amp;hapos=3&amp;sr_order=score&amp;nflt=ht_id%3D213&amp;srpvid=72b45d2ab4c60a34&amp;srepoch=1752423037&amp;all_sr_blocks=1171347001_389675616_6_0_0_723591&amp;highlighted_blocks=1171347001_389675616_6_0_0_723591&amp;matching_block_id=1171347001_389675616_6_0_0_723591&amp;sr_pri_blocks=1171347001_389675616_6_0_0_723591_218700&amp;from=searchresults&amp;activeTab=main&quot;,&quot;is_external&quot;:&quot;&quot;,&quot;nofollow&quot;:&quot;&quot;,&quot;custom_attributes&quot;:&quot;&quot;},&quot;premium_gallery_link_whole&quot;:&quot;yes&quot;,&quot;index&quot;:23,&quot;premium_gallery_image_cell&quot;:{&quot;unit&quot;:&quot;px&quot;,&quot;size&quot;:4,&quot;sizes&quot;:[]},&quot;premium_gallery_image_cell_tablet&quot;:{&quot;unit&quot;:&quot;px&quot;,&quot;size&quot;:&quot;&quot;,&quot;sizes&quot;:[]},&quot;premium_gallery_image_cell_mobile&quot;:{&quot;unit&quot;:&quot;px&quot;,&quot;size&quot;:&quot;&quot;,&quot;sizes&quot;:[]},&quot;premium_gallery_image_vcell&quot;:{&quot;unit&quot;:&quot;px&quot;,&quot;size&quot;:4,&quot;sizes&quot;:[]},&quot;premium_gallery_image_vcell_tablet&quot;:{&quot;unit&quot;:&quot;px&quot;,&quot;size&quot;:&quot;&quot;,&quot;sizes&quot;:[]},&quot;premium_gallery_image_vcell_mobile&quot;:{&quot;unit&quot;:&quot;px&quot;,&quot;size&quot;:&quot;&quot;,&quot;sizes&quot;:[]},&quot;premium_gallery_video&quot;:&quot;&quot;,&quot;premium_gallery_video_type&quot;:null,&quot;premium_gallery_video_url&quot;:null,&quot;premium_gallery_video_self&quot;:null,&quot;premium_gallery_video_self_url&quot;:null,&quot;premium_gallery_video_controls&quot;:null,&quot;premium_gallery_video_mute&quot;:null,&quot;premium_gallery_video_loop&quot;:null,&quot;download_button&quot;:null,&quot;privacy_mode&quot;:null,&quot;premmium_gallery_img_info&quot;:&quot;&quot;,&quot;premium_gallery_img_desc&quot;:&quot;&quot;,&quot;premium_gallery_img_link_type&quot;:&quot;url&quot;,&quot;premium_gallery_img_existing&quot;:null,&quot;premium_gallery_lightbox_whole&quot;:&quot;&quot;},{&quot;_id&quot;:&quot;3da48e9&quot;,&quot;premium_gallery_img&quot;:{&quot;url&quot;:&quot;https:\\\/\\\/welikecanarias.com\\\/wp-content\\\/uploads\\\/2025\\\/07\\\/Fuerteventura-Princess.jpg&quot;,&quot;id&quot;:73957,&quot;size&quot;:&quot;&quot;,&quot;alt&quot;:&quot;Vista de Fuerteventura Princess, uno de los hoteles destacados en fuerteventura&quot;,&quot;source&quot;:&quot;library&quot;},&quot;premium_gallery_img_name&quot;:&quot;Fuerteventura Prinzessin&quot;,&quot;premium_gallery_img_category&quot;:&quot;Hoteles Destacados&quot;,&quot;premium_gallery_img_link&quot;:{&quot;url&quot;:&quot;https:\\\/\\\/www.booking.com\\\/hotel\\\/es\\\/fuerteventura-princess.es.html?label=affnetcj-15773516_pub-6943326_site-101123175_pname-Juan+Jos%C3%A9+Mart%C3%ADn+Jerez_clkid-_cjevent-9d13f9b660eb11f082c6000b0a18b8fc&amp;aid=818286&amp;ucfs=1&amp;arphpl=1&amp;checkin=2025-10-06&amp;checkout=2025-10-11&amp;dest_id=752&amp;dest_type=region&amp;group_adults=2&amp;req_adults=2&amp;no_rooms=1&amp;group_children=0&amp;req_children=0&amp;hpos=24&amp;hapos=49&amp;sr_order=score&amp;nflt=ht_id%3D204&amp;srpvid=4a347a6c109d0eb2&amp;srepoch=1752602151&amp;all_sr_blocks=103267501_88211748_0_17_0&amp;highlighted_blocks=103267501_88211748_0_17_0&amp;matching_block_id=103267501_88211748_0_17_0&amp;sr_pri_blocks=103267501_88211748_0_17_0__108027&amp;from=searchresults#hotelTmpl9%20Mart%C3%ADn%20Jerez_clkid-_cjevent-9d953fee5fc011f0816b01c50a18b8f8&amp;aid=818286&amp;ucfs=1&amp;arphpl=1&amp;checkin=2025-10-15&amp;checkout=2025-10-19&amp;dest_id=760&amp;dest_type=region&amp;group_adults=2&amp;req_adults=2&amp;no_rooms=1&amp;group_children=0&amp;req_children=0&amp;hpos=5&amp;hapos=5&amp;sr_order=score&amp;nflt=ht_id%3D213&amp;srpvid=72b45d2ab4c60a34&amp;srepoch=1752423131&amp;all_sr_blocks=597727802_416295475_2_0_0&amp;highlighted_blocks=597727802_416295475_2_0_0&amp;matching_block_id=597727802_416295475_2_0_0&amp;sr_pri_blocks=597727802_416295475_2_0_0__64786&amp;from=searchresults&amp;activeTab=main&quot;,&quot;is_external&quot;:&quot;&quot;,&quot;nofollow&quot;:&quot;&quot;,&quot;custom_attributes&quot;:&quot;&quot;},&quot;premium_gallery_link_whole&quot;:&quot;yes&quot;,&quot;index&quot;:24,&quot;premium_gallery_image_cell&quot;:{&quot;unit&quot;:&quot;px&quot;,&quot;size&quot;:4,&quot;sizes&quot;:[]},&quot;premium_gallery_image_cell_tablet&quot;:{&quot;unit&quot;:&quot;px&quot;,&quot;size&quot;:&quot;&quot;,&quot;sizes&quot;:[]},&quot;premium_gallery_image_cell_mobile&quot;:{&quot;unit&quot;:&quot;px&quot;,&quot;size&quot;:&quot;&quot;,&quot;sizes&quot;:[]},&quot;premium_gallery_image_vcell&quot;:{&quot;unit&quot;:&quot;px&quot;,&quot;size&quot;:4,&quot;sizes&quot;:[]},&quot;premium_gallery_image_vcell_tablet&quot;:{&quot;unit&quot;:&quot;px&quot;,&quot;size&quot;:&quot;&quot;,&quot;sizes&quot;:[]},&quot;premium_gallery_image_vcell_mobile&quot;:{&quot;unit&quot;:&quot;px&quot;,&quot;size&quot;:&quot;&quot;,&quot;sizes&quot;:[]},&quot;premium_gallery_video&quot;:&quot;&quot;,&quot;premium_gallery_video_type&quot;:null,&quot;premium_gallery_video_url&quot;:null,&quot;premium_gallery_video_self&quot;:null,&quot;premium_gallery_video_self_url&quot;:null,&quot;premium_gallery_video_controls&quot;:null,&quot;premium_gallery_video_mute&quot;:null,&quot;premium_gallery_video_loop&quot;:null,&quot;download_button&quot;:null,&quot;privacy_mode&quot;:null,&quot;premmium_gallery_img_info&quot;:&quot;&quot;,&quot;premium_gallery_img_desc&quot;:&quot;&quot;,&quot;premium_gallery_img_link_type&quot;:&quot;url&quot;,&quot;premium_gallery_img_existing&quot;:null,&quot;premium_gallery_lightbox_whole&quot;:&quot;&quot;},{&quot;_id&quot;:&quot;f0d38bc&quot;,&quot;premium_gallery_img&quot;:{&quot;url&quot;:&quot;https:\\\/\\\/welikecanarias.com\\\/wp-content\\\/uploads\\\/2025\\\/07\\\/H10-Tindaya-fuerteventura.jpg&quot;,&quot;id&quot;:73963,&quot;size&quot;:&quot;&quot;,&quot;alt&quot;:&quot;Vista de H10 Tindaya, uno de los hoteles destacados en Fuerteventura&quot;,&quot;source&quot;:&quot;library&quot;},&quot;premium_gallery_img_name&quot;:&quot;H10 Tindaya&quot;,&quot;premium_gallery_img_category&quot;:&quot;Hoteles Destacados&quot;,&quot;premium_gallery_img_link&quot;:{&quot;url&quot;:&quot;https:\\\/\\\/www.booking.com\\\/hotel\\\/es\\\/htindaya.es.html?label=affnetcj-15773516_pub-6943326_site-101123175_pname-Juan+Jos%C3%A9+Mart%C3%ADn+Jerez_clkid-_cjevent-9d13f9b660eb11f082c6000b0a18b8fc&amp;aid=818286&amp;ucfs=1&amp;arphpl=1&amp;checkin=2025-10-06&amp;checkout=2025-10-11&amp;dest_id=752&amp;dest_type=region&amp;group_adults=2&amp;req_adults=2&amp;no_rooms=1&amp;group_children=0&amp;req_children=0&amp;hpos=2&amp;hapos=52&amp;sr_order=score&amp;nflt=ht_id%3D204&amp;srpvid=4a347a6c109d0eb2&amp;srepoch=1752602786&amp;all_sr_blocks=9191311_237293859_0_17_0&amp;highlighted_blocks=9191311_237293859_0_17_0&amp;matching_block_id=9191311_237293859_0_17_0&amp;sr_pri_blocks=9191311_237293859_0_17_0__96430&amp;from_sustainable_property_sr=1&amp;from=searchresults#hotelTmplt%C3%ADn+Jerez_clkid-_cjevent-9d953fee5fc011f0816b01c50a18b8f8&amp;aid=818286&amp;ucfs=1&amp;arphpl=1&amp;checkin=2025-10-15&amp;checkout=2025-10-19&amp;dest_id=760&amp;dest_type=region&amp;group_adults=2&amp;req_adults=2&amp;no_rooms=1&amp;group_children=0&amp;req_children=0&amp;hpos=9&amp;hapos=9&amp;sr_order=score&amp;nflt=ht_id%3D213&amp;srpvid=72b45d2ab4c60a34&amp;srepoch=1752423216&amp;all_sr_blocks=432829201_402731995_2_0_0&amp;highlighted_blocks=432829201_402731995_2_0_0&amp;matching_block_id=432829201_402731995_2_0_0&amp;sr_pri_blocks=432829201_402731995_2_0_0__96760&amp;from=searchresults#hotelTmpl&quot;,&quot;is_external&quot;:&quot;&quot;,&quot;nofollow&quot;:&quot;&quot;,&quot;custom_attributes&quot;:&quot;&quot;},&quot;premium_gallery_link_whole&quot;:&quot;yes&quot;,&quot;index&quot;:25,&quot;premium_gallery_image_cell&quot;:{&quot;unit&quot;:&quot;px&quot;,&quot;size&quot;:4,&quot;sizes&quot;:[]},&quot;premium_gallery_image_cell_tablet&quot;:{&quot;unit&quot;:&quot;px&quot;,&quot;size&quot;:&quot;&quot;,&quot;sizes&quot;:[]},&quot;premium_gallery_image_cell_mobile&quot;:{&quot;unit&quot;:&quot;px&quot;,&quot;size&quot;:&quot;&quot;,&quot;sizes&quot;:[]},&quot;premium_gallery_image_vcell&quot;:{&quot;unit&quot;:&quot;px&quot;,&quot;size&quot;:4,&quot;sizes&quot;:[]},&quot;premium_gallery_image_vcell_tablet&quot;:{&quot;unit&quot;:&quot;px&quot;,&quot;size&quot;:&quot;&quot;,&quot;sizes&quot;:[]},&quot;premium_gallery_image_vcell_mobile&quot;:{&quot;unit&quot;:&quot;px&quot;,&quot;size&quot;:&quot;&quot;,&quot;sizes&quot;:[]},&quot;premium_gallery_video&quot;:&quot;&quot;,&quot;premium_gallery_video_type&quot;:null,&quot;premium_gallery_video_url&quot;:null,&quot;premium_gallery_video_self&quot;:null,&quot;premium_gallery_video_self_url&quot;:null,&quot;premium_gallery_video_controls&quot;:null,&quot;premium_gallery_video_mute&quot;:null,&quot;premium_gallery_video_loop&quot;:null,&quot;download_button&quot;:null,&quot;privacy_mode&quot;:null,&quot;premmium_gallery_img_info&quot;:&quot;&quot;,&quot;premium_gallery_img_desc&quot;:&quot;&quot;,&quot;premium_gallery_img_link_type&quot;:&quot;url&quot;,&quot;premium_gallery_img_existing&quot;:null,&quot;premium_gallery_lightbox_whole&quot;:&quot;&quot;},{&quot;_id&quot;:&quot;2e104df&quot;,&quot;premium_gallery_img&quot;:{&quot;url&quot;:&quot;https:\\\/\\\/welikecanarias.com\\\/wp-content\\\/uploads\\\/2025\\\/07\\\/H10-Playa-Esmeralda.jpg&quot;,&quot;id&quot;:73969,&quot;size&quot;:&quot;&quot;,&quot;alt&quot;:&quot;Vista de H10 Playa Esmeralda, uno de los hoteles con encanto en Fuerteventura&quot;,&quot;source&quot;:&quot;library&quot;},&quot;premium_gallery_img_name&quot;:&quot;H10 Playa Esmeralda&quot;,&quot;premium_gallery_img_category&quot;:&quot;Hoteles Destacados&quot;,&quot;premium_gallery_img_link&quot;:{&quot;url&quot;:&quot;https:\\\/\\\/www.booking.com\\\/hotel\\\/es\\\/h10playaesmeralda.es.html?label=affnetcj-15773516_pub-6943326_site-101123175_pname-Juan%20Jos%C3%A9%20Mart%C3%ADn%20Jerez_clkid-_cjevent-9d13f9b660eb11f082c6000b0a18b8fc&amp;aid=818286&amp;ucfs=1&amp;arphpl=1&amp;checkin=2025-10-20&amp;checkout=2025-10-25&amp;dest_id=752&amp;dest_type=region&amp;group_adults=2&amp;req_adults=2&amp;no_rooms=1&amp;group_children=0&amp;req_children=0&amp;hpos=3&amp;hapos=53&amp;sr_order=score&amp;nflt=ht_id%3D204&amp;srpvid=4a347a6c109d0eb2&amp;srepoch=1752602786&amp;all_sr_blocks=9062913_187460700_0_41_0&amp;highlighted_blocks=9062913_187460700_0_41_0&amp;matching_block_id=9062913_187460700_0_41_0&amp;sr_pri_blocks=9062913_187460700_0_41_0__98000&amp;from_sustainable_property_sr=1&amp;from=searchresults&amp;activeTab=mainan%20Jos%C3%A9%20Mart%C3%ADn%20Jerez_clkid-_cjevent-9d953fee5fc011f0816b01c50a18b8f8&amp;aid=818286&amp;ucfs=1&amp;arphpl=1&amp;checkin=2025-10-15&amp;checkout=2025-10-19&amp;dest_id=760&amp;dest_type=region&amp;group_adults=2&amp;req_adults=2&amp;no_rooms=1&amp;group_children=0&amp;req_children=0&amp;hpos=10&amp;hapos=10&amp;sr_order=score&amp;nflt=ht_id%3D213&amp;srpvid=72b45d2ab4c60a34&amp;srepoch=1752423294&amp;all_sr_blocks=517143902_408101199_2_0_0&amp;highlighted_blocks=517143902_408101199_2_0_0&amp;matching_block_id=517143902_408101199_2_0_0&amp;sr_pri_blocks=517143902_408101199_2_0_0__56442&amp;from=searchresults&amp;activeTab=main&quot;,&quot;is_external&quot;:&quot;&quot;,&quot;nofollow&quot;:&quot;&quot;,&quot;custom_attributes&quot;:&quot;&quot;},&quot;premium_gallery_link_whole&quot;:&quot;yes&quot;,&quot;index&quot;:26,&quot;premium_gallery_image_cell&quot;:{&quot;unit&quot;:&quot;px&quot;,&quot;size&quot;:4,&quot;sizes&quot;:[]},&quot;premium_gallery_image_cell_tablet&quot;:{&quot;unit&quot;:&quot;px&quot;,&quot;size&quot;:&quot;&quot;,&quot;sizes&quot;:[]},&quot;premium_gallery_image_cell_mobile&quot;:{&quot;unit&quot;:&quot;px&quot;,&quot;size&quot;:&quot;&quot;,&quot;sizes&quot;:[]},&quot;premium_gallery_image_vcell&quot;:{&quot;unit&quot;:&quot;px&quot;,&quot;size&quot;:4,&quot;sizes&quot;:[]},&quot;premium_gallery_image_vcell_tablet&quot;:{&quot;unit&quot;:&quot;px&quot;,&quot;size&quot;:&quot;&quot;,&quot;sizes&quot;:[]},&quot;premium_gallery_image_vcell_mobile&quot;:{&quot;unit&quot;:&quot;px&quot;,&quot;size&quot;:&quot;&quot;,&quot;sizes&quot;:[]},&quot;premium_gallery_video&quot;:&quot;&quot;,&quot;premium_gallery_video_type&quot;:null,&quot;premium_gallery_video_url&quot;:null,&quot;premium_gallery_video_self&quot;:null,&quot;premium_gallery_video_self_url&quot;:null,&quot;premium_gallery_video_controls&quot;:null,&quot;premium_gallery_video_mute&quot;:null,&quot;premium_gallery_video_loop&quot;:null,&quot;download_button&quot;:null,&quot;privacy_mode&quot;:null,&quot;premmium_gallery_img_info&quot;:&quot;&quot;,&quot;premium_gallery_img_desc&quot;:&quot;&quot;,&quot;premium_gallery_img_link_type&quot;:&quot;url&quot;,&quot;premium_gallery_img_existing&quot;:null,&quot;premium_gallery_lightbox_whole&quot;:&quot;&quot;},{&quot;_id&quot;:&quot;1f1a2b4&quot;,&quot;premium_gallery_img&quot;:{&quot;url&quot;:&quot;https:\\\/\\\/welikecanarias.com\\\/wp-content\\\/uploads\\\/2025\\\/07\\\/Hotel-Rural-Huerto-Viejo.jpg&quot;,&quot;id&quot;:73975,&quot;size&quot;:&quot;&quot;,&quot;alt&quot;:&quot;Vista del Hotel Rural Huerto Viejo, uno de los alojamientos con encanto en Fuerteventur&quot;,&quot;source&quot;:&quot;library&quot;},&quot;premium_gallery_img_name&quot;:&quot;Hotel Rural Huerto Viejo&quot;,&quot;premium_gallery_img_category&quot;:&quot;Hoteles Rurales&quot;,&quot;premium_gallery_img_link&quot;:{&quot;url&quot;:&quot;https:\\\/\\\/www.booking.com\\\/hotel\\\/es\\\/rural-huerto-viejo.es.html?label=affnetcj-15773516_pub-6943326_site-101123175_pname-Juan+Jos%C3%A9+Mart%C3%ADn+Jerez_clkid-_cjevent-9d13f9b660eb11f082c6000b0a18b8fc&amp;aid=818286&amp;ucfs=1&amp;arphpl=1&amp;checkin=2025-10-06&amp;checkout=2025-10-11&amp;dest_id=752&amp;dest_type=region&amp;group_adults=2&amp;req_adults=2&amp;no_rooms=1&amp;group_children=0&amp;req_children=0&amp;hpos=4&amp;hapos=4&amp;sr_order=score&amp;nflt=price%3DEUR-min-270-1%3Bht_id%3D223&amp;srpvid=4a347a6c109d0eb2&amp;srepoch=1752603981&amp;all_sr_blocks=303586506_336113039_2_0_0&amp;highlighted_blocks=303586506_336113039_2_0_0&amp;matching_block_id=303586506_336113039_2_0_0&amp;sr_pri_blocks=303586506_336113039_2_0_0__38250&amp;from=searchresults#hotelTmpl&quot;,&quot;is_external&quot;:&quot;&quot;,&quot;nofollow&quot;:&quot;&quot;,&quot;custom_attributes&quot;:&quot;&quot;},&quot;premium_gallery_link_whole&quot;:&quot;yes&quot;,&quot;index&quot;:27,&quot;premium_gallery_image_cell&quot;:{&quot;unit&quot;:&quot;px&quot;,&quot;size&quot;:4,&quot;sizes&quot;:[]},&quot;premium_gallery_image_cell_tablet&quot;:{&quot;unit&quot;:&quot;px&quot;,&quot;size&quot;:&quot;&quot;,&quot;sizes&quot;:[]},&quot;premium_gallery_image_cell_mobile&quot;:{&quot;unit&quot;:&quot;px&quot;,&quot;size&quot;:&quot;&quot;,&quot;sizes&quot;:[]},&quot;premium_gallery_image_vcell&quot;:{&quot;unit&quot;:&quot;px&quot;,&quot;size&quot;:4,&quot;sizes&quot;:[]},&quot;premium_gallery_image_vcell_tablet&quot;:{&quot;unit&quot;:&quot;px&quot;,&quot;size&quot;:&quot;&quot;,&quot;sizes&quot;:[]},&quot;premium_gallery_image_vcell_mobile&quot;:{&quot;unit&quot;:&quot;px&quot;,&quot;size&quot;:&quot;&quot;,&quot;sizes&quot;:[]},&quot;premium_gallery_video&quot;:&quot;&quot;,&quot;premium_gallery_video_type&quot;:null,&quot;premium_gallery_video_url&quot;:null,&quot;premium_gallery_video_self&quot;:null,&quot;premium_gallery_video_self_url&quot;:null,&quot;premium_gallery_video_controls&quot;:null,&quot;premium_gallery_video_mute&quot;:null,&quot;premium_gallery_video_loop&quot;:null,&quot;download_button&quot;:null,&quot;privacy_mode&quot;:null,&quot;premmium_gallery_img_info&quot;:&quot;&quot;,&quot;premium_gallery_img_desc&quot;:&quot;&quot;,&quot;premium_gallery_img_link_type&quot;:&quot;url&quot;,&quot;premium_gallery_img_existing&quot;:null,&quot;premium_gallery_lightbox_whole&quot;:&quot;&quot;},{&quot;_id&quot;:&quot;7762396&quot;,&quot;premium_gallery_img&quot;:{&quot;url&quot;:&quot;https:\\\/\\\/welikecanarias.com\\\/wp-content\\\/uploads\\\/2025\\\/07\\\/Agroturismo-La-Gayria.jpg&quot;,&quot;id&quot;:73981,&quot;size&quot;:&quot;&quot;,&quot;alt&quot;:&quot;&quot;,&quot;source&quot;:&quot;library&quot;},&quot;premium_gallery_img_name&quot;:&quot;Agritourismus La Gayria&quot;,&quot;premium_gallery_img_category&quot;:&quot;Casas rurales y Apartamentos&quot;,&quot;premium_gallery_img_link&quot;:{&quot;url&quot;:&quot;https:\\\/\\\/www.booking.com\\\/hotel\\\/es\\\/agroturismo-la-gayria.es.html?label=affnetcj-15773516_pub-6943326_site-101123175_pname-Juan+Jos%C3%A9+Mart%C3%ADn+Jerez_clkid-_cjevent-9d13f9b660eb11f082c6000b0a18b8fc&amp;aid=818286&amp;ucfs=1&amp;arphpl=1&amp;checkin=2025-10-20&amp;checkout=2025-10-25&amp;dest_id=752&amp;dest_type=region&amp;group_adults=2&amp;req_adults=2&amp;no_rooms=1&amp;group_children=0&amp;req_children=0&amp;hpos=5&amp;hapos=5&amp;sr_order=score&amp;nflt=price%3DEUR-min-270-1%3Bht_id%3D223&amp;srpvid=4a347a6c109d0eb2&amp;srepoch=1752604063&amp;all_sr_blocks=39430401_326794865_2_0_0&amp;highlighted_blocks=39430401_326794865_2_0_0&amp;matching_block_id=39430401_326794865_2_0_0&amp;sr_pri_blocks=39430401_326794865_2_0_0__35400&amp;from=searchresults#hotelTmplADn%20Jerez_clkid-_cjevent-9d953fee5fc011f0816b01c50a18b8f8&amp;aid=818286&amp;ucfs=1&amp;arphpl=1&amp;checkin=2025-10-15&amp;checkout=2025-10-19&amp;dest_id=760&amp;dest_type=region&amp;group_adults=2&amp;req_adults=2&amp;no_rooms=1&amp;group_children=0&amp;req_children=0&amp;hpos=23&amp;hapos=48&amp;sr_order=score&amp;nflt=ht_id%3D213&amp;srpvid=72b45d2ab4c60a34&amp;srepoch=1752423410&amp;all_sr_blocks=539842801_360657128_2_0_0&amp;highlighted_blocks=539842801_360657128_2_0_0&amp;matching_block_id=539842801_360657128_2_0_0&amp;sr_pri_blocks=539842801_360657128_2_0_0__184000&amp;from=searchresults&amp;activeTab=main&quot;,&quot;is_external&quot;:&quot;&quot;,&quot;nofollow&quot;:&quot;&quot;,&quot;custom_attributes&quot;:&quot;&quot;},&quot;premium_gallery_link_whole&quot;:&quot;yes&quot;,&quot;index&quot;:28,&quot;premium_gallery_image_cell&quot;:{&quot;unit&quot;:&quot;px&quot;,&quot;size&quot;:4,&quot;sizes&quot;:[]},&quot;premium_gallery_image_cell_tablet&quot;:{&quot;unit&quot;:&quot;px&quot;,&quot;size&quot;:&quot;&quot;,&quot;sizes&quot;:[]},&quot;premium_gallery_image_cell_mobile&quot;:{&quot;unit&quot;:&quot;px&quot;,&quot;size&quot;:&quot;&quot;,&quot;sizes&quot;:[]},&quot;premium_gallery_image_vcell&quot;:{&quot;unit&quot;:&quot;px&quot;,&quot;size&quot;:4,&quot;sizes&quot;:[]},&quot;premium_gallery_image_vcell_tablet&quot;:{&quot;unit&quot;:&quot;px&quot;,&quot;size&quot;:&quot;&quot;,&quot;sizes&quot;:[]},&quot;premium_gallery_image_vcell_mobile&quot;:{&quot;unit&quot;:&quot;px&quot;,&quot;size&quot;:&quot;&quot;,&quot;sizes&quot;:[]},&quot;premium_gallery_video&quot;:&quot;&quot;,&quot;premium_gallery_video_type&quot;:null,&quot;premium_gallery_video_url&quot;:null,&quot;premium_gallery_video_self&quot;:null,&quot;premium_gallery_video_self_url&quot;:null,&quot;premium_gallery_video_controls&quot;:null,&quot;premium_gallery_video_mute&quot;:null,&quot;premium_gallery_video_loop&quot;:null,&quot;download_button&quot;:null,&quot;privacy_mode&quot;:null,&quot;premmium_gallery_img_info&quot;:&quot;&quot;,&quot;premium_gallery_img_desc&quot;:&quot;&quot;,&quot;premium_gallery_img_link_type&quot;:&quot;url&quot;,&quot;premium_gallery_img_existing&quot;:null,&quot;premium_gallery_lightbox_whole&quot;:&quot;&quot;},{&quot;_id&quot;:&quot;f73b3e1&quot;,&quot;premium_gallery_img&quot;:{&quot;url&quot;:&quot;https:\\\/\\\/welikecanarias.com\\\/wp-content\\\/uploads\\\/2025\\\/07\\\/Casa-Rural-Tamasite.jpg&quot;,&quot;id&quot;:73987,&quot;size&quot;:&quot;&quot;,&quot;alt&quot;:&quot;Vista de Casa Rural Tamasite, una de las casas rurales con encanto en Fuerteventura&quot;,&quot;source&quot;:&quot;library&quot;},&quot;premium_gallery_img_name&quot;:&quot;L\\u00e4ndliches Haus Tamasite&quot;,&quot;premium_gallery_img_category&quot;:&quot;Casas rurales y Apartamentos&quot;,&quot;premium_gallery_img_link&quot;:{&quot;url&quot;:&quot;https:\\\/\\\/www.booking.com\\\/hotel\\\/es\\\/countryhouse-tamasite.es.html?label=affnetcj-15773516_pub-6943326_site-101123175_pname-Juan%20Jos%C3%A9%20Mart%C3%ADn%20Jerez_clkid-_cjevent-9d13f9b660eb11f082c6000b0a18b8fc&amp;aid=818286&amp;ucfs=1&amp;arphpl=1&amp;checkin=2025-10-06&amp;checkout=2025-10-11&amp;dest_id=752&amp;dest_type=region&amp;group_adults=2&amp;req_adults=2&amp;no_rooms=1&amp;group_children=0&amp;req_children=0&amp;hpos=6&amp;hapos=6&amp;sr_order=score&amp;nflt=price%3DEUR-min-270-1%3Bht_id%3D223&amp;srpvid=4a347a6c109d0eb2&amp;srepoch=1752604141&amp;all_sr_blocks=126670402_326827679_2_0_0&amp;highlighted_blocks=126670402_326827679_2_0_0&amp;matching_block_id=126670402_326827679_2_0_0&amp;sr_pri_blocks=126670402_326827679_2_0_0__36000&amp;from=searchresults&amp;activeTab=mainA9%20Mart%C3%ADn%20Jerez_clkid-_cjevent-9d953fee5fc011f0816b01c50a18b8f8&amp;aid=818286&amp;ucfs=1&amp;arphpl=1&amp;checkin=2025-10-15&amp;checkout=2025-10-19&amp;dest_id=760&amp;dest_type=region&amp;group_adults=2&amp;req_adults=2&amp;no_rooms=1&amp;group_children=0&amp;req_children=0&amp;hpos=17&amp;hapos=42&amp;sr_order=score&amp;nflt=ht_id%3D213&amp;srpvid=72b45d2ab4c60a34&amp;srepoch=1752423410&amp;all_sr_blocks=815187401_343963431_4_0_0&amp;highlighted_blocks=815187401_343963431_4_0_0&amp;matching_block_id=815187401_343963431_4_0_0&amp;sr_pri_blocks=815187401_343963431_4_0_0__80000&amp;from=searchresults&amp;activeTab=main83&amp;medium=link&quot;,&quot;is_external&quot;:&quot;&quot;,&quot;nofollow&quot;:&quot;&quot;,&quot;custom_attributes&quot;:&quot;&quot;},&quot;premium_gallery_link_whole&quot;:&quot;yes&quot;,&quot;index&quot;:29,&quot;premium_gallery_image_cell&quot;:{&quot;unit&quot;:&quot;px&quot;,&quot;size&quot;:4,&quot;sizes&quot;:[]},&quot;premium_gallery_image_cell_tablet&quot;:{&quot;unit&quot;:&quot;px&quot;,&quot;size&quot;:&quot;&quot;,&quot;sizes&quot;:[]},&quot;premium_gallery_image_cell_mobile&quot;:{&quot;unit&quot;:&quot;px&quot;,&quot;size&quot;:&quot;&quot;,&quot;sizes&quot;:[]},&quot;premium_gallery_image_vcell&quot;:{&quot;unit&quot;:&quot;px&quot;,&quot;size&quot;:4,&quot;sizes&quot;:[]},&quot;premium_gallery_image_vcell_tablet&quot;:{&quot;unit&quot;:&quot;px&quot;,&quot;size&quot;:&quot;&quot;,&quot;sizes&quot;:[]},&quot;premium_gallery_image_vcell_mobile&quot;:{&quot;unit&quot;:&quot;px&quot;,&quot;size&quot;:&quot;&quot;,&quot;sizes&quot;:[]},&quot;premium_gallery_video&quot;:&quot;&quot;,&quot;premium_gallery_video_type&quot;:null,&quot;premium_gallery_video_url&quot;:null,&quot;premium_gallery_video_self&quot;:null,&quot;premium_gallery_video_self_url&quot;:null,&quot;premium_gallery_video_controls&quot;:null,&quot;premium_gallery_video_mute&quot;:null,&quot;premium_gallery_video_loop&quot;:null,&quot;download_button&quot;:null,&quot;privacy_mode&quot;:null,&quot;premmium_gallery_img_info&quot;:&quot;&quot;,&quot;premium_gallery_img_desc&quot;:&quot;&quot;,&quot;premium_gallery_img_link_type&quot;:&quot;url&quot;,&quot;premium_gallery_img_existing&quot;:null,&quot;premium_gallery_lightbox_whole&quot;:&quot;&quot;},{&quot;_id&quot;:&quot;eed7662&quot;,&quot;premium_gallery_img&quot;:{&quot;url&quot;:&quot;https:\\\/\\\/welikecanarias.com\\\/wp-content\\\/uploads\\\/2025\\\/07\\\/Casa-Inspirada-fuerteventura.jpg&quot;,&quot;id&quot;:73993,&quot;size&quot;:&quot;&quot;,&quot;alt&quot;:&quot;&quot;,&quot;source&quot;:&quot;library&quot;},&quot;premium_gallery_img_name&quot;:&quot;Inspiriertes Haus&quot;,&quot;premium_gallery_img_category&quot;:&quot;Casas rurales y Apartamentos&quot;,&quot;premium_gallery_img_link&quot;:{&quot;url&quot;:&quot;https:\\\/\\\/www.booking.com\\\/hotel\\\/es\\\/casa-inspirada.es.html?label=affnetcj-15773516_pub-6943326_site-101123175_pname-Juan%20Jos%C3%A9%20Mart%C3%ADn%20Jerez_clkid-_cjevent-9d13f9b660eb11f082c6000b0a18b8fc&amp;aid=818286&amp;ucfs=1&amp;arphpl=1&amp;checkin=2025-10-20&amp;checkout=2025-10-25&amp;dest_id=752&amp;dest_type=region&amp;group_adults=2&amp;req_adults=2&amp;no_rooms=1&amp;group_children=0&amp;req_children=0&amp;hpos=1&amp;hapos=1&amp;sr_order=score&amp;nflt=price%3DEUR-min-270-1%3Bht_id%3D208&amp;srpvid=1c07821f5fd21578&amp;srepoch=1752604237&amp;all_sr_blocks=207357101_396567115_2_0_0&amp;highlighted_blocks=207357101_396567115_2_0_0&amp;matching_block_id=207357101_396567115_2_0_0&amp;sr_pri_blocks=207357101_396567115_2_0_0__44550&amp;from=searchresults&amp;activeTab=mainADn%20Jerez_clkid-_cjevent-9d953fee5fc011f0816b01c50a18b8f8&amp;aid=818286&amp;ucfs=1&amp;arphpl=1&amp;checkin=2025-10-15&amp;checkout=2025-10-19&amp;dest_id=760&amp;dest_type=region&amp;group_adults=2&amp;req_adults=2&amp;no_rooms=1&amp;group_children=0&amp;req_children=0&amp;hpos=15&amp;hapos=40&amp;sr_order=score&amp;nflt=ht_id%3D213&amp;srpvid=72b45d2ab4c60a34&amp;srepoch=1752423410&amp;all_sr_blocks=992199101_372188284_2_0_0&amp;highlighted_blocks=992199101_372188284_2_0_0&amp;matching_block_id=992199101_372188284_2_0_0&amp;sr_pri_blocks=992199101_372188284_2_0_0__81270&amp;from=searchresults&amp;activeTab=main&quot;,&quot;is_external&quot;:&quot;&quot;,&quot;nofollow&quot;:&quot;&quot;,&quot;custom_attributes&quot;:&quot;&quot;},&quot;premium_gallery_link_whole&quot;:&quot;yes&quot;,&quot;index&quot;:30,&quot;premium_gallery_image_cell&quot;:{&quot;unit&quot;:&quot;px&quot;,&quot;size&quot;:4,&quot;sizes&quot;:[]},&quot;premium_gallery_image_cell_tablet&quot;:{&quot;unit&quot;:&quot;px&quot;,&quot;size&quot;:&quot;&quot;,&quot;sizes&quot;:[]},&quot;premium_gallery_image_cell_mobile&quot;:{&quot;unit&quot;:&quot;px&quot;,&quot;size&quot;:&quot;&quot;,&quot;sizes&quot;:[]},&quot;premium_gallery_image_vcell&quot;:{&quot;unit&quot;:&quot;px&quot;,&quot;size&quot;:4,&quot;sizes&quot;:[]},&quot;premium_gallery_image_vcell_tablet&quot;:{&quot;unit&quot;:&quot;px&quot;,&quot;size&quot;:&quot;&quot;,&quot;sizes&quot;:[]},&quot;premium_gallery_image_vcell_mobile&quot;:{&quot;unit&quot;:&quot;px&quot;,&quot;size&quot;:&quot;&quot;,&quot;sizes&quot;:[]},&quot;premium_gallery_video&quot;:&quot;&quot;,&quot;premium_gallery_video_type&quot;:null,&quot;premium_gallery_video_url&quot;:null,&quot;premium_gallery_video_self&quot;:null,&quot;premium_gallery_video_self_url&quot;:null,&quot;premium_gallery_video_controls&quot;:null,&quot;premium_gallery_video_mute&quot;:null,&quot;premium_gallery_video_loop&quot;:null,&quot;download_button&quot;:null,&quot;privacy_mode&quot;:null,&quot;premmium_gallery_img_info&quot;:&quot;&quot;,&quot;premium_gallery_img_desc&quot;:&quot;&quot;,&quot;premium_gallery_img_link_type&quot;:&quot;url&quot;,&quot;premium_gallery_img_existing&quot;:null,&quot;premium_gallery_lightbox_whole&quot;:&quot;&quot;},{&quot;_id&quot;:&quot;0959a51&quot;,&quot;premium_gallery_img&quot;:{&quot;url&quot;:&quot;https:\\\/\\\/welikecanarias.com\\\/wp-content\\\/uploads\\\/2025\\\/07\\\/Verano-Brisa-Private-Golf-Villa.jpg&quot;,&quot;id&quot;:73999,&quot;size&quot;:&quot;&quot;,&quot;alt&quot;:&quot;&quot;,&quot;source&quot;:&quot;library&quot;},&quot;premium_gallery_img_name&quot;:&quot;Sommer Brisa Private Golf Villa&quot;,&quot;premium_gallery_img_category&quot;:&quot;Fincas y Villas&quot;,&quot;premium_gallery_img_link&quot;:{&quot;url&quot;:&quot;https:\\\/\\\/www.booking.com\\\/hotel\\\/es\\\/verano-brisa.es.html?label=affnetcj-15773516_pub-6943326_site-101123175_pname-Juan+Jos%C3%A9+Mart%C3%ADn+Jerez_clkid-_cjevent-9d13f9b660eb11f082c6000b0a18b8fc&amp;aid=818286&amp;ucfs=1&amp;arphpl=1&amp;checkin=2025-10-20&amp;checkout=2025-10-25&amp;dest_id=752&amp;dest_type=region&amp;group_adults=2&amp;req_adults=2&amp;no_rooms=1&amp;group_children=0&amp;req_children=0&amp;hpos=4&amp;hapos=4&amp;sr_order=score&amp;nflt=price%3DEUR-min-270-1%3Bht_id%3D213&amp;srpvid=1c07821f5fd21578&amp;srepoch=1752604433&amp;all_sr_blocks=1134229501_386071076_4_0_0&amp;highlighted_blocks=1134229501_386071076_4_0_0&amp;matching_block_id=1134229501_386071076_4_0_0&amp;sr_pri_blocks=1134229501_386071076_4_0_0__87300&amp;from=searchresults#hotelTmplart%C3%ADn%20Jerez_clkid-_cjevent-9d953fee5fc011f0816b01c50a18b8f8&amp;aid=818286&amp;ucfs=1&amp;arphpl=1&amp;checkin=2025-10-15&amp;checkout=2025-10-19&amp;dest_id=760&amp;dest_type=region&amp;group_adults=2&amp;req_adults=2&amp;no_rooms=1&amp;group_children=0&amp;req_children=0&amp;hpos=14&amp;hapos=39&amp;sr_order=score&amp;nflt=ht_id%3D213&amp;srpvid=72b45d2ab4c60a34&amp;srepoch=1752423410&amp;all_sr_blocks=1094580301_382394014_2_0_0&amp;highlighted_blocks=1094580301_382394014_2_0_0&amp;matching_block_id=1094580301_382394014_2_0_0&amp;sr_pri_blocks=1094580301_382394014_2_0_0__63000&amp;from=searchresults&amp;activeTab=main=42383&amp;medium=link&quot;,&quot;is_external&quot;:&quot;&quot;,&quot;nofollow&quot;:&quot;&quot;,&quot;custom_attributes&quot;:&quot;&quot;},&quot;premium_gallery_link_whole&quot;:&quot;yes&quot;,&quot;index&quot;:31,&quot;premium_gallery_image_cell&quot;:{&quot;unit&quot;:&quot;px&quot;,&quot;size&quot;:4,&quot;sizes&quot;:[]},&quot;premium_gallery_image_cell_tablet&quot;:{&quot;unit&quot;:&quot;px&quot;,&quot;size&quot;:&quot;&quot;,&quot;sizes&quot;:[]},&quot;premium_gallery_image_cell_mobile&quot;:{&quot;unit&quot;:&quot;px&quot;,&quot;size&quot;:&quot;&quot;,&quot;sizes&quot;:[]},&quot;premium_gallery_image_vcell&quot;:{&quot;unit&quot;:&quot;px&quot;,&quot;size&quot;:4,&quot;sizes&quot;:[]},&quot;premium_gallery_image_vcell_tablet&quot;:{&quot;unit&quot;:&quot;px&quot;,&quot;size&quot;:&quot;&quot;,&quot;sizes&quot;:[]},&quot;premium_gallery_image_vcell_mobile&quot;:{&quot;unit&quot;:&quot;px&quot;,&quot;size&quot;:&quot;&quot;,&quot;sizes&quot;:[]},&quot;premium_gallery_video&quot;:&quot;&quot;,&quot;premium_gallery_video_type&quot;:null,&quot;premium_gallery_video_url&quot;:null,&quot;premium_gallery_video_self&quot;:null,&quot;premium_gallery_video_self_url&quot;:null,&quot;premium_gallery_video_controls&quot;:null,&quot;premium_gallery_video_mute&quot;:null,&quot;premium_gallery_video_loop&quot;:null,&quot;download_button&quot;:null,&quot;privacy_mode&quot;:null,&quot;premmium_gallery_img_info&quot;:&quot;&quot;,&quot;premium_gallery_img_desc&quot;:&quot;&quot;,&quot;premium_gallery_img_link_type&quot;:&quot;url&quot;,&quot;premium_gallery_img_existing&quot;:null,&quot;premium_gallery_lightbox_whole&quot;:&quot;&quot;},{&quot;_id&quot;:&quot;5dede07&quot;,&quot;premium_gallery_img&quot;:{&quot;url&quot;:&quot;https:\\\/\\\/welikecanarias.com\\\/wp-content\\\/uploads\\\/2025\\\/07\\\/Villa-Lajares-Red-House-Fuerteventura.jpg&quot;,&quot;id&quot;:74005,&quot;size&quot;:&quot;&quot;,&quot;alt&quot;:&quot;Vista de Villa Lajares Red House Fuerteventura, una de las villas con encanto en Fuerteventura&quot;,&quot;source&quot;:&quot;library&quot;},&quot;premium_gallery_img_name&quot;:&quot;Villa Lajares Rotes Haus Fuerteventura&quot;,&quot;premium_gallery_img_category&quot;:&quot;Fincas y Villas&quot;,&quot;premium_gallery_img_link&quot;:{&quot;url&quot;:&quot;https:\\\/\\\/www.booking.com\\\/hotel\\\/es\\\/red-house-lajares.es.html?label=affnetcj-15773516_pub-6943326_site-101123175_pname-Juan+Jos%C3%A9+Mart%C3%ADn+Jerez_clkid-_cjevent-9d13f9b660eb11f082c6000b0a18b8fc&amp;aid=818286&amp;ucfs=1&amp;arphpl=1&amp;checkin=2025-10-06&amp;checkout=2025-10-11&amp;dest_id=752&amp;dest_type=region&amp;group_adults=2&amp;req_adults=2&amp;no_rooms=1&amp;group_children=0&amp;req_children=0&amp;hpos=5&amp;hapos=5&amp;sr_order=score&amp;nflt=price%3DEUR-min-270-1%3Bht_id%3D213&amp;srpvid=1c07821f5fd21578&amp;srepoch=1752604490&amp;all_sr_blocks=1179815601_390449457_2_0_0&amp;highlighted_blocks=1179815601_390449457_2_0_0&amp;matching_block_id=1179815601_390449457_2_0_0&amp;sr_pri_blocks=1179815601_390449457_2_0_0__45330&amp;from=searchresults#hotelTmplMart%C3%ADn%20Jerez_clkid-_cjevent-9d953fee5fc011f0816b01c50a18b8f8&amp;aid=818286&amp;ucfs=1&amp;arphpl=1&amp;checkin=2025-10-15&amp;checkout=2025-10-19&amp;dest_id=760&amp;dest_type=region&amp;group_adults=2&amp;req_adults=2&amp;no_rooms=1&amp;group_children=0&amp;req_children=0&amp;hpos=24&amp;hapos=24&amp;sr_order=score&amp;nflt=ht_id%3D213&amp;srpvid=72b45d2ab4c60a34&amp;srepoch=1752424194&amp;all_sr_blocks=17436304_88611615_2_2_0&amp;highlighted_blocks=17436304_88611615_2_2_0&amp;matching_block_id=17436304_88611615_2_2_0&amp;sr_pri_blocks=17436304_88611615_2_2_0__238588&amp;from=searchresults&amp;activeTab=main&quot;,&quot;is_external&quot;:&quot;&quot;,&quot;nofollow&quot;:&quot;&quot;,&quot;custom_attributes&quot;:&quot;&quot;},&quot;premium_gallery_link_whole&quot;:&quot;yes&quot;,&quot;index&quot;:32,&quot;premium_gallery_image_cell&quot;:{&quot;unit&quot;:&quot;px&quot;,&quot;size&quot;:4,&quot;sizes&quot;:[]},&quot;premium_gallery_image_cell_tablet&quot;:{&quot;unit&quot;:&quot;px&quot;,&quot;size&quot;:&quot;&quot;,&quot;sizes&quot;:[]},&quot;premium_gallery_image_cell_mobile&quot;:{&quot;unit&quot;:&quot;px&quot;,&quot;size&quot;:&quot;&quot;,&quot;sizes&quot;:[]},&quot;premium_gallery_image_vcell&quot;:{&quot;unit&quot;:&quot;px&quot;,&quot;size&quot;:4,&quot;sizes&quot;:[]},&quot;premium_gallery_image_vcell_tablet&quot;:{&quot;unit&quot;:&quot;px&quot;,&quot;size&quot;:&quot;&quot;,&quot;sizes&quot;:[]},&quot;premium_gallery_image_vcell_mobile&quot;:{&quot;unit&quot;:&quot;px&quot;,&quot;size&quot;:&quot;&quot;,&quot;sizes&quot;:[]},&quot;premium_gallery_video&quot;:&quot;&quot;,&quot;premium_gallery_video_type&quot;:null,&quot;premium_gallery_video_url&quot;:null,&quot;premium_gallery_video_self&quot;:null,&quot;premium_gallery_video_self_url&quot;:null,&quot;premium_gallery_video_controls&quot;:null,&quot;premium_gallery_video_mute&quot;:null,&quot;premium_gallery_video_loop&quot;:null,&quot;download_button&quot;:null,&quot;privacy_mode&quot;:null,&quot;premmium_gallery_img_info&quot;:&quot;&quot;,&quot;premium_gallery_img_desc&quot;:&quot;&quot;,&quot;premium_gallery_img_link_type&quot;:&quot;url&quot;,&quot;premium_gallery_img_existing&quot;:null,&quot;premium_gallery_lightbox_whole&quot;:&quot;&quot;},{&quot;_id&quot;:&quot;3fb352b&quot;,&quot;premium_gallery_img&quot;:{&quot;url&quot;:&quot;https:\\\/\\\/welikecanarias.com\\\/wp-content\\\/uploads\\\/2025\\\/07\\\/Sun-Villa-exclusive-stars-view.jpg&quot;,&quot;id&quot;:74011,&quot;size&quot;:&quot;&quot;,&quot;alt&quot;:&quot;Vista de Sun Villa &amp; exclusive stars view, una de las villas con encanto en Fuerteventura&quot;,&quot;source&quot;:&quot;library&quot;},&quot;premium_gallery_img_name&quot;:&quot;Sun Villa &amp; exklusiver Blick auf die Sterne&quot;,&quot;premium_gallery_img_category&quot;:&quot;Fincas y Villas&quot;,&quot;premium_gallery_img_link&quot;:{&quot;url&quot;:&quot;https:\\\/\\\/www.booking.com\\\/hotel\\\/es\\\/relax-en-majanicho.es.html?label=affnetcj-15773516_pub-6943326_site-101123175_pname-Juan%20Jos%C3%A9%20Mart%C3%ADn%20Jerez_clkid-_cjevent-9d13f9b660eb11f082c6000b0a18b8fc&amp;aid=818286&amp;ucfs=1&amp;arphpl=1&amp;checkin=2025-10-06&amp;checkout=2025-10-11&amp;dest_id=752&amp;dest_type=region&amp;group_adults=2&amp;req_adults=2&amp;no_rooms=1&amp;group_children=0&amp;req_children=0&amp;hpos=6&amp;hapos=6&amp;sr_order=score&amp;nflt=price%3DEUR-min-270-1%3Bht_id%3D213&amp;srpvid=1c07821f5fd21578&amp;srepoch=1752604571&amp;all_sr_blocks=669276501_360677721_2_0_0&amp;highlighted_blocks=669276501_360677721_2_0_0&amp;matching_block_id=669276501_360677721_2_0_0&amp;sr_pri_blocks=669276501_360677721_2_0_0__47925&amp;from=searchresults&amp;activeTab=main%C3%A9%20Mart%C3%ADn%20Jerez_clkid-_cjevent-9d953fee5fc011f0816b01c50a18b8f8&amp;aid=818286&amp;ucfs=1&amp;arphpl=1&amp;checkin=2025-10-15&amp;checkout=2025-10-19&amp;dest_id=760&amp;dest_type=region&amp;group_adults=2&amp;req_adults=2&amp;no_rooms=1&amp;group_children=0&amp;req_children=0&amp;hpos=18&amp;hapos=18&amp;sr_order=score&amp;nflt=ht_id%3D213&amp;srpvid=72b45d2ab4c60a34&amp;srepoch=1752424304&amp;all_sr_blocks=1123130801_385053781_2_0_0&amp;highlighted_blocks=1123130801_385053781_2_0_0&amp;matching_block_id=1123130801_385053781_2_0_0&amp;sr_pri_blocks=1123130801_385053781_2_0_0__104040&amp;from=searchresults&amp;activeTab=maindium=link&quot;,&quot;is_external&quot;:&quot;&quot;,&quot;nofollow&quot;:&quot;&quot;,&quot;custom_attributes&quot;:&quot;&quot;},&quot;premium_gallery_link_whole&quot;:&quot;yes&quot;,&quot;index&quot;:33,&quot;premium_gallery_image_cell&quot;:{&quot;unit&quot;:&quot;px&quot;,&quot;size&quot;:4,&quot;sizes&quot;:[]},&quot;premium_gallery_image_cell_tablet&quot;:{&quot;unit&quot;:&quot;px&quot;,&quot;size&quot;:&quot;&quot;,&quot;sizes&quot;:[]},&quot;premium_gallery_image_cell_mobile&quot;:{&quot;unit&quot;:&quot;px&quot;,&quot;size&quot;:&quot;&quot;,&quot;sizes&quot;:[]},&quot;premium_gallery_image_vcell&quot;:{&quot;unit&quot;:&quot;px&quot;,&quot;size&quot;:4,&quot;sizes&quot;:[]},&quot;premium_gallery_image_vcell_tablet&quot;:{&quot;unit&quot;:&quot;px&quot;,&quot;size&quot;:&quot;&quot;,&quot;sizes&quot;:[]},&quot;premium_gallery_image_vcell_mobile&quot;:{&quot;unit&quot;:&quot;px&quot;,&quot;size&quot;:&quot;&quot;,&quot;sizes&quot;:[]},&quot;premium_gallery_video&quot;:&quot;&quot;,&quot;premium_gallery_video_type&quot;:null,&quot;premium_gallery_video_url&quot;:null,&quot;premium_gallery_video_self&quot;:null,&quot;premium_gallery_video_self_url&quot;:null,&quot;premium_gallery_video_controls&quot;:null,&quot;premium_gallery_video_mute&quot;:null,&quot;premium_gallery_video_loop&quot;:null,&quot;download_button&quot;:null,&quot;privacy_mode&quot;:null,&quot;premmium_gallery_img_info&quot;:&quot;&quot;,&quot;premium_gallery_img_desc&quot;:&quot;&quot;,&quot;premium_gallery_img_link_type&quot;:&quot;url&quot;,&quot;premium_gallery_img_existing&quot;:null,&quot;premium_gallery_lightbox_whole&quot;:&quot;&quot;},{&quot;_id&quot;:&quot;d9eb14d&quot;,&quot;premium_gallery_img&quot;:{&quot;url&quot;:&quot;https:\\\/\\\/welikecanarias.com\\\/wp-content\\\/uploads\\\/2025\\\/07\\\/Villa-La-Torre-del-Mar.jpg&quot;,&quot;id&quot;:74017,&quot;size&quot;:&quot;&quot;,&quot;alt&quot;:&quot;Vista de Villa La Torre del Mar en Fuerteventura&quot;,&quot;source&quot;:&quot;library&quot;},&quot;premium_gallery_img_name&quot;:&quot;Villa La Torre del Mar&quot;,&quot;premium_gallery_img_category&quot;:&quot;Fincas y Villas&quot;,&quot;premium_gallery_img_link&quot;:{&quot;url&quot;:&quot;https:\\\/\\\/www.booking.com\\\/hotel\\\/es\\\/villa-la-torre-lajares1.es.html?label=affnetcj-15773516_pub-6943326_site-101123175_pname-Juan%20Jos%C3%A9%20Mart%C3%ADn%20Jerez_clkid-_cjevent-9d13f9b660eb11f082c6000b0a18b8fc&amp;aid=818286&amp;ucfs=1&amp;arphpl=1&amp;checkin=2025-10-06&amp;checkout=2025-10-11&amp;dest_id=752&amp;dest_type=region&amp;group_adults=2&amp;req_adults=2&amp;no_rooms=1&amp;group_children=0&amp;req_children=0&amp;hpos=7&amp;hapos=7&amp;sr_order=score&amp;nflt=price%3DEUR-min-270-1%3Bht_id%3D213&amp;srpvid=1c07821f5fd21578&amp;srepoch=1752604719&amp;all_sr_blocks=910022801_392852468_0_0_0&amp;highlighted_blocks=910022801_392852468_0_0_0&amp;matching_block_id=910022801_392852468_0_0_0&amp;sr_pri_blocks=910022801_392852468_0_0_0__92250&amp;from=searchresults&amp;activeTab=main%20Jerez_clkid-_cjevent-9d953fee5fc011f0816b01c50a18b8f8&amp;aid=818286&amp;ucfs=1&amp;arphpl=1&amp;checkin=2025-10-15&amp;checkout=2025-10-19&amp;dest_id=760&amp;dest_type=region&amp;group_adults=2&amp;req_adults=2&amp;no_rooms=1&amp;group_children=0&amp;req_children=0&amp;hpos=12&amp;hapos=12&amp;sr_order=score&amp;nflt=ht_id%3D213&amp;srpvid=72b45d2ab4c60a34&amp;srepoch=1752424403&amp;all_sr_blocks=1231331901_395111726_2_0_0&amp;highlighted_blocks=1231331901_395111726_2_0_0&amp;matching_block_id=1231331901_395111726_2_0_0&amp;sr_pri_blocks=1231331901_395111726_2_0_0__66240&amp;from=searchresults&amp;activeTab=main&quot;,&quot;is_external&quot;:&quot;&quot;,&quot;nofollow&quot;:&quot;&quot;,&quot;custom_attributes&quot;:&quot;&quot;},&quot;premium_gallery_link_whole&quot;:&quot;yes&quot;,&quot;index&quot;:34,&quot;premium_gallery_image_cell&quot;:{&quot;unit&quot;:&quot;px&quot;,&quot;size&quot;:4,&quot;sizes&quot;:[]},&quot;premium_gallery_image_cell_tablet&quot;:{&quot;unit&quot;:&quot;px&quot;,&quot;size&quot;:&quot;&quot;,&quot;sizes&quot;:[]},&quot;premium_gallery_image_cell_mobile&quot;:{&quot;unit&quot;:&quot;px&quot;,&quot;size&quot;:&quot;&quot;,&quot;sizes&quot;:[]},&quot;premium_gallery_image_vcell&quot;:{&quot;unit&quot;:&quot;px&quot;,&quot;size&quot;:4,&quot;sizes&quot;:[]},&quot;premium_gallery_image_vcell_tablet&quot;:{&quot;unit&quot;:&quot;px&quot;,&quot;size&quot;:&quot;&quot;,&quot;sizes&quot;:[]},&quot;premium_gallery_image_vcell_mobile&quot;:{&quot;unit&quot;:&quot;px&quot;,&quot;size&quot;:&quot;&quot;,&quot;sizes&quot;:[]},&quot;premium_gallery_video&quot;:&quot;&quot;,&quot;premium_gallery_video_type&quot;:null,&quot;premium_gallery_video_url&quot;:null,&quot;premium_gallery_video_self&quot;:null,&quot;premium_gallery_video_self_url&quot;:null,&quot;premium_gallery_video_controls&quot;:null,&quot;premium_gallery_video_mute&quot;:null,&quot;premium_gallery_video_loop&quot;:null,&quot;download_button&quot;:null,&quot;privacy_mode&quot;:null,&quot;premmium_gallery_img_info&quot;:&quot;&quot;,&quot;premium_gallery_img_desc&quot;:&quot;&quot;,&quot;premium_gallery_img_link_type&quot;:&quot;url&quot;,&quot;premium_gallery_img_existing&quot;:null,&quot;premium_gallery_lightbox_whole&quot;:&quot;&quot;},{&quot;_id&quot;:&quot;9148444&quot;,&quot;premium_gallery_img&quot;:{&quot;url&quot;:&quot;https:\\\/\\\/welikecanarias.com\\\/wp-content\\\/uploads\\\/2025\\\/07\\\/Finca-Lezque-fuerteventura.jpg&quot;,&quot;id&quot;:74023,&quot;size&quot;:&quot;&quot;,&quot;alt&quot;:&quot;&quot;,&quot;source&quot;:&quot;library&quot;},&quot;premium_gallery_img_name&quot;:&quot;Landgut Lezque&quot;,&quot;premium_gallery_img_category&quot;:&quot;Fincas y Villas&quot;,&quot;premium_gallery_img_link&quot;:{&quot;url&quot;:&quot;https:\\\/\\\/www.booking.com\\\/hotel\\\/es\\\/finca-lezque.es.html?label=affnetcj-15773516_pub-6943326_site-101123175_pname-Juan%20Jos%C3%A9%20Mart%C3%ADn%20Jerez_clkid-_cjevent-9d13f9b660eb11f082c6000b0a18b8fc&amp;aid=818286&amp;ucfs=1&amp;arphpl=1&amp;checkin=2025-10-06&amp;checkout=2025-10-11&amp;dest_id=752&amp;dest_type=region&amp;group_adults=2&amp;req_adults=2&amp;no_rooms=1&amp;group_children=0&amp;req_children=0&amp;hpos=11&amp;hapos=11&amp;sr_order=score&amp;nflt=price%3DEUR-min-270-1%3Bht_id%3D213&amp;srpvid=1c07821f5fd21578&amp;srepoch=1752604802&amp;all_sr_blocks=1137947401_386513558_6_0_0&amp;highlighted_blocks=1137947401_386513558_6_0_0&amp;matching_block_id=1137947401_386513558_6_0_0&amp;sr_pri_blocks=1137947401_386513558_6_0_0__106250&amp;from=searchresults&amp;activeTab=mainn%20Jerez_clkid-_cjevent-9d953fee5fc011f0816b01c50a18b8f8&amp;aid=818286&amp;ucfs=1&amp;arphpl=1&amp;checkin=2025-10-15&amp;checkout=2025-10-19&amp;dest_id=760&amp;dest_type=region&amp;group_adults=2&amp;req_adults=2&amp;no_rooms=1&amp;group_children=0&amp;req_children=0&amp;hpos=9&amp;hapos=9&amp;sr_order=score&amp;nflt=ht_id%3D220&amp;srpvid=72b45d2ab4c60a34&amp;srepoch=1752424777&amp;all_sr_blocks=164505705_266415312_2_0_0&amp;highlighted_blocks=164505705_266415312_2_0_0&amp;matching_block_id=164505705_266415312_2_0_0&amp;sr_pri_blocks=164505705_266415312_2_0_0__54000&amp;from=searchresults&amp;activeTab=main&quot;,&quot;is_external&quot;:&quot;&quot;,&quot;nofollow&quot;:&quot;&quot;,&quot;custom_attributes&quot;:&quot;&quot;},&quot;premium_gallery_link_whole&quot;:&quot;yes&quot;,&quot;index&quot;:35,&quot;premium_gallery_image_cell&quot;:{&quot;unit&quot;:&quot;px&quot;,&quot;size&quot;:4,&quot;sizes&quot;:[]},&quot;premium_gallery_image_cell_tablet&quot;:{&quot;unit&quot;:&quot;px&quot;,&quot;size&quot;:&quot;&quot;,&quot;sizes&quot;:[]},&quot;premium_gallery_image_cell_mobile&quot;:{&quot;unit&quot;:&quot;px&quot;,&quot;size&quot;:&quot;&quot;,&quot;sizes&quot;:[]},&quot;premium_gallery_image_vcell&quot;:{&quot;unit&quot;:&quot;px&quot;,&quot;size&quot;:4,&quot;sizes&quot;:[]},&quot;premium_gallery_image_vcell_tablet&quot;:{&quot;unit&quot;:&quot;px&quot;,&quot;size&quot;:&quot;&quot;,&quot;sizes&quot;:[]},&quot;premium_gallery_image_vcell_mobile&quot;:{&quot;unit&quot;:&quot;px&quot;,&quot;size&quot;:&quot;&quot;,&quot;sizes&quot;:[]},&quot;premium_gallery_video&quot;:&quot;&quot;,&quot;premium_gallery_video_type&quot;:null,&quot;premium_gallery_video_url&quot;:null,&quot;premium_gallery_video_self&quot;:null,&quot;premium_gallery_video_self_url&quot;:null,&quot;premium_gallery_video_controls&quot;:null,&quot;premium_gallery_video_mute&quot;:null,&quot;premium_gallery_video_loop&quot;:null,&quot;download_button&quot;:null,&quot;privacy_mode&quot;:null,&quot;premmium_gallery_img_info&quot;:&quot;&quot;,&quot;premium_gallery_img_desc&quot;:&quot;&quot;,&quot;premium_gallery_img_link_type&quot;:&quot;url&quot;,&quot;premium_gallery_img_existing&quot;:null,&quot;premium_gallery_lightbox_whole&quot;:&quot;&quot;},{&quot;_id&quot;:&quot;f3add61&quot;,&quot;premium_gallery_img&quot;:{&quot;url&quot;:&quot;https:\\\/\\\/welikecanarias.com\\\/wp-content\\\/uploads\\\/2025\\\/07\\\/Villa-Volcan2.jpg&quot;,&quot;id&quot;:74029,&quot;size&quot;:&quot;&quot;,&quot;alt&quot;:&quot;&quot;,&quot;source&quot;:&quot;library&quot;},&quot;premium_gallery_img_name&quot;:&quot;Villa Volcan2&quot;,&quot;premium_gallery_img_category&quot;:&quot;Fincas y Villas&quot;,&quot;premium_gallery_img_link&quot;:{&quot;url&quot;:&quot;https:\\\/\\\/www.booking.com\\\/hotel\\\/es\\\/villa-volcan2-rural-private-pool-la-oliva-by-holidays-home.es.html?label=affnetcj-15773516_pub-6943326_site-101123175_pname-Juan+Jos%C3%A9+Mart%C3%ADn+Jerez_clkid-_cjevent-9d13f9b660eb11f082c6000b0a18b8fc&amp;aid=818286&amp;ucfs=1&amp;arphpl=1&amp;checkin=2025-10-06&amp;checkout=2025-10-11&amp;dest_id=752&amp;dest_type=region&amp;group_adults=2&amp;req_adults=2&amp;no_rooms=1&amp;group_children=0&amp;req_children=0&amp;hpos=15&amp;hapos=15&amp;sr_order=score&amp;nflt=price%3DEUR-min-270-1%3Bht_id%3D213&amp;srpvid=1c07821f5fd21578&amp;srepoch=1752604884&amp;all_sr_blocks=1220904401_401385022_4_0_0&amp;highlighted_blocks=1220904401_401385022_4_0_0&amp;matching_block_id=1220904401_401385022_4_0_0&amp;sr_pri_blocks=1220904401_401385022_4_0_0__115500&amp;from=searchresults#hotelTmplDn%20Jerez_clkid-_cjevent-9d953fee5fc011f0816b01c50a18b8f8&amp;aid=818286&amp;ucfs=1&amp;arphpl=1&amp;checkin=2025-10-15&amp;checkout=2025-10-19&amp;dest_id=760&amp;dest_type=region&amp;group_adults=2&amp;req_adults=2&amp;no_rooms=1&amp;group_children=0&amp;req_children=0&amp;hpos=13&amp;hapos=13&amp;sr_order=score&amp;nflt=ht_id%3D220&amp;srpvid=72b45d2ab4c60a34&amp;srepoch=1752424919&amp;all_sr_blocks=1031143201_375777650_2_0_0&amp;highlighted_blocks=1031143201_375777650_2_0_0&amp;matching_block_id=1031143201_375777650_2_0_0&amp;sr_pri_blocks=1031143201_375777650_2_0_0__62200&amp;from=searchresults&amp;activeTab=main&quot;,&quot;is_external&quot;:&quot;&quot;,&quot;nofollow&quot;:&quot;&quot;,&quot;custom_attributes&quot;:&quot;&quot;},&quot;premium_gallery_link_whole&quot;:&quot;yes&quot;,&quot;index&quot;:36,&quot;premium_gallery_image_cell&quot;:{&quot;unit&quot;:&quot;px&quot;,&quot;size&quot;:4,&quot;sizes&quot;:[]},&quot;premium_gallery_image_cell_tablet&quot;:{&quot;unit&quot;:&quot;px&quot;,&quot;size&quot;:&quot;&quot;,&quot;sizes&quot;:[]},&quot;premium_gallery_image_cell_mobile&quot;:{&quot;unit&quot;:&quot;px&quot;,&quot;size&quot;:&quot;&quot;,&quot;sizes&quot;:[]},&quot;premium_gallery_image_vcell&quot;:{&quot;unit&quot;:&quot;px&quot;,&quot;size&quot;:4,&quot;sizes&quot;:[]},&quot;premium_gallery_image_vcell_tablet&quot;:{&quot;unit&quot;:&quot;px&quot;,&quot;size&quot;:&quot;&quot;,&quot;sizes&quot;:[]},&quot;premium_gallery_image_vcell_mobile&quot;:{&quot;unit&quot;:&quot;px&quot;,&quot;size&quot;:&quot;&quot;,&quot;sizes&quot;:[]},&quot;premium_gallery_video&quot;:&quot;&quot;,&quot;premium_gallery_video_type&quot;:null,&quot;premium_gallery_video_url&quot;:null,&quot;premium_gallery_video_self&quot;:null,&quot;premium_gallery_video_self_url&quot;:null,&quot;premium_gallery_video_controls&quot;:null,&quot;premium_gallery_video_mute&quot;:null,&quot;premium_gallery_video_loop&quot;:null,&quot;download_button&quot;:null,&quot;privacy_mode&quot;:null,&quot;premmium_gallery_img_info&quot;:&quot;&quot;,&quot;premium_gallery_img_desc&quot;:&quot;&quot;,&quot;premium_gallery_img_link_type&quot;:&quot;url&quot;,&quot;premium_gallery_img_existing&quot;:null,&quot;premium_gallery_lightbox_whole&quot;:&quot;&quot;},{&quot;_id&quot;:&quot;819b827&quot;,&quot;premium_gallery_img&quot;:{&quot;url&quot;:&quot;https:\\\/\\\/welikecanarias.com\\\/wp-content\\\/uploads\\\/2025\\\/07\\\/LA-CANADA-fuerteventura.jpg&quot;,&quot;id&quot;:74035,&quot;size&quot;:&quot;&quot;,&quot;alt&quot;:&quot;&quot;,&quot;source&quot;:&quot;library&quot;},&quot;premium_gallery_img_name&quot;:&quot;LA CA\\u00d1ADA&quot;,&quot;premium_gallery_img_category&quot;:&quot;Fincas y Villas&quot;,&quot;premium_gallery_img_link&quot;:{&quot;url&quot;:&quot;https:\\\/\\\/www.booking.com\\\/hotel\\\/es\\\/la-canada-tiscamanita.es.html?label=affnetcj-15773516_pub-6943326_site-101123175_pname-Juan%20Jos%C3%A9%20Mart%C3%ADn%20Jerez_clkid-_cjevent-9d13f9b660eb11f082c6000b0a18b8fc&amp;aid=818286&amp;ucfs=1&amp;arphpl=1&amp;checkin=2025-10-06&amp;checkout=2025-10-11&amp;dest_id=752&amp;dest_type=region&amp;group_adults=2&amp;req_adults=2&amp;no_rooms=1&amp;group_children=0&amp;req_children=0&amp;hpos=16&amp;hapos=16&amp;sr_order=score&amp;nflt=price%3DEUR-min-270-1%3Bht_id%3D213&amp;srpvid=1c07821f5fd21578&amp;srepoch=1752605040&amp;all_sr_blocks=837541501_363525891_3_0_0&amp;highlighted_blocks=837541501_363525891_3_0_0&amp;matching_block_id=837541501_363525891_3_0_0&amp;sr_pri_blocks=837541501_363525891_3_0_0__61880&amp;from=searchresults&amp;activeTab=mainn%20Jerez_clkid-_cjevent-9d953fee5fc011f0816b01c50a18b8f8&amp;aid=818286&amp;ucfs=1&amp;arphpl=1&amp;checkin=2025-10-15&amp;checkout=2025-10-19&amp;dest_id=760&amp;dest_type=region&amp;group_adults=2&amp;req_adults=2&amp;no_rooms=1&amp;group_children=0&amp;req_children=0&amp;hpos=8&amp;hapos=8&amp;sr_order=score&amp;nflt=ht_id%3D201&amp;srpvid=72b45d2ab4c60a34&amp;srepoch=1752425285&amp;all_sr_blocks=1087597902_388745021_2_0_0&amp;highlighted_blocks=1087597902_388745021_2_0_0&amp;matching_block_id=1087597902_388745021_2_0_0&amp;sr_pri_blocks=1087597902_388745021_2_0_0__59600&amp;from=searchresults&amp;activeTab=main&quot;,&quot;is_external&quot;:&quot;&quot;,&quot;nofollow&quot;:&quot;&quot;,&quot;custom_attributes&quot;:&quot;&quot;},&quot;premium_gallery_link_whole&quot;:&quot;yes&quot;,&quot;index&quot;:37,&quot;premium_gallery_image_cell&quot;:{&quot;unit&quot;:&quot;px&quot;,&quot;size&quot;:4,&quot;sizes&quot;:[]},&quot;premium_gallery_image_cell_tablet&quot;:{&quot;unit&quot;:&quot;px&quot;,&quot;size&quot;:&quot;&quot;,&quot;sizes&quot;:[]},&quot;premium_gallery_image_cell_mobile&quot;:{&quot;unit&quot;:&quot;px&quot;,&quot;size&quot;:&quot;&quot;,&quot;sizes&quot;:[]},&quot;premium_gallery_image_vcell&quot;:{&quot;unit&quot;:&quot;px&quot;,&quot;size&quot;:4,&quot;sizes&quot;:[]},&quot;premium_gallery_image_vcell_tablet&quot;:{&quot;unit&quot;:&quot;px&quot;,&quot;size&quot;:&quot;&quot;,&quot;sizes&quot;:[]},&quot;premium_gallery_image_vcell_mobile&quot;:{&quot;unit&quot;:&quot;px&quot;,&quot;size&quot;:&quot;&quot;,&quot;sizes&quot;:[]},&quot;premium_gallery_video&quot;:&quot;&quot;,&quot;premium_gallery_video_type&quot;:null,&quot;premium_gallery_video_url&quot;:null,&quot;premium_gallery_video_self&quot;:null,&quot;premium_gallery_video_self_url&quot;:null,&quot;premium_gallery_video_controls&quot;:null,&quot;premium_gallery_video_mute&quot;:null,&quot;premium_gallery_video_loop&quot;:null,&quot;download_button&quot;:null,&quot;privacy_mode&quot;:null,&quot;premmium_gallery_img_info&quot;:&quot;&quot;,&quot;premium_gallery_img_desc&quot;:&quot;&quot;,&quot;premium_gallery_img_link_type&quot;:&quot;url&quot;,&quot;premium_gallery_img_existing&quot;:null,&quot;premium_gallery_lightbox_whole&quot;:&quot;&quot;},{&quot;_id&quot;:&quot;864000c&quot;,&quot;premium_gallery_img&quot;:{&quot;url&quot;:&quot;https:\\\/\\\/welikecanarias.com\\\/wp-content\\\/uploads\\\/2025\\\/07\\\/Casa-Madriu-fuerteventura.jpg&quot;,&quot;id&quot;:74041,&quot;size&quot;:&quot;&quot;,&quot;alt&quot;:&quot;&quot;,&quot;source&quot;:&quot;library&quot;},&quot;premium_gallery_img_name&quot;:&quot;Haus Madriu&quot;,&quot;premium_gallery_img_category&quot;:&quot;Fincas y Villas&quot;,&quot;premium_gallery_img_link&quot;:{&quot;url&quot;:&quot;https:\\\/\\\/www.booking.com\\\/hotel\\\/es\\\/cas-madriu-villa-de-lujo-en-zona-residencial.es.html?label=affnetcj-15773516_pub-6943326_site-101123175_pname-Juan%20Jos%C3%A9%20Mart%C3%ADn%20Jerez_clkid-_cjevent-9d13f9b660eb11f082c6000b0a18b8fc&amp;aid=818286&amp;ucfs=1&amp;arphpl=1&amp;checkin=2025-10-06&amp;checkout=2025-10-11&amp;dest_id=752&amp;dest_type=region&amp;group_adults=2&amp;req_adults=2&amp;no_rooms=1&amp;group_children=0&amp;req_children=0&amp;hpos=20&amp;hapos=20&amp;sr_order=score&amp;nflt=price%3DEUR-min-270-1%3Bht_id%3D213&amp;srpvid=1c07821f5fd21578&amp;srepoch=1752605147&amp;all_sr_blocks=956072901_409081681_4_0_0&amp;highlighted_blocks=956072901_409081681_4_0_0&amp;matching_block_id=956072901_409081681_4_0_0&amp;sr_pri_blocks=956072901_409081681_4_0_0__114000&amp;from=searchresults&amp;activeTab=mainC3%A9%20Mart%C3%ADn%20Jerez_clkid-_cjevent-9d953fee5fc011f0816b01c50a18b8f8&amp;aid=818286&amp;ucfs=1&amp;arphpl=1&amp;checkin=2025-10-15&amp;checkout=2025-10-19&amp;dest_id=760&amp;dest_type=region&amp;group_adults=2&amp;req_adults=2&amp;no_rooms=1&amp;group_children=0&amp;req_children=0&amp;hpos=19&amp;hapos=19&amp;sr_order=score&amp;nflt=ht_id%3D201&amp;srpvid=72b45d2ab4c60a34&amp;srepoch=1752425405&amp;all_sr_blocks=1340175801_406440433_2_0_0&amp;highlighted_blocks=1340175801_406440433_2_0_0&amp;matching_block_id=1340175801_406440433_2_0_0&amp;sr_pri_blocks=1340175801_406440433_2_0_0__80000&amp;from=searchresults&amp;activeTab=photosGallery&quot;,&quot;is_external&quot;:&quot;&quot;,&quot;nofollow&quot;:&quot;&quot;,&quot;custom_attributes&quot;:&quot;&quot;},&quot;premium_gallery_link_whole&quot;:&quot;yes&quot;,&quot;index&quot;:38,&quot;premium_gallery_image_cell&quot;:{&quot;unit&quot;:&quot;px&quot;,&quot;size&quot;:4,&quot;sizes&quot;:[]},&quot;premium_gallery_image_cell_tablet&quot;:{&quot;unit&quot;:&quot;px&quot;,&quot;size&quot;:&quot;&quot;,&quot;sizes&quot;:[]},&quot;premium_gallery_image_cell_mobile&quot;:{&quot;unit&quot;:&quot;px&quot;,&quot;size&quot;:&quot;&quot;,&quot;sizes&quot;:[]},&quot;premium_gallery_image_vcell&quot;:{&quot;unit&quot;:&quot;px&quot;,&quot;size&quot;:4,&quot;sizes&quot;:[]},&quot;premium_gallery_image_vcell_tablet&quot;:{&quot;unit&quot;:&quot;px&quot;,&quot;size&quot;:&quot;&quot;,&quot;sizes&quot;:[]},&quot;premium_gallery_image_vcell_mobile&quot;:{&quot;unit&quot;:&quot;px&quot;,&quot;size&quot;:&quot;&quot;,&quot;sizes&quot;:[]},&quot;premium_gallery_video&quot;:&quot;&quot;,&quot;premium_gallery_video_type&quot;:null,&quot;premium_gallery_video_url&quot;:null,&quot;premium_gallery_video_self&quot;:null,&quot;premium_gallery_video_self_url&quot;:null,&quot;premium_gallery_video_controls&quot;:null,&quot;premium_gallery_video_mute&quot;:null,&quot;premium_gallery_video_loop&quot;:null,&quot;download_button&quot;:null,&quot;privacy_mode&quot;:null,&quot;premmium_gallery_img_info&quot;:&quot;&quot;,&quot;premium_gallery_img_desc&quot;:&quot;&quot;,&quot;premium_gallery_img_link_type&quot;:&quot;url&quot;,&quot;premium_gallery_img_existing&quot;:null,&quot;premium_gallery_lightbox_whole&quot;:&quot;&quot;},{&quot;_id&quot;:&quot;075e7e1&quot;,&quot;premium_gallery_img&quot;:{&quot;url&quot;:&quot;https:\\\/\\\/welikecanarias.com\\\/wp-content\\\/uploads\\\/2025\\\/07\\\/Villa-Relajares-fuerteventura.jpg&quot;,&quot;id&quot;:74047,&quot;size&quot;:&quot;&quot;,&quot;alt&quot;:&quot;Vista de Villa Relajares, una de las villas con encanto en Fuerteventura&quot;,&quot;source&quot;:&quot;library&quot;},&quot;premium_gallery_img_name&quot;:&quot;Villa Relajares&quot;,&quot;premium_gallery_img_category&quot;:&quot;Fincas y Villas&quot;,&quot;premium_gallery_img_link&quot;:{&quot;url&quot;:&quot;https:\\\/\\\/www.booking.com\\\/hotel\\\/es\\\/relajares-villa-100-sostenible-con-piscina.es.html?label=affnetcj-15773516_pub-6943326_site-101123175_pname-Juan+Jos%C3%A9+Mart%C3%ADn+Jerez_clkid-_cjevent-9d13f9b660eb11f082c6000b0a18b8fc&amp;aid=818286&amp;ucfs=1&amp;arphpl=1&amp;checkin=2025-10-06&amp;checkout=2025-10-11&amp;dest_id=752&amp;dest_type=region&amp;group_adults=2&amp;req_adults=2&amp;no_rooms=1&amp;group_children=0&amp;req_children=0&amp;hpos=22&amp;hapos=22&amp;sr_order=score&amp;nflt=price%3DEUR-min-270-1%3Bht_id%3D213&amp;srpvid=1c07821f5fd21578&amp;srepoch=1752605441&amp;all_sr_blocks=994848003_372390225_2_0_0&amp;highlighted_blocks=994848003_372390225_2_0_0&amp;matching_block_id=994848003_372390225_2_0_0&amp;sr_pri_blocks=994848003_372390225_2_0_0__105565&amp;from=searchresults#hotelTmplJos%C3%A9%20Mart%C3%ADn%20Jerez_clkid-_cjevent-9d953fee5fc011f0816b01c50a18b8f8&amp;aid=818286&amp;ucfs=1&amp;arphpl=1&amp;checkin=2025-10-15&amp;checkout=2025-10-19&amp;dest_id=760&amp;dest_type=region&amp;group_adults=2&amp;req_adults=2&amp;no_rooms=1&amp;group_children=0&amp;req_children=0&amp;hpos=2&amp;hapos=27&amp;sr_order=score&amp;nflt=ht_id%3D201&amp;srpvid=72b45d2ab4c60a34&amp;srepoch=1752425542&amp;all_sr_blocks=1158833201_388614002_2_0_0&amp;highlighted_blocks=1158833201_388614002_2_0_0&amp;matching_block_id=1158833201_388614002_2_0_0&amp;sr_pri_blocks=1158833201_388614002_2_0_0__40824&amp;from=searchresults&amp;activeTab=main&quot;,&quot;is_external&quot;:&quot;&quot;,&quot;nofollow&quot;:&quot;&quot;,&quot;custom_attributes&quot;:&quot;&quot;},&quot;premium_gallery_link_whole&quot;:&quot;yes&quot;,&quot;index&quot;:39,&quot;premium_gallery_image_cell&quot;:{&quot;unit&quot;:&quot;px&quot;,&quot;size&quot;:4,&quot;sizes&quot;:[]},&quot;premium_gallery_image_cell_tablet&quot;:{&quot;unit&quot;:&quot;px&quot;,&quot;size&quot;:&quot;&quot;,&quot;sizes&quot;:[]},&quot;premium_gallery_image_cell_mobile&quot;:{&quot;unit&quot;:&quot;px&quot;,&quot;size&quot;:&quot;&quot;,&quot;sizes&quot;:[]},&quot;premium_gallery_image_vcell&quot;:{&quot;unit&quot;:&quot;px&quot;,&quot;size&quot;:4,&quot;sizes&quot;:[]},&quot;premium_gallery_image_vcell_tablet&quot;:{&quot;unit&quot;:&quot;px&quot;,&quot;size&quot;:&quot;&quot;,&quot;sizes&quot;:[]},&quot;premium_gallery_image_vcell_mobile&quot;:{&quot;unit&quot;:&quot;px&quot;,&quot;size&quot;:&quot;&quot;,&quot;sizes&quot;:[]},&quot;premium_gallery_video&quot;:&quot;&quot;,&quot;premium_gallery_video_type&quot;:null,&quot;premium_gallery_video_url&quot;:null,&quot;premium_gallery_video_self&quot;:null,&quot;premium_gallery_video_self_url&quot;:null,&quot;premium_gallery_video_controls&quot;:null,&quot;premium_gallery_video_mute&quot;:null,&quot;premium_gallery_video_loop&quot;:null,&quot;download_button&quot;:null,&quot;privacy_mode&quot;:null,&quot;premmium_gallery_img_info&quot;:&quot;&quot;,&quot;premium_gallery_img_desc&quot;:&quot;&quot;,&quot;premium_gallery_img_link_type&quot;:&quot;url&quot;,&quot;premium_gallery_img_existing&quot;:null,&quot;premium_gallery_lightbox_whole&quot;:&quot;&quot;},{&quot;_id&quot;:&quot;27893a9&quot;,&quot;premium_gallery_img&quot;:{&quot;url&quot;:&quot;https:\\\/\\\/welikecanarias.com\\\/wp-content\\\/uploads\\\/2025\\\/07\\\/Villa-Alejandra.jpg&quot;,&quot;id&quot;:74053,&quot;size&quot;:&quot;&quot;,&quot;alt&quot;:&quot;&quot;,&quot;source&quot;:&quot;library&quot;},&quot;premium_gallery_img_name&quot;:&quot;Villa Alejandra&quot;,&quot;premium_gallery_img_category&quot;:&quot;Fincas y Villas&quot;,&quot;premium_gallery_img_link&quot;:{&quot;url&quot;:&quot;https:\\\/\\\/www.booking.com\\\/hotel\\\/es\\\/villa-alejandra-lajares.es.html?label=affnetcj-15773516_pub-6943326_site-101123175_pname-Juan%20Jos%C3%A9%20Mart%C3%ADn%20Jerez_clkid-_cjevent-9d13f9b660eb11f082c6000b0a18b8fc&amp;aid=818286&amp;ucfs=1&amp;arphpl=1&amp;checkin=2025-10-20&amp;checkout=2025-10-25&amp;dest_id=752&amp;dest_type=region&amp;group_adults=2&amp;req_adults=2&amp;no_rooms=1&amp;group_children=0&amp;req_children=0&amp;hpos=4&amp;hapos=29&amp;sr_order=score&amp;nflt=price%3DEUR-min-270-1%3Bht_id%3D213&amp;srpvid=1c07821f5fd21578&amp;srepoch=1752605127&amp;all_sr_blocks=749699501_350713030_2_0_0&amp;highlighted_blocks=749699501_350713030_2_0_0&amp;matching_block_id=749699501_350713030_2_0_0&amp;sr_pri_blocks=749699501_350713030_2_0_0__86850&amp;from=searchresults&amp;activeTab=mains%C3%A9%20Mart%C3%ADn%20Jerez_clkid-_cjevent-9d953fee5fc011f0816b01c50a18b8f8&amp;aid=818286&amp;ucfs=1&amp;arphpl=1&amp;checkin=2025-10-15&amp;checkout=2025-10-19&amp;dest_id=760&amp;dest_type=region&amp;group_adults=2&amp;req_adults=2&amp;no_rooms=1&amp;group_children=0&amp;req_children=0&amp;hpos=5&amp;hapos=30&amp;sr_order=score&amp;nflt=ht_id%3D201&amp;srpvid=72b45d2ab4c60a34&amp;srepoch=1752425542&amp;all_sr_blocks=1064616102_378849201_2_0_0&amp;highlighted_blocks=1064616102_378849201_2_0_0&amp;matching_block_id=1064616102_378849201_2_0_0&amp;sr_pri_blocks=1064616102_378849201_2_0_0__46626&amp;from=searchresults&amp;activeTab=main&quot;,&quot;is_external&quot;:&quot;&quot;,&quot;nofollow&quot;:&quot;&quot;,&quot;custom_attributes&quot;:&quot;&quot;},&quot;premium_gallery_link_whole&quot;:&quot;yes&quot;,&quot;index&quot;:40,&quot;premium_gallery_image_cell&quot;:{&quot;unit&quot;:&quot;px&quot;,&quot;size&quot;:4,&quot;sizes&quot;:[]},&quot;premium_gallery_image_cell_tablet&quot;:{&quot;unit&quot;:&quot;px&quot;,&quot;size&quot;:&quot;&quot;,&quot;sizes&quot;:[]},&quot;premium_gallery_image_cell_mobile&quot;:{&quot;unit&quot;:&quot;px&quot;,&quot;size&quot;:&quot;&quot;,&quot;sizes&quot;:[]},&quot;premium_gallery_image_vcell&quot;:{&quot;unit&quot;:&quot;px&quot;,&quot;size&quot;:4,&quot;sizes&quot;:[]},&quot;premium_gallery_image_vcell_tablet&quot;:{&quot;unit&quot;:&quot;px&quot;,&quot;size&quot;:&quot;&quot;,&quot;sizes&quot;:[]},&quot;premium_gallery_image_vcell_mobile&quot;:{&quot;unit&quot;:&quot;px&quot;,&quot;size&quot;:&quot;&quot;,&quot;sizes&quot;:[]},&quot;premium_gallery_video&quot;:&quot;&quot;,&quot;premium_gallery_video_type&quot;:null,&quot;premium_gallery_video_url&quot;:null,&quot;premium_gallery_video_self&quot;:null,&quot;premium_gallery_video_self_url&quot;:null,&quot;premium_gallery_video_controls&quot;:null,&quot;premium_gallery_video_mute&quot;:null,&quot;premium_gallery_video_loop&quot;:null,&quot;download_button&quot;:null,&quot;privacy_mode&quot;:null,&quot;premmium_gallery_img_info&quot;:&quot;&quot;,&quot;premium_gallery_img_desc&quot;:&quot;&quot;,&quot;premium_gallery_img_link_type&quot;:&quot;url&quot;,&quot;premium_gallery_img_existing&quot;:null,&quot;premium_gallery_lightbox_whole&quot;:&quot;&quot;},{&quot;_id&quot;:&quot;1154573&quot;,&quot;premium_gallery_img&quot;:{&quot;url&quot;:&quot;https:\\\/\\\/welikecanarias.com\\\/wp-content\\\/uploads\\\/2025\\\/07\\\/Villas-Mariposas-Dreams.jpg&quot;,&quot;id&quot;:74059,&quot;size&quot;:&quot;&quot;,&quot;alt&quot;:&quot;Vista de Villas Mariposas Dreams, una de las villas con encanto en Fuerteventura&quot;,&quot;source&quot;:&quot;library&quot;},&quot;premium_gallery_img_name&quot;:&quot;Mariposas Dreams Villen&quot;,&quot;premium_gallery_img_category&quot;:&quot;Fincas y Villas&quot;,&quot;premium_gallery_img_link&quot;:{&quot;url&quot;:&quot;https:\\\/\\\/www.booking.com\\\/hotel\\\/es\\\/mariposas-dreams-corralejo.es.html?label=affnetcj-15773516_pub-6943326_site-101123175_pname-Juan%20Jos%C3%A9%20Mart%C3%ADn%20Jerez_clkid-_cjevent-9d13f9b660eb11f082c6000b0a18b8fc&amp;aid=818286&amp;ucfs=1&amp;arphpl=1&amp;checkin=2025-10-27&amp;checkout=2025-11-01&amp;dest_id=752&amp;dest_type=region&amp;group_adults=2&amp;req_adults=2&amp;no_rooms=1&amp;group_children=0&amp;req_children=0&amp;hpos=24&amp;hapos=49&amp;sr_order=score&amp;nflt=price%3DEUR-min-270-1%3Bht_id%3D213&amp;srpvid=1c07821f5fd21578&amp;srepoch=1752605127&amp;all_sr_blocks=647059802_265964311_7_0_0&amp;highlighted_blocks=647059802_265964311_7_0_0&amp;matching_block_id=647059802_265964311_7_0_0&amp;sr_pri_blocks=647059802_265964311_7_0_0__126000&amp;from=searchresults&amp;activeTab=main3%ADn%20Jerez_clkid-_cjevent-9d953fee5fc011f0816b01c50a18b8f8&amp;aid=818286&amp;ucfs=1&amp;arphpl=1&amp;checkin=2025-10-15&amp;checkout=2025-10-19&amp;dest_id=760&amp;dest_type=region&amp;group_adults=2&amp;req_adults=2&amp;no_rooms=1&amp;group_children=0&amp;req_children=0&amp;hpos=14&amp;hapos=39&amp;sr_order=score&amp;nflt=ht_id%3D201&amp;srpvid=72b45d2ab4c60a34&amp;srepoch=1752425542&amp;all_sr_blocks=977990501_377425734_2_0_0&amp;highlighted_blocks=977990501_377425734_2_0_0&amp;matching_block_id=977990501_377425734_2_0_0&amp;sr_pri_blocks=977990501_377425734_2_0_0__100744&amp;from=searchresults&amp;activeTab=main&quot;,&quot;is_external&quot;:&quot;&quot;,&quot;nofollow&quot;:&quot;&quot;,&quot;custom_attributes&quot;:&quot;&quot;},&quot;premium_gallery_link_whole&quot;:&quot;yes&quot;,&quot;index&quot;:41,&quot;premium_gallery_image_cell&quot;:{&quot;unit&quot;:&quot;px&quot;,&quot;size&quot;:4,&quot;sizes&quot;:[]},&quot;premium_gallery_image_cell_tablet&quot;:{&quot;unit&quot;:&quot;px&quot;,&quot;size&quot;:&quot;&quot;,&quot;sizes&quot;:[]},&quot;premium_gallery_image_cell_mobile&quot;:{&quot;unit&quot;:&quot;px&quot;,&quot;size&quot;:&quot;&quot;,&quot;sizes&quot;:[]},&quot;premium_gallery_image_vcell&quot;:{&quot;unit&quot;:&quot;px&quot;,&quot;size&quot;:4,&quot;sizes&quot;:[]},&quot;premium_gallery_image_vcell_tablet&quot;:{&quot;unit&quot;:&quot;px&quot;,&quot;size&quot;:&quot;&quot;,&quot;sizes&quot;:[]},&quot;premium_gallery_image_vcell_mobile&quot;:{&quot;unit&quot;:&quot;px&quot;,&quot;size&quot;:&quot;&quot;,&quot;sizes&quot;:[]},&quot;premium_gallery_video&quot;:&quot;&quot;,&quot;premium_gallery_video_type&quot;:null,&quot;premium_gallery_video_url&quot;:null,&quot;premium_gallery_video_self&quot;:null,&quot;premium_gallery_video_self_url&quot;:null,&quot;premium_gallery_video_controls&quot;:null,&quot;premium_gallery_video_mute&quot;:null,&quot;premium_gallery_video_loop&quot;:null,&quot;download_button&quot;:null,&quot;privacy_mode&quot;:null,&quot;premmium_gallery_img_info&quot;:&quot;&quot;,&quot;premium_gallery_img_desc&quot;:&quot;&quot;,&quot;premium_gallery_img_link_type&quot;:&quot;url&quot;,&quot;premium_gallery_img_existing&quot;:null,&quot;premium_gallery_lightbox_whole&quot;:&quot;&quot;},{&quot;_id&quot;:&quot;7a1bc50&quot;,&quot;premium_gallery_img&quot;:{&quot;url&quot;:&quot;https:\\\/\\\/welikecanarias.com\\\/wp-content\\\/uploads\\\/2025\\\/07\\\/Villa-Lavayarena-fuerteventura.jpg&quot;,&quot;id&quot;:74068,&quot;size&quot;:&quot;&quot;,&quot;alt&quot;:&quot;Vista de Villa Lavayarena , una de las villas con encanto en Fuerteventura&quot;,&quot;source&quot;:&quot;library&quot;},&quot;premium_gallery_img_name&quot;:&quot;Villa Lavayarena  &quot;,&quot;premium_gallery_img_category&quot;:&quot;Fincas y Villas&quot;,&quot;premium_gallery_img_link&quot;:{&quot;url&quot;:&quot;https:\\\/\\\/www.booking.com\\\/hotel\\\/es\\\/villa-lavayarena.es.html?label=affnetcj-15773516_pub-6943326_site-101123175_pname-Juan%20Jos%C3%A9%20Mart%C3%ADn%20Jerez_clkid-_cjevent-9d13f9b660eb11f082c6000b0a18b8fc&amp;aid=818286&amp;ucfs=1&amp;arphpl=1&amp;checkin=2025-10-20&amp;checkout=2025-10-25&amp;dest_id=752&amp;dest_type=region&amp;group_adults=2&amp;req_adults=2&amp;no_rooms=1&amp;group_children=0&amp;req_children=0&amp;hpos=23&amp;hapos=23&amp;sr_order=score&amp;nflt=price%3DEUR-min-270-1%3Bht_id%3D201&amp;srpvid=1c07821f5fd21578&amp;srepoch=1752605932&amp;all_sr_blocks=1066410201_406264273_2_0_0&amp;highlighted_blocks=1066410201_406264273_2_0_0&amp;matching_block_id=1066410201_406264273_2_0_0&amp;sr_pri_blocks=1066410201_406264273_2_0_0__88088&amp;from=searchresults&amp;activeTab=main&quot;,&quot;is_external&quot;:&quot;&quot;,&quot;nofollow&quot;:&quot;&quot;,&quot;custom_attributes&quot;:&quot;&quot;},&quot;premium_gallery_link_whole&quot;:&quot;yes&quot;,&quot;premium_gallery_image_vcell&quot;:{&quot;unit&quot;:&quot;px&quot;,&quot;size&quot;:2,&quot;sizes&quot;:[]},&quot;index&quot;:42,&quot;premium_gallery_image_cell&quot;:{&quot;unit&quot;:&quot;px&quot;,&quot;size&quot;:4,&quot;sizes&quot;:[]},&quot;premium_gallery_image_cell_tablet&quot;:{&quot;unit&quot;:&quot;px&quot;,&quot;size&quot;:&quot;&quot;,&quot;sizes&quot;:[]},&quot;premium_gallery_image_cell_mobile&quot;:{&quot;unit&quot;:&quot;px&quot;,&quot;size&quot;:&quot;&quot;,&quot;sizes&quot;:[]},&quot;premium_gallery_image_vcell_tablet&quot;:{&quot;unit&quot;:&quot;px&quot;,&quot;size&quot;:&quot;&quot;,&quot;sizes&quot;:[]},&quot;premium_gallery_image_vcell_mobile&quot;:{&quot;unit&quot;:&quot;px&quot;,&quot;size&quot;:&quot;&quot;,&quot;sizes&quot;:[]},&quot;premium_gallery_video&quot;:&quot;&quot;,&quot;premium_gallery_video_type&quot;:null,&quot;premium_gallery_video_url&quot;:null,&quot;premium_gallery_video_self&quot;:null,&quot;premium_gallery_video_self_url&quot;:null,&quot;premium_gallery_video_controls&quot;:null,&quot;premium_gallery_video_mute&quot;:null,&quot;premium_gallery_video_loop&quot;:null,&quot;download_button&quot;:null,&quot;privacy_mode&quot;:null,&quot;premmium_gallery_img_info&quot;:&quot;&quot;,&quot;premium_gallery_img_desc&quot;:&quot;&quot;,&quot;premium_gallery_img_link_type&quot;:&quot;url&quot;,&quot;premium_gallery_img_existing&quot;:null,&quot;premium_gallery_lightbox_whole&quot;:&quot;&quot;},{&quot;_id&quot;:&quot;83bdb34&quot;,&quot;premium_gallery_img&quot;:{&quot;url&quot;:&quot;https:\\\/\\\/welikecanarias.com\\\/wp-content\\\/uploads\\\/2025\\\/07\\\/Exclusive-Design-Loft-fuerteventura.jpg&quot;,&quot;id&quot;:74288,&quot;size&quot;:&quot;&quot;,&quot;alt&quot;:&quot;&quot;,&quot;source&quot;:&quot;library&quot;},&quot;premium_gallery_img_name&quot;:&quot;Exklusives Design-Loft&quot;,&quot;premium_gallery_img_category&quot;:&quot;Casas rurales y Apartamentos&quot;,&quot;premium_gallery_img_link&quot;:{&quot;url&quot;:&quot;https:\\\/\\\/www.booking.com\\\/hotel\\\/es\\\/exclusive-design-loft-7-minutes-from-the-beach.es.html?label=affnetcj-15773516_pub-6943326_site-101123175_pname-Juan%20Jos%C3%A9%20Mart%C3%ADn%20Jerez_clkid-_cjevent-4ca1b34763ed11f080aa00740a18ba74&amp;aid=818286&amp;ucfs=1&amp;arphpl=1&amp;checkin=2025-10-13&amp;checkout=2025-10-18&amp;dest_id=752&amp;dest_type=region&amp;group_adults=2&amp;req_adults=2&amp;no_rooms=1&amp;group_children=0&amp;req_children=0&amp;hpos=5&amp;hapos=5&amp;sr_order=score&amp;nflt=ht_id%3D201&amp;srpvid=a0716e0e9da60799&amp;srepoch=1752853217&amp;all_sr_blocks=1034196401_408422409_2_0_0&amp;highlighted_blocks=1034196401_408422409_2_0_0&amp;matching_block_id=1034196401_408422409_2_0_0&amp;sr_pri_blocks=1034196401_408422409_2_0_0__57664&amp;from=searchresults&amp;activeTab=main&quot;,&quot;is_external&quot;:&quot;&quot;,&quot;nofollow&quot;:&quot;&quot;,&quot;custom_attributes&quot;:&quot;&quot;},&quot;premium_gallery_link_whole&quot;:&quot;yes&quot;,&quot;index&quot;:43,&quot;premium_gallery_image_cell&quot;:{&quot;unit&quot;:&quot;px&quot;,&quot;size&quot;:4,&quot;sizes&quot;:[]},&quot;premium_gallery_image_cell_tablet&quot;:{&quot;unit&quot;:&quot;px&quot;,&quot;size&quot;:&quot;&quot;,&quot;sizes&quot;:[]},&quot;premium_gallery_image_cell_mobile&quot;:{&quot;unit&quot;:&quot;px&quot;,&quot;size&quot;:&quot;&quot;,&quot;sizes&quot;:[]},&quot;premium_gallery_image_vcell&quot;:{&quot;unit&quot;:&quot;px&quot;,&quot;size&quot;:4,&quot;sizes&quot;:[]},&quot;premium_gallery_image_vcell_tablet&quot;:{&quot;unit&quot;:&quot;px&quot;,&quot;size&quot;:&quot;&quot;,&quot;sizes&quot;:[]},&quot;premium_gallery_image_vcell_mobile&quot;:{&quot;unit&quot;:&quot;px&quot;,&quot;size&quot;:&quot;&quot;,&quot;sizes&quot;:[]},&quot;premium_gallery_video&quot;:&quot;&quot;,&quot;premium_gallery_video_type&quot;:null,&quot;premium_gallery_video_url&quot;:null,&quot;premium_gallery_video_self&quot;:null,&quot;premium_gallery_video_self_url&quot;:null,&quot;premium_gallery_video_controls&quot;:null,&quot;premium_gallery_video_mute&quot;:null,&quot;premium_gallery_video_loop&quot;:null,&quot;download_button&quot;:null,&quot;privacy_mode&quot;:null,&quot;premmium_gallery_img_info&quot;:&quot;&quot;,&quot;premium_gallery_img_desc&quot;:&quot;&quot;,&quot;premium_gallery_img_link_type&quot;:&quot;url&quot;,&quot;premium_gallery_img_existing&quot;:null,&quot;premium_gallery_lightbox_whole&quot;:&quot;&quot;},{&quot;_id&quot;:&quot;6c2e5fe&quot;,&quot;premium_gallery_img&quot;:{&quot;url&quot;:&quot;https:\\\/\\\/welikecanarias.com\\\/wp-content\\\/uploads\\\/2025\\\/07\\\/Beautiful-house-with-pool.jpg&quot;,&quot;id&quot;:74294,&quot;size&quot;:&quot;&quot;,&quot;alt&quot;:&quot;&quot;,&quot;source&quot;:&quot;library&quot;},&quot;premium_gallery_img_name&quot;:&quot;Sch\\u00f6nes Haus mit Pool&quot;,&quot;premium_gallery_img_category&quot;:&quot;Casas rurales y Apartamentos&quot;,&quot;premium_gallery_img_link&quot;:{&quot;url&quot;:&quot;https:\\\/\\\/www.booking.com\\\/hotel\\\/es\\\/beautiful-house-with-pool-car-available-castillo-caleta-de-fuste.es.html?label=affnetcj-15773516_pub-6943326_site-101123175_pname-Juan%20Jos%C3%A9%20Mart%C3%ADn%20Jerez_clkid-_cjevent-db45caad63ed11f08267006d0a18b8f9&amp;aid=818286&amp;ucfs=1&amp;arphpl=1&amp;checkin=2025-10-06&amp;checkout=2025-10-11&amp;dest_id=752&amp;dest_type=region&amp;group_adults=2&amp;req_adults=2&amp;no_rooms=1&amp;group_children=0&amp;req_children=0&amp;hpos=11&amp;hapos=11&amp;sr_order=score&amp;nflt=ht_id%3D201&amp;srpvid=9fc26e871107031f&amp;srepoch=1752853412&amp;all_sr_blocks=889098801_410231545_2_0_0&amp;highlighted_blocks=889098801_410231545_2_0_0&amp;matching_block_id=889098801_410231545_2_0_0&amp;sr_pri_blocks=889098801_410231545_2_0_0__55000&amp;from=searchresults&amp;activeTab=main&quot;,&quot;is_external&quot;:&quot;&quot;,&quot;nofollow&quot;:&quot;&quot;,&quot;custom_attributes&quot;:&quot;&quot;},&quot;premium_gallery_link_whole&quot;:&quot;yes&quot;,&quot;index&quot;:44,&quot;premium_gallery_image_cell&quot;:{&quot;unit&quot;:&quot;px&quot;,&quot;size&quot;:4,&quot;sizes&quot;:[]},&quot;premium_gallery_image_cell_tablet&quot;:{&quot;unit&quot;:&quot;px&quot;,&quot;size&quot;:&quot;&quot;,&quot;sizes&quot;:[]},&quot;premium_gallery_image_cell_mobile&quot;:{&quot;unit&quot;:&quot;px&quot;,&quot;size&quot;:&quot;&quot;,&quot;sizes&quot;:[]},&quot;premium_gallery_image_vcell&quot;:{&quot;unit&quot;:&quot;px&quot;,&quot;size&quot;:4,&quot;sizes&quot;:[]},&quot;premium_gallery_image_vcell_tablet&quot;:{&quot;unit&quot;:&quot;px&quot;,&quot;size&quot;:&quot;&quot;,&quot;sizes&quot;:[]},&quot;premium_gallery_image_vcell_mobile&quot;:{&quot;unit&quot;:&quot;px&quot;,&quot;size&quot;:&quot;&quot;,&quot;sizes&quot;:[]},&quot;premium_gallery_video&quot;:&quot;&quot;,&quot;premium_gallery_video_type&quot;:null,&quot;premium_gallery_video_url&quot;:null,&quot;premium_gallery_video_self&quot;:null,&quot;premium_gallery_video_self_url&quot;:null,&quot;premium_gallery_video_controls&quot;:null,&quot;premium_gallery_video_mute&quot;:null,&quot;premium_gallery_video_loop&quot;:null,&quot;download_button&quot;:null,&quot;privacy_mode&quot;:null,&quot;premmium_gallery_img_info&quot;:&quot;&quot;,&quot;premium_gallery_img_desc&quot;:&quot;&quot;,&quot;premium_gallery_img_link_type&quot;:&quot;url&quot;,&quot;premium_gallery_img_existing&quot;:null,&quot;premium_gallery_lightbox_whole&quot;:&quot;&quot;},{&quot;_id&quot;:&quot;a77128f&quot;,&quot;premium_gallery_img&quot;:{&quot;url&quot;:&quot;https:\\\/\\\/welikecanarias.com\\\/wp-content\\\/uploads\\\/2025\\\/07\\\/Esti-Chill-Stay-fuerteventura.jpg&quot;,&quot;id&quot;:74300,&quot;size&quot;:&quot;&quot;,&quot;alt&quot;:&quot;Vista de Esti Chill &amp; Stay, uno de los apartamentos con encanto en Fuerteventura&quot;,&quot;source&quot;:&quot;library&quot;},&quot;premium_gallery_img_name&quot;:&quot;Esti Chill &amp; Stay&quot;,&quot;premium_gallery_img_category&quot;:&quot;Casas rurales y Apartamentos&quot;,&quot;premium_gallery_img_link&quot;:{&quot;url&quot;:&quot;https:\\\/\\\/www.booking.com\\\/hotel\\\/es\\\/esti-chill-amp-stay.es.html?label=affnetcj-15773516_pub-6943326_site-101123175_pname-Juan%20Jos%C3%A9%20Mart%C3%ADn%20Jerez_clkid-_cjevent-db45caad63ed11f08267006d0a18b8f9&amp;aid=818286&amp;ucfs=1&amp;arphpl=1&amp;checkin=2025-10-27&amp;checkout=2025-11-01&amp;dest_id=752&amp;dest_type=region&amp;group_adults=2&amp;req_adults=2&amp;no_rooms=1&amp;group_children=0&amp;req_children=0&amp;hpos=13&amp;hapos=13&amp;sr_order=score&amp;nflt=ht_id%3D201&amp;srpvid=9fc26e871107031f&amp;srepoch=1752853510&amp;all_sr_blocks=1391781701_411144615_2_0_0&amp;highlighted_blocks=1391781701_411144615_2_0_0&amp;matching_block_id=1391781701_411144615_2_0_0&amp;sr_pri_blocks=1391781701_411144615_2_0_0__43011&amp;from=searchresults&amp;activeTab=main&quot;,&quot;is_external&quot;:&quot;&quot;,&quot;nofollow&quot;:&quot;&quot;,&quot;custom_attributes&quot;:&quot;&quot;},&quot;premium_gallery_link_whole&quot;:&quot;yes&quot;,&quot;index&quot;:45,&quot;premium_gallery_image_cell&quot;:{&quot;unit&quot;:&quot;px&quot;,&quot;size&quot;:4,&quot;sizes&quot;:[]},&quot;premium_gallery_image_cell_tablet&quot;:{&quot;unit&quot;:&quot;px&quot;,&quot;size&quot;:&quot;&quot;,&quot;sizes&quot;:[]},&quot;premium_gallery_image_cell_mobile&quot;:{&quot;unit&quot;:&quot;px&quot;,&quot;size&quot;:&quot;&quot;,&quot;sizes&quot;:[]},&quot;premium_gallery_image_vcell&quot;:{&quot;unit&quot;:&quot;px&quot;,&quot;size&quot;:4,&quot;sizes&quot;:[]},&quot;premium_gallery_image_vcell_tablet&quot;:{&quot;unit&quot;:&quot;px&quot;,&quot;size&quot;:&quot;&quot;,&quot;sizes&quot;:[]},&quot;premium_gallery_image_vcell_mobile&quot;:{&quot;unit&quot;:&quot;px&quot;,&quot;size&quot;:&quot;&quot;,&quot;sizes&quot;:[]},&quot;premium_gallery_video&quot;:&quot;&quot;,&quot;premium_gallery_video_type&quot;:null,&quot;premium_gallery_video_url&quot;:null,&quot;premium_gallery_video_self&quot;:null,&quot;premium_gallery_video_self_url&quot;:null,&quot;premium_gallery_video_controls&quot;:null,&quot;premium_gallery_video_mute&quot;:null,&quot;premium_gallery_video_loop&quot;:null,&quot;download_button&quot;:null,&quot;privacy_mode&quot;:null,&quot;premmium_gallery_img_info&quot;:&quot;&quot;,&quot;premium_gallery_img_desc&quot;:&quot;&quot;,&quot;premium_gallery_img_link_type&quot;:&quot;url&quot;,&quot;premium_gallery_img_existing&quot;:null,&quot;premium_gallery_lightbox_whole&quot;:&quot;&quot;},{&quot;_id&quot;:&quot;110b989&quot;,&quot;premium_gallery_img&quot;:{&quot;url&quot;:&quot;https:\\\/\\\/welikecanarias.com\\\/wp-content\\\/uploads\\\/2025\\\/07\\\/Brisa-Vacacional-fuerteventura.jpg&quot;,&quot;id&quot;:74306,&quot;size&quot;:&quot;&quot;,&quot;alt&quot;:&quot;&quot;,&quot;source&quot;:&quot;library&quot;},&quot;premium_gallery_img_name&quot;:&quot;Urlaubsbrise&quot;,&quot;premium_gallery_img_category&quot;:&quot;Fincas y Villas&quot;,&quot;premium_gallery_img_link&quot;:{&quot;url&quot;:&quot;https:\\\/\\\/www.booking.com\\\/hotel\\\/es\\\/brisa-vacacional.es.html?label=affnetcj-15773516_pub-6943326_site-101123175_pname-Juan%20Jos%C3%A9%20Mart%C3%ADn%20Jerez_clkid-_cjevent-db45caad63ed11f08267006d0a18b8f9&amp;aid=818286&amp;ucfs=1&amp;arphpl=1&amp;checkin=2025-10-06&amp;checkout=2025-10-11&amp;dest_id=752&amp;dest_type=region&amp;group_adults=2&amp;req_adults=2&amp;no_rooms=1&amp;group_children=0&amp;req_children=0&amp;hpos=16&amp;hapos=16&amp;sr_order=score&amp;nflt=ht_id%3D201&amp;srpvid=9fc26e871107031f&amp;srepoch=1752853642&amp;all_sr_blocks=1348427301_408694380_4_0_0&amp;highlighted_blocks=1348427301_408694380_4_0_0&amp;matching_block_id=1348427301_408694380_4_0_0&amp;sr_pri_blocks=1348427301_408694380_4_0_0__152500&amp;from=searchresults&amp;activeTab=mainC3%ADn%20Jerez_clkid-_cjevent-db45caad63ed11f08267006d0a18b8f9&amp;aid=818286&amp;ucfs=1&amp;arphpl=1&amp;checkin=2025-10-06&amp;checkout=2025-10-11&amp;dest_id=752&amp;dest_type=region&amp;group_adults=2&amp;req_adults=2&amp;no_rooms=1&amp;group_children=0&amp;req_children=0&amp;hpos=16&amp;hapos=16&amp;sr_order=score&amp;nflt=ht_id%3D201&amp;srpvid=9fc26e871107031f&amp;srepoch=1752853642&amp;all_sr_blocks=1348427301_408694380_4_0_0&amp;highlighted_blocks=1348427301_408694380_4_0_0&amp;matching_block_id=1348427301_408694380_4_0_0&amp;sr_pri_blocks=1348427301_408694380_4_0_0__152500&amp;from=searchresults&amp;activeTab=main&quot;,&quot;is_external&quot;:&quot;&quot;,&quot;nofollow&quot;:&quot;&quot;,&quot;custom_attributes&quot;:&quot;&quot;},&quot;premium_gallery_link_whole&quot;:&quot;yes&quot;,&quot;index&quot;:46,&quot;premium_gallery_image_cell&quot;:{&quot;unit&quot;:&quot;px&quot;,&quot;size&quot;:4,&quot;sizes&quot;:[]},&quot;premium_gallery_image_cell_tablet&quot;:{&quot;unit&quot;:&quot;px&quot;,&quot;size&quot;:&quot;&quot;,&quot;sizes&quot;:[]},&quot;premium_gallery_image_cell_mobile&quot;:{&quot;unit&quot;:&quot;px&quot;,&quot;size&quot;:&quot;&quot;,&quot;sizes&quot;:[]},&quot;premium_gallery_image_vcell&quot;:{&quot;unit&quot;:&quot;px&quot;,&quot;size&quot;:4,&quot;sizes&quot;:[]},&quot;premium_gallery_image_vcell_tablet&quot;:{&quot;unit&quot;:&quot;px&quot;,&quot;size&quot;:&quot;&quot;,&quot;sizes&quot;:[]},&quot;premium_gallery_image_vcell_mobile&quot;:{&quot;unit&quot;:&quot;px&quot;,&quot;size&quot;:&quot;&quot;,&quot;sizes&quot;:[]},&quot;premium_gallery_video&quot;:&quot;&quot;,&quot;premium_gallery_video_type&quot;:null,&quot;premium_gallery_video_url&quot;:null,&quot;premium_gallery_video_self&quot;:null,&quot;premium_gallery_video_self_url&quot;:null,&quot;premium_gallery_video_controls&quot;:null,&quot;premium_gallery_video_mute&quot;:null,&quot;premium_gallery_video_loop&quot;:null,&quot;download_button&quot;:null,&quot;privacy_mode&quot;:null,&quot;premmium_gallery_img_info&quot;:&quot;&quot;,&quot;premium_gallery_img_desc&quot;:&quot;&quot;,&quot;premium_gallery_img_link_type&quot;:&quot;url&quot;,&quot;premium_gallery_img_existing&quot;:null,&quot;premium_gallery_lightbox_whole&quot;:&quot;&quot;},{&quot;_id&quot;:&quot;8040d2f&quot;,&quot;premium_gallery_img&quot;:{&quot;url&quot;:&quot;https:\\\/\\\/welikecanarias.com\\\/wp-content\\\/uploads\\\/2025\\\/07\\\/Suite-Dreams-Fuerteventura.jpg&quot;,&quot;id&quot;:74315,&quot;size&quot;:&quot;&quot;,&quot;alt&quot;:&quot;&quot;,&quot;source&quot;:&quot;library&quot;},&quot;premium_gallery_img_name&quot;:&quot;Dreams Fuerteventura Suite&quot;,&quot;premium_gallery_img_category&quot;:&quot;Casas rurales y Apartamentos&quot;,&quot;premium_gallery_img_link&quot;:{&quot;url&quot;:&quot;https:\\\/\\\/www.booking.com\\\/hotel\\\/es\\\/suite-dream-fuerteventura-las-palmas.es.html?label=affnetcj-15773516_pub-6943326_site-101123175_pname-Juan%20Jos%C3%A9%20Mart%C3%ADn%20Jerez_clkid-_cjevent-db45caad63ed11f08267006d0a18b8f9&amp;aid=818286&amp;ucfs=1&amp;arphpl=1&amp;checkin=2025-10-27&amp;checkout=2025-11-01&amp;dest_id=752&amp;dest_type=region&amp;group_adults=2&amp;req_adults=2&amp;no_rooms=1&amp;group_children=0&amp;req_children=0&amp;hpos=6&amp;hapos=31&amp;sr_order=score&amp;nflt=ht_id%3D201&amp;srpvid=9fc26e871107031f&amp;srepoch=1752853763&amp;all_sr_blocks=850522201_352227974_2_0_0&amp;highlighted_blocks=850522201_352227974_2_0_0&amp;matching_block_id=850522201_352227974_2_0_0&amp;sr_pri_blocks=850522201_352227974_2_0_0__39690&amp;from=searchresults&amp;activeTab=main&quot;,&quot;is_external&quot;:&quot;&quot;,&quot;nofollow&quot;:&quot;&quot;,&quot;custom_attributes&quot;:&quot;&quot;},&quot;premium_gallery_link_whole&quot;:&quot;yes&quot;,&quot;index&quot;:47,&quot;premium_gallery_image_cell&quot;:{&quot;unit&quot;:&quot;px&quot;,&quot;size&quot;:4,&quot;sizes&quot;:[]},&quot;premium_gallery_image_cell_tablet&quot;:{&quot;unit&quot;:&quot;px&quot;,&quot;size&quot;:&quot;&quot;,&quot;sizes&quot;:[]},&quot;premium_gallery_image_cell_mobile&quot;:{&quot;unit&quot;:&quot;px&quot;,&quot;size&quot;:&quot;&quot;,&quot;sizes&quot;:[]},&quot;premium_gallery_image_vcell&quot;:{&quot;unit&quot;:&quot;px&quot;,&quot;size&quot;:4,&quot;sizes&quot;:[]},&quot;premium_gallery_image_vcell_tablet&quot;:{&quot;unit&quot;:&quot;px&quot;,&quot;size&quot;:&quot;&quot;,&quot;sizes&quot;:[]},&quot;premium_gallery_image_vcell_mobile&quot;:{&quot;unit&quot;:&quot;px&quot;,&quot;size&quot;:&quot;&quot;,&quot;sizes&quot;:[]},&quot;premium_gallery_video&quot;:&quot;&quot;,&quot;premium_gallery_video_type&quot;:null,&quot;premium_gallery_video_url&quot;:null,&quot;premium_gallery_video_self&quot;:null,&quot;premium_gallery_video_self_url&quot;:null,&quot;premium_gallery_video_controls&quot;:null,&quot;premium_gallery_video_mute&quot;:null,&quot;premium_gallery_video_loop&quot;:null,&quot;download_button&quot;:null,&quot;privacy_mode&quot;:null,&quot;premmium_gallery_img_info&quot;:&quot;&quot;,&quot;premium_gallery_img_desc&quot;:&quot;&quot;,&quot;premium_gallery_img_link_type&quot;:&quot;url&quot;,&quot;premium_gallery_img_existing&quot;:null,&quot;premium_gallery_lightbox_whole&quot;:&quot;&quot;},{&quot;_id&quot;:&quot;9a3e943&quot;,&quot;premium_gallery_img&quot;:{&quot;url&quot;:&quot;https:\\\/\\\/welikecanarias.com\\\/wp-content\\\/uploads\\\/2025\\\/07\\\/Fuerte-Calma-Luxury-Apartment.jpg&quot;,&quot;id&quot;:74321,&quot;size&quot;:&quot;&quot;,&quot;alt&quot;:&quot;Vista de Fuerte Calma Luxury Apartment, uno de los apartamentos con encanto en Fuerteventura&quot;,&quot;source&quot;:&quot;library&quot;},&quot;premium_gallery_img_name&quot;:&quot;Fuerte Calma Luxus Wohnung&quot;,&quot;premium_gallery_img_category&quot;:&quot;Casas rurales y Apartamentos&quot;,&quot;premium_gallery_img_link&quot;:{&quot;url&quot;:&quot;https:\\\/\\\/www.booking.com\\\/hotel\\\/es\\\/fuerte-calma-with-swimming-pool.es.html?label=affnetcj-15773516_pub-6943326_site-101123175_pname-Juan%20Jos%C3%A9%20Mart%C3%ADn%20Jerez_clkid-_cjevent-db45caad63ed11f08267006d0a18b8f9&amp;aid=818286&amp;ucfs=1&amp;arphpl=1&amp;checkin=2025-10-27&amp;checkout=2025-11-01&amp;dest_id=752&amp;dest_type=region&amp;group_adults=2&amp;req_adults=2&amp;no_rooms=1&amp;group_children=0&amp;req_children=0&amp;hpos=8&amp;hapos=33&amp;sr_order=score&amp;nflt=ht_id%3D201&amp;srpvid=9fc26e871107031f&amp;srepoch=1752853763&amp;all_sr_blocks=1195082501_391789541_0_0_0&amp;highlighted_blocks=1195082501_391789541_0_0_0&amp;matching_block_id=1195082501_391789541_0_0_0&amp;sr_pri_blocks=1195082501_391789541_0_0_0__60000&amp;from=searchresults&amp;activeTab=main&quot;,&quot;is_external&quot;:&quot;&quot;,&quot;nofollow&quot;:&quot;&quot;,&quot;custom_attributes&quot;:&quot;&quot;},&quot;premium_gallery_link_whole&quot;:&quot;yes&quot;,&quot;index&quot;:48,&quot;premium_gallery_image_cell&quot;:{&quot;unit&quot;:&quot;px&quot;,&quot;size&quot;:4,&quot;sizes&quot;:[]},&quot;premium_gallery_image_cell_tablet&quot;:{&quot;unit&quot;:&quot;px&quot;,&quot;size&quot;:&quot;&quot;,&quot;sizes&quot;:[]},&quot;premium_gallery_image_cell_mobile&quot;:{&quot;unit&quot;:&quot;px&quot;,&quot;size&quot;:&quot;&quot;,&quot;sizes&quot;:[]},&quot;premium_gallery_image_vcell&quot;:{&quot;unit&quot;:&quot;px&quot;,&quot;size&quot;:4,&quot;sizes&quot;:[]},&quot;premium_gallery_image_vcell_tablet&quot;:{&quot;unit&quot;:&quot;px&quot;,&quot;size&quot;:&quot;&quot;,&quot;sizes&quot;:[]},&quot;premium_gallery_image_vcell_mobile&quot;:{&quot;unit&quot;:&quot;px&quot;,&quot;size&quot;:&quot;&quot;,&quot;sizes&quot;:[]},&quot;premium_gallery_video&quot;:&quot;&quot;,&quot;premium_gallery_video_type&quot;:null,&quot;premium_gallery_video_url&quot;:null,&quot;premium_gallery_video_self&quot;:null,&quot;premium_gallery_video_self_url&quot;:null,&quot;premium_gallery_video_controls&quot;:null,&quot;premium_gallery_video_mute&quot;:null,&quot;premium_gallery_video_loop&quot;:null,&quot;download_button&quot;:null,&quot;privacy_mode&quot;:null,&quot;premmium_gallery_img_info&quot;:&quot;&quot;,&quot;premium_gallery_img_desc&quot;:&quot;&quot;,&quot;premium_gallery_img_link_type&quot;:&quot;url&quot;,&quot;premium_gallery_img_existing&quot;:null,&quot;premium_gallery_lightbox_whole&quot;:&quot;&quot;},{&quot;_id&quot;:&quot;28c6bbf&quot;,&quot;premium_gallery_img&quot;:{&quot;url&quot;:&quot;https:\\\/\\\/welikecanarias.com\\\/wp-content\\\/uploads\\\/2025\\\/07\\\/Momi-s-House-Corralejo-Dunas.jpg&quot;,&quot;id&quot;:74327,&quot;size&quot;:&quot;&quot;,&quot;alt&quot;:&quot;&quot;,&quot;source&quot;:&quot;library&quot;},&quot;premium_gallery_img_name&quot;:&quot;Momi-s Haus Corralejo Dunas&quot;,&quot;premium_gallery_img_category&quot;:&quot;Casas rurales y Apartamentos&quot;,&quot;premium_gallery_img_link&quot;:{&quot;url&quot;:&quot;https:\\\/\\\/www.booking.com\\\/hotel\\\/es\\\/momis-house-boutique-apartment-2-pools-wi-fi.es.html?label=affnetcj-15773516_pub-6943326_site-101123175_pname-Juan%20Jos%C3%A9%20Mart%C3%ADn%20Jerez_clkid-_cjevent-db45caad63ed11f08267006d0a18b8f9&amp;aid=818286&amp;ucfs=1&amp;arphpl=1&amp;checkin=2025-10-13&amp;checkout=2025-10-18&amp;dest_id=752&amp;dest_type=region&amp;group_adults=2&amp;req_adults=2&amp;no_rooms=1&amp;group_children=0&amp;req_children=0&amp;hpos=13&amp;hapos=38&amp;sr_order=score&amp;nflt=ht_id%3D201&amp;srpvid=9fc26e871107031f&amp;srepoch=1752853763&amp;all_sr_blocks=629188401_406670933_2_0_0&amp;highlighted_blocks=629188401_406670933_2_0_0&amp;matching_block_id=629188401_406670933_2_0_0&amp;sr_pri_blocks=629188401_406670933_2_0_0__52500&amp;from=searchresults&amp;activeTab=main&quot;,&quot;is_external&quot;:&quot;&quot;,&quot;nofollow&quot;:&quot;&quot;,&quot;custom_attributes&quot;:&quot;&quot;},&quot;premium_gallery_link_whole&quot;:&quot;yes&quot;,&quot;index&quot;:49,&quot;premium_gallery_image_cell&quot;:{&quot;unit&quot;:&quot;px&quot;,&quot;size&quot;:4,&quot;sizes&quot;:[]},&quot;premium_gallery_image_cell_tablet&quot;:{&quot;unit&quot;:&quot;px&quot;,&quot;size&quot;:&quot;&quot;,&quot;sizes&quot;:[]},&quot;premium_gallery_image_cell_mobile&quot;:{&quot;unit&quot;:&quot;px&quot;,&quot;size&quot;:&quot;&quot;,&quot;sizes&quot;:[]},&quot;premium_gallery_image_vcell&quot;:{&quot;unit&quot;:&quot;px&quot;,&quot;size&quot;:4,&quot;sizes&quot;:[]},&quot;premium_gallery_image_vcell_tablet&quot;:{&quot;unit&quot;:&quot;px&quot;,&quot;size&quot;:&quot;&quot;,&quot;sizes&quot;:[]},&quot;premium_gallery_image_vcell_mobile&quot;:{&quot;unit&quot;:&quot;px&quot;,&quot;size&quot;:&quot;&quot;,&quot;sizes&quot;:[]},&quot;premium_gallery_video&quot;:&quot;&quot;,&quot;premium_gallery_video_type&quot;:null,&quot;premium_gallery_video_url&quot;:null,&quot;premium_gallery_video_self&quot;:null,&quot;premium_gallery_video_self_url&quot;:null,&quot;premium_gallery_video_controls&quot;:null,&quot;premium_gallery_video_mute&quot;:null,&quot;premium_gallery_video_loop&quot;:null,&quot;download_button&quot;:null,&quot;privacy_mode&quot;:null,&quot;premmium_gallery_img_info&quot;:&quot;&quot;,&quot;premium_gallery_img_desc&quot;:&quot;&quot;,&quot;premium_gallery_img_link_type&quot;:&quot;url&quot;,&quot;premium_gallery_img_existing&quot;:null,&quot;premium_gallery_lightbox_whole&quot;:&quot;&quot;},{&quot;_id&quot;:&quot;7af6197&quot;,&quot;premium_gallery_img&quot;:{&quot;url&quot;:&quot;https:\\\/\\\/welikecanarias.com\\\/wp-content\\\/uploads\\\/2025\\\/07\\\/Palm-Beach-Fuerteventura.jpg&quot;,&quot;id&quot;:74333,&quot;size&quot;:&quot;&quot;,&quot;alt&quot;:&quot;Vista de Palm Beach Fuerteventura, uno de los mejores apartamentos en Fuerteventura&quot;,&quot;source&quot;:&quot;library&quot;},&quot;premium_gallery_img_name&quot;:&quot;Palmenstrand Fuerteventura&quot;,&quot;premium_gallery_img_category&quot;:&quot;Casas rurales y Apartamentos&quot;,&quot;premium_gallery_img_link&quot;:{&quot;url&quot;:&quot;https:\\\/\\\/www.booking.com\\\/hotel\\\/es\\\/palm-beach-fuerteventura-close-to-the-beach.es.html?label=affnetcj-15773516_pub-6943326_site-101123175_pname-Juan%20Jos%C3%A9%20Mart%C3%ADn%20Jerez_clkid-_cjevent-db45caad63ed11f08267006d0a18b8f9&amp;aid=818286&amp;ucfs=1&amp;arphpl=1&amp;checkin=2025-10-27&amp;checkout=2025-11-01&amp;dest_id=752&amp;dest_type=region&amp;group_adults=2&amp;req_adults=2&amp;no_rooms=1&amp;group_children=0&amp;req_children=0&amp;hpos=2&amp;hapos=51&amp;sr_order=score&amp;nflt=ht_id%3D201&amp;srpvid=9fc26e871107031f&amp;srepoch=1752854069&amp;all_sr_blocks=897902101_360450482_2_0_0&amp;highlighted_blocks=897902101_360450482_2_0_0&amp;matching_block_id=897902101_360450482_2_0_0&amp;sr_pri_blocks=897902101_360450482_2_0_0__43450&amp;from=searchresults&amp;activeTab=main&quot;,&quot;is_external&quot;:&quot;&quot;,&quot;nofollow&quot;:&quot;&quot;,&quot;custom_attributes&quot;:&quot;&quot;},&quot;premium_gallery_link_whole&quot;:&quot;yes&quot;,&quot;index&quot;:50,&quot;premium_gallery_image_cell&quot;:{&quot;unit&quot;:&quot;px&quot;,&quot;size&quot;:4,&quot;sizes&quot;:[]},&quot;premium_gallery_image_cell_tablet&quot;:{&quot;unit&quot;:&quot;px&quot;,&quot;size&quot;:&quot;&quot;,&quot;sizes&quot;:[]},&quot;premium_gallery_image_cell_mobile&quot;:{&quot;unit&quot;:&quot;px&quot;,&quot;size&quot;:&quot;&quot;,&quot;sizes&quot;:[]},&quot;premium_gallery_image_vcell&quot;:{&quot;unit&quot;:&quot;px&quot;,&quot;size&quot;:4,&quot;sizes&quot;:[]},&quot;premium_gallery_image_vcell_tablet&quot;:{&quot;unit&quot;:&quot;px&quot;,&quot;size&quot;:&quot;&quot;,&quot;sizes&quot;:[]},&quot;premium_gallery_image_vcell_mobile&quot;:{&quot;unit&quot;:&quot;px&quot;,&quot;size&quot;:&quot;&quot;,&quot;sizes&quot;:[]},&quot;premium_gallery_video&quot;:&quot;&quot;,&quot;premium_gallery_video_type&quot;:null,&quot;premium_gallery_video_url&quot;:null,&quot;premium_gallery_video_self&quot;:null,&quot;premium_gallery_video_self_url&quot;:null,&quot;premium_gallery_video_controls&quot;:null,&quot;premium_gallery_video_mute&quot;:null,&quot;premium_gallery_video_loop&quot;:null,&quot;download_button&quot;:null,&quot;privacy_mode&quot;:null,&quot;premmium_gallery_img_info&quot;:&quot;&quot;,&quot;premium_gallery_img_desc&quot;:&quot;&quot;,&quot;premium_gallery_img_link_type&quot;:&quot;url&quot;,&quot;premium_gallery_img_existing&quot;:null,&quot;premium_gallery_lightbox_whole&quot;:&quot;&quot;},{&quot;_id&quot;:&quot;a98e641&quot;,&quot;premium_gallery_img&quot;:{&quot;url&quot;:&quot;https:\\\/\\\/welikecanarias.com\\\/wp-content\\\/uploads\\\/2025\\\/07\\\/Casilla-de-Costa-fuerteventura.jpg&quot;,&quot;id&quot;:74339,&quot;size&quot;:&quot;&quot;,&quot;alt&quot;:&quot;&quot;,&quot;source&quot;:&quot;library&quot;},&quot;premium_gallery_img_name&quot;:&quot;Coastal Box&quot;,&quot;premium_gallery_img_category&quot;:&quot;Casas rurales y Apartamentos&quot;,&quot;premium_gallery_img_link&quot;:{&quot;url&quot;:&quot;https:\\\/\\\/www.booking.com\\\/hotel\\\/es\\\/casilla-de-costa-las-palmas.es.html?label=affnetcj-15773516_pub-6943326_site-101123175_pname-Juan%20Jos%C3%A9%20Mart%C3%ADn%20Jerez_clkid-_cjevent-db45caad63ed11f08267006d0a18b8f9&amp;aid=818286&amp;ucfs=1&amp;arphpl=1&amp;checkin=2025-10-20&amp;checkout=2025-10-25&amp;dest_id=752&amp;dest_type=region&amp;group_adults=2&amp;req_adults=2&amp;no_rooms=1&amp;group_children=0&amp;req_children=0&amp;hpos=5&amp;hapos=54&amp;sr_order=score&amp;nflt=ht_id%3D201&amp;srpvid=9fc26e871107031f&amp;srepoch=1752854069&amp;all_sr_blocks=951666801_390832123_0_0_0&amp;highlighted_blocks=951666801_390832123_0_0_0&amp;matching_block_id=951666801_390832123_0_0_0&amp;sr_pri_blocks=951666801_390832123_0_0_0__44080&amp;from=searchresults&amp;activeTab=main&quot;,&quot;is_external&quot;:&quot;&quot;,&quot;nofollow&quot;:&quot;&quot;,&quot;custom_attributes&quot;:&quot;&quot;},&quot;premium_gallery_link_whole&quot;:&quot;yes&quot;,&quot;index&quot;:51,&quot;premium_gallery_image_cell&quot;:{&quot;unit&quot;:&quot;px&quot;,&quot;size&quot;:4,&quot;sizes&quot;:[]},&quot;premium_gallery_image_cell_tablet&quot;:{&quot;unit&quot;:&quot;px&quot;,&quot;size&quot;:&quot;&quot;,&quot;sizes&quot;:[]},&quot;premium_gallery_image_cell_mobile&quot;:{&quot;unit&quot;:&quot;px&quot;,&quot;size&quot;:&quot;&quot;,&quot;sizes&quot;:[]},&quot;premium_gallery_image_vcell&quot;:{&quot;unit&quot;:&quot;px&quot;,&quot;size&quot;:4,&quot;sizes&quot;:[]},&quot;premium_gallery_image_vcell_tablet&quot;:{&quot;unit&quot;:&quot;px&quot;,&quot;size&quot;:&quot;&quot;,&quot;sizes&quot;:[]},&quot;premium_gallery_image_vcell_mobile&quot;:{&quot;unit&quot;:&quot;px&quot;,&quot;size&quot;:&quot;&quot;,&quot;sizes&quot;:[]},&quot;premium_gallery_video&quot;:&quot;&quot;,&quot;premium_gallery_video_type&quot;:null,&quot;premium_gallery_video_url&quot;:null,&quot;premium_gallery_video_self&quot;:null,&quot;premium_gallery_video_self_url&quot;:null,&quot;premium_gallery_video_controls&quot;:null,&quot;premium_gallery_video_mute&quot;:null,&quot;premium_gallery_video_loop&quot;:null,&quot;download_button&quot;:null,&quot;privacy_mode&quot;:null,&quot;premmium_gallery_img_info&quot;:&quot;&quot;,&quot;premium_gallery_img_desc&quot;:&quot;&quot;,&quot;premium_gallery_img_link_type&quot;:&quot;url&quot;,&quot;premium_gallery_img_existing&quot;:null,&quot;premium_gallery_lightbox_whole&quot;:&quot;&quot;},{&quot;_id&quot;:&quot;b42e00c&quot;,&quot;premium_gallery_img&quot;:{&quot;url&quot;:&quot;https:\\\/\\\/welikecanarias.com\\\/wp-content\\\/uploads\\\/2025\\\/07\\\/Luxury-aparment-in-casilla-de-costa.jpg&quot;,&quot;id&quot;:74345,&quot;size&quot;:&quot;&quot;,&quot;alt&quot;:&quot;&quot;,&quot;source&quot;:&quot;library&quot;},&quot;premium_gallery_img_name&quot;:&quot;Luxus-Apartment in Casilla de Costa&quot;,&quot;premium_gallery_img_category&quot;:&quot;Casas rurales y Apartamentos&quot;,&quot;premium_gallery_img_link&quot;:{&quot;url&quot;:&quot;https:\\\/\\\/www.booking.com\\\/hotel\\\/es\\\/follow-the-sun.es.html?label=affnetcj-15773516_pub-6943326_site-101123175_pname-Juan%20Jos%C3%A9%20Mart%C3%ADn%20Jerez_clkid-_cjevent-db45caad63ed11f08267006d0a18b8f9&amp;aid=818286&amp;ucfs=1&amp;arphpl=1&amp;checkin=2025-10-06&amp;checkout=2025-10-11&amp;dest_id=752&amp;dest_type=region&amp;group_adults=2&amp;req_adults=2&amp;no_rooms=1&amp;group_children=0&amp;req_children=0&amp;hpos=17&amp;hapos=91&amp;sr_order=score&amp;nflt=ht_id%3D201&amp;srpvid=9fc26e871107031f&amp;srepoch=1752854342&amp;all_sr_blocks=932507901_371282838_2_0_0&amp;highlighted_blocks=932507901_371282838_2_0_0&amp;matching_block_id=932507901_371282838_2_0_0&amp;sr_pri_blocks=932507901_371282838_2_0_0__62100&amp;from=searchresults&amp;activeTab=main&quot;,&quot;is_external&quot;:&quot;&quot;,&quot;nofollow&quot;:&quot;&quot;,&quot;custom_attributes&quot;:&quot;&quot;},&quot;premium_gallery_link_whole&quot;:&quot;yes&quot;,&quot;index&quot;:52,&quot;premium_gallery_image_cell&quot;:{&quot;unit&quot;:&quot;px&quot;,&quot;size&quot;:4,&quot;sizes&quot;:[]},&quot;premium_gallery_image_cell_tablet&quot;:{&quot;unit&quot;:&quot;px&quot;,&quot;size&quot;:&quot;&quot;,&quot;sizes&quot;:[]},&quot;premium_gallery_image_cell_mobile&quot;:{&quot;unit&quot;:&quot;px&quot;,&quot;size&quot;:&quot;&quot;,&quot;sizes&quot;:[]},&quot;premium_gallery_image_vcell&quot;:{&quot;unit&quot;:&quot;px&quot;,&quot;size&quot;:4,&quot;sizes&quot;:[]},&quot;premium_gallery_image_vcell_tablet&quot;:{&quot;unit&quot;:&quot;px&quot;,&quot;size&quot;:&quot;&quot;,&quot;sizes&quot;:[]},&quot;premium_gallery_image_vcell_mobile&quot;:{&quot;unit&quot;:&quot;px&quot;,&quot;size&quot;:&quot;&quot;,&quot;sizes&quot;:[]},&quot;premium_gallery_video&quot;:&quot;&quot;,&quot;premium_gallery_video_type&quot;:null,&quot;premium_gallery_video_url&quot;:null,&quot;premium_gallery_video_self&quot;:null,&quot;premium_gallery_video_self_url&quot;:null,&quot;premium_gallery_video_controls&quot;:null,&quot;premium_gallery_video_mute&quot;:null,&quot;premium_gallery_video_loop&quot;:null,&quot;download_button&quot;:null,&quot;privacy_mode&quot;:null,&quot;premmium_gallery_img_info&quot;:&quot;&quot;,&quot;premium_gallery_img_desc&quot;:&quot;&quot;,&quot;premium_gallery_img_link_type&quot;:&quot;url&quot;,&quot;premium_gallery_img_existing&quot;:null,&quot;premium_gallery_lightbox_whole&quot;:&quot;&quot;}]}\" data-widget_type=\"premium-img-gallery.default\">\n\t\t\t\t<div class=\"elementor-widget-container\">\n\t\t\t\t\t\n\t<div class=\"premium-img-gallery-no-lightbox elementor-invisible premium-img-gallery premium-img-gallery-fitRows zoomout premium-gallery-icon-show\" id=\"premium-img-gallery-c68429c\">\n\t\t\n\t\t<div class=\"premium-img-gallery-filter\">\n\t\t\t<ul class=\"premium-gallery-cats-container\">\n\t\t\t\t\t\t\t\t\t<li>\n\t\t\t\t\t\t<a href=\"javascript:;\" class=\"category active\" data-filter=\"*\">\n\t\t\t\t\t\t\tALLE\t\t\t\t\t\t<\/a>\n\t\t\t\t\t<\/li>\n\t\t\t\t\t\t\t\t\t\t\t<li>\n\t\t\t\t\t\t\t<a href=\"javascript:;\" class=\"category elementor-repeater-item-8255bba \" data-filter=\".boutique-hotels\">\n\t\t\t\t\t\t\t\tBoutique Hotels  \t\t\t\t\t\t\t<\/a>\n\t\t\t\t\t\t<\/li>\n\t\t\t\t\t\t\t\t\t\t\t\t<li>\n\t\t\t\t\t\t\t<a href=\"javascript:;\" class=\"category elementor-repeater-item-37b51dc \" data-filter=\".ausgew\u00e4hlte-hotels\">\n\t\t\t\t\t\t\t\tAusgew\u00e4hlte Hotels\t\t\t\t\t\t\t<\/a>\n\t\t\t\t\t\t<\/li>\n\t\t\t\t\t\t\t\t\t\t\t\t<li>\n\t\t\t\t\t\t\t<a href=\"javascript:;\" class=\"category elementor-repeater-item-ff2f0f7 \" data-filter=\".l\u00e4ndliche-hotels\">\n\t\t\t\t\t\t\t\tL\u00e4ndliche Hotels\t\t\t\t\t\t\t<\/a>\n\t\t\t\t\t\t<\/li>\n\t\t\t\t\t\t\t\t\t\t\t\t<li>\n\t\t\t\t\t\t\t<a href=\"javascript:;\" class=\"category elementor-repeater-item-7cbc760 \" data-filter=\".l\u00e4ndliche-h\u00e4user-und-wohnungen\">\n\t\t\t\t\t\t\t\tL\u00e4ndliche H\u00e4user und Wohnungen\t\t\t\t\t\t\t<\/a>\n\t\t\t\t\t\t<\/li>\n\t\t\t\t\t\t\t\t\t\t\t\t<li>\n\t\t\t\t\t\t\t<a href=\"javascript:;\" class=\"category elementor-repeater-item-8375f15 \" data-filter=\".fincas-und-villen\">\n\t\t\t\t\t\t\t\tFincas und Villen\t\t\t\t\t\t\t<\/a>\n\t\t\t\t\t\t<\/li>\n\t\t\t\t\t\t\t\t\t<\/ul>\n\t\t<\/div>\n\n\t\t\n\t\t<div class=\"premium-gallery-container\" data-settings=\"{&quot;img_size&quot;:&quot;fitRows&quot;,&quot;filter&quot;:&quot;yes&quot;,&quot;theme&quot;:null,&quot;active_cat&quot;:&quot;*&quot;,&quot;ltr_mode&quot;:true,&quot;shuffle&quot;:false,&quot;sort_by&quot;:&quot;original-order&quot;,&quot;skin&quot;:&quot;default&quot;,&quot;flag&quot;:&quot;cat&quot;,&quot;load_more&quot;:true,&quot;minimum&quot;:9,&quot;click_images&quot;:3}\">\n\n\t\t\t\t\t\t\t<div class=\"premium-gallery-item elementor-repeater-item-579116a hoteles-rurales\">\n\t\t\t\t<div class=\"pa-gallery-img default\" onclick=\"\">\n\t\t\t\t\t<div class=\"pa-gallery-img-container\">\n\t\t\t\t\t\t\t\t<img fetchpriority=\"high\" decoding=\"async\" width=\"1024\" height=\"767\" src=\"https:\/\/welikecanarias.com\/wp-content\/uploads\/2025\/07\/Alma-Calma-Hotel-Rural-fuerteventura.jpg\" class=\"attachment-2048x2048 size-2048x2048 wp-image-73814\" alt=\"Vista de Alma Calma Hotel Rural, uno de los hoteles rurales con encanto en Fuerteventura\" srcset=\"https:\/\/welikecanarias.com\/wp-content\/uploads\/2025\/07\/Alma-Calma-Hotel-Rural-fuerteventura.jpg 1024w, https:\/\/welikecanarias.com\/wp-content\/uploads\/2025\/07\/Alma-Calma-Hotel-Rural-fuerteventura-300x225.jpg 300w, https:\/\/welikecanarias.com\/wp-content\/uploads\/2025\/07\/Alma-Calma-Hotel-Rural-fuerteventura-768x575.jpg 768w\" sizes=\"(max-width: 1024px) 100vw, 1024px\" \/>\t\t\t\t\t\t\t<\/div>\n\t\t\t\t\t\t\t\t\t\t\t\t<div class=\"pa-gallery-icons-wrapper\">\n\t\t\t\t\t\t\t\t<div class=\"pa-gallery-icons-inner-container\">\n\t\t\t\t\t\t\t\t\t\t\t\t\t\t\t\t\t<\/div>\n\t\t\t\t\t\t\t<\/div>\n\t\t\t\t\t\t\t\t\t\t<div class=\"premium-gallery-caption\">\n\n\t\t\t\t\t\t\t\t\t<span class=\"premium-gallery-img-name\">Alma Calma L\u00e4ndliches Hotel<\/span>\n\t\t\t\t\t\n\t\t\t<\/div>\n\t\t\t\t\t\t\t\t\t\t<a class=\"pa-gallery-whole-link\" href=\"https:\/\/www.booking.com\/hotel\/es\/alma-calma-rural.es.html?label=affnetcj-15773516_pub-6943326_site-101123175_pname-Juan+Jos%C3%A9+Mart%C3%ADn+Jerez_clkid-_cjevent-9d13f9b660eb11f082c6000b0a18b8fc&#038;aid=818286&#038;ucfs=1&#038;arphpl=1&#038;checkin=2025-10-06&#038;checkout=2025-10-11&#038;dest_id=752&#038;dest_type=region&#038;group_adults=2&#038;req_adults=2&#038;no_rooms=1&#038;group_children=0&#038;req_children=0&#038;hpos=2&#038;hapos=2&#038;sr_order=score&#038;nflt=ht_id%3D204&#038;srpvid=4a347a6c109d0eb2&#038;srepoch=1752600303&#038;all_sr_blocks=715922202_416466590_2_33_0&#038;highlighted_blocks=715922202_416466590_2_33_0&#038;matching_block_id=715922202_416466590_2_33_0&#038;sr_pri_blocks=715922202_416466590_2_33_0__151200&#038;from=searchresults#hotelTmpln%20Jos%C3%A9%20Mart%C3%ADn%20Jerez_clkid-_cjevent-9d953fee5fc011f0816b01c50a18b8f8&#038;aid=818286&#038;ucfs=1&#038;arphpl=1&#038;checkin=2025-10-15&#038;checkout=2025-10-19&#038;dest_id=760&#038;dest_type=region&#038;group_adults=2&#038;req_adults=2&#038;no_rooms=1&#038;group_children=0&#038;req_children=0&#038;hpos=5&#038;hapos=5&#038;sr_order=score&#038;nflt=ht_id%3D204%3Breview_score%3D90&#038;srpvid=0ef9399cc570003c&#038;srepoch=1752394355&#038;all_sr_blocks=866799502_390444513_2_1_0&#038;highlighted_blocks=866799502_390444513_2_1_0&#038;matching_block_id=866799502_390444513_2_1_0&#038;sr_pri_blocks=866799502_390444513_2_1_0__102870&#038;from=searchresults&#038;activeTab=main\">\n\t\t\t\t\t\t\t\t<span>\n\t\t\t\t\t\t\t\t\tAlma Calma L\u00e4ndliches Hotel\t\t\t\t\t\t\t\t<\/span>\n\t\t\t\t\t\t\t<\/a>\n\t\t\t\t\t\t\t\t\t\t\t<\/div>\n\t\t\t<\/div>\n\t\t\t\t\t\t\t<div class=\"premium-gallery-item elementor-repeater-item-8a56b2d hoteles-rurales\">\n\t\t\t\t<div class=\"pa-gallery-img default\" onclick=\"\">\n\t\t\t\t\t<div class=\"pa-gallery-img-container\">\n\t\t\t\t\t\t\t\t<img decoding=\"async\" width=\"1024\" height=\"702\" data-src=\"https:\/\/welikecanarias.com\/wp-content\/uploads\/2025\/07\/Hotel-Rural-El-Cabo-fuerteventura.jpg\" class=\"attachment-2048x2048 size-2048x2048 wp-image-73820 lazyload\" alt=\"Vista del Hotel Rural El Cabo, uno de los hoteles con encanto en Fuerteventura\" data-srcset=\"https:\/\/welikecanarias.com\/wp-content\/uploads\/2025\/07\/Hotel-Rural-El-Cabo-fuerteventura.jpg 1024w, https:\/\/welikecanarias.com\/wp-content\/uploads\/2025\/07\/Hotel-Rural-El-Cabo-fuerteventura-300x206.jpg 300w, https:\/\/welikecanarias.com\/wp-content\/uploads\/2025\/07\/Hotel-Rural-El-Cabo-fuerteventura-768x527.jpg 768w\" data-sizes=\"(max-width: 1024px) 100vw, 1024px\" src=\"data:image\/svg+xml;base64,PHN2ZyB3aWR0aD0iMSIgaGVpZ2h0PSIxIiB4bWxucz0iaHR0cDovL3d3dy53My5vcmcvMjAwMC9zdmciPjwvc3ZnPg==\" style=\"--smush-placeholder-width: 1024px; --smush-placeholder-aspect-ratio: 1024\/702;\" \/>\t\t\t\t\t\t\t<\/div>\n\t\t\t\t\t\t\t\t\t\t\t\t<div class=\"pa-gallery-icons-wrapper\">\n\t\t\t\t\t\t\t\t<div class=\"pa-gallery-icons-inner-container\">\n\t\t\t\t\t\t\t\t\t\t\t\t\t\t\t\t\t<\/div>\n\t\t\t\t\t\t\t<\/div>\n\t\t\t\t\t\t\t\t\t\t<div class=\"premium-gallery-caption\">\n\n\t\t\t\t\t\t\t\t\t<span class=\"premium-gallery-img-name\">Hotel Rural El Cabo<\/span>\n\t\t\t\t\t\n\t\t\t<\/div>\n\t\t\t\t\t\t\t\t\t\t<a class=\"pa-gallery-whole-link\" href=\"https:\/\/www.booking.com\/hotel\/es\/el-cabo-villaverde1.es.html?label=affnetcj-15773516_pub-6943326_site-101123175_pname-Juan+Jos%C3%A9+Mart%C3%ADn+Jerez_clkid-_cjevent-9d13f9b660eb11f082c6000b0a18b8fc&#038;aid=818286&#038;ucfs=1&#038;arphpl=1&#038;checkin=2025-10-27&#038;checkout=2025-11-01&#038;dest_id=752&#038;dest_type=region&#038;group_adults=2&#038;req_adults=2&#038;no_rooms=1&#038;group_children=0&#038;req_children=0&#038;hpos=3&#038;hapos=3&#038;sr_order=score&#038;nflt=ht_id%3D204&#038;srpvid=4a347a6c109d0eb2&#038;srepoch=1752600525&#038;all_sr_blocks=676441608_403794967_2_1_0&#038;highlighted_blocks=676441608_403794967_2_1_0&#038;matching_block_id=676441608_403794967_2_1_0&#038;sr_pri_blocks=676441608_403794967_2_1_0__45540&#038;from=searchresults#hotelTmplerez_clkid-_cjevent-9d953fee5fc011f0816b01c50a18b8f8&#038;aid=818286&#038;ucfs=1&#038;arphpl=1&#038;checkin=2025-10-15&#038;checkout=2025-10-19&#038;dest_id=760&#038;dest_type=region&#038;group_adults=2&#038;req_adults=2&#038;no_rooms=1&#038;group_children=0&#038;req_children=0&#038;hpos=7&#038;hapos=7&#038;sr_order=score&#038;nflt=ht_id%3D204%3Breview_score%3D90&#038;srpvid=0ef9399cc570003c&#038;srepoch=1752394549&#038;all_sr_blocks=18906701_411635346_2_1_0&#038;highlighted_blocks=18906701_411635346_2_1_0&#038;matching_block_id=18906701_411635346_2_1_0&#038;sr_pri_blocks=18906701_411635346_2_1_0__172600&#038;from_sustainable_property_sr=1&#038;from=searchresults#hotelTmpl639ffa73e5f18cd4bb9d5587&#038;checkin=2024-11-01;checkout=2024-11-02;dest_id=90544;dest_type=hotel;dist=0;group_adults=2;group_children=0;hapos=1;hpos=1;no_rooms=1;req_adults=2;req_children=0;room1=A%2CA;sb_price_type=total;soh=1;sr_order=popularity;srepoch=1730313663;srpvid=6c96836092b6021a;type=total;ucfs=1&#038;#no_availability_msg\">\n\t\t\t\t\t\t\t\t<span>\n\t\t\t\t\t\t\t\t\tHotel Rural El Cabo\t\t\t\t\t\t\t\t<\/span>\n\t\t\t\t\t\t\t<\/a>\n\t\t\t\t\t\t\t\t\t\t\t<\/div>\n\t\t\t<\/div>\n\t\t\t\t\t\t\t<div class=\"premium-gallery-item elementor-repeater-item-f7cceb3 hoteles-boutique\">\n\t\t\t\t<div class=\"pa-gallery-img default\" onclick=\"\">\n\t\t\t\t\t<div class=\"pa-gallery-img-container\">\n\t\t\t\t\t\t\t\t<img decoding=\"async\" width=\"1024\" height=\"689\" data-src=\"https:\/\/welikecanarias.com\/wp-content\/uploads\/2025\/07\/Helene-Holidays-Hotel-Boutique.jpg\" class=\"attachment-2048x2048 size-2048x2048 wp-image-73829 lazyload\" alt=\"Vista de H\u00e9l\u00e8ne Holidays, uno de los hoteles boutique en Fuerteventura\" data-srcset=\"https:\/\/welikecanarias.com\/wp-content\/uploads\/2025\/07\/Helene-Holidays-Hotel-Boutique.jpg 1024w, https:\/\/welikecanarias.com\/wp-content\/uploads\/2025\/07\/Helene-Holidays-Hotel-Boutique-300x202.jpg 300w, https:\/\/welikecanarias.com\/wp-content\/uploads\/2025\/07\/Helene-Holidays-Hotel-Boutique-768x517.jpg 768w\" data-sizes=\"(max-width: 1024px) 100vw, 1024px\" src=\"data:image\/svg+xml;base64,PHN2ZyB3aWR0aD0iMSIgaGVpZ2h0PSIxIiB4bWxucz0iaHR0cDovL3d3dy53My5vcmcvMjAwMC9zdmciPjwvc3ZnPg==\" style=\"--smush-placeholder-width: 1024px; --smush-placeholder-aspect-ratio: 1024\/689;\" \/>\t\t\t\t\t\t\t<\/div>\n\t\t\t\t\t\t\t\t\t\t\t\t<div class=\"pa-gallery-icons-wrapper\">\n\t\t\t\t\t\t\t\t<div class=\"pa-gallery-icons-inner-container\">\n\t\t\t\t\t\t\t\t\t\t\t\t\t\t\t\t\t<\/div>\n\t\t\t\t\t\t\t<\/div>\n\t\t\t\t\t\t\t\t\t\t<div class=\"premium-gallery-caption\">\n\n\t\t\t\t\t\t\t\t\t<span class=\"premium-gallery-img-name\">H\u00e9l\u00e8ne Feiertage<\/span>\n\t\t\t\t\t\n\t\t\t<\/div>\n\t\t\t\t\t\t\t\t\t\t<a class=\"pa-gallery-whole-link\" href=\"https:\/\/www.booking.com\/hotel\/es\/helene-holidays-and-retreats.es.html?label=affnetcj-15773516_pub-6943326_site-101123175_pname-Juan+Jos%C3%A9+Mart%C3%ADn+Jerez_clkid-_cjevent-9d13f9b660eb11f082c6000b0a18b8fc&#038;aid=818286&#038;ucfs=1&#038;arphpl=1&#038;checkin=2025-10-27&#038;checkout=2025-11-01&#038;dest_id=752&#038;dest_type=region&#038;group_adults=2&#038;req_adults=2&#038;no_rooms=1&#038;group_children=0&#038;req_children=0&#038;hpos=5&#038;hapos=5&#038;sr_order=score&#038;nflt=ht_id%3D204&#038;srpvid=4a347a6c109d0eb2&#038;srepoch=1752600681&#038;all_sr_blocks=719225005_392546764_2_2_0&#038;highlighted_blocks=719225005_392546764_2_2_0&#038;matching_block_id=719225005_392546764_2_2_0&#038;sr_pri_blocks=719225005_392546764_2_2_0__65520&#038;from=searchresults#hotelTmpl%C3%A9+Mart%C3%ADn+Jerez_clkid-_cjevent-9d953fee5fc011f0816b01c50a18b8f8&#038;aid=818286&#038;ucfs=1&#038;arphpl=1&#038;checkin=2025-10-15&#038;checkout=2025-10-19&#038;dest_id=760&#038;dest_type=region&#038;group_adults=2&#038;req_adults=2&#038;no_rooms=1&#038;group_children=0&#038;req_children=0&#038;hpos=8&#038;hapos=8&#038;sr_order=score&#038;nflt=ht_id%3D204%3Breview_score%3D90&#038;srpvid=0ef9399cc570003c&#038;srepoch=1752394674&#038;all_sr_blocks=717876008_378496882_2_1_0&#038;highlighted_blocks=717876008_378496882_2_1_0&#038;matching_block_id=717876008_378496882_2_1_0&#038;sr_pri_blocks=717876008_378496882_2_1_0__108192&#038;from=searchresults#hotelTmpl-_cjevent-1ed1da8296ee11ef8193043e0a18b8fb&#038;sid=01cb0326639ffa73e5f18cd4bb9d5587&#038;checkin=2024-11-01;checkout=2024-11-02;dest_id=770427;dest_type=hotel;dist=0;group_adults=2;group_children=0;hapos=1;hpos=1;no_rooms=1;req_adults=2;req_children=0;room1=A%2CA;sb_price_type=total;soh=1;sr_order=popularity;srepoch=1730313705;srpvid=fa2b8375490700d5;type=total;ucfs=1&#038;#no_availability_msg\">\n\t\t\t\t\t\t\t\t<span>\n\t\t\t\t\t\t\t\t\tH\u00e9l\u00e8ne Feiertage\t\t\t\t\t\t\t\t<\/span>\n\t\t\t\t\t\t\t<\/a>\n\t\t\t\t\t\t\t\t\t\t\t<\/div>\n\t\t\t<\/div>\n\t\t\t\t\t\t\t<div class=\"premium-gallery-item elementor-repeater-item-d6033c8 hoteles-destacados\">\n\t\t\t\t<div class=\"pa-gallery-img default\" onclick=\"\">\n\t\t\t\t\t<div class=\"pa-gallery-img-container\">\n\t\t\t\t\t\t\t\t<img decoding=\"async\" width=\"1024\" height=\"683\" data-src=\"https:\/\/welikecanarias.com\/wp-content\/uploads\/2025\/07\/AVANTI-Lifestyle-Hotel-fuerteventura.jpg\" class=\"attachment-2048x2048 size-2048x2048 wp-image-73835 lazyload\" alt=\"Vista de AVANTI Lifestyle Hotel, uno de los hoteles destacados en Fuerteventura\" data-srcset=\"https:\/\/welikecanarias.com\/wp-content\/uploads\/2025\/07\/AVANTI-Lifestyle-Hotel-fuerteventura.jpg 1024w, https:\/\/welikecanarias.com\/wp-content\/uploads\/2025\/07\/AVANTI-Lifestyle-Hotel-fuerteventura-300x200.jpg 300w, https:\/\/welikecanarias.com\/wp-content\/uploads\/2025\/07\/AVANTI-Lifestyle-Hotel-fuerteventura-768x512.jpg 768w\" data-sizes=\"(max-width: 1024px) 100vw, 1024px\" src=\"data:image\/svg+xml;base64,PHN2ZyB3aWR0aD0iMSIgaGVpZ2h0PSIxIiB4bWxucz0iaHR0cDovL3d3dy53My5vcmcvMjAwMC9zdmciPjwvc3ZnPg==\" style=\"--smush-placeholder-width: 1024px; --smush-placeholder-aspect-ratio: 1024\/683;\" \/>\t\t\t\t\t\t\t<\/div>\n\t\t\t\t\t\t\t\t\t\t\t\t<div class=\"pa-gallery-icons-wrapper\">\n\t\t\t\t\t\t\t\t<div class=\"pa-gallery-icons-inner-container\">\n\t\t\t\t\t\t\t\t\t\t\t\t\t\t\t\t\t<\/div>\n\t\t\t\t\t\t\t<\/div>\n\t\t\t\t\t\t\t\t\t\t<div class=\"premium-gallery-caption\">\n\n\t\t\t\t\t\t\t\t\t<span class=\"premium-gallery-img-name\">AVANTI Lifestyle Hotel<\/span>\n\t\t\t\t\t\t\t\t\t\t<p class=\"premium-gallery-img-desc\">\n\n<\/p>\n\t\t\t\t\n\t\t\t<\/div>\n\t\t\t\t\t\t\t\t\t\t<a class=\"pa-gallery-whole-link\" href=\"https:\/\/www.booking.com\/hotel\/es\/avanti-boutique-fuerteventura.es.html?label=affnetcj-15773516_pub-6943326_site-101123175_pname-Juan%20Jos%C3%A9%20Mart%C3%ADn%20Jerez_clkid-_cjevent-9d13f9b660eb11f082c6000b0a18b8fc&#038;aid=818286&#038;ucfs=1&#038;arphpl=1&#038;checkin=2025-10-06&#038;checkout=2025-10-11&#038;dest_id=752&#038;dest_type=region&#038;group_adults=2&#038;req_adults=2&#038;no_rooms=1&#038;group_children=0&#038;req_children=0&#038;hpos=8&#038;hapos=8&#038;sr_order=score&#038;nflt=ht_id%3D204&#038;srpvid=4a347a6c109d0eb2&#038;srepoch=1752600966&#038;all_sr_blocks=53827812_397864990_2_1_0&#038;highlighted_blocks=53827812_397864990_2_1_0&#038;matching_block_id=53827812_397864990_2_1_0&#038;sr_pri_blocks=53827812_397864990_2_1_0__92137&#038;from=searchresults&#038;activeTab=mainC3%A9%20Mart%C3%ADn%20Jerez_clkid-_cjevent-9d13f9b660eb11f082c6000b0a18b8fc&#038;aid=818286&#038;ucfs=1&#038;arphpl=1&#038;checkin=2025-10-06&#038;checkout=2025-10-11&#038;dest_id=752&#038;dest_type=region&#038;group_adults=2&#038;req_adults=2&#038;no_rooms=1&#038;group_children=0&#038;req_children=0&#038;hpos=8&#038;hapos=8&#038;sr_order=score&#038;nflt=ht_id%3D204&#038;srpvid=4a347a6c109d0eb2&#038;srepoch=1752600966&#038;all_sr_blocks=53827812_397864990_2_1_0&#038;highlighted_blocks=53827812_397864990_2_1_0&#038;matching_block_id=53827812_397864990_2_1_0&#038;sr_pri_blocks=53827812_397864990_2_1_0__92137&#038;from=searchresults&#038;activeTab=main9+Mart%C3%ADn+Jerez_clkid-_cjevent-9d953fee5fc011f0816b01c50a18b8f8&#038;aid=818286&#038;ucfs=1&#038;arphpl=1&#038;checkin=2025-10-15&#038;checkout=2025-10-19&#038;dest_id=760&#038;dest_type=region&#038;group_adults=2&#038;req_adults=2&#038;no_rooms=1&#038;group_children=0&#038;req_children=0&#038;hpos=12&#038;hapos=12&#038;sr_order=score&#038;nflt=ht_id%3D204%3Breview_score%3D90&#038;srpvid=0ef9399cc570003c&#038;srepoch=1752394814&#038;all_sr_blocks=280420208_241666766_2_1_0&#038;highlighted_blocks=280420208_241666766_2_1_0&#038;matching_block_id=280420208_241666766_2_1_0&#038;sr_pri_blocks=280420208_241666766_2_1_0__109940&#038;from_sustainable_property_sr=1&#038;from=searchresults#hotelTmpl9d5587&#038;checkin=2024-11-01&#038;checkout=2024-11-02&#038;dest_id=91325&#038;dest_type=hotel&#038;dist=0&#038;group_adults=2&#038;group_children=0&#038;hapos=1&#038;hpos=1&#038;no_rooms=1&#038;req_adults=2&#038;req_children=0&#038;room1=A%2CA&#038;sb_price_type=total&#038;soh=1&#038;sr_order=popularity&#038;srepoch=1730313877&#038;srpvid=3a5983ca3a380132&#038;type=total&#038;ucfs=1&#038;activeTab=main\">\n\t\t\t\t\t\t\t\t<span>\n\t\t\t\t\t\t\t\t\tAVANTI Lifestyle Hotel\t\t\t\t\t\t\t\t<\/span>\n\t\t\t\t\t\t\t<\/a>\n\t\t\t\t\t\t\t\t\t\t\t<\/div>\n\t\t\t<\/div>\n\t\t\t\t\t\t\t<div class=\"premium-gallery-item elementor-repeater-item-0bc4bb9 hoteles-boutique\">\n\t\t\t\t<div class=\"pa-gallery-img default\" onclick=\"\">\n\t\t\t\t\t<div class=\"pa-gallery-img-container\">\n\t\t\t\t\t\t\t\t<img decoding=\"async\" width=\"1024\" height=\"576\" data-src=\"https:\/\/welikecanarias.com\/wp-content\/uploads\/2025\/07\/Hotel-Boutique-La-Marquesina-fuerteventura.jpg\" class=\"attachment-2048x2048 size-2048x2048 wp-image-73842 lazyload\" alt=\"Vista de Hotel Boutique La Marquesinam uno de los hoteles boutique destacados de Fuerteventura\" data-srcset=\"https:\/\/welikecanarias.com\/wp-content\/uploads\/2025\/07\/Hotel-Boutique-La-Marquesina-fuerteventura.jpg 1024w, https:\/\/welikecanarias.com\/wp-content\/uploads\/2025\/07\/Hotel-Boutique-La-Marquesina-fuerteventura-300x169.jpg 300w, https:\/\/welikecanarias.com\/wp-content\/uploads\/2025\/07\/Hotel-Boutique-La-Marquesina-fuerteventura-768x432.jpg 768w\" data-sizes=\"(max-width: 1024px) 100vw, 1024px\" src=\"data:image\/svg+xml;base64,PHN2ZyB3aWR0aD0iMSIgaGVpZ2h0PSIxIiB4bWxucz0iaHR0cDovL3d3dy53My5vcmcvMjAwMC9zdmciPjwvc3ZnPg==\" style=\"--smush-placeholder-width: 1024px; --smush-placeholder-aspect-ratio: 1024\/576;\" \/>\t\t\t\t\t\t\t<\/div>\n\t\t\t\t\t\t\t\t\t\t\t\t<div class=\"pa-gallery-icons-wrapper\">\n\t\t\t\t\t\t\t\t<div class=\"pa-gallery-icons-inner-container\">\n\t\t\t\t\t\t\t\t\t\t\t\t\t\t\t\t\t<\/div>\n\t\t\t\t\t\t\t<\/div>\n\t\t\t\t\t\t\t\t\t\t<div class=\"premium-gallery-caption\">\n\n\t\t\t\t\t\t\t\t\t<span class=\"premium-gallery-img-name\">Boutique Hotel La Marquesina<\/span>\n\t\t\t\t\t\n\t\t\t<\/div>\n\t\t\t\t\t\t\t\t\t\t<a class=\"pa-gallery-whole-link\" href=\"https:\/\/www.booking.com\/hotel\/es\/boutique-la-marquesina.es.html?label=affnetcj-15773516_pub-6943326_site-101123175_pname-Juan+Jos%C3%A9+Mart%C3%ADn+Jerez_clkid-_cjevent-9d13f9b660eb11f082c6000b0a18b8fc&#038;aid=818286&#038;ucfs=1&#038;arphpl=1&#038;checkin=2025-10-06&#038;checkout=2025-10-11&#038;dest_id=752&#038;dest_type=region&#038;group_adults=2&#038;req_adults=2&#038;no_rooms=1&#038;group_children=0&#038;req_children=0&#038;hpos=9&#038;hapos=9&#038;sr_order=score&#038;nflt=ht_id%3D204&#038;srpvid=4a347a6c109d0eb2&#038;srepoch=1752601119&#038;all_sr_blocks=458830502_362070710_2_2_0_478130&#038;highlighted_blocks=458830502_362070710_2_2_0_478130&#038;matching_block_id=458830502_362070710_2_2_0_478130&#038;sr_pri_blocks=458830502_362070710_2_2_0_478130_126563&#038;from=searchresults#hotelTmpln+Jerez_clkid-_cjevent-9d953fee5fc011f0816b01c50a18b8f8&#038;aid=818286&#038;ucfs=1&#038;arphpl=1&#038;checkin=2025-10-15&#038;checkout=2025-10-19&#038;dest_id=760&#038;dest_type=region&#038;group_adults=2&#038;req_adults=2&#038;no_rooms=1&#038;group_children=0&#038;req_children=0&#038;hpos=16&#038;hapos=16&#038;sr_order=score&#038;nflt=ht_id%3D204%3Breview_score%3D90&#038;srpvid=0ef9399cc570003c&#038;srepoch=1752394986&#038;all_sr_blocks=1055028601_377691992_2_1_0&#038;highlighted_blocks=1055028601_377691992_2_1_0&#038;matching_block_id=1055028601_377691992_2_1_0&#038;sr_pri_blocks=1055028601_377691992_2_1_0__254016&#038;from=searchresults#hotelTmpl3&#038;aid=818286&#038;ucfs=1&#038;arphpl=1&#038;group_adults=2&#038;req_adults=2&#038;no_rooms=1&#038;group_children=0&#038;req_children=0&#038;hpos=1&#038;hapos=1&#038;sr_order=distance_from_search&#038;srpvid=53963df47d570698&#038;srepoch=1743497325&#038;from=searchresults#hotelTmpl\">\n\t\t\t\t\t\t\t\t<span>\n\t\t\t\t\t\t\t\t\tBoutique Hotel La Marquesina\t\t\t\t\t\t\t\t<\/span>\n\t\t\t\t\t\t\t<\/a>\n\t\t\t\t\t\t\t\t\t\t\t<\/div>\n\t\t\t<\/div>\n\t\t\t\t\t\t\t<div class=\"premium-gallery-item elementor-repeater-item-c6acfc0 hoteles-destacados\">\n\t\t\t\t<div class=\"pa-gallery-img default\" onclick=\"\">\n\t\t\t\t\t<div class=\"pa-gallery-img-container\">\n\t\t\t\t\t\t\t\t<img decoding=\"async\" width=\"1024\" height=\"643\" data-src=\"https:\/\/welikecanarias.com\/wp-content\/uploads\/2025\/07\/INNSiDE-by-Melia-Fuerteventura.jpg\" class=\"attachment-2048x2048 size-2048x2048 wp-image-73846 lazyload\" alt=\"Vista del INNSiDE by Meli\u00e1 Fuerteventura, uno de los mejores hoteles de Fuerteventura\" data-srcset=\"https:\/\/welikecanarias.com\/wp-content\/uploads\/2025\/07\/INNSiDE-by-Melia-Fuerteventura.jpg 1024w, https:\/\/welikecanarias.com\/wp-content\/uploads\/2025\/07\/INNSiDE-by-Melia-Fuerteventura-300x188.jpg 300w, https:\/\/welikecanarias.com\/wp-content\/uploads\/2025\/07\/INNSiDE-by-Melia-Fuerteventura-768x482.jpg 768w\" data-sizes=\"(max-width: 1024px) 100vw, 1024px\" src=\"data:image\/svg+xml;base64,PHN2ZyB3aWR0aD0iMSIgaGVpZ2h0PSIxIiB4bWxucz0iaHR0cDovL3d3dy53My5vcmcvMjAwMC9zdmciPjwvc3ZnPg==\" style=\"--smush-placeholder-width: 1024px; --smush-placeholder-aspect-ratio: 1024\/643;\" \/>\t\t\t\t\t\t\t<\/div>\n\t\t\t\t\t\t\t\t\t\t\t\t<div class=\"pa-gallery-icons-wrapper\">\n\t\t\t\t\t\t\t\t<div class=\"pa-gallery-icons-inner-container\">\n\t\t\t\t\t\t\t\t\t\t\t\t\t\t\t\t\t<\/div>\n\t\t\t\t\t\t\t<\/div>\n\t\t\t\t\t\t\t\t\t\t<div class=\"premium-gallery-caption\">\n\n\t\t\t\t\t\t\t\t\t<span class=\"premium-gallery-img-name\">INNSiDE by Meli\u00e1 Fuerteventura<\/span>\n\t\t\t\t\t\n\t\t\t<\/div>\n\t\t\t\t\t\t\t\t\t\t<a class=\"pa-gallery-whole-link\" href=\"https:\/\/www.booking.com\/hotel\/es\/innside-by-melia-fuerteventura.es.html?label=affnetcj-15773516_pub-6943326_site-101123175_pname-Juan+Jos%C3%A9+Mart%C3%ADn+Jerez_clkid-_cjevent-9d13f9b660eb11f082c6000b0a18b8fc&#038;aid=818286&#038;ucfs=1&#038;arphpl=1&#038;checkin=2025-10-06&#038;checkout=2025-10-11&#038;dest_id=752&#038;dest_type=region&#038;group_adults=2&#038;req_adults=2&#038;no_rooms=1&#038;group_children=0&#038;req_children=0&#038;hpos=11&#038;hapos=11&#038;sr_order=score&#038;nflt=ht_id%3D204&#038;srpvid=4a347a6c109d0eb2&#038;srepoch=1752601228&#038;all_sr_blocks=206391417_95127880_2_33_0&#038;highlighted_blocks=206391417_95127880_2_33_0&#038;matching_block_id=206391417_95127880_2_33_0&#038;sr_pri_blocks=206391417_95127880_2_33_0__130500&#038;from_sustainable_property_sr=1&#038;from=searchresults#hotelTmpl3%A9+Mart%C3%ADn+Jerez_clkid-_cjevent-9d13f9b660eb11f082c6000b0a18b8fc&#038;aid=818286&#038;ucfs=1&#038;arphpl=1&#038;checkin=2025-10-06&#038;checkout=2025-10-11&#038;dest_id=752&#038;dest_type=region&#038;group_adults=2&#038;req_adults=2&#038;no_rooms=1&#038;group_children=0&#038;req_children=0&#038;hpos=11&#038;hapos=11&#038;sr_order=score&#038;nflt=ht_id%3D204&#038;srpvid=4a347a6c109d0eb2&#038;srepoch=1752601228&#038;all_sr_blocks=206391417_95127880_2_33_0&#038;highlighted_blocks=206391417_95127880_2_33_0&#038;matching_block_id=206391417_95127880_2_33_0&#038;sr_pri_blocks=206391417_95127880_2_33_0__130500&#038;from_sustainable_property_sr=1&#038;from=searchresults#hotelTmpl3%A9+Mart%C3%ADn+Jerez_clkid-_cjevent-9d13f9b660eb11f082c6000b0a18b8fc&#038;aid=818286&#038;ucfs=1&#038;arphpl=1&#038;checkin=2025-10-06&#038;checkout=2025-10-11&#038;dest_id=752&#038;dest_type=region&#038;group_adults=2&#038;req_adults=2&#038;no_rooms=1&#038;group_children=0&#038;req_children=0&#038;hpos=11&#038;hapos=11&#038;sr_order=score&#038;nflt=ht_id%3D204&#038;srpvid=4a347a6c109d0eb2&#038;srepoch=1752601228&#038;all_sr_blocks=206391417_95127880_2_33_0&#038;highlighted_blocks=206391417_95127880_2_33_0&#038;matching_block_id=206391417_95127880_2_33_0&#038;sr_pri_blocks=206391417_95127880_2_33_0__130500&#038;from_sustainable_property_sr=1&#038;from=searchresults#hotelTmplJerez_clkid-_cjevent-9d953fee5fc011f0816b01c50a18b8f8&#038;aid=818286&#038;ucfs=1&#038;arphpl=1&#038;checkin=2025-10-15&#038;checkout=2025-10-19&#038;dest_id=760&#038;dest_type=region&#038;group_adults=2&#038;req_adults=2&#038;no_rooms=1&#038;group_children=0&#038;req_children=0&#038;hpos=2&#038;hapos=2&#038;sr_order=score&#038;nflt=ht_id%3D204%3Breview_score%3D90&#038;srpvid=0ef9399cc570003c&#038;srepoch=1752395109&#038;all_sr_blocks=327487304_385295777_2_33_0_863663&#038;highlighted_blocks=327487304_385295777_2_33_0_863663&#038;matching_block_id=327487304_385295777_2_33_0_863663&#038;sr_pri_blocks=327487304_385295777_2_33_0_863663_87024&#038;from=searchresults#hotelTmpl3e5f18cd4bb9d5587&#038;checkin=2024-11-01;checkout=2024-11-02;dest_id=13155;dest_type=hotel;dist=0;group_adults=2;group_children=0;hapos=1;hpos=1;no_rooms=1;req_adults=2;req_children=0;room1=A%2CA;sb_price_type=total;soh=1;sr_order=popularity;srepoch=1730313976;srpvid=0dc783fd28c600e9;type=total;ucfs=1&#038;#no_availability_msg\">\n\t\t\t\t\t\t\t\t<span>\n\t\t\t\t\t\t\t\t\tINNSiDE by Meli\u00e1 Fuerteventura\t\t\t\t\t\t\t\t<\/span>\n\t\t\t\t\t\t\t<\/a>\n\t\t\t\t\t\t\t\t\t\t\t<\/div>\n\t\t\t<\/div>\n\t\t\t\t\t\t\t<div class=\"premium-gallery-item elementor-repeater-item-18186d1 hoteles-destacados\">\n\t\t\t\t<div class=\"pa-gallery-img default\" onclick=\"\">\n\t\t\t\t\t<div class=\"pa-gallery-img-container\">\n\t\t\t\t\t\t\t\t<img decoding=\"async\" width=\"1024\" height=\"767\" data-src=\"https:\/\/welikecanarias.com\/wp-content\/uploads\/2025\/07\/Iberostar-Waves-Gaviotas-Park.jpg\" class=\"attachment-2048x2048 size-2048x2048 wp-image-73853 lazyload\" alt=\"Vista del Iberostar Waves Gaviotas Park, uno de los hoteles con encanto en Fuerteventura\" data-srcset=\"https:\/\/welikecanarias.com\/wp-content\/uploads\/2025\/07\/Iberostar-Waves-Gaviotas-Park.jpg 1024w, https:\/\/welikecanarias.com\/wp-content\/uploads\/2025\/07\/Iberostar-Waves-Gaviotas-Park-300x225.jpg 300w, https:\/\/welikecanarias.com\/wp-content\/uploads\/2025\/07\/Iberostar-Waves-Gaviotas-Park-768x575.jpg 768w\" data-sizes=\"(max-width: 1024px) 100vw, 1024px\" src=\"data:image\/svg+xml;base64,PHN2ZyB3aWR0aD0iMSIgaGVpZ2h0PSIxIiB4bWxucz0iaHR0cDovL3d3dy53My5vcmcvMjAwMC9zdmciPjwvc3ZnPg==\" style=\"--smush-placeholder-width: 1024px; --smush-placeholder-aspect-ratio: 1024\/767;\" \/>\t\t\t\t\t\t\t<\/div>\n\t\t\t\t\t\t\t\t\t\t\t\t<div class=\"pa-gallery-icons-wrapper\">\n\t\t\t\t\t\t\t\t<div class=\"pa-gallery-icons-inner-container\">\n\t\t\t\t\t\t\t\t\t\t\t\t\t\t\t\t\t<\/div>\n\t\t\t\t\t\t\t<\/div>\n\t\t\t\t\t\t\t\t\t\t<div class=\"premium-gallery-caption\">\n\n\t\t\t\t\t\t\t\t\t<span class=\"premium-gallery-img-name\">Iberostar Waves Gaviotas Park<\/span>\n\t\t\t\t\t\n\t\t\t<\/div>\n\t\t\t\t\t\t\t\t\t\t<a class=\"pa-gallery-whole-link\" href=\"https:\/\/www.booking.com\/hotel\/es\/fuerteventura-park.es.html?label=affnetcj-15773516_pub-6943326_site-101123175_pname-Juan+Jos%C3%A9+Mart%C3%ADn+Jerez_clkid-_cjevent-9d13f9b660eb11f082c6000b0a18b8fc&#038;aid=818286&#038;ucfs=1&#038;arphpl=1&#038;checkin=2025-10-06&#038;checkout=2025-10-11&#038;dest_id=752&#038;dest_type=region&#038;group_adults=2&#038;req_adults=2&#038;no_rooms=1&#038;group_children=0&#038;req_children=0&#038;hpos=14&#038;hapos=14&#038;sr_order=score&#038;nflt=ht_id%3D204&#038;srpvid=4a347a6c109d0eb2&#038;srepoch=1752601794&#038;all_sr_blocks=1345420_360726788_2_85_0&#038;highlighted_blocks=1345420_360726788_2_85_0&#038;matching_block_id=1345420_360726788_2_85_0&#038;sr_pri_blocks=1345420_360726788_2_85_0__139480&#038;from_sustainable_property_sr=1&#038;from=searchresults#hotelTmplA9+Mart%C3%ADn+Jerez_clkid-_cjevent-9d953fee5fc011f0816b01c50a18b8f8&#038;aid=818286&#038;ucfs=1&#038;arphpl=1&#038;checkin=2025-10-15&#038;checkout=2025-10-19&#038;dest_id=760&#038;dest_type=region&#038;group_adults=2&#038;req_adults=2&#038;no_rooms=1&#038;group_children=0&#038;req_children=0&#038;hpos=10&#038;hapos=10&#038;sr_order=score&#038;nflt=ht_id%3D204%3Breview_score%3D90&#038;srpvid=0ef9399cc570003c&#038;srepoch=1752395276&#038;all_sr_blocks=4835112_84618747_2_33_0&#038;highlighted_blocks=4835112_84618747_2_33_0&#038;matching_block_id=4835112_84618747_2_33_0&#038;sr_pri_blocks=4835112_84618747_2_33_0__73800&#038;from_sustainable_property_sr=1&#038;from=searchresults#hotelTmpl3e5f18cd4bb9d5587&#038;all_sr_blocks=40603103_375847779_2_34_0;checkin=2024-11-01;checkout=2024-11-02;dest_id=406031;dest_type=hotel;dist=0;group_adults=2;group_children=0;hapos=1;highlighted_blocks=40603103_375847779_2_34_0;hpos=1;matching_block_id=40603103_375847779_2_34_0;no_rooms=1;req_adults=2;req_children=0;room1=A%2CA;sb_price_type=total;sr_order=popularity;sr_pri_blocks=40603103_375847779_2_34_0__12281;srepoch=1730314008;srpvid=4407840dc1360465;type=total;ucfs=1&#038;#hotelTmpl\">\n\t\t\t\t\t\t\t\t<span>\n\t\t\t\t\t\t\t\t\tIberostar Waves Gaviotas Park\t\t\t\t\t\t\t\t<\/span>\n\t\t\t\t\t\t\t<\/a>\n\t\t\t\t\t\t\t\t\t\t\t<\/div>\n\t\t\t<\/div>\n\t\t\t\t\t\t\t<div class=\"premium-gallery-item elementor-repeater-item-e048a7b hoteles-destacados\">\n\t\t\t\t<div class=\"pa-gallery-img default\" onclick=\"\">\n\t\t\t\t\t<div class=\"pa-gallery-img-container\">\n\t\t\t\t\t\t\t\t<img decoding=\"async\" width=\"672\" height=\"505\" data-src=\"https:\/\/welikecanarias.com\/wp-content\/uploads\/2025\/06\/Secrets-Bahia-Real-Resort-Spa.jpg\" class=\"attachment-2048x2048 size-2048x2048 wp-image-68765 lazyload\" alt=\"Vista del Secrets Bah\u00eda Real Resort &amp; Spa, uno de los mejores hoteles todo incluido de Fuerteventura\" data-srcset=\"https:\/\/welikecanarias.com\/wp-content\/uploads\/2025\/06\/Secrets-Bahia-Real-Resort-Spa.jpg 672w, https:\/\/welikecanarias.com\/wp-content\/uploads\/2025\/06\/Secrets-Bahia-Real-Resort-Spa-300x225.jpg 300w\" data-sizes=\"(max-width: 672px) 100vw, 672px\" src=\"data:image\/svg+xml;base64,PHN2ZyB3aWR0aD0iMSIgaGVpZ2h0PSIxIiB4bWxucz0iaHR0cDovL3d3dy53My5vcmcvMjAwMC9zdmciPjwvc3ZnPg==\" style=\"--smush-placeholder-width: 672px; --smush-placeholder-aspect-ratio: 672\/505;\" \/>\t\t\t\t\t\t\t<\/div>\n\t\t\t\t\t\t\t\t\t\t\t\t<div class=\"pa-gallery-icons-wrapper\">\n\t\t\t\t\t\t\t\t<div class=\"pa-gallery-icons-inner-container\">\n\t\t\t\t\t\t\t\t\t\t\t\t\t\t\t\t\t<\/div>\n\t\t\t\t\t\t\t<\/div>\n\t\t\t\t\t\t\t\t\t\t<div class=\"premium-gallery-caption\">\n\n\t\t\t\t\t\t\t\t\t<span class=\"premium-gallery-img-name\">Secrets Bah\u00eda Real Resort &amp; Spa  <\/span>\n\t\t\t\t\t\n\t\t\t<\/div>\n\t\t\t\t\t\t\t\t\t\t<a class=\"pa-gallery-whole-link\" href=\"https:\/\/www.booking.com\/hotel\/es\/secrets-bahia-real.es.html?label=affnetcj-15773516_pub-6943326_site-101123175_pname-Juan+Jos%C3%A9+Mart%C3%ADn+Jerez_clkid-_cjevent-9d13f9b660eb11f082c6000b0a18b8fc&#038;aid=818286&#038;ucfs=1&#038;arphpl=1&#038;checkin=2025-10-13&#038;checkout=2025-10-18&#038;dest_id=752&#038;dest_type=region&#038;group_adults=2&#038;req_adults=2&#038;no_rooms=1&#038;group_children=0&#038;req_children=0&#038;hpos=15&#038;hapos=15&#038;sr_order=score&#038;nflt=ht_id%3D204&#038;srpvid=4a347a6c109d0eb2&#038;srepoch=1752601852&#038;all_sr_blocks=9754745_106816155_2_41_0&#038;highlighted_blocks=9754745_106816155_2_41_0&#038;matching_block_id=9754745_106816155_2_41_0&#038;sr_pri_blocks=9754745_106816155_2_41_0__119500&#038;from_sustainable_property_sr=1&#038;from=searchresults#hotelTmplz_clkid-_cjevent-9d953fee5fc011f0816b01c50a18b8f8&#038;aid=818286&#038;ucfs=1&#038;arphpl=1&#038;checkin=2025-10-15&#038;checkout=2025-10-19&#038;dest_id=760&#038;dest_type=region&#038;group_adults=2&#038;req_adults=2&#038;no_rooms=1&#038;group_children=0&#038;req_children=0&#038;hpos=11&#038;hapos=11&#038;sr_order=score&#038;nflt=ht_id%3D204%3Breview_score%3D90&#038;srpvid=706e5b1f54b604d0&#038;srepoch=1752411469&#038;all_sr_blocks=347517601_408720144_0_33_0_169069&#038;highlighted_blocks=347517601_408720144_0_33_0_169069&#038;matching_block_id=347517601_408720144_0_33_0_169069&#038;sr_pri_blocks=347517601_408720144_0_33_0_169069_106733&#038;from_sustainable_property_sr=1&#038;from=searchresults#hotelTmpl\">\n\t\t\t\t\t\t\t\t<span>\n\t\t\t\t\t\t\t\t\tSecrets Bah\u00eda Real Resort &amp; Spa  \t\t\t\t\t\t\t\t<\/span>\n\t\t\t\t\t\t\t<\/a>\n\t\t\t\t\t\t\t\t\t\t\t<\/div>\n\t\t\t<\/div>\n\t\t\t\t\t\t\t<div class=\"premium-gallery-item elementor-repeater-item-cc24dd3 fincas-y-villas\">\n\t\t\t\t<div class=\"pa-gallery-img default\" onclick=\"\">\n\t\t\t\t\t<div class=\"pa-gallery-img-container\">\n\t\t\t\t\t\t\t\t<img decoding=\"async\" width=\"1024\" height=\"683\" data-src=\"https:\/\/welikecanarias.com\/wp-content\/uploads\/2025\/07\/Bahiazul-Resort-Fuerteventura.jpg\" class=\"attachment-2048x2048 size-2048x2048 wp-image-73862 lazyload\" alt=\"Vista de Bahiazul Resort Fuerteventura\" data-srcset=\"https:\/\/welikecanarias.com\/wp-content\/uploads\/2025\/07\/Bahiazul-Resort-Fuerteventura.jpg 1024w, https:\/\/welikecanarias.com\/wp-content\/uploads\/2025\/07\/Bahiazul-Resort-Fuerteventura-300x200.jpg 300w, https:\/\/welikecanarias.com\/wp-content\/uploads\/2025\/07\/Bahiazul-Resort-Fuerteventura-768x512.jpg 768w\" data-sizes=\"(max-width: 1024px) 100vw, 1024px\" src=\"data:image\/svg+xml;base64,PHN2ZyB3aWR0aD0iMSIgaGVpZ2h0PSIxIiB4bWxucz0iaHR0cDovL3d3dy53My5vcmcvMjAwMC9zdmciPjwvc3ZnPg==\" style=\"--smush-placeholder-width: 1024px; --smush-placeholder-aspect-ratio: 1024\/683;\" \/>\t\t\t\t\t\t\t<\/div>\n\t\t\t\t\t\t\t\t\t\t\t\t<div class=\"pa-gallery-icons-wrapper\">\n\t\t\t\t\t\t\t\t<div class=\"pa-gallery-icons-inner-container\">\n\t\t\t\t\t\t\t\t\t\t\t\t\t\t\t\t\t<\/div>\n\t\t\t\t\t\t\t<\/div>\n\t\t\t\t\t\t\t\t\t\t<div class=\"premium-gallery-caption\">\n\n\t\t\t\t\t\t\t\t\t<span class=\"premium-gallery-img-name\">Bahiazul Resort Fuerteventura<\/span>\n\t\t\t\t\t\n\t\t\t<\/div>\n\t\t\t\t\t\t\t\t\t\t<a class=\"pa-gallery-whole-link\" href=\"https:\/\/www.booking.com\/hotel\/es\/bahiazul-villas-club-fuerteventura.es.html?label=affnetcj-15773516_pub-6943326_site-101123175_pname-Juan+Jos%C3%A9+Mart%C3%ADn+Jerez_clkid-_cjevent-9d13f9b660eb11f082c6000b0a18b8fc&#038;aid=818286&#038;ucfs=1&#038;arphpl=1&#038;checkin=2025-10-06&#038;checkout=2025-10-11&#038;dest_id=752&#038;dest_type=region&#038;group_adults=2&#038;req_adults=2&#038;no_rooms=1&#038;group_children=0&#038;req_children=0&#038;hpos=16&#038;hapos=16&#038;sr_order=score&#038;nflt=ht_id%3D204&#038;srpvid=4a347a6c109d0eb2&#038;srepoch=1752601901&#038;all_sr_blocks=31830216_409772135_2_33_0&#038;highlighted_blocks=31830216_409772135_2_33_0&#038;matching_block_id=31830216_409772135_2_33_0&#038;sr_pri_blocks=31830216_409772135_2_33_0__167140&#038;from=searchresults#hotelTmpl3%ADn+Jerez_clkid-_cjevent-9d953fee5fc011f0816b01c50a18b8f8&#038;aid=818286&#038;ucfs=1&#038;arphpl=1&#038;checkin=2025-10-15&#038;checkout=2025-10-19&#038;dest_id=760&#038;dest_type=region&#038;group_adults=2&#038;req_adults=2&#038;no_rooms=1&#038;group_children=0&#038;req_children=0&#038;hpos=13&#038;hapos=13&#038;sr_order=score&#038;nflt=ht_id%3D204%3Breview_score%3D90&#038;srpvid=706e5b1f54b604d0&#038;srepoch=1752411602&#038;all_sr_blocks=712494701_297755329_2_1_0&#038;highlighted_blocks=712494701_297755329_2_1_0&#038;matching_block_id=712494701_297755329_2_1_0&#038;sr_pri_blocks=712494701_297755329_2_1_0__121590&#038;from=searchresults#hotelTmpl\">\n\t\t\t\t\t\t\t\t<span>\n\t\t\t\t\t\t\t\t\tBahiazul Resort Fuerteventura\t\t\t\t\t\t\t\t<\/span>\n\t\t\t\t\t\t\t<\/a>\n\t\t\t\t\t\t\t\t\t\t\t<\/div>\n\t\t\t<\/div>\n\t\t\t\t\t\t\t<div class=\"premium-gallery-item elementor-repeater-item-4ecdceb hoteles-destacados premium-gallery-item-hidden\">\n\t\t\t\t<div class=\"pa-gallery-img default\" onclick=\"\">\n\t\t\t\t\t<div class=\"pa-gallery-img-container\">\n\t\t\t\t\t\t\t\t<img decoding=\"async\" width=\"1024\" height=\"683\" data-src=\"https:\/\/welikecanarias.com\/wp-content\/uploads\/2025\/07\/Iberostar-Selection-Fuerteventura-Palace.jpg\" class=\"attachment-2048x2048 size-2048x2048 wp-image-73868 lazyload\" alt=\"Vista de Iberostar Selection Fuerteventura Palace, uno de los hoteles con encanto en Fuerteventura\" data-srcset=\"https:\/\/welikecanarias.com\/wp-content\/uploads\/2025\/07\/Iberostar-Selection-Fuerteventura-Palace.jpg 1024w, https:\/\/welikecanarias.com\/wp-content\/uploads\/2025\/07\/Iberostar-Selection-Fuerteventura-Palace-300x200.jpg 300w, https:\/\/welikecanarias.com\/wp-content\/uploads\/2025\/07\/Iberostar-Selection-Fuerteventura-Palace-768x512.jpg 768w\" data-sizes=\"(max-width: 1024px) 100vw, 1024px\" src=\"data:image\/svg+xml;base64,PHN2ZyB3aWR0aD0iMSIgaGVpZ2h0PSIxIiB4bWxucz0iaHR0cDovL3d3dy53My5vcmcvMjAwMC9zdmciPjwvc3ZnPg==\" style=\"--smush-placeholder-width: 1024px; --smush-placeholder-aspect-ratio: 1024\/683;\" \/>\t\t\t\t\t\t\t<\/div>\n\t\t\t\t\t\t\t\t\t\t\t\t<div class=\"pa-gallery-icons-wrapper\">\n\t\t\t\t\t\t\t\t<div class=\"pa-gallery-icons-inner-container\">\n\t\t\t\t\t\t\t\t\t\t\t\t\t\t\t\t\t<\/div>\n\t\t\t\t\t\t\t<\/div>\n\t\t\t\t\t\t\t\t\t\t<div class=\"premium-gallery-caption\">\n\n\t\t\t\t\t\t\t\t\t<span class=\"premium-gallery-img-name\">Iberostar Auswahl Fuerteventura Palace<\/span>\n\t\t\t\t\t\n\t\t\t<\/div>\n\t\t\t\t\t\t\t\t\t\t<a class=\"pa-gallery-whole-link\" href=\"https:\/\/www.booking.com\/hotel\/es\/palace-fuerteventura.es.html?label=affnetcj-15773516_pub-6943326_site-101123175_pname-Juan+Jos%C3%A9+Mart%C3%ADn+Jerez_clkid-_cjevent-9d13f9b660eb11f082c6000b0a18b8fc&#038;aid=818286&#038;ucfs=1&#038;arphpl=1&#038;checkin=2025-10-06&#038;checkout=2025-10-11&#038;dest_id=752&#038;dest_type=region&#038;group_adults=2&#038;req_adults=2&#038;no_rooms=1&#038;group_children=0&#038;req_children=0&#038;hpos=17&#038;hapos=17&#038;sr_order=score&#038;nflt=ht_id%3D204&#038;srpvid=4a347a6c109d0eb2&#038;srepoch=1752601968&#038;all_sr_blocks=1345202_360726830_2_25_0_313500&#038;highlighted_blocks=1345202_360726830_2_25_0_313500&#038;matching_block_id=1345202_360726830_2_25_0_313500&#038;sr_pri_blocks=1345202_360726830_2_25_0_313500_178200&#038;from_sustainable_property_sr=1&#038;from=searchresults#hotelTmpl+Jerez_clkid-_cjevent-9d953fee5fc011f0816b01c50a18b8f8&#038;aid=818286&#038;ucfs=1&#038;arphpl=1&#038;checkin=2025-10-15&#038;checkout=2025-10-19&#038;dest_id=760&#038;dest_type=region&#038;group_adults=2&#038;req_adults=2&#038;no_rooms=1&#038;group_children=0&#038;req_children=0&#038;hpos=14&#038;hapos=14&#038;sr_order=score&#038;nflt=ht_id%3D204%3Breview_score%3D90&#038;srpvid=706e5b1f54b604d0&#038;srepoch=1752411718&#038;all_sr_blocks=562580106_287901581_2_33_0&#038;highlighted_blocks=562580106_287901581_2_33_0&#038;matching_block_id=562580106_287901581_2_33_0&#038;sr_pri_blocks=562580106_287901581_2_33_0__94400&#038;from=searchresults#hotelTmpl\">\n\t\t\t\t\t\t\t\t<span>\n\t\t\t\t\t\t\t\t\tIberostar Auswahl Fuerteventura Palace\t\t\t\t\t\t\t\t<\/span>\n\t\t\t\t\t\t\t<\/a>\n\t\t\t\t\t\t\t\t\t\t\t<\/div>\n\t\t\t<\/div>\n\t\t\t\t\t\t\t<div class=\"premium-gallery-item elementor-repeater-item-0a68e72 hoteles-boutique premium-gallery-item-hidden\">\n\t\t\t\t<div class=\"pa-gallery-img default\" onclick=\"\">\n\t\t\t\t\t<div class=\"pa-gallery-img-container\">\n\t\t\t\t\t\t\t\t<img decoding=\"async\" width=\"919\" height=\"768\" data-src=\"https:\/\/welikecanarias.com\/wp-content\/uploads\/2025\/07\/H10-Ocean-Dreams-Hotel-Boutique.jpg\" class=\"attachment-2048x2048 size-2048x2048 wp-image-73874 lazyload\" alt=\"Vista del H10 Ocean Dreams Hotel Boutique, uno de los hoteles con encanto de Fuerteventura\" data-srcset=\"https:\/\/welikecanarias.com\/wp-content\/uploads\/2025\/07\/H10-Ocean-Dreams-Hotel-Boutique.jpg 919w, https:\/\/welikecanarias.com\/wp-content\/uploads\/2025\/07\/H10-Ocean-Dreams-Hotel-Boutique-300x251.jpg 300w, https:\/\/welikecanarias.com\/wp-content\/uploads\/2025\/07\/H10-Ocean-Dreams-Hotel-Boutique-768x642.jpg 768w\" data-sizes=\"(max-width: 919px) 100vw, 919px\" src=\"data:image\/svg+xml;base64,PHN2ZyB3aWR0aD0iMSIgaGVpZ2h0PSIxIiB4bWxucz0iaHR0cDovL3d3dy53My5vcmcvMjAwMC9zdmciPjwvc3ZnPg==\" style=\"--smush-placeholder-width: 919px; --smush-placeholder-aspect-ratio: 919\/768;\" \/>\t\t\t\t\t\t\t<\/div>\n\t\t\t\t\t\t\t\t\t\t\t\t<div class=\"pa-gallery-icons-wrapper\">\n\t\t\t\t\t\t\t\t<div class=\"pa-gallery-icons-inner-container\">\n\t\t\t\t\t\t\t\t\t\t\t\t\t\t\t\t\t<\/div>\n\t\t\t\t\t\t\t<\/div>\n\t\t\t\t\t\t\t\t\t\t<div class=\"premium-gallery-caption\">\n\n\t\t\t\t\t\t\t\t\t<span class=\"premium-gallery-img-name\">H10 Ocean Dreams Hotel Boutique<\/span>\n\t\t\t\t\t\n\t\t\t<\/div>\n\t\t\t\t\t\t\t\t\t\t<a class=\"pa-gallery-whole-link\" href=\"https:\/\/www.booking.com\/hotel\/es\/las-palmeras-corralejo.es.html?label=affnetcj-15773516_pub-6943326_site-101123175_pname-Juan%20Jos%C3%A9%20Mart%C3%ADn%20Jerez_clkid-_cjevent-9d13f9b660eb11f082c6000b0a18b8fc&#038;aid=818286&#038;ucfs=1&#038;arphpl=1&#038;checkin=2025-10-27&#038;checkout=2025-11-01&#038;dest_id=752&#038;dest_type=region&#038;group_adults=2&#038;req_adults=2&#038;no_rooms=1&#038;group_children=0&#038;req_children=0&#038;hpos=19&#038;hapos=19&#038;sr_order=score&#038;nflt=ht_id%3D204&#038;srpvid=4a347a6c109d0eb2&#038;srepoch=1752602026&#038;all_sr_blocks=9399213_91295899_0_1_0&#038;highlighted_blocks=9399213_91295899_0_1_0&#038;matching_block_id=9399213_91295899_0_1_0&#038;sr_pri_blocks=9399213_91295899_0_1_0__90730&#038;from_sustainable_property_sr=1&#038;from=searchresults&#038;activeTab=maint%C3%ADn%20Jerez_clkid-_cjevent-9d13f9b660eb11f082c6000b0a18b8fc&#038;aid=818286&#038;ucfs=1&#038;arphpl=1&#038;checkin=2025-10-27&#038;checkout=2025-11-01&#038;dest_id=752&#038;dest_type=region&#038;group_adults=2&#038;req_adults=2&#038;no_rooms=1&#038;group_children=0&#038;req_children=0&#038;hpos=19&#038;hapos=19&#038;sr_order=score&#038;nflt=ht_id%3D204&#038;srpvid=4a347a6c109d0eb2&#038;srepoch=1752602026&#038;all_sr_blocks=9399213_91295899_0_1_0&#038;highlighted_blocks=9399213_91295899_0_1_0&#038;matching_block_id=9399213_91295899_0_1_0&#038;sr_pri_blocks=9399213_91295899_0_1_0__90730&#038;from_sustainable_property_sr=1&#038;from=searchresults&#038;activeTab=main+Mart%C3%ADn+Jerez_clkid-_cjevent-9d953fee5fc011f0816b01c50a18b8f8&#038;aid=818286&#038;ucfs=1&#038;arphpl=1&#038;checkin=2025-10-15&#038;checkout=2025-10-19&#038;dest_id=760&#038;dest_type=region&#038;group_adults=2&#038;req_adults=2&#038;no_rooms=1&#038;group_children=0&#038;req_children=0&#038;hpos=20&#038;hapos=20&#038;sr_order=score&#038;nflt=ht_id%3D204%3Breview_score%3D90&#038;srpvid=706e5b1f54b604d0&#038;srepoch=1752411870&#038;all_sr_blocks=9452101_112636450_2_85_0&#038;highlighted_blocks=9452101_112636450_2_85_0&#038;matching_block_id=9452101_112636450_2_85_0&#038;sr_pri_blocks=9452101_112636450_2_85_0__203400&#038;from_sustainable_property_sr=1&#038;from=searchresults#hotelTmpl\">\n\t\t\t\t\t\t\t\t<span>\n\t\t\t\t\t\t\t\t\tH10 Ocean Dreams Hotel Boutique\t\t\t\t\t\t\t\t<\/span>\n\t\t\t\t\t\t\t<\/a>\n\t\t\t\t\t\t\t\t\t\t\t<\/div>\n\t\t\t<\/div>\n\t\t\t\t\t\t\t<div class=\"premium-gallery-item elementor-repeater-item-60f89cb hoteles-destacados premium-gallery-item-hidden\">\n\t\t\t\t<div class=\"pa-gallery-img default\" onclick=\"\">\n\t\t\t\t\t<div class=\"pa-gallery-img-container\">\n\t\t\t\t\t\t\t\t<img decoding=\"async\" width=\"1024\" height=\"683\" data-src=\"https:\/\/welikecanarias.com\/wp-content\/uploads\/2025\/06\/MUR-Faro-Jandia-Fuerteventura-Spa.jpg\" class=\"attachment-2048x2048 size-2048x2048 wp-image-68865 lazyload\" alt=\"Vista del MUR Faro Jandia Fuerteventura &amp; Spa, uno de los mejores hoteles todo incluido en Fuerteventura\" data-srcset=\"https:\/\/welikecanarias.com\/wp-content\/uploads\/2025\/06\/MUR-Faro-Jandia-Fuerteventura-Spa.jpg 1024w, https:\/\/welikecanarias.com\/wp-content\/uploads\/2025\/06\/MUR-Faro-Jandia-Fuerteventura-Spa-300x200.jpg 300w, https:\/\/welikecanarias.com\/wp-content\/uploads\/2025\/06\/MUR-Faro-Jandia-Fuerteventura-Spa-768x512.jpg 768w\" data-sizes=\"(max-width: 1024px) 100vw, 1024px\" src=\"data:image\/svg+xml;base64,PHN2ZyB3aWR0aD0iMSIgaGVpZ2h0PSIxIiB4bWxucz0iaHR0cDovL3d3dy53My5vcmcvMjAwMC9zdmciPjwvc3ZnPg==\" style=\"--smush-placeholder-width: 1024px; --smush-placeholder-aspect-ratio: 1024\/683;\" \/>\t\t\t\t\t\t\t<\/div>\n\t\t\t\t\t\t\t\t\t\t\t\t<div class=\"pa-gallery-icons-wrapper\">\n\t\t\t\t\t\t\t\t<div class=\"pa-gallery-icons-inner-container\">\n\t\t\t\t\t\t\t\t\t\t\t\t\t\t\t\t\t<\/div>\n\t\t\t\t\t\t\t<\/div>\n\t\t\t\t\t\t\t\t\t\t<div class=\"premium-gallery-caption\">\n\n\t\t\t\t\t\t\t\t\t<span class=\"premium-gallery-img-name\">MUR Faro Jandia Fuerteventura &amp; Spa<\/span>\n\t\t\t\t\t\n\t\t\t<\/div>\n\t\t\t\t\t\t\t\t\t\t<a class=\"pa-gallery-whole-link\" href=\"https:\/\/www.booking.com\/hotel\/es\/faro-jandia.es.html?label=affnetcj-15773516_pub-6943326_site-101123175_pname-Juan+Jos%C3%A9+Mart%C3%ADn+Jerez_clkid-_cjevent-9d13f9b660eb11f082c6000b0a18b8fc&#038;aid=818286&#038;ucfs=1&#038;arphpl=1&#038;checkin=2025-10-06&#038;checkout=2025-10-11&#038;dest_id=752&#038;dest_type=region&#038;group_adults=2&#038;req_adults=2&#038;no_rooms=1&#038;group_children=0&#038;req_children=0&#038;hpos=21&#038;hapos=21&#038;sr_order=score&#038;nflt=ht_id%3D204&#038;srpvid=4a347a6c109d0eb2&#038;srepoch=1752602180&#038;all_sr_blocks=9254507_103193546_0_25_0&#038;highlighted_blocks=9254507_103193546_0_25_0&#038;matching_block_id=9254507_103193546_0_25_0&#038;sr_pri_blocks=9254507_103193546_0_25_0__115000&#038;from=searchresults#hotelTmplC3%A9+Mart%C3%ADn+Jerez_clkid-_cjevent-9d953fee5fc011f0816b01c50a18b8f8&#038;aid=818286&#038;ucfs=1&#038;arphpl=1&#038;checkin=2025-10-15&#038;checkout=2025-10-19&#038;dest_id=760&#038;dest_type=region&#038;group_adults=2&#038;req_adults=2&#038;no_rooms=1&#038;group_children=0&#038;req_children=0&#038;hpos=21&#038;hapos=21&#038;sr_order=score&#038;nflt=ht_id%3D204%3Breview_score%3D90&#038;srpvid=706e5b1f54b604d0&#038;srepoch=1752412051&#038;all_sr_blocks=1775605_120048236_2_33_0&#038;highlighted_blocks=1775605_120048236_2_33_0&#038;matching_block_id=1775605_120048236_2_33_0&#038;sr_pri_blocks=1775605_120048236_2_33_0__158090&#038;from_sustainable_property_sr=1&#038;from=searchresults#hotelTmpl\">\n\t\t\t\t\t\t\t\t<span>\n\t\t\t\t\t\t\t\t\tMUR Faro Jandia Fuerteventura &amp; Spa\t\t\t\t\t\t\t\t<\/span>\n\t\t\t\t\t\t\t<\/a>\n\t\t\t\t\t\t\t\t\t\t\t<\/div>\n\t\t\t<\/div>\n\t\t\t\t\t\t\t<div class=\"premium-gallery-item elementor-repeater-item-8edca42 hoteles-destacados premium-gallery-item-hidden\">\n\t\t\t\t<div class=\"pa-gallery-img default\" onclick=\"\">\n\t\t\t\t\t<div class=\"pa-gallery-img-container\">\n\t\t\t\t\t\t\t\t<img decoding=\"async\" width=\"1024\" height=\"768\" data-src=\"https:\/\/welikecanarias.com\/wp-content\/uploads\/2025\/07\/XQ-El-Palacete-fuerteventura.jpg\" class=\"attachment-2048x2048 size-2048x2048 wp-image-73886 lazyload\" alt=\"Vista del XQ El Palacete, uno de los mejores hoteles de Fuerteventura\" data-srcset=\"https:\/\/welikecanarias.com\/wp-content\/uploads\/2025\/07\/XQ-El-Palacete-fuerteventura.jpg 1024w, https:\/\/welikecanarias.com\/wp-content\/uploads\/2025\/07\/XQ-El-Palacete-fuerteventura-300x225.jpg 300w, https:\/\/welikecanarias.com\/wp-content\/uploads\/2025\/07\/XQ-El-Palacete-fuerteventura-768x576.jpg 768w\" data-sizes=\"(max-width: 1024px) 100vw, 1024px\" src=\"data:image\/svg+xml;base64,PHN2ZyB3aWR0aD0iMSIgaGVpZ2h0PSIxIiB4bWxucz0iaHR0cDovL3d3dy53My5vcmcvMjAwMC9zdmciPjwvc3ZnPg==\" style=\"--smush-placeholder-width: 1024px; --smush-placeholder-aspect-ratio: 1024\/768;\" \/>\t\t\t\t\t\t\t<\/div>\n\t\t\t\t\t\t\t\t\t\t\t\t<div class=\"pa-gallery-icons-wrapper\">\n\t\t\t\t\t\t\t\t<div class=\"pa-gallery-icons-inner-container\">\n\t\t\t\t\t\t\t\t\t\t\t\t\t\t\t\t\t<\/div>\n\t\t\t\t\t\t\t<\/div>\n\t\t\t\t\t\t\t\t\t\t<div class=\"premium-gallery-caption\">\n\n\t\t\t\t\t\t\t\t\t<span class=\"premium-gallery-img-name\">XQ El Palacete<\/span>\n\t\t\t\t\t\n\t\t\t<\/div>\n\t\t\t\t\t\t\t\t\t\t<a class=\"pa-gallery-whole-link\" href=\"https:\/\/www.booking.com\/hotel\/es\/xq-el-palacete.es.html?label=affnetcj-15773516_pub-6943326_site-101123175_pname-Juan%20Jos%C3%A9%20Mart%C3%ADn%20Jerez_clkid-_cjevent-9d13f9b660eb11f082c6000b0a18b8fc&#038;aid=818286&#038;ucfs=1&#038;arphpl=1&#038;checkin=2025-10-13&#038;checkout=2025-10-18&#038;dest_id=752&#038;dest_type=region&#038;group_adults=2&#038;req_adults=2&#038;no_rooms=1&#038;group_children=0&#038;req_children=0&#038;hpos=22&#038;hapos=22&#038;sr_order=score&#038;nflt=ht_id%3D204&#038;srpvid=4a347a6c109d0eb2&#038;srepoch=1752602230&#038;all_sr_blocks=27659225_205851802_2_17_0&#038;highlighted_blocks=27659225_205851802_2_17_0&#038;matching_block_id=27659225_205851802_2_17_0&#038;sr_pri_blocks=27659225_205851802_2_17_0__201802&#038;from=searchresults&#038;activeTab=mainA9+Mart%C3%ADn+Jerez_clkid-_cjevent-9d953fee5fc011f0816b01c50a18b8f8&#038;aid=818286&#038;ucfs=1&#038;arphpl=1&#038;checkin=2025-10-15&#038;checkout=2025-10-19&#038;dest_id=760&#038;dest_type=region&#038;group_adults=2&#038;req_adults=2&#038;no_rooms=1&#038;group_children=0&#038;req_children=0&#038;hpos=4&#038;hapos=4&#038;sr_order=score&#038;nflt=ht_id%3D204%3Breview_score%3D90&#038;srpvid=706e5b1f54b604d0&#038;srepoch=1752412186&#038;all_sr_blocks=497682301_298526254_2_1_0&#038;highlighted_blocks=497682301_298526254_2_1_0&#038;matching_block_id=497682301_298526254_2_1_0&#038;sr_pri_blocks=497682301_298526254_2_1_0__64000&#038;from=searchresults#hotelTmpl\">\n\t\t\t\t\t\t\t\t<span>\n\t\t\t\t\t\t\t\t\tXQ El Palacete\t\t\t\t\t\t\t\t<\/span>\n\t\t\t\t\t\t\t<\/a>\n\t\t\t\t\t\t\t\t\t\t\t<\/div>\n\t\t\t<\/div>\n\t\t\t\t\t\t\t<div class=\"premium-gallery-item elementor-repeater-item-fd0d70a hoteles-boutique premium-gallery-item-hidden\">\n\t\t\t\t<div class=\"pa-gallery-img default\" onclick=\"\">\n\t\t\t\t\t<div class=\"pa-gallery-img-container\">\n\t\t\t\t\t\t\t\t<img decoding=\"async\" width=\"1024\" height=\"765\" data-src=\"https:\/\/welikecanarias.com\/wp-content\/uploads\/2025\/07\/Elba-Palace-Golf-Boutique-Hotel.jpg\" class=\"attachment-2048x2048 size-2048x2048 wp-image-73893 lazyload\" alt=\"Vista del Elba Palace Golf Boutique Hotel, uno de los hoteles con encanto de Fuerteventura\" data-srcset=\"https:\/\/welikecanarias.com\/wp-content\/uploads\/2025\/07\/Elba-Palace-Golf-Boutique-Hotel.jpg 1024w, https:\/\/welikecanarias.com\/wp-content\/uploads\/2025\/07\/Elba-Palace-Golf-Boutique-Hotel-300x224.jpg 300w, https:\/\/welikecanarias.com\/wp-content\/uploads\/2025\/07\/Elba-Palace-Golf-Boutique-Hotel-768x574.jpg 768w\" data-sizes=\"(max-width: 1024px) 100vw, 1024px\" src=\"data:image\/svg+xml;base64,PHN2ZyB3aWR0aD0iMSIgaGVpZ2h0PSIxIiB4bWxucz0iaHR0cDovL3d3dy53My5vcmcvMjAwMC9zdmciPjwvc3ZnPg==\" style=\"--smush-placeholder-width: 1024px; --smush-placeholder-aspect-ratio: 1024\/765;\" \/>\t\t\t\t\t\t\t<\/div>\n\t\t\t\t\t\t\t\t\t\t\t\t<div class=\"pa-gallery-icons-wrapper\">\n\t\t\t\t\t\t\t\t<div class=\"pa-gallery-icons-inner-container\">\n\t\t\t\t\t\t\t\t\t\t\t\t\t\t\t\t\t<\/div>\n\t\t\t\t\t\t\t<\/div>\n\t\t\t\t\t\t\t\t\t\t<div class=\"premium-gallery-caption\">\n\n\t\t\t\t\t\t\t\t\t<span class=\"premium-gallery-img-name\">Elba Palace Golf Boutique Hotel<\/span>\n\t\t\t\t\t\n\t\t\t<\/div>\n\t\t\t\t\t\t\t\t\t\t<a class=\"pa-gallery-whole-link\" href=\"https:\/\/www.booking.com\/hotel\/es\/elbapalacegolf.es.html?label=affnetcj-15773516_pub-6943326_site-101123175_pname-Juan+Jos%C3%A9+Mart%C3%ADn+Jerez_clkid-_cjevent-9d13f9b660eb11f082c6000b0a18b8fc&#038;aid=818286&#038;ucfs=1&#038;arphpl=1&#038;checkin=2025-10-06&#038;checkout=2025-10-11&#038;dest_id=752&#038;dest_type=region&#038;group_adults=2&#038;req_adults=2&#038;no_rooms=1&#038;group_children=0&#038;req_children=0&#038;hpos=2&#038;hapos=27&#038;sr_order=score&#038;nflt=ht_id%3D204&#038;srpvid=4a347a6c109d0eb2&#038;srepoch=1752602151&#038;all_sr_blocks=9104402_246290312_0_1_0&#038;highlighted_blocks=9104402_246290312_0_1_0&#038;matching_block_id=9104402_246290312_0_1_0&#038;sr_pri_blocks=9104402_246290312_0_1_0__102280&#038;from=searchresults#hotelTmpln+Jerez_clkid-_cjevent-9d953fee5fc011f0816b01c50a18b8f8&#038;aid=818286&#038;ucfs=1&#038;arphpl=1&#038;checkin=2025-10-15&#038;checkout=2025-10-19&#038;dest_id=760&#038;dest_type=region&#038;group_adults=2&#038;req_adults=2&#038;no_rooms=1&#038;group_children=0&#038;req_children=0&#038;hpos=15&#038;hapos=15&#038;sr_order=score&#038;nflt=ht_id%3D204%3Breview_score%3D90&#038;srpvid=706e5b1f54b604d0&#038;srepoch=1752412397&#038;all_sr_blocks=9170202_119295691_2_1_0&#038;highlighted_blocks=9170202_119295691_2_1_0&#038;matching_block_id=9170202_119295691_2_1_0&#038;sr_pri_blocks=9170202_119295691_2_1_0__66500&#038;from=searchresults#hotelTmpl\">\n\t\t\t\t\t\t\t\t<span>\n\t\t\t\t\t\t\t\t\tElba Palace Golf Boutique Hotel\t\t\t\t\t\t\t\t<\/span>\n\t\t\t\t\t\t\t<\/a>\n\t\t\t\t\t\t\t\t\t\t\t<\/div>\n\t\t\t<\/div>\n\t\t\t\t\t\t\t<div class=\"premium-gallery-item elementor-repeater-item-a2e3047 hoteles-destacados premium-gallery-item-hidden\">\n\t\t\t\t<div class=\"pa-gallery-img default\" onclick=\"\">\n\t\t\t\t\t<div class=\"pa-gallery-img-container\">\n\t\t\t\t\t\t\t\t<img decoding=\"async\" width=\"1024\" height=\"768\" data-src=\"https:\/\/welikecanarias.com\/wp-content\/uploads\/2025\/07\/H10-Ocean-Dunas-fuerteventura.jpg\" class=\"attachment-2048x2048 size-2048x2048 wp-image-73899 lazyload\" alt=\"Vista de H10 Ocean Dunas , uno de los mejores hoteles de Fuerteventura\" data-srcset=\"https:\/\/welikecanarias.com\/wp-content\/uploads\/2025\/07\/H10-Ocean-Dunas-fuerteventura.jpg 1024w, https:\/\/welikecanarias.com\/wp-content\/uploads\/2025\/07\/H10-Ocean-Dunas-fuerteventura-300x225.jpg 300w, https:\/\/welikecanarias.com\/wp-content\/uploads\/2025\/07\/H10-Ocean-Dunas-fuerteventura-768x576.jpg 768w\" data-sizes=\"(max-width: 1024px) 100vw, 1024px\" src=\"data:image\/svg+xml;base64,PHN2ZyB3aWR0aD0iMSIgaGVpZ2h0PSIxIiB4bWxucz0iaHR0cDovL3d3dy53My5vcmcvMjAwMC9zdmciPjwvc3ZnPg==\" style=\"--smush-placeholder-width: 1024px; --smush-placeholder-aspect-ratio: 1024\/768;\" \/>\t\t\t\t\t\t\t<\/div>\n\t\t\t\t\t\t\t\t\t\t\t\t<div class=\"pa-gallery-icons-wrapper\">\n\t\t\t\t\t\t\t\t<div class=\"pa-gallery-icons-inner-container\">\n\t\t\t\t\t\t\t\t\t\t\t\t\t\t\t\t\t<\/div>\n\t\t\t\t\t\t\t<\/div>\n\t\t\t\t\t\t\t\t\t\t<div class=\"premium-gallery-caption\">\n\n\t\t\t\t\t\t\t\t\t<span class=\"premium-gallery-img-name\">H10 Ocean Dunas  <\/span>\n\t\t\t\t\t\n\t\t\t<\/div>\n\t\t\t\t\t\t\t\t\t\t<a class=\"pa-gallery-whole-link\" href=\"https:\/\/www.booking.com\/hotel\/es\/atlantis-dunapark-by-oasis.es.html?label=affnetcj-15773516_pub-6943326_site-101123175_pname-Juan+Jos%C3%A9+Mart%C3%ADn+Jerez_clkid-_cjevent-9d13f9b660eb11f082c6000b0a18b8fc&#038;aid=818286&#038;ucfs=1&#038;arphpl=1&#038;checkin=2025-10-20&#038;checkout=2025-10-25&#038;dest_id=752&#038;dest_type=region&#038;group_adults=2&#038;req_adults=2&#038;no_rooms=1&#038;group_children=0&#038;req_children=0&#038;hpos=4&#038;hapos=29&#038;sr_order=score&#038;nflt=ht_id%3D204&#038;srpvid=4a347a6c109d0eb2&#038;srepoch=1752602151&#038;all_sr_blocks=2238919_183474681_0_1_0&#038;highlighted_blocks=2238919_183474681_0_1_0&#038;matching_block_id=2238919_183474681_0_1_0&#038;sr_pri_blocks=2238919_183474681_0_1_0__95100&#038;from_sustainable_property_sr=1&#038;from=searchresults#hotelTmpl%ADn%20Jerez_clkid-_cjevent-9d953fee5fc011f0816b01c50a18b8f8&#038;aid=818286&#038;ucfs=1&#038;arphpl=1&#038;checkin=2025-10-15&#038;checkout=2025-10-19&#038;dest_id=760&#038;dest_type=region&#038;group_adults=2&#038;req_adults=2&#038;no_rooms=1&#038;group_children=0&#038;req_children=0&#038;hpos=6&#038;hapos=6&#038;sr_order=popularity&#038;nflt=ht_id%3D206&#038;srpvid=72b45d2ab4c60a34&#038;srepoch=1752412826&#038;all_sr_blocks=17605902_88494671_2_1_0&#038;highlighted_blocks=17605902_88494671_2_1_0&#038;matching_block_id=17605902_88494671_2_1_0&#038;sr_pri_blocks=17605902_88494671_2_1_0__251285&#038;from_sustainable_property_sr=1&#038;from=searchresults&#038;show_room=17605902&#038;activeTab=main\">\n\t\t\t\t\t\t\t\t<span>\n\t\t\t\t\t\t\t\t\tH10 Ocean Dunas  \t\t\t\t\t\t\t\t<\/span>\n\t\t\t\t\t\t\t<\/a>\n\t\t\t\t\t\t\t\t\t\t\t<\/div>\n\t\t\t<\/div>\n\t\t\t\t\t\t\t<div class=\"premium-gallery-item elementor-repeater-item-49c9936 hoteles-rurales premium-gallery-item-hidden\">\n\t\t\t\t<div class=\"pa-gallery-img default\" onclick=\"\">\n\t\t\t\t\t<div class=\"pa-gallery-img-container\">\n\t\t\t\t\t\t\t\t<img decoding=\"async\" width=\"1024\" height=\"683\" data-src=\"https:\/\/welikecanarias.com\/wp-content\/uploads\/2025\/07\/Hotel-Rural-Rosario-Martin.jpg\" class=\"attachment-2048x2048 size-2048x2048 wp-image-73905 lazyload\" alt=\"Vista del Hotel Rural Rosario Martin, uno de los alojamientos con encanto en Fuerteventura\" data-srcset=\"https:\/\/welikecanarias.com\/wp-content\/uploads\/2025\/07\/Hotel-Rural-Rosario-Martin.jpg 1024w, https:\/\/welikecanarias.com\/wp-content\/uploads\/2025\/07\/Hotel-Rural-Rosario-Martin-300x200.jpg 300w, https:\/\/welikecanarias.com\/wp-content\/uploads\/2025\/07\/Hotel-Rural-Rosario-Martin-768x512.jpg 768w\" data-sizes=\"(max-width: 1024px) 100vw, 1024px\" src=\"data:image\/svg+xml;base64,PHN2ZyB3aWR0aD0iMSIgaGVpZ2h0PSIxIiB4bWxucz0iaHR0cDovL3d3dy53My5vcmcvMjAwMC9zdmciPjwvc3ZnPg==\" style=\"--smush-placeholder-width: 1024px; --smush-placeholder-aspect-ratio: 1024\/683;\" \/>\t\t\t\t\t\t\t<\/div>\n\t\t\t\t\t\t\t\t\t\t\t\t<div class=\"pa-gallery-icons-wrapper\">\n\t\t\t\t\t\t\t\t<div class=\"pa-gallery-icons-inner-container\">\n\t\t\t\t\t\t\t\t\t\t\t\t\t\t\t\t\t<\/div>\n\t\t\t\t\t\t\t<\/div>\n\t\t\t\t\t\t\t\t\t\t<div class=\"premium-gallery-caption\">\n\n\t\t\t\t\t\t\t\t\t<span class=\"premium-gallery-img-name\">Hotel Rural Rosario Martin<\/span>\n\t\t\t\t\t\n\t\t\t<\/div>\n\t\t\t\t\t\t\t\t\t\t<a class=\"pa-gallery-whole-link\" href=\"https:\/\/www.booking.com\/hotel\/es\/rural-rosario-martin.es.html?label=affnetcj-15773516_pub-6943326_site-101123175_pname-Juan+Jos%C3%A9+Mart%C3%ADn+Jerez_clkid-_cjevent-9d13f9b660eb11f082c6000b0a18b8fc&#038;aid=818286&#038;ucfs=1&#038;arphpl=1&#038;checkin=2025-10-06&#038;checkout=2025-10-11&#038;dest_id=752&#038;dest_type=region&#038;group_adults=2&#038;req_adults=2&#038;no_rooms=1&#038;group_children=0&#038;req_children=0&#038;hpos=6&#038;hapos=31&#038;sr_order=score&#038;nflt=ht_id%3D204&#038;srpvid=4a347a6c109d0eb2&#038;srepoch=1752602151&#038;all_sr_blocks=939003601_366148900_0_1_0&#038;highlighted_blocks=939003601_366148900_0_1_0&#038;matching_block_id=939003601_366148900_0_1_0&#038;sr_pri_blocks=939003601_366148900_0_1_0__51120&#038;from=searchresults#hotelTmplC3%ADn+Jerez_clkid-_cjevent-9d13f9b660eb11f082c6000b0a18b8fc&#038;aid=818286&#038;ucfs=1&#038;arphpl=1&#038;checkin=2025-10-06&#038;checkout=2025-10-11&#038;dest_id=752&#038;dest_type=region&#038;group_adults=2&#038;req_adults=2&#038;no_rooms=1&#038;group_children=0&#038;req_children=0&#038;hpos=6&#038;hapos=31&#038;sr_order=score&#038;nflt=ht_id%3D204&#038;srpvid=4a347a6c109d0eb2&#038;srepoch=1752602151&#038;all_sr_blocks=939003601_366148900_0_1_0&#038;highlighted_blocks=939003601_366148900_0_1_0&#038;matching_block_id=939003601_366148900_0_1_0&#038;sr_pri_blocks=939003601_366148900_0_1_0__51120&#038;from=searchresults#hotelTmplJuan%20Jos%C3%A9%20Mart%C3%ADn%20Jerez_clkid-_cjevent-9d953fee5fc011f0816b01c50a18b8f8&#038;aid=818286&#038;ucfs=1&#038;arphpl=1&#038;checkin=2025-10-15&#038;checkout=2025-10-19&#038;dest_id=760&#038;dest_type=region&#038;group_adults=2&#038;req_adults=2&#038;no_rooms=1&#038;group_children=0&#038;req_children=0&#038;hpos=1&#038;hapos=1&#038;sr_order=score&#038;nflt=ht_id%3D223&#038;srpvid=72b45d2ab4c60a34&#038;srepoch=1752413055&#038;all_sr_blocks=999405003_372823693_2_0_0&#038;highlighted_blocks=999405003_372823693_2_0_0&#038;matching_block_id=999405003_372823693_2_0_0&#038;sr_pri_blocks=999405003_372823693_2_0_0__49500&#038;from=searchresults&#038;activeTab=main\">\n\t\t\t\t\t\t\t\t<span>\n\t\t\t\t\t\t\t\t\tHotel Rural Rosario Martin\t\t\t\t\t\t\t\t<\/span>\n\t\t\t\t\t\t\t<\/a>\n\t\t\t\t\t\t\t\t\t\t\t<\/div>\n\t\t\t<\/div>\n\t\t\t\t\t\t\t<div class=\"premium-gallery-item elementor-repeater-item-66ded6b hoteles-boutique premium-gallery-item-hidden\">\n\t\t\t\t<div class=\"pa-gallery-img default\" onclick=\"\">\n\t\t\t\t\t<div class=\"pa-gallery-img-container\">\n\t\t\t\t\t\t\t\t<img decoding=\"async\" width=\"1024\" height=\"683\" data-src=\"https:\/\/welikecanarias.com\/wp-content\/uploads\/2025\/07\/Hotel-Boutique-TAO-Caleta-Mar.jpg\" class=\"attachment-2048x2048 size-2048x2048 wp-image-73914 lazyload\" alt=\"Vista del Hotel Boutique TAO Caleta Mar, uno de los alojamientos con encanto en Fuerteventura\" data-srcset=\"https:\/\/welikecanarias.com\/wp-content\/uploads\/2025\/07\/Hotel-Boutique-TAO-Caleta-Mar.jpg 1024w, https:\/\/welikecanarias.com\/wp-content\/uploads\/2025\/07\/Hotel-Boutique-TAO-Caleta-Mar-300x200.jpg 300w, https:\/\/welikecanarias.com\/wp-content\/uploads\/2025\/07\/Hotel-Boutique-TAO-Caleta-Mar-768x512.jpg 768w\" data-sizes=\"(max-width: 1024px) 100vw, 1024px\" src=\"data:image\/svg+xml;base64,PHN2ZyB3aWR0aD0iMSIgaGVpZ2h0PSIxIiB4bWxucz0iaHR0cDovL3d3dy53My5vcmcvMjAwMC9zdmciPjwvc3ZnPg==\" style=\"--smush-placeholder-width: 1024px; --smush-placeholder-aspect-ratio: 1024\/683;\" \/>\t\t\t\t\t\t\t<\/div>\n\t\t\t\t\t\t\t\t\t\t\t\t<div class=\"pa-gallery-icons-wrapper\">\n\t\t\t\t\t\t\t\t<div class=\"pa-gallery-icons-inner-container\">\n\t\t\t\t\t\t\t\t\t\t\t\t\t\t\t\t\t<\/div>\n\t\t\t\t\t\t\t<\/div>\n\t\t\t\t\t\t\t\t\t\t<div class=\"premium-gallery-caption\">\n\n\t\t\t\t\t\t\t\t\t<span class=\"premium-gallery-img-name\">Hotel Boutique TAO Caleta Mar<\/span>\n\t\t\t\t\t\n\t\t\t<\/div>\n\t\t\t\t\t\t\t\t\t\t<a class=\"pa-gallery-whole-link\" href=\"https:\/\/www.booking.com\/hotel\/es\/tao-caleta-mar.es.html?label=affnetcj-15773516_pub-6943326_site-101123175_pname-Juan+Jos%C3%A9+Mart%C3%ADn+Jerez_clkid-_cjevent-9d13f9b660eb11f082c6000b0a18b8fc&#038;aid=818286&#038;ucfs=1&#038;arphpl=1&#038;checkin=2025-10-13&#038;checkout=2025-10-18&#038;dest_id=752&#038;dest_type=region&#038;group_adults=2&#038;req_adults=2&#038;no_rooms=1&#038;group_children=0&#038;req_children=0&#038;hpos=7&#038;hapos=32&#038;sr_order=score&#038;nflt=ht_id%3D204&#038;srpvid=4a347a6c109d0eb2&#038;srepoch=1752602151&#038;all_sr_blocks=485879311_159362233_0_2_0&#038;highlighted_blocks=485879311_159362233_0_2_0&#038;matching_block_id=485879311_159362233_0_2_0&#038;sr_pri_blocks=485879311_159362233_0_2_0__54681&#038;from=searchresults#hotelTmplADn%20Jerez_clkid-_cjevent-9d953fee5fc011f0816b01c50a18b8f8&#038;aid=818286&#038;ucfs=1&#038;arphpl=1&#038;checkin=2025-10-15&#038;checkout=2025-10-19&#038;dest_id=760&#038;dest_type=region&#038;group_adults=2&#038;req_adults=2&#038;no_rooms=1&#038;group_children=0&#038;req_children=0&#038;hpos=2&#038;hapos=2&#038;sr_order=score&#038;nflt=ht_id%3D223&#038;srpvid=72b45d2ab4c60a34&#038;srepoch=1752413427&#038;all_sr_blocks=340367501_116682664_2_0_0&#038;highlighted_blocks=340367501_116682664_2_0_0&#038;matching_block_id=340367501_116682664_2_0_0&#038;sr_pri_blocks=340367501_116682664_2_0_0__38400&#038;from=searchresults&#038;activeTab=main\">\n\t\t\t\t\t\t\t\t<span>\n\t\t\t\t\t\t\t\t\tHotel Boutique TAO Caleta Mar\t\t\t\t\t\t\t\t<\/span>\n\t\t\t\t\t\t\t<\/a>\n\t\t\t\t\t\t\t\t\t\t\t<\/div>\n\t\t\t<\/div>\n\t\t\t\t\t\t\t<div class=\"premium-gallery-item elementor-repeater-item-b8d1a2a hoteles-destacados premium-gallery-item-hidden\">\n\t\t\t\t<div class=\"pa-gallery-img default\" onclick=\"\">\n\t\t\t\t\t<div class=\"pa-gallery-img-container\">\n\t\t\t\t\t\t\t\t<img decoding=\"async\" width=\"1024\" height=\"672\" data-src=\"https:\/\/welikecanarias.com\/wp-content\/uploads\/2025\/07\/Barcelo-Corralejo-Bay-fuerteventura.jpg\" class=\"attachment-2048x2048 size-2048x2048 wp-image-73920 lazyload\" alt=\"Vista de Barcel\u00f3 Corralejo Bay, uno de los hoteles destacados en Fuerteventura\" data-srcset=\"https:\/\/welikecanarias.com\/wp-content\/uploads\/2025\/07\/Barcelo-Corralejo-Bay-fuerteventura.jpg 1024w, https:\/\/welikecanarias.com\/wp-content\/uploads\/2025\/07\/Barcelo-Corralejo-Bay-fuerteventura-300x197.jpg 300w, https:\/\/welikecanarias.com\/wp-content\/uploads\/2025\/07\/Barcelo-Corralejo-Bay-fuerteventura-768x504.jpg 768w\" data-sizes=\"(max-width: 1024px) 100vw, 1024px\" src=\"data:image\/svg+xml;base64,PHN2ZyB3aWR0aD0iMSIgaGVpZ2h0PSIxIiB4bWxucz0iaHR0cDovL3d3dy53My5vcmcvMjAwMC9zdmciPjwvc3ZnPg==\" style=\"--smush-placeholder-width: 1024px; --smush-placeholder-aspect-ratio: 1024\/672;\" \/>\t\t\t\t\t\t\t<\/div>\n\t\t\t\t\t\t\t\t\t\t\t\t<div class=\"pa-gallery-icons-wrapper\">\n\t\t\t\t\t\t\t\t<div class=\"pa-gallery-icons-inner-container\">\n\t\t\t\t\t\t\t\t\t\t\t\t\t\t\t\t\t<\/div>\n\t\t\t\t\t\t\t<\/div>\n\t\t\t\t\t\t\t\t\t\t<div class=\"premium-gallery-caption\">\n\n\t\t\t\t\t\t\t\t\t<span class=\"premium-gallery-img-name\">Barcel\u00f3 Corralejo Bay<\/span>\n\t\t\t\t\t\n\t\t\t<\/div>\n\t\t\t\t\t\t\t\t\t\t<a class=\"pa-gallery-whole-link\" href=\"https:\/\/www.booking.com\/hotel\/es\/atlantispalace.es.html?label=affnetcj-15773516_pub-6943326_site-101123175_pname-Juan%20Jos%C3%A9%20Mart%C3%ADn%20Jerez_clkid-_cjevent-9d13f9b660eb11f082c6000b0a18b8fc&#038;aid=818286&#038;ucfs=1&#038;arphpl=1&#038;checkin=2025-10-20&#038;checkout=2025-10-25&#038;dest_id=752&#038;dest_type=region&#038;group_adults=2&#038;req_adults=2&#038;no_rooms=1&#038;group_children=0&#038;req_children=0&#038;hpos=9&#038;hapos=34&#038;sr_order=score&#038;nflt=ht_id%3D204&#038;srpvid=4a347a6c109d0eb2&#038;srepoch=1752602151&#038;all_sr_blocks=9398128_408647246_2_1_0&#038;highlighted_blocks=9398128_408647246_2_1_0&#038;matching_block_id=9398128_408647246_2_1_0&#038;sr_pri_blocks=9398128_408647246_2_1_0__113200&#038;from_sustainable_property_sr=1&#038;from=searchresults&#038;activeTab=main%A9+Mart%C3%ADn+Jerez_clkid-_cjevent-9d953fee5fc011f0816b01c50a18b8f8&#038;aid=818286&#038;ucfs=1&#038;arphpl=1&#038;checkin=2025-10-15&#038;checkout=2025-10-19&#038;dest_id=760&#038;dest_type=region&#038;group_adults=2&#038;req_adults=2&#038;no_rooms=1&#038;group_children=0&#038;req_children=0&#038;hpos=3&#038;hapos=3&#038;sr_order=score&#038;nflt=ht_id%3D223&#038;srpvid=72b45d2ab4c60a34&#038;srepoch=1752413531&#038;all_sr_blocks=160425601_343913305_2_0_0&#038;highlighted_blocks=160425601_343913305_2_0_0&#038;matching_block_id=160425601_343913305_2_0_0&#038;sr_pri_blocks=160425601_343913305_2_0_0__86300&#038;from=searchresults#hotelTmpl\">\n\t\t\t\t\t\t\t\t<span>\n\t\t\t\t\t\t\t\t\tBarcel\u00f3 Corralejo Bay\t\t\t\t\t\t\t\t<\/span>\n\t\t\t\t\t\t\t<\/a>\n\t\t\t\t\t\t\t\t\t\t\t<\/div>\n\t\t\t<\/div>\n\t\t\t\t\t\t\t<div class=\"premium-gallery-item elementor-repeater-item-83a21fb hoteles-destacados premium-gallery-item-hidden\">\n\t\t\t\t<div class=\"pa-gallery-img default\" onclick=\"\">\n\t\t\t\t\t<div class=\"pa-gallery-img-container\">\n\t\t\t\t\t\t\t\t<img decoding=\"async\" width=\"1024\" height=\"683\" data-src=\"https:\/\/welikecanarias.com\/wp-content\/uploads\/2025\/07\/Barcelo-Fuerteventura-Royal-Level.jpg\" class=\"attachment-2048x2048 size-2048x2048 wp-image-73926 lazyload\" alt=\"vista del Barcel\u00f3 Fuerteventura Royal Level, uno de los hoteles destacados en Fuerteventura\" data-srcset=\"https:\/\/welikecanarias.com\/wp-content\/uploads\/2025\/07\/Barcelo-Fuerteventura-Royal-Level.jpg 1024w, https:\/\/welikecanarias.com\/wp-content\/uploads\/2025\/07\/Barcelo-Fuerteventura-Royal-Level-300x200.jpg 300w, https:\/\/welikecanarias.com\/wp-content\/uploads\/2025\/07\/Barcelo-Fuerteventura-Royal-Level-768x512.jpg 768w\" data-sizes=\"(max-width: 1024px) 100vw, 1024px\" src=\"data:image\/svg+xml;base64,PHN2ZyB3aWR0aD0iMSIgaGVpZ2h0PSIxIiB4bWxucz0iaHR0cDovL3d3dy53My5vcmcvMjAwMC9zdmciPjwvc3ZnPg==\" style=\"--smush-placeholder-width: 1024px; --smush-placeholder-aspect-ratio: 1024\/683;\" \/>\t\t\t\t\t\t\t<\/div>\n\t\t\t\t\t\t\t\t\t\t\t\t<div class=\"pa-gallery-icons-wrapper\">\n\t\t\t\t\t\t\t\t<div class=\"pa-gallery-icons-inner-container\">\n\t\t\t\t\t\t\t\t\t\t\t\t\t\t\t\t\t<\/div>\n\t\t\t\t\t\t\t<\/div>\n\t\t\t\t\t\t\t\t\t\t<div class=\"premium-gallery-caption\">\n\n\t\t\t\t\t\t\t\t\t<span class=\"premium-gallery-img-name\">Barcel\u00f3 Fuerteventura Royal Level<\/span>\n\t\t\t\t\t\n\t\t\t<\/div>\n\t\t\t\t\t\t\t\t\t\t<a class=\"pa-gallery-whole-link\" href=\"https:\/\/www.booking.com\/hotel\/es\/barcelo-castillo-royal-level-adults-only.es.html?label=affnetcj-15773516_pub-6943326_site-101123175_pname-Juan+Jos%C3%A9+Mart%C3%ADn+Jerez_clkid-_cjevent-9d13f9b660eb11f082c6000b0a18b8fc&#038;aid=818286&#038;ucfs=1&#038;arphpl=1&#038;checkin=2025-10-20&#038;checkout=2025-10-25&#038;dest_id=752&#038;dest_type=region&#038;group_adults=2&#038;req_adults=2&#038;no_rooms=1&#038;group_children=0&#038;req_children=0&#038;hpos=11&#038;hapos=36&#038;sr_order=score&#038;nflt=ht_id%3D204&#038;srpvid=4a347a6c109d0eb2&#038;srepoch=1752602151&#038;all_sr_blocks=769611101_408649367_2_17_0&#038;highlighted_blocks=769611101_408649367_2_17_0&#038;matching_block_id=769611101_408649367_2_17_0&#038;sr_pri_blocks=769611101_408649367_2_17_0__144000&#038;from=searchresults#hotelTmplJuan+Jos%C3%A9+Mart%C3%ADn+Jerez_clkid-_cjevent-9d13f9b660eb11f082c6000b0a18b8fc&#038;aid=818286&#038;ucfs=1&#038;arphpl=1&#038;checkin=2025-10-20&#038;checkout=2025-10-25&#038;dest_id=752&#038;dest_type=region&#038;group_adults=2&#038;req_adults=2&#038;no_rooms=1&#038;group_children=0&#038;req_children=0&#038;hpos=11&#038;hapos=36&#038;sr_order=score&#038;nflt=ht_id%3D204&#038;srpvid=4a347a6c109d0eb2&#038;srepoch=1752602151&#038;all_sr_blocks=769611101_408649367_2_17_0&#038;highlighted_blocks=769611101_408649367_2_17_0&#038;matching_block_id=769611101_408649367_2_17_0&#038;sr_pri_blocks=769611101_408649367_2_17_0__144000&#038;from=searchresults#hotelTmplt%C3%ADn+Jerez_clkid-_cjevent-9d953fee5fc011f0816b01c50a18b8f8&#038;aid=818286&#038;ucfs=1&#038;arphpl=1&#038;checkin=2025-10-15&#038;checkout=2025-10-19&#038;dest_id=760&#038;dest_type=region&#038;group_adults=2&#038;req_adults=2&#038;no_rooms=1&#038;group_children=0&#038;req_children=0&#038;hpos=5&#038;hapos=5&#038;sr_order=score&#038;nflt=ht_id%3D223&#038;srpvid=72b45d2ab4c60a34&#038;srepoch=1752413691&#038;all_sr_blocks=658321001_269980454_4_0_0&#038;highlighted_blocks=658321001_269980454_4_0_0&#038;matching_block_id=658321001_269980454_4_0_0&#038;sr_pri_blocks=658321001_269980454_4_0_0__72000&#038;from=searchresults#hotelTmpl\">\n\t\t\t\t\t\t\t\t<span>\n\t\t\t\t\t\t\t\t\tBarcel\u00f3 Fuerteventura Royal Level\t\t\t\t\t\t\t\t<\/span>\n\t\t\t\t\t\t\t<\/a>\n\t\t\t\t\t\t\t\t\t\t\t<\/div>\n\t\t\t<\/div>\n\t\t\t\t\t\t\t<div class=\"premium-gallery-item elementor-repeater-item-d5e7606 hoteles-destacados premium-gallery-item-hidden\">\n\t\t\t\t<div class=\"pa-gallery-img default\" onclick=\"\">\n\t\t\t\t\t<div class=\"pa-gallery-img-container\">\n\t\t\t\t\t\t\t\t<img decoding=\"async\" width=\"1024\" height=\"683\" data-src=\"https:\/\/welikecanarias.com\/wp-content\/uploads\/2025\/07\/Hotel-LIVVO-Jandia-Golf.jpg\" class=\"attachment-2048x2048 size-2048x2048 wp-image-73932 lazyload\" alt=\"Vista del Hotel LIVVO Jand\u00eda Golf, uno de los hoteles destacados de Fuerteventura\" data-srcset=\"https:\/\/welikecanarias.com\/wp-content\/uploads\/2025\/07\/Hotel-LIVVO-Jandia-Golf.jpg 1024w, https:\/\/welikecanarias.com\/wp-content\/uploads\/2025\/07\/Hotel-LIVVO-Jandia-Golf-300x200.jpg 300w, https:\/\/welikecanarias.com\/wp-content\/uploads\/2025\/07\/Hotel-LIVVO-Jandia-Golf-768x512.jpg 768w\" data-sizes=\"(max-width: 1024px) 100vw, 1024px\" src=\"data:image\/svg+xml;base64,PHN2ZyB3aWR0aD0iMSIgaGVpZ2h0PSIxIiB4bWxucz0iaHR0cDovL3d3dy53My5vcmcvMjAwMC9zdmciPjwvc3ZnPg==\" style=\"--smush-placeholder-width: 1024px; --smush-placeholder-aspect-ratio: 1024\/683;\" \/>\t\t\t\t\t\t\t<\/div>\n\t\t\t\t\t\t\t\t\t\t\t\t<div class=\"pa-gallery-icons-wrapper\">\n\t\t\t\t\t\t\t\t<div class=\"pa-gallery-icons-inner-container\">\n\t\t\t\t\t\t\t\t\t\t\t\t\t\t\t\t\t<\/div>\n\t\t\t\t\t\t\t<\/div>\n\t\t\t\t\t\t\t\t\t\t<div class=\"premium-gallery-caption\">\n\n\t\t\t\t\t\t\t\t\t<span class=\"premium-gallery-img-name\">Hotel LIVVO Jand\u00eda Golf<\/span>\n\t\t\t\t\t\n\t\t\t<\/div>\n\t\t\t\t\t\t\t\t\t\t<a class=\"pa-gallery-whole-link\" href=\"https:\/\/www.booking.com\/hotel\/es\/jandia-golf.es.html?label=affnetcj-15773516_pub-6943326_site-101123175_pname-Juan%20Jos%C3%A9%20Mart%C3%ADn%20Jerez_clkid-_cjevent-9d13f9b660eb11f082c6000b0a18b8fc&#038;aid=818286&#038;ucfs=1&#038;arphpl=1&#038;checkin=2025-10-06&#038;checkout=2025-10-11&#038;dest_id=752&#038;dest_type=region&#038;group_adults=2&#038;req_adults=2&#038;no_rooms=1&#038;group_children=0&#038;req_children=0&#038;hpos=13&#038;hapos=38&#038;sr_order=score&#038;nflt=ht_id%3D204&#038;srpvid=4a347a6c109d0eb2&#038;srepoch=1752602151&#038;all_sr_blocks=110805709_406048124_2_85_0&#038;highlighted_blocks=110805709_406048124_2_85_0&#038;matching_block_id=110805709_406048124_2_85_0&#038;sr_pri_blocks=110805709_406048124_2_85_0__64574&#038;from=searchresults&#038;activeTab=mainADn+Jerez_clkid-_cjevent-9d953fee5fc011f0816b01c50a18b8f8&#038;aid=818286&#038;ucfs=1&#038;arphpl=1&#038;checkin=2025-10-15&#038;checkout=2025-10-19&#038;dest_id=760&#038;dest_type=region&#038;group_adults=2&#038;req_adults=2&#038;no_rooms=1&#038;group_children=0&#038;req_children=0&#038;hpos=6&#038;hapos=6&#038;sr_order=score&#038;nflt=ht_id%3D223&#038;srpvid=72b45d2ab4c60a34&#038;srepoch=1752413767&#038;all_sr_blocks=42559804_106161322_0_0_0&#038;highlighted_blocks=42559804_106161322_0_0_0&#038;matching_block_id=42559804_106161322_0_0_0&#038;sr_pri_blocks=42559804_106161322_0_0_0__19500&#038;from=searchresults&#038;map=1#map_closed\">\n\t\t\t\t\t\t\t\t<span>\n\t\t\t\t\t\t\t\t\tHotel LIVVO Jand\u00eda Golf\t\t\t\t\t\t\t\t<\/span>\n\t\t\t\t\t\t\t<\/a>\n\t\t\t\t\t\t\t\t\t\t\t<\/div>\n\t\t\t<\/div>\n\t\t\t\t\t\t\t<div class=\"premium-gallery-item elementor-repeater-item-9cb8d38 hoteles-destacados premium-gallery-item-hidden\">\n\t\t\t\t<div class=\"pa-gallery-img default\" onclick=\"\">\n\t\t\t\t\t<div class=\"pa-gallery-img-container\">\n\t\t\t\t\t\t\t\t<img decoding=\"async\" width=\"1024\" height=\"683\" data-src=\"https:\/\/welikecanarias.com\/wp-content\/uploads\/2025\/07\/Sheraton-Fuerteventura-Golf-Spa-Resort.jpg\" class=\"attachment-2048x2048 size-2048x2048 wp-image-73938 lazyload\" alt=\"Vista de Sheraton Fuerteventura Golf &amp; Spa Resort, uno de los hoteles destacados en Fuerteventura\" data-srcset=\"https:\/\/welikecanarias.com\/wp-content\/uploads\/2025\/07\/Sheraton-Fuerteventura-Golf-Spa-Resort.jpg 1024w, https:\/\/welikecanarias.com\/wp-content\/uploads\/2025\/07\/Sheraton-Fuerteventura-Golf-Spa-Resort-300x200.jpg 300w, https:\/\/welikecanarias.com\/wp-content\/uploads\/2025\/07\/Sheraton-Fuerteventura-Golf-Spa-Resort-768x512.jpg 768w\" data-sizes=\"(max-width: 1024px) 100vw, 1024px\" src=\"data:image\/svg+xml;base64,PHN2ZyB3aWR0aD0iMSIgaGVpZ2h0PSIxIiB4bWxucz0iaHR0cDovL3d3dy53My5vcmcvMjAwMC9zdmciPjwvc3ZnPg==\" style=\"--smush-placeholder-width: 1024px; --smush-placeholder-aspect-ratio: 1024\/683;\" \/>\t\t\t\t\t\t\t<\/div>\n\t\t\t\t\t\t\t\t\t\t\t\t<div class=\"pa-gallery-icons-wrapper\">\n\t\t\t\t\t\t\t\t<div class=\"pa-gallery-icons-inner-container\">\n\t\t\t\t\t\t\t\t\t\t\t\t\t\t\t\t\t<\/div>\n\t\t\t\t\t\t\t<\/div>\n\t\t\t\t\t\t\t\t\t\t<div class=\"premium-gallery-caption\">\n\n\t\t\t\t\t\t\t\t\t<span class=\"premium-gallery-img-name\">Sheraton Fuerteventura Golf &amp; Spa Resort<\/span>\n\t\t\t\t\t\n\t\t\t<\/div>\n\t\t\t\t\t\t\t\t\t\t<a class=\"pa-gallery-whole-link\" href=\"https:\/\/www.booking.com\/hotel\/es\/sheraton-fuerteventura-golf-spa-resort.es.html?label=affnetcj-15773516_pub-6943326_site-101123175_pname-Juan+Jos%C3%A9+Mart%C3%ADn+Jerez_clkid-_cjevent-9d13f9b660eb11f082c6000b0a18b8fc&#038;aid=818286&#038;ucfs=1&#038;arphpl=1&#038;checkin=2025-10-06&#038;checkout=2025-10-11&#038;dest_id=752&#038;dest_type=region&#038;group_adults=2&#038;req_adults=2&#038;no_rooms=1&#038;group_children=0&#038;req_children=0&#038;hpos=14&#038;hapos=39&#038;sr_order=score&#038;nflt=ht_id%3D204&#038;srpvid=4a347a6c109d0eb2&#038;srepoch=1752602151&#038;all_sr_blocks=9437660_140410870_0_1_0&#038;highlighted_blocks=9437660_140410870_0_1_0&#038;matching_block_id=9437660_140410870_0_1_0&#038;sr_pri_blocks=9437660_140410870_0_1_0__111296&#038;from=searchresults#hotelTmplan+Jos%C3%A9+Mart%C3%ADn+Jerez_clkid-_cjevent-9d953fee5fc011f0816b01c50a18b8f8&#038;aid=818286&#038;ucfs=1&#038;arphpl=1&#038;checkin=2025-10-15&#038;checkout=2025-10-19&#038;dest_id=760&#038;dest_type=region&#038;group_adults=2&#038;req_adults=2&#038;no_rooms=1&#038;group_children=0&#038;req_children=0&#038;hpos=11&#038;hapos=11&#038;sr_order=score&#038;nflt=ht_id%3D223&#038;srpvid=72b45d2ab4c60a34&#038;srepoch=1752413902&#038;all_sr_blocks=219392702_97740246_2_0_0&#038;highlighted_blocks=219392702_97740246_2_0_0&#038;matching_block_id=219392702_97740246_2_0_0&#038;sr_pri_blocks=219392702_97740246_2_0_0__21600&#038;from=searchresults#hotelTmpl\">\n\t\t\t\t\t\t\t\t<span>\n\t\t\t\t\t\t\t\t\tSheraton Fuerteventura Golf &amp; Spa Resort\t\t\t\t\t\t\t\t<\/span>\n\t\t\t\t\t\t\t<\/a>\n\t\t\t\t\t\t\t\t\t\t\t<\/div>\n\t\t\t<\/div>\n\t\t\t\t\t\t\t<div class=\"premium-gallery-item elementor-repeater-item-1db4cfa hoteles-destacados premium-gallery-item-hidden\">\n\t\t\t\t<div class=\"pa-gallery-img default\" onclick=\"\">\n\t\t\t\t\t<div class=\"pa-gallery-img-container\">\n\t\t\t\t\t\t\t\t<img decoding=\"async\" width=\"1024\" height=\"646\" data-src=\"https:\/\/welikecanarias.com\/wp-content\/uploads\/2025\/07\/Bakour-Fuerteventura-La-Pared.jpg\" class=\"attachment-2048x2048 size-2048x2048 wp-image-73944 lazyload\" alt=\"Vista de Bakour Fuerteventura La Pared, uno de los mejores hoteles en Fuerteventura\" data-srcset=\"https:\/\/welikecanarias.com\/wp-content\/uploads\/2025\/07\/Bakour-Fuerteventura-La-Pared.jpg 1024w, https:\/\/welikecanarias.com\/wp-content\/uploads\/2025\/07\/Bakour-Fuerteventura-La-Pared-300x189.jpg 300w, https:\/\/welikecanarias.com\/wp-content\/uploads\/2025\/07\/Bakour-Fuerteventura-La-Pared-768x485.jpg 768w\" data-sizes=\"(max-width: 1024px) 100vw, 1024px\" src=\"data:image\/svg+xml;base64,PHN2ZyB3aWR0aD0iMSIgaGVpZ2h0PSIxIiB4bWxucz0iaHR0cDovL3d3dy53My5vcmcvMjAwMC9zdmciPjwvc3ZnPg==\" style=\"--smush-placeholder-width: 1024px; --smush-placeholder-aspect-ratio: 1024\/646;\" \/>\t\t\t\t\t\t\t<\/div>\n\t\t\t\t\t\t\t\t\t\t\t\t<div class=\"pa-gallery-icons-wrapper\">\n\t\t\t\t\t\t\t\t<div class=\"pa-gallery-icons-inner-container\">\n\t\t\t\t\t\t\t\t\t\t\t\t\t\t\t\t\t<\/div>\n\t\t\t\t\t\t\t<\/div>\n\t\t\t\t\t\t\t\t\t\t<div class=\"premium-gallery-caption\">\n\n\t\t\t\t\t\t\t\t\t<span class=\"premium-gallery-img-name\">Bakour Fuerteventura La Pared<\/span>\n\t\t\t\t\t\n\t\t\t<\/div>\n\t\t\t\t\t\t\t\t\t\t<a class=\"pa-gallery-whole-link\" href=\"https:\/\/www.booking.com\/hotel\/es\/la-pared-powered-by-playitas.es.html?label=affnetcj-15773516_pub-6943326_site-101123175_pname-Juan+Jos%C3%A9+Mart%C3%ADn+Jerez_clkid-_cjevent-9d13f9b660eb11f082c6000b0a18b8fc&#038;aid=818286&#038;ucfs=1&#038;arphpl=1&#038;checkin=2025-10-06&#038;checkout=2025-10-11&#038;dest_id=752&#038;dest_type=region&#038;group_adults=2&#038;req_adults=2&#038;no_rooms=1&#038;group_children=0&#038;req_children=0&#038;hpos=19&#038;hapos=44&#038;sr_order=score&#038;nflt=ht_id%3D204&#038;srpvid=4a347a6c109d0eb2&#038;srepoch=1752602151&#038;all_sr_blocks=42234109_92871794_2_2_0&#038;highlighted_blocks=42234109_92871794_2_2_0&#038;matching_block_id=42234109_92871794_2_2_0&#038;sr_pri_blocks=42234109_92871794_2_2_0__35550&#038;from=searchresults#hotelTmplDn%20Jerez_clkid-_cjevent-9d953fee5fc011f0816b01c50a18b8f8&#038;aid=818286&#038;ucfs=1&#038;arphpl=1&#038;checkin=2025-10-15&#038;checkout=2025-10-19&#038;dest_id=760&#038;dest_type=region&#038;group_adults=2&#038;req_adults=2&#038;no_rooms=1&#038;group_children=0&#038;req_children=0&#038;hpos=8&#038;hapos=8&#038;sr_order=score&#038;nflt=ht_id%3D223&#038;srpvid=72b45d2ab4c60a34&#038;srepoch=1752414105&#038;all_sr_blocks=42670502_329629355_0_0_0&#038;highlighted_blocks=42670502_329629355_0_0_0&#038;matching_block_id=42670502_329629355_0_0_0&#038;sr_pri_blocks=42670502_329629355_0_0_0__34000&#038;from=searchresults&#038;activeTab=main\">\n\t\t\t\t\t\t\t\t<span>\n\t\t\t\t\t\t\t\t\tBakour Fuerteventura La Pared\t\t\t\t\t\t\t\t<\/span>\n\t\t\t\t\t\t\t<\/a>\n\t\t\t\t\t\t\t\t\t\t\t<\/div>\n\t\t\t<\/div>\n\t\t\t\t\t\t\t<div class=\"premium-gallery-item elementor-repeater-item-7082b4a hoteles-destacados premium-gallery-item-hidden\">\n\t\t\t\t<div class=\"pa-gallery-img default\" onclick=\"\">\n\t\t\t\t\t<div class=\"pa-gallery-img-container\">\n\t\t\t\t\t\t\t\t<img decoding=\"async\" width=\"1024\" height=\"683\" data-src=\"https:\/\/welikecanarias.com\/wp-content\/uploads\/2025\/07\/Barcelo-Fuerteventura-Mar.jpg\" class=\"attachment-2048x2048 size-2048x2048 wp-image-73950 lazyload\" alt=\"Vista de Barcel\u00f3 Fuerteventura Mar, uno de los hoteles destacados en Fuerteventura\" data-srcset=\"https:\/\/welikecanarias.com\/wp-content\/uploads\/2025\/07\/Barcelo-Fuerteventura-Mar.jpg 1024w, https:\/\/welikecanarias.com\/wp-content\/uploads\/2025\/07\/Barcelo-Fuerteventura-Mar-300x200.jpg 300w, https:\/\/welikecanarias.com\/wp-content\/uploads\/2025\/07\/Barcelo-Fuerteventura-Mar-768x512.jpg 768w\" data-sizes=\"(max-width: 1024px) 100vw, 1024px\" src=\"data:image\/svg+xml;base64,PHN2ZyB3aWR0aD0iMSIgaGVpZ2h0PSIxIiB4bWxucz0iaHR0cDovL3d3dy53My5vcmcvMjAwMC9zdmciPjwvc3ZnPg==\" style=\"--smush-placeholder-width: 1024px; --smush-placeholder-aspect-ratio: 1024\/683;\" \/>\t\t\t\t\t\t\t<\/div>\n\t\t\t\t\t\t\t\t\t\t\t\t<div class=\"pa-gallery-icons-wrapper\">\n\t\t\t\t\t\t\t\t<div class=\"pa-gallery-icons-inner-container\">\n\t\t\t\t\t\t\t\t\t\t\t\t\t\t\t\t\t<\/div>\n\t\t\t\t\t\t\t<\/div>\n\t\t\t\t\t\t\t\t\t\t<div class=\"premium-gallery-caption\">\n\n\t\t\t\t\t\t\t\t\t<span class=\"premium-gallery-img-name\">  Barcel\u00f3 Fuerteventura Meer<\/span>\n\t\t\t\t\t\n\t\t\t<\/div>\n\t\t\t\t\t\t\t\t\t\t<a class=\"pa-gallery-whole-link\" href=\"https:\/\/www.booking.com\/hotel\/es\/barcelo-fuerteventura-mar.es.html?label=affnetcj-15773516_pub-6943326_site-101123175_pname-Juan+Jos%C3%A9+Mart%C3%ADn+Jerez_clkid-_cjevent-9d13f9b660eb11f082c6000b0a18b8fc&#038;aid=818286&#038;ucfs=1&#038;arphpl=1&#038;checkin=2025-10-06&#038;checkout=2025-10-11&#038;dest_id=752&#038;dest_type=region&#038;group_adults=2&#038;req_adults=2&#038;no_rooms=1&#038;group_children=0&#038;req_children=0&#038;hpos=20&#038;hapos=45&#038;sr_order=score&#038;nflt=ht_id%3D204&#038;srpvid=4a347a6c109d0eb2&#038;srepoch=1752602151&#038;all_sr_blocks=9404801_140304385_2_1_0&#038;highlighted_blocks=9404801_140304385_2_1_0&#038;matching_block_id=9404801_140304385_2_1_0&#038;sr_pri_blocks=9404801_140304385_2_1_0__101000&#038;from_sustainable_property_sr=1&#038;from=searchresults#hotelTmplC3%A9+Mart%C3%ADn+Jerez_clkid-_cjevent-9d953fee5fc011f0816b01c50a18b8f8&#038;aid=818286&#038;ucfs=1&#038;arphpl=1&#038;checkin=2025-10-15&#038;checkout=2025-10-19&#038;dest_id=760&#038;dest_type=region&#038;group_adults=2&#038;req_adults=2&#038;no_rooms=1&#038;group_children=0&#038;req_children=0&#038;hpos=1&#038;hapos=1&#038;sr_order=score&#038;nflt=ht_id%3D213&#038;srpvid=72b45d2ab4c60a34&#038;srepoch=1752414309&#038;all_sr_blocks=1071630701_379687705_4_0_0&#038;highlighted_blocks=1071630701_379687705_4_0_0&#038;matching_block_id=1071630701_379687705_4_0_0&#038;sr_pri_blocks=1071630701_379687705_4_0_0__77760&#038;from=searchresults#hotelTmpl\">\n\t\t\t\t\t\t\t\t<span>\n\t\t\t\t\t\t\t\t\t  Barcel\u00f3 Fuerteventura Meer\t\t\t\t\t\t\t\t<\/span>\n\t\t\t\t\t\t\t<\/a>\n\t\t\t\t\t\t\t\t\t\t\t<\/div>\n\t\t\t<\/div>\n\t\t\t\t\t\t\t<div class=\"premium-gallery-item elementor-repeater-item-fb61de4 hoteles-destacados premium-gallery-item-hidden\">\n\t\t\t\t<div class=\"pa-gallery-img default\" onclick=\"\">\n\t\t\t\t\t<div class=\"pa-gallery-img-container\">\n\t\t\t\t\t\t\t\t<img decoding=\"async\" width=\"1024\" height=\"550\" data-src=\"https:\/\/welikecanarias.com\/wp-content\/uploads\/2025\/06\/Occidental-Jandia-Royal-Level-Adults-Only-todo-incluido.jpg\" class=\"attachment-2048x2048 size-2048x2048 wp-image-68883 lazyload\" alt=\"Vista del Occidental Jand\u00eda Royal Level - Adults Only, uno de los mejores todo incluidos en Fuerteventura\" data-srcset=\"https:\/\/welikecanarias.com\/wp-content\/uploads\/2025\/06\/Occidental-Jandia-Royal-Level-Adults-Only-todo-incluido.jpg 1024w, https:\/\/welikecanarias.com\/wp-content\/uploads\/2025\/06\/Occidental-Jandia-Royal-Level-Adults-Only-todo-incluido-300x161.jpg 300w, https:\/\/welikecanarias.com\/wp-content\/uploads\/2025\/06\/Occidental-Jandia-Royal-Level-Adults-Only-todo-incluido-768x413.jpg 768w\" data-sizes=\"(max-width: 1024px) 100vw, 1024px\" src=\"data:image\/svg+xml;base64,PHN2ZyB3aWR0aD0iMSIgaGVpZ2h0PSIxIiB4bWxucz0iaHR0cDovL3d3dy53My5vcmcvMjAwMC9zdmciPjwvc3ZnPg==\" style=\"--smush-placeholder-width: 1024px; --smush-placeholder-aspect-ratio: 1024\/550;\" \/>\t\t\t\t\t\t\t<\/div>\n\t\t\t\t\t\t\t\t\t\t\t\t<div class=\"pa-gallery-icons-wrapper\">\n\t\t\t\t\t\t\t\t<div class=\"pa-gallery-icons-inner-container\">\n\t\t\t\t\t\t\t\t\t\t\t\t\t\t\t\t\t<\/div>\n\t\t\t\t\t\t\t<\/div>\n\t\t\t\t\t\t\t\t\t\t<div class=\"premium-gallery-caption\">\n\n\t\t\t\t\t\t\t\t\t<span class=\"premium-gallery-img-name\">Occidental Jand\u00eda Royal Level  <\/span>\n\t\t\t\t\t\n\t\t\t<\/div>\n\t\t\t\t\t\t\t\t\t\t<a class=\"pa-gallery-whole-link\" href=\"https:\/\/www.booking.com\/hotel\/es\/occidental-jandia-royal-level.es.html?label=affnetcj-15773516_pub-6943326_site-101123175_pname-Juan+Jos%C3%A9+Mart%C3%ADn+Jerez_clkid-_cjevent-9d13f9b660eb11f082c6000b0a18b8fc&#038;aid=818286&#038;ucfs=1&#038;arphpl=1&#038;checkin=2025-10-20&#038;checkout=2025-10-25&#038;dest_id=752&#038;dest_type=region&#038;group_adults=2&#038;req_adults=2&#038;no_rooms=1&#038;group_children=0&#038;req_children=0&#038;hpos=22&#038;hapos=47&#038;sr_order=score&#038;nflt=ht_id%3D204&#038;srpvid=4a347a6c109d0eb2&#038;srepoch=1752602151&#038;all_sr_blocks=27480607_408795160_2_1_0&#038;highlighted_blocks=27480607_408795160_2_1_0&#038;matching_block_id=27480607_408795160_2_1_0&#038;sr_pri_blocks=27480607_408795160_2_1_0__110790&#038;from=searchresults#hotelTmpl%A9+Mart%C3%ADn+Jerez_clkid-_cjevent-9d13f9b660eb11f082c6000b0a18b8fc&#038;aid=818286&#038;ucfs=1&#038;arphpl=1&#038;checkin=2025-10-20&#038;checkout=2025-10-25&#038;dest_id=752&#038;dest_type=region&#038;group_adults=2&#038;req_adults=2&#038;no_rooms=1&#038;group_children=0&#038;req_children=0&#038;hpos=22&#038;hapos=47&#038;sr_order=score&#038;nflt=ht_id%3D204&#038;srpvid=4a347a6c109d0eb2&#038;srepoch=1752602151&#038;all_sr_blocks=27480607_408795160_2_1_0&#038;highlighted_blocks=27480607_408795160_2_1_0&#038;matching_block_id=27480607_408795160_2_1_0&#038;sr_pri_blocks=27480607_408795160_2_1_0__110790&#038;from=searchresults#hotelTmpl9%20Mart%C3%ADn%20Jerez_clkid-_cjevent-9d953fee5fc011f0816b01c50a18b8f8&#038;aid=818286&#038;ucfs=1&#038;arphpl=1&#038;checkin=2025-10-15&#038;checkout=2025-10-19&#038;dest_id=760&#038;dest_type=region&#038;group_adults=2&#038;req_adults=2&#038;no_rooms=1&#038;group_children=0&#038;req_children=0&#038;hpos=3&#038;hapos=3&#038;sr_order=score&#038;nflt=ht_id%3D213&#038;srpvid=72b45d2ab4c60a34&#038;srepoch=1752423037&#038;all_sr_blocks=1171347001_389675616_6_0_0_723591&#038;highlighted_blocks=1171347001_389675616_6_0_0_723591&#038;matching_block_id=1171347001_389675616_6_0_0_723591&#038;sr_pri_blocks=1171347001_389675616_6_0_0_723591_218700&#038;from=searchresults&#038;activeTab=main\">\n\t\t\t\t\t\t\t\t<span>\n\t\t\t\t\t\t\t\t\tOccidental Jand\u00eda Royal Level  \t\t\t\t\t\t\t\t<\/span>\n\t\t\t\t\t\t\t<\/a>\n\t\t\t\t\t\t\t\t\t\t\t<\/div>\n\t\t\t<\/div>\n\t\t\t\t\t\t\t<div class=\"premium-gallery-item elementor-repeater-item-3da48e9 hoteles-destacados premium-gallery-item-hidden\">\n\t\t\t\t<div class=\"pa-gallery-img default\" onclick=\"\">\n\t\t\t\t\t<div class=\"pa-gallery-img-container\">\n\t\t\t\t\t\t\t\t<img decoding=\"async\" width=\"1024\" height=\"535\" data-src=\"https:\/\/welikecanarias.com\/wp-content\/uploads\/2025\/07\/Fuerteventura-Princess.jpg\" class=\"attachment-2048x2048 size-2048x2048 wp-image-73959 lazyload\" alt=\"Vista de Fuerteventura Princess, uno de los hoteles destacados en fuerteventura\" data-srcset=\"https:\/\/welikecanarias.com\/wp-content\/uploads\/2025\/07\/Fuerteventura-Princess.jpg 1024w, https:\/\/welikecanarias.com\/wp-content\/uploads\/2025\/07\/Fuerteventura-Princess-300x157.jpg 300w, https:\/\/welikecanarias.com\/wp-content\/uploads\/2025\/07\/Fuerteventura-Princess-768x401.jpg 768w\" data-sizes=\"(max-width: 1024px) 100vw, 1024px\" src=\"data:image\/svg+xml;base64,PHN2ZyB3aWR0aD0iMSIgaGVpZ2h0PSIxIiB4bWxucz0iaHR0cDovL3d3dy53My5vcmcvMjAwMC9zdmciPjwvc3ZnPg==\" style=\"--smush-placeholder-width: 1024px; --smush-placeholder-aspect-ratio: 1024\/535;\" \/>\t\t\t\t\t\t\t<\/div>\n\t\t\t\t\t\t\t\t\t\t\t\t<div class=\"pa-gallery-icons-wrapper\">\n\t\t\t\t\t\t\t\t<div class=\"pa-gallery-icons-inner-container\">\n\t\t\t\t\t\t\t\t\t\t\t\t\t\t\t\t\t<\/div>\n\t\t\t\t\t\t\t<\/div>\n\t\t\t\t\t\t\t\t\t\t<div class=\"premium-gallery-caption\">\n\n\t\t\t\t\t\t\t\t\t<span class=\"premium-gallery-img-name\">Fuerteventura Prinzessin<\/span>\n\t\t\t\t\t\n\t\t\t<\/div>\n\t\t\t\t\t\t\t\t\t\t<a class=\"pa-gallery-whole-link\" href=\"https:\/\/www.booking.com\/hotel\/es\/fuerteventura-princess.es.html?label=affnetcj-15773516_pub-6943326_site-101123175_pname-Juan+Jos%C3%A9+Mart%C3%ADn+Jerez_clkid-_cjevent-9d13f9b660eb11f082c6000b0a18b8fc&#038;aid=818286&#038;ucfs=1&#038;arphpl=1&#038;checkin=2025-10-06&#038;checkout=2025-10-11&#038;dest_id=752&#038;dest_type=region&#038;group_adults=2&#038;req_adults=2&#038;no_rooms=1&#038;group_children=0&#038;req_children=0&#038;hpos=24&#038;hapos=49&#038;sr_order=score&#038;nflt=ht_id%3D204&#038;srpvid=4a347a6c109d0eb2&#038;srepoch=1752602151&#038;all_sr_blocks=103267501_88211748_0_17_0&#038;highlighted_blocks=103267501_88211748_0_17_0&#038;matching_block_id=103267501_88211748_0_17_0&#038;sr_pri_blocks=103267501_88211748_0_17_0__108027&#038;from=searchresults#hotelTmpl9%20Mart%C3%ADn%20Jerez_clkid-_cjevent-9d953fee5fc011f0816b01c50a18b8f8&#038;aid=818286&#038;ucfs=1&#038;arphpl=1&#038;checkin=2025-10-15&#038;checkout=2025-10-19&#038;dest_id=760&#038;dest_type=region&#038;group_adults=2&#038;req_adults=2&#038;no_rooms=1&#038;group_children=0&#038;req_children=0&#038;hpos=5&#038;hapos=5&#038;sr_order=score&#038;nflt=ht_id%3D213&#038;srpvid=72b45d2ab4c60a34&#038;srepoch=1752423131&#038;all_sr_blocks=597727802_416295475_2_0_0&#038;highlighted_blocks=597727802_416295475_2_0_0&#038;matching_block_id=597727802_416295475_2_0_0&#038;sr_pri_blocks=597727802_416295475_2_0_0__64786&#038;from=searchresults&#038;activeTab=main\">\n\t\t\t\t\t\t\t\t<span>\n\t\t\t\t\t\t\t\t\tFuerteventura Prinzessin\t\t\t\t\t\t\t\t<\/span>\n\t\t\t\t\t\t\t<\/a>\n\t\t\t\t\t\t\t\t\t\t\t<\/div>\n\t\t\t<\/div>\n\t\t\t\t\t\t\t<div class=\"premium-gallery-item elementor-repeater-item-f0d38bc hoteles-destacados premium-gallery-item-hidden\">\n\t\t\t\t<div class=\"pa-gallery-img default\" onclick=\"\">\n\t\t\t\t\t<div class=\"pa-gallery-img-container\">\n\t\t\t\t\t\t\t\t<img decoding=\"async\" width=\"975\" height=\"768\" data-src=\"https:\/\/welikecanarias.com\/wp-content\/uploads\/2025\/07\/H10-Tindaya-fuerteventura.jpg\" class=\"attachment-2048x2048 size-2048x2048 wp-image-73965 lazyload\" alt=\"Vista de H10 Tindaya, uno de los hoteles destacados en Fuerteventura\" data-srcset=\"https:\/\/welikecanarias.com\/wp-content\/uploads\/2025\/07\/H10-Tindaya-fuerteventura.jpg 975w, https:\/\/welikecanarias.com\/wp-content\/uploads\/2025\/07\/H10-Tindaya-fuerteventura-300x236.jpg 300w, https:\/\/welikecanarias.com\/wp-content\/uploads\/2025\/07\/H10-Tindaya-fuerteventura-768x605.jpg 768w\" data-sizes=\"(max-width: 975px) 100vw, 975px\" src=\"data:image\/svg+xml;base64,PHN2ZyB3aWR0aD0iMSIgaGVpZ2h0PSIxIiB4bWxucz0iaHR0cDovL3d3dy53My5vcmcvMjAwMC9zdmciPjwvc3ZnPg==\" style=\"--smush-placeholder-width: 975px; --smush-placeholder-aspect-ratio: 975\/768;\" \/>\t\t\t\t\t\t\t<\/div>\n\t\t\t\t\t\t\t\t\t\t\t\t<div class=\"pa-gallery-icons-wrapper\">\n\t\t\t\t\t\t\t\t<div class=\"pa-gallery-icons-inner-container\">\n\t\t\t\t\t\t\t\t\t\t\t\t\t\t\t\t\t<\/div>\n\t\t\t\t\t\t\t<\/div>\n\t\t\t\t\t\t\t\t\t\t<div class=\"premium-gallery-caption\">\n\n\t\t\t\t\t\t\t\t\t<span class=\"premium-gallery-img-name\">H10 Tindaya<\/span>\n\t\t\t\t\t\n\t\t\t<\/div>\n\t\t\t\t\t\t\t\t\t\t<a class=\"pa-gallery-whole-link\" href=\"https:\/\/www.booking.com\/hotel\/es\/htindaya.es.html?label=affnetcj-15773516_pub-6943326_site-101123175_pname-Juan+Jos%C3%A9+Mart%C3%ADn+Jerez_clkid-_cjevent-9d13f9b660eb11f082c6000b0a18b8fc&#038;aid=818286&#038;ucfs=1&#038;arphpl=1&#038;checkin=2025-10-06&#038;checkout=2025-10-11&#038;dest_id=752&#038;dest_type=region&#038;group_adults=2&#038;req_adults=2&#038;no_rooms=1&#038;group_children=0&#038;req_children=0&#038;hpos=2&#038;hapos=52&#038;sr_order=score&#038;nflt=ht_id%3D204&#038;srpvid=4a347a6c109d0eb2&#038;srepoch=1752602786&#038;all_sr_blocks=9191311_237293859_0_17_0&#038;highlighted_blocks=9191311_237293859_0_17_0&#038;matching_block_id=9191311_237293859_0_17_0&#038;sr_pri_blocks=9191311_237293859_0_17_0__96430&#038;from_sustainable_property_sr=1&#038;from=searchresults#hotelTmplt%C3%ADn+Jerez_clkid-_cjevent-9d953fee5fc011f0816b01c50a18b8f8&#038;aid=818286&#038;ucfs=1&#038;arphpl=1&#038;checkin=2025-10-15&#038;checkout=2025-10-19&#038;dest_id=760&#038;dest_type=region&#038;group_adults=2&#038;req_adults=2&#038;no_rooms=1&#038;group_children=0&#038;req_children=0&#038;hpos=9&#038;hapos=9&#038;sr_order=score&#038;nflt=ht_id%3D213&#038;srpvid=72b45d2ab4c60a34&#038;srepoch=1752423216&#038;all_sr_blocks=432829201_402731995_2_0_0&#038;highlighted_blocks=432829201_402731995_2_0_0&#038;matching_block_id=432829201_402731995_2_0_0&#038;sr_pri_blocks=432829201_402731995_2_0_0__96760&#038;from=searchresults#hotelTmpl\">\n\t\t\t\t\t\t\t\t<span>\n\t\t\t\t\t\t\t\t\tH10 Tindaya\t\t\t\t\t\t\t\t<\/span>\n\t\t\t\t\t\t\t<\/a>\n\t\t\t\t\t\t\t\t\t\t\t<\/div>\n\t\t\t<\/div>\n\t\t\t\t\t\t\t<div class=\"premium-gallery-item elementor-repeater-item-2e104df hoteles-destacados premium-gallery-item-hidden\">\n\t\t\t\t<div class=\"pa-gallery-img default\" onclick=\"\">\n\t\t\t\t\t<div class=\"pa-gallery-img-container\">\n\t\t\t\t\t\t\t\t<img decoding=\"async\" width=\"1024\" height=\"768\" data-src=\"https:\/\/welikecanarias.com\/wp-content\/uploads\/2025\/07\/H10-Playa-Esmeralda.jpg\" class=\"attachment-2048x2048 size-2048x2048 wp-image-73971 lazyload\" alt=\"Vista de H10 Playa Esmeralda, uno de los hoteles con encanto en Fuerteventura\" data-srcset=\"https:\/\/welikecanarias.com\/wp-content\/uploads\/2025\/07\/H10-Playa-Esmeralda.jpg 1024w, https:\/\/welikecanarias.com\/wp-content\/uploads\/2025\/07\/H10-Playa-Esmeralda-300x225.jpg 300w, https:\/\/welikecanarias.com\/wp-content\/uploads\/2025\/07\/H10-Playa-Esmeralda-768x576.jpg 768w\" data-sizes=\"(max-width: 1024px) 100vw, 1024px\" src=\"data:image\/svg+xml;base64,PHN2ZyB3aWR0aD0iMSIgaGVpZ2h0PSIxIiB4bWxucz0iaHR0cDovL3d3dy53My5vcmcvMjAwMC9zdmciPjwvc3ZnPg==\" style=\"--smush-placeholder-width: 1024px; --smush-placeholder-aspect-ratio: 1024\/768;\" \/>\t\t\t\t\t\t\t<\/div>\n\t\t\t\t\t\t\t\t\t\t\t\t<div class=\"pa-gallery-icons-wrapper\">\n\t\t\t\t\t\t\t\t<div class=\"pa-gallery-icons-inner-container\">\n\t\t\t\t\t\t\t\t\t\t\t\t\t\t\t\t\t<\/div>\n\t\t\t\t\t\t\t<\/div>\n\t\t\t\t\t\t\t\t\t\t<div class=\"premium-gallery-caption\">\n\n\t\t\t\t\t\t\t\t\t<span class=\"premium-gallery-img-name\">H10 Playa Esmeralda<\/span>\n\t\t\t\t\t\n\t\t\t<\/div>\n\t\t\t\t\t\t\t\t\t\t<a class=\"pa-gallery-whole-link\" href=\"https:\/\/www.booking.com\/hotel\/es\/h10playaesmeralda.es.html?label=affnetcj-15773516_pub-6943326_site-101123175_pname-Juan%20Jos%C3%A9%20Mart%C3%ADn%20Jerez_clkid-_cjevent-9d13f9b660eb11f082c6000b0a18b8fc&#038;aid=818286&#038;ucfs=1&#038;arphpl=1&#038;checkin=2025-10-20&#038;checkout=2025-10-25&#038;dest_id=752&#038;dest_type=region&#038;group_adults=2&#038;req_adults=2&#038;no_rooms=1&#038;group_children=0&#038;req_children=0&#038;hpos=3&#038;hapos=53&#038;sr_order=score&#038;nflt=ht_id%3D204&#038;srpvid=4a347a6c109d0eb2&#038;srepoch=1752602786&#038;all_sr_blocks=9062913_187460700_0_41_0&#038;highlighted_blocks=9062913_187460700_0_41_0&#038;matching_block_id=9062913_187460700_0_41_0&#038;sr_pri_blocks=9062913_187460700_0_41_0__98000&#038;from_sustainable_property_sr=1&#038;from=searchresults&#038;activeTab=mainan%20Jos%C3%A9%20Mart%C3%ADn%20Jerez_clkid-_cjevent-9d953fee5fc011f0816b01c50a18b8f8&#038;aid=818286&#038;ucfs=1&#038;arphpl=1&#038;checkin=2025-10-15&#038;checkout=2025-10-19&#038;dest_id=760&#038;dest_type=region&#038;group_adults=2&#038;req_adults=2&#038;no_rooms=1&#038;group_children=0&#038;req_children=0&#038;hpos=10&#038;hapos=10&#038;sr_order=score&#038;nflt=ht_id%3D213&#038;srpvid=72b45d2ab4c60a34&#038;srepoch=1752423294&#038;all_sr_blocks=517143902_408101199_2_0_0&#038;highlighted_blocks=517143902_408101199_2_0_0&#038;matching_block_id=517143902_408101199_2_0_0&#038;sr_pri_blocks=517143902_408101199_2_0_0__56442&#038;from=searchresults&#038;activeTab=main\">\n\t\t\t\t\t\t\t\t<span>\n\t\t\t\t\t\t\t\t\tH10 Playa Esmeralda\t\t\t\t\t\t\t\t<\/span>\n\t\t\t\t\t\t\t<\/a>\n\t\t\t\t\t\t\t\t\t\t\t<\/div>\n\t\t\t<\/div>\n\t\t\t\t\t\t\t<div class=\"premium-gallery-item elementor-repeater-item-1f1a2b4 hoteles-rurales premium-gallery-item-hidden\">\n\t\t\t\t<div class=\"pa-gallery-img default\" onclick=\"\">\n\t\t\t\t\t<div class=\"pa-gallery-img-container\">\n\t\t\t\t\t\t\t\t<img decoding=\"async\" width=\"1024\" height=\"683\" data-src=\"https:\/\/welikecanarias.com\/wp-content\/uploads\/2025\/07\/Hotel-Rural-Huerto-Viejo.jpg\" class=\"attachment-2048x2048 size-2048x2048 wp-image-73977 lazyload\" alt=\"Vista del Hotel Rural Huerto Viejo, uno de los alojamientos con encanto en Fuerteventur\" data-srcset=\"https:\/\/welikecanarias.com\/wp-content\/uploads\/2025\/07\/Hotel-Rural-Huerto-Viejo.jpg 1024w, https:\/\/welikecanarias.com\/wp-content\/uploads\/2025\/07\/Hotel-Rural-Huerto-Viejo-300x200.jpg 300w, https:\/\/welikecanarias.com\/wp-content\/uploads\/2025\/07\/Hotel-Rural-Huerto-Viejo-768x512.jpg 768w\" data-sizes=\"(max-width: 1024px) 100vw, 1024px\" src=\"data:image\/svg+xml;base64,PHN2ZyB3aWR0aD0iMSIgaGVpZ2h0PSIxIiB4bWxucz0iaHR0cDovL3d3dy53My5vcmcvMjAwMC9zdmciPjwvc3ZnPg==\" style=\"--smush-placeholder-width: 1024px; --smush-placeholder-aspect-ratio: 1024\/683;\" \/>\t\t\t\t\t\t\t<\/div>\n\t\t\t\t\t\t\t\t\t\t\t\t<div class=\"pa-gallery-icons-wrapper\">\n\t\t\t\t\t\t\t\t<div class=\"pa-gallery-icons-inner-container\">\n\t\t\t\t\t\t\t\t\t\t\t\t\t\t\t\t\t<\/div>\n\t\t\t\t\t\t\t<\/div>\n\t\t\t\t\t\t\t\t\t\t<div class=\"premium-gallery-caption\">\n\n\t\t\t\t\t\t\t\t\t<span class=\"premium-gallery-img-name\">Hotel Rural Huerto Viejo<\/span>\n\t\t\t\t\t\n\t\t\t<\/div>\n\t\t\t\t\t\t\t\t\t\t<a class=\"pa-gallery-whole-link\" href=\"https:\/\/www.booking.com\/hotel\/es\/rural-huerto-viejo.es.html?label=affnetcj-15773516_pub-6943326_site-101123175_pname-Juan+Jos%C3%A9+Mart%C3%ADn+Jerez_clkid-_cjevent-9d13f9b660eb11f082c6000b0a18b8fc&#038;aid=818286&#038;ucfs=1&#038;arphpl=1&#038;checkin=2025-10-06&#038;checkout=2025-10-11&#038;dest_id=752&#038;dest_type=region&#038;group_adults=2&#038;req_adults=2&#038;no_rooms=1&#038;group_children=0&#038;req_children=0&#038;hpos=4&#038;hapos=4&#038;sr_order=score&#038;nflt=price%3DEUR-min-270-1%3Bht_id%3D223&#038;srpvid=4a347a6c109d0eb2&#038;srepoch=1752603981&#038;all_sr_blocks=303586506_336113039_2_0_0&#038;highlighted_blocks=303586506_336113039_2_0_0&#038;matching_block_id=303586506_336113039_2_0_0&#038;sr_pri_blocks=303586506_336113039_2_0_0__38250&#038;from=searchresults#hotelTmpl\">\n\t\t\t\t\t\t\t\t<span>\n\t\t\t\t\t\t\t\t\tHotel Rural Huerto Viejo\t\t\t\t\t\t\t\t<\/span>\n\t\t\t\t\t\t\t<\/a>\n\t\t\t\t\t\t\t\t\t\t\t<\/div>\n\t\t\t<\/div>\n\t\t\t\t\t\t\t<div class=\"premium-gallery-item elementor-repeater-item-7762396 casas-rurales-y-apartamentos premium-gallery-item-hidden\">\n\t\t\t\t<div class=\"pa-gallery-img default\" onclick=\"\">\n\t\t\t\t\t<div class=\"pa-gallery-img-container\">\n\t\t\t\t\t\t\t\t<img decoding=\"async\" width=\"1024\" height=\"683\" data-src=\"https:\/\/welikecanarias.com\/wp-content\/uploads\/2025\/07\/Agroturismo-La-Gayria.jpg\" class=\"attachment-2048x2048 size-2048x2048 wp-image-73983 lazyload\" alt=\"\" data-srcset=\"https:\/\/welikecanarias.com\/wp-content\/uploads\/2025\/07\/Agroturismo-La-Gayria.jpg 1024w, https:\/\/welikecanarias.com\/wp-content\/uploads\/2025\/07\/Agroturismo-La-Gayria-300x200.jpg 300w, https:\/\/welikecanarias.com\/wp-content\/uploads\/2025\/07\/Agroturismo-La-Gayria-768x512.jpg 768w\" data-sizes=\"(max-width: 1024px) 100vw, 1024px\" src=\"data:image\/svg+xml;base64,PHN2ZyB3aWR0aD0iMSIgaGVpZ2h0PSIxIiB4bWxucz0iaHR0cDovL3d3dy53My5vcmcvMjAwMC9zdmciPjwvc3ZnPg==\" style=\"--smush-placeholder-width: 1024px; --smush-placeholder-aspect-ratio: 1024\/683;\" \/>\t\t\t\t\t\t\t<\/div>\n\t\t\t\t\t\t\t\t\t\t\t\t<div class=\"pa-gallery-icons-wrapper\">\n\t\t\t\t\t\t\t\t<div class=\"pa-gallery-icons-inner-container\">\n\t\t\t\t\t\t\t\t\t\t\t\t\t\t\t\t\t<\/div>\n\t\t\t\t\t\t\t<\/div>\n\t\t\t\t\t\t\t\t\t\t<div class=\"premium-gallery-caption\">\n\n\t\t\t\t\t\t\t\t\t<span class=\"premium-gallery-img-name\">Agritourismus La Gayria<\/span>\n\t\t\t\t\t\n\t\t\t<\/div>\n\t\t\t\t\t\t\t\t\t\t<a class=\"pa-gallery-whole-link\" href=\"https:\/\/www.booking.com\/hotel\/es\/agroturismo-la-gayria.es.html?label=affnetcj-15773516_pub-6943326_site-101123175_pname-Juan+Jos%C3%A9+Mart%C3%ADn+Jerez_clkid-_cjevent-9d13f9b660eb11f082c6000b0a18b8fc&#038;aid=818286&#038;ucfs=1&#038;arphpl=1&#038;checkin=2025-10-20&#038;checkout=2025-10-25&#038;dest_id=752&#038;dest_type=region&#038;group_adults=2&#038;req_adults=2&#038;no_rooms=1&#038;group_children=0&#038;req_children=0&#038;hpos=5&#038;hapos=5&#038;sr_order=score&#038;nflt=price%3DEUR-min-270-1%3Bht_id%3D223&#038;srpvid=4a347a6c109d0eb2&#038;srepoch=1752604063&#038;all_sr_blocks=39430401_326794865_2_0_0&#038;highlighted_blocks=39430401_326794865_2_0_0&#038;matching_block_id=39430401_326794865_2_0_0&#038;sr_pri_blocks=39430401_326794865_2_0_0__35400&#038;from=searchresults#hotelTmplADn%20Jerez_clkid-_cjevent-9d953fee5fc011f0816b01c50a18b8f8&#038;aid=818286&#038;ucfs=1&#038;arphpl=1&#038;checkin=2025-10-15&#038;checkout=2025-10-19&#038;dest_id=760&#038;dest_type=region&#038;group_adults=2&#038;req_adults=2&#038;no_rooms=1&#038;group_children=0&#038;req_children=0&#038;hpos=23&#038;hapos=48&#038;sr_order=score&#038;nflt=ht_id%3D213&#038;srpvid=72b45d2ab4c60a34&#038;srepoch=1752423410&#038;all_sr_blocks=539842801_360657128_2_0_0&#038;highlighted_blocks=539842801_360657128_2_0_0&#038;matching_block_id=539842801_360657128_2_0_0&#038;sr_pri_blocks=539842801_360657128_2_0_0__184000&#038;from=searchresults&#038;activeTab=main\">\n\t\t\t\t\t\t\t\t<span>\n\t\t\t\t\t\t\t\t\tAgritourismus La Gayria\t\t\t\t\t\t\t\t<\/span>\n\t\t\t\t\t\t\t<\/a>\n\t\t\t\t\t\t\t\t\t\t\t<\/div>\n\t\t\t<\/div>\n\t\t\t\t\t\t\t<div class=\"premium-gallery-item elementor-repeater-item-f73b3e1 casas-rurales-y-apartamentos premium-gallery-item-hidden\">\n\t\t\t\t<div class=\"pa-gallery-img default\" onclick=\"\">\n\t\t\t\t\t<div class=\"pa-gallery-img-container\">\n\t\t\t\t\t\t\t\t<img decoding=\"async\" width=\"1024\" height=\"576\" data-src=\"https:\/\/welikecanarias.com\/wp-content\/uploads\/2025\/07\/Casa-Rural-Tamasite.jpg\" class=\"attachment-2048x2048 size-2048x2048 wp-image-73989 lazyload\" alt=\"Vista de Casa Rural Tamasite, una de las casas rurales con encanto en Fuerteventura\" data-srcset=\"https:\/\/welikecanarias.com\/wp-content\/uploads\/2025\/07\/Casa-Rural-Tamasite.jpg 1024w, https:\/\/welikecanarias.com\/wp-content\/uploads\/2025\/07\/Casa-Rural-Tamasite-300x169.jpg 300w, https:\/\/welikecanarias.com\/wp-content\/uploads\/2025\/07\/Casa-Rural-Tamasite-768x432.jpg 768w\" data-sizes=\"(max-width: 1024px) 100vw, 1024px\" src=\"data:image\/svg+xml;base64,PHN2ZyB3aWR0aD0iMSIgaGVpZ2h0PSIxIiB4bWxucz0iaHR0cDovL3d3dy53My5vcmcvMjAwMC9zdmciPjwvc3ZnPg==\" style=\"--smush-placeholder-width: 1024px; --smush-placeholder-aspect-ratio: 1024\/576;\" \/>\t\t\t\t\t\t\t<\/div>\n\t\t\t\t\t\t\t\t\t\t\t\t<div class=\"pa-gallery-icons-wrapper\">\n\t\t\t\t\t\t\t\t<div class=\"pa-gallery-icons-inner-container\">\n\t\t\t\t\t\t\t\t\t\t\t\t\t\t\t\t\t<\/div>\n\t\t\t\t\t\t\t<\/div>\n\t\t\t\t\t\t\t\t\t\t<div class=\"premium-gallery-caption\">\n\n\t\t\t\t\t\t\t\t\t<span class=\"premium-gallery-img-name\">L\u00e4ndliches Haus Tamasite<\/span>\n\t\t\t\t\t\n\t\t\t<\/div>\n\t\t\t\t\t\t\t\t\t\t<a class=\"pa-gallery-whole-link\" href=\"https:\/\/www.booking.com\/hotel\/es\/countryhouse-tamasite.es.html?label=affnetcj-15773516_pub-6943326_site-101123175_pname-Juan%20Jos%C3%A9%20Mart%C3%ADn%20Jerez_clkid-_cjevent-9d13f9b660eb11f082c6000b0a18b8fc&#038;aid=818286&#038;ucfs=1&#038;arphpl=1&#038;checkin=2025-10-06&#038;checkout=2025-10-11&#038;dest_id=752&#038;dest_type=region&#038;group_adults=2&#038;req_adults=2&#038;no_rooms=1&#038;group_children=0&#038;req_children=0&#038;hpos=6&#038;hapos=6&#038;sr_order=score&#038;nflt=price%3DEUR-min-270-1%3Bht_id%3D223&#038;srpvid=4a347a6c109d0eb2&#038;srepoch=1752604141&#038;all_sr_blocks=126670402_326827679_2_0_0&#038;highlighted_blocks=126670402_326827679_2_0_0&#038;matching_block_id=126670402_326827679_2_0_0&#038;sr_pri_blocks=126670402_326827679_2_0_0__36000&#038;from=searchresults&#038;activeTab=mainA9%20Mart%C3%ADn%20Jerez_clkid-_cjevent-9d953fee5fc011f0816b01c50a18b8f8&#038;aid=818286&#038;ucfs=1&#038;arphpl=1&#038;checkin=2025-10-15&#038;checkout=2025-10-19&#038;dest_id=760&#038;dest_type=region&#038;group_adults=2&#038;req_adults=2&#038;no_rooms=1&#038;group_children=0&#038;req_children=0&#038;hpos=17&#038;hapos=42&#038;sr_order=score&#038;nflt=ht_id%3D213&#038;srpvid=72b45d2ab4c60a34&#038;srepoch=1752423410&#038;all_sr_blocks=815187401_343963431_4_0_0&#038;highlighted_blocks=815187401_343963431_4_0_0&#038;matching_block_id=815187401_343963431_4_0_0&#038;sr_pri_blocks=815187401_343963431_4_0_0__80000&#038;from=searchresults&#038;activeTab=main83&#038;medium=link\">\n\t\t\t\t\t\t\t\t<span>\n\t\t\t\t\t\t\t\t\tL\u00e4ndliches Haus Tamasite\t\t\t\t\t\t\t\t<\/span>\n\t\t\t\t\t\t\t<\/a>\n\t\t\t\t\t\t\t\t\t\t\t<\/div>\n\t\t\t<\/div>\n\t\t\t\t\t\t\t<div class=\"premium-gallery-item elementor-repeater-item-eed7662 casas-rurales-y-apartamentos premium-gallery-item-hidden\">\n\t\t\t\t<div class=\"pa-gallery-img default\" onclick=\"\">\n\t\t\t\t\t<div class=\"pa-gallery-img-container\">\n\t\t\t\t\t\t\t\t<img decoding=\"async\" width=\"1024\" height=\"683\" data-src=\"https:\/\/welikecanarias.com\/wp-content\/uploads\/2025\/07\/Casa-Inspirada-fuerteventura.jpg\" class=\"attachment-2048x2048 size-2048x2048 wp-image-73995 lazyload\" alt=\"\" data-srcset=\"https:\/\/welikecanarias.com\/wp-content\/uploads\/2025\/07\/Casa-Inspirada-fuerteventura.jpg 1024w, https:\/\/welikecanarias.com\/wp-content\/uploads\/2025\/07\/Casa-Inspirada-fuerteventura-300x200.jpg 300w, https:\/\/welikecanarias.com\/wp-content\/uploads\/2025\/07\/Casa-Inspirada-fuerteventura-768x512.jpg 768w\" data-sizes=\"(max-width: 1024px) 100vw, 1024px\" src=\"data:image\/svg+xml;base64,PHN2ZyB3aWR0aD0iMSIgaGVpZ2h0PSIxIiB4bWxucz0iaHR0cDovL3d3dy53My5vcmcvMjAwMC9zdmciPjwvc3ZnPg==\" style=\"--smush-placeholder-width: 1024px; --smush-placeholder-aspect-ratio: 1024\/683;\" \/>\t\t\t\t\t\t\t<\/div>\n\t\t\t\t\t\t\t\t\t\t\t\t<div class=\"pa-gallery-icons-wrapper\">\n\t\t\t\t\t\t\t\t<div class=\"pa-gallery-icons-inner-container\">\n\t\t\t\t\t\t\t\t\t\t\t\t\t\t\t\t\t<\/div>\n\t\t\t\t\t\t\t<\/div>\n\t\t\t\t\t\t\t\t\t\t<div class=\"premium-gallery-caption\">\n\n\t\t\t\t\t\t\t\t\t<span class=\"premium-gallery-img-name\">Inspiriertes Haus<\/span>\n\t\t\t\t\t\n\t\t\t<\/div>\n\t\t\t\t\t\t\t\t\t\t<a class=\"pa-gallery-whole-link\" href=\"https:\/\/www.booking.com\/hotel\/es\/casa-inspirada.es.html?label=affnetcj-15773516_pub-6943326_site-101123175_pname-Juan%20Jos%C3%A9%20Mart%C3%ADn%20Jerez_clkid-_cjevent-9d13f9b660eb11f082c6000b0a18b8fc&#038;aid=818286&#038;ucfs=1&#038;arphpl=1&#038;checkin=2025-10-20&#038;checkout=2025-10-25&#038;dest_id=752&#038;dest_type=region&#038;group_adults=2&#038;req_adults=2&#038;no_rooms=1&#038;group_children=0&#038;req_children=0&#038;hpos=1&#038;hapos=1&#038;sr_order=score&#038;nflt=price%3DEUR-min-270-1%3Bht_id%3D208&#038;srpvid=1c07821f5fd21578&#038;srepoch=1752604237&#038;all_sr_blocks=207357101_396567115_2_0_0&#038;highlighted_blocks=207357101_396567115_2_0_0&#038;matching_block_id=207357101_396567115_2_0_0&#038;sr_pri_blocks=207357101_396567115_2_0_0__44550&#038;from=searchresults&#038;activeTab=mainADn%20Jerez_clkid-_cjevent-9d953fee5fc011f0816b01c50a18b8f8&#038;aid=818286&#038;ucfs=1&#038;arphpl=1&#038;checkin=2025-10-15&#038;checkout=2025-10-19&#038;dest_id=760&#038;dest_type=region&#038;group_adults=2&#038;req_adults=2&#038;no_rooms=1&#038;group_children=0&#038;req_children=0&#038;hpos=15&#038;hapos=40&#038;sr_order=score&#038;nflt=ht_id%3D213&#038;srpvid=72b45d2ab4c60a34&#038;srepoch=1752423410&#038;all_sr_blocks=992199101_372188284_2_0_0&#038;highlighted_blocks=992199101_372188284_2_0_0&#038;matching_block_id=992199101_372188284_2_0_0&#038;sr_pri_blocks=992199101_372188284_2_0_0__81270&#038;from=searchresults&#038;activeTab=main\">\n\t\t\t\t\t\t\t\t<span>\n\t\t\t\t\t\t\t\t\tInspiriertes Haus\t\t\t\t\t\t\t\t<\/span>\n\t\t\t\t\t\t\t<\/a>\n\t\t\t\t\t\t\t\t\t\t\t<\/div>\n\t\t\t<\/div>\n\t\t\t\t\t\t\t<div class=\"premium-gallery-item elementor-repeater-item-0959a51 fincas-y-villas premium-gallery-item-hidden\">\n\t\t\t\t<div class=\"pa-gallery-img default\" onclick=\"\">\n\t\t\t\t\t<div class=\"pa-gallery-img-container\">\n\t\t\t\t\t\t\t\t<img decoding=\"async\" width=\"1024\" height=\"768\" data-src=\"https:\/\/welikecanarias.com\/wp-content\/uploads\/2025\/07\/Verano-Brisa-Private-Golf-Villa.jpg\" class=\"attachment-2048x2048 size-2048x2048 wp-image-74001 lazyload\" alt=\"\" data-srcset=\"https:\/\/welikecanarias.com\/wp-content\/uploads\/2025\/07\/Verano-Brisa-Private-Golf-Villa.jpg 1024w, https:\/\/welikecanarias.com\/wp-content\/uploads\/2025\/07\/Verano-Brisa-Private-Golf-Villa-300x225.jpg 300w, https:\/\/welikecanarias.com\/wp-content\/uploads\/2025\/07\/Verano-Brisa-Private-Golf-Villa-768x576.jpg 768w\" data-sizes=\"(max-width: 1024px) 100vw, 1024px\" src=\"data:image\/svg+xml;base64,PHN2ZyB3aWR0aD0iMSIgaGVpZ2h0PSIxIiB4bWxucz0iaHR0cDovL3d3dy53My5vcmcvMjAwMC9zdmciPjwvc3ZnPg==\" style=\"--smush-placeholder-width: 1024px; --smush-placeholder-aspect-ratio: 1024\/768;\" \/>\t\t\t\t\t\t\t<\/div>\n\t\t\t\t\t\t\t\t\t\t\t\t<div class=\"pa-gallery-icons-wrapper\">\n\t\t\t\t\t\t\t\t<div class=\"pa-gallery-icons-inner-container\">\n\t\t\t\t\t\t\t\t\t\t\t\t\t\t\t\t\t<\/div>\n\t\t\t\t\t\t\t<\/div>\n\t\t\t\t\t\t\t\t\t\t<div class=\"premium-gallery-caption\">\n\n\t\t\t\t\t\t\t\t\t<span class=\"premium-gallery-img-name\">Sommer Brisa Private Golf Villa<\/span>\n\t\t\t\t\t\n\t\t\t<\/div>\n\t\t\t\t\t\t\t\t\t\t<a class=\"pa-gallery-whole-link\" href=\"https:\/\/www.booking.com\/hotel\/es\/verano-brisa.es.html?label=affnetcj-15773516_pub-6943326_site-101123175_pname-Juan+Jos%C3%A9+Mart%C3%ADn+Jerez_clkid-_cjevent-9d13f9b660eb11f082c6000b0a18b8fc&#038;aid=818286&#038;ucfs=1&#038;arphpl=1&#038;checkin=2025-10-20&#038;checkout=2025-10-25&#038;dest_id=752&#038;dest_type=region&#038;group_adults=2&#038;req_adults=2&#038;no_rooms=1&#038;group_children=0&#038;req_children=0&#038;hpos=4&#038;hapos=4&#038;sr_order=score&#038;nflt=price%3DEUR-min-270-1%3Bht_id%3D213&#038;srpvid=1c07821f5fd21578&#038;srepoch=1752604433&#038;all_sr_blocks=1134229501_386071076_4_0_0&#038;highlighted_blocks=1134229501_386071076_4_0_0&#038;matching_block_id=1134229501_386071076_4_0_0&#038;sr_pri_blocks=1134229501_386071076_4_0_0__87300&#038;from=searchresults#hotelTmplart%C3%ADn%20Jerez_clkid-_cjevent-9d953fee5fc011f0816b01c50a18b8f8&#038;aid=818286&#038;ucfs=1&#038;arphpl=1&#038;checkin=2025-10-15&#038;checkout=2025-10-19&#038;dest_id=760&#038;dest_type=region&#038;group_adults=2&#038;req_adults=2&#038;no_rooms=1&#038;group_children=0&#038;req_children=0&#038;hpos=14&#038;hapos=39&#038;sr_order=score&#038;nflt=ht_id%3D213&#038;srpvid=72b45d2ab4c60a34&#038;srepoch=1752423410&#038;all_sr_blocks=1094580301_382394014_2_0_0&#038;highlighted_blocks=1094580301_382394014_2_0_0&#038;matching_block_id=1094580301_382394014_2_0_0&#038;sr_pri_blocks=1094580301_382394014_2_0_0__63000&#038;from=searchresults&#038;activeTab=main=42383&#038;medium=link\">\n\t\t\t\t\t\t\t\t<span>\n\t\t\t\t\t\t\t\t\tSommer Brisa Private Golf Villa\t\t\t\t\t\t\t\t<\/span>\n\t\t\t\t\t\t\t<\/a>\n\t\t\t\t\t\t\t\t\t\t\t<\/div>\n\t\t\t<\/div>\n\t\t\t\t\t\t\t<div class=\"premium-gallery-item elementor-repeater-item-5dede07 fincas-y-villas premium-gallery-item-hidden\">\n\t\t\t\t<div class=\"pa-gallery-img default\" onclick=\"\">\n\t\t\t\t\t<div class=\"pa-gallery-img-container\">\n\t\t\t\t\t\t\t\t<img decoding=\"async\" width=\"1024\" height=\"680\" data-src=\"https:\/\/welikecanarias.com\/wp-content\/uploads\/2025\/07\/Villa-Lajares-Red-House-Fuerteventura.jpg\" class=\"attachment-2048x2048 size-2048x2048 wp-image-74007 lazyload\" alt=\"Vista de Villa Lajares Red House Fuerteventura, una de las villas con encanto en Fuerteventura\" data-srcset=\"https:\/\/welikecanarias.com\/wp-content\/uploads\/2025\/07\/Villa-Lajares-Red-House-Fuerteventura.jpg 1024w, https:\/\/welikecanarias.com\/wp-content\/uploads\/2025\/07\/Villa-Lajares-Red-House-Fuerteventura-300x199.jpg 300w, https:\/\/welikecanarias.com\/wp-content\/uploads\/2025\/07\/Villa-Lajares-Red-House-Fuerteventura-768x510.jpg 768w\" data-sizes=\"(max-width: 1024px) 100vw, 1024px\" src=\"data:image\/svg+xml;base64,PHN2ZyB3aWR0aD0iMSIgaGVpZ2h0PSIxIiB4bWxucz0iaHR0cDovL3d3dy53My5vcmcvMjAwMC9zdmciPjwvc3ZnPg==\" style=\"--smush-placeholder-width: 1024px; --smush-placeholder-aspect-ratio: 1024\/680;\" \/>\t\t\t\t\t\t\t<\/div>\n\t\t\t\t\t\t\t\t\t\t\t\t<div class=\"pa-gallery-icons-wrapper\">\n\t\t\t\t\t\t\t\t<div class=\"pa-gallery-icons-inner-container\">\n\t\t\t\t\t\t\t\t\t\t\t\t\t\t\t\t\t<\/div>\n\t\t\t\t\t\t\t<\/div>\n\t\t\t\t\t\t\t\t\t\t<div class=\"premium-gallery-caption\">\n\n\t\t\t\t\t\t\t\t\t<span class=\"premium-gallery-img-name\">Villa Lajares Rotes Haus Fuerteventura<\/span>\n\t\t\t\t\t\n\t\t\t<\/div>\n\t\t\t\t\t\t\t\t\t\t<a class=\"pa-gallery-whole-link\" href=\"https:\/\/www.booking.com\/hotel\/es\/red-house-lajares.es.html?label=affnetcj-15773516_pub-6943326_site-101123175_pname-Juan+Jos%C3%A9+Mart%C3%ADn+Jerez_clkid-_cjevent-9d13f9b660eb11f082c6000b0a18b8fc&#038;aid=818286&#038;ucfs=1&#038;arphpl=1&#038;checkin=2025-10-06&#038;checkout=2025-10-11&#038;dest_id=752&#038;dest_type=region&#038;group_adults=2&#038;req_adults=2&#038;no_rooms=1&#038;group_children=0&#038;req_children=0&#038;hpos=5&#038;hapos=5&#038;sr_order=score&#038;nflt=price%3DEUR-min-270-1%3Bht_id%3D213&#038;srpvid=1c07821f5fd21578&#038;srepoch=1752604490&#038;all_sr_blocks=1179815601_390449457_2_0_0&#038;highlighted_blocks=1179815601_390449457_2_0_0&#038;matching_block_id=1179815601_390449457_2_0_0&#038;sr_pri_blocks=1179815601_390449457_2_0_0__45330&#038;from=searchresults#hotelTmplMart%C3%ADn%20Jerez_clkid-_cjevent-9d953fee5fc011f0816b01c50a18b8f8&#038;aid=818286&#038;ucfs=1&#038;arphpl=1&#038;checkin=2025-10-15&#038;checkout=2025-10-19&#038;dest_id=760&#038;dest_type=region&#038;group_adults=2&#038;req_adults=2&#038;no_rooms=1&#038;group_children=0&#038;req_children=0&#038;hpos=24&#038;hapos=24&#038;sr_order=score&#038;nflt=ht_id%3D213&#038;srpvid=72b45d2ab4c60a34&#038;srepoch=1752424194&#038;all_sr_blocks=17436304_88611615_2_2_0&#038;highlighted_blocks=17436304_88611615_2_2_0&#038;matching_block_id=17436304_88611615_2_2_0&#038;sr_pri_blocks=17436304_88611615_2_2_0__238588&#038;from=searchresults&#038;activeTab=main\">\n\t\t\t\t\t\t\t\t<span>\n\t\t\t\t\t\t\t\t\tVilla Lajares Rotes Haus Fuerteventura\t\t\t\t\t\t\t\t<\/span>\n\t\t\t\t\t\t\t<\/a>\n\t\t\t\t\t\t\t\t\t\t\t<\/div>\n\t\t\t<\/div>\n\t\t\t\t\t\t\t<div class=\"premium-gallery-item elementor-repeater-item-3fb352b fincas-y-villas premium-gallery-item-hidden\">\n\t\t\t\t<div class=\"pa-gallery-img default\" onclick=\"\">\n\t\t\t\t\t<div class=\"pa-gallery-img-container\">\n\t\t\t\t\t\t\t\t<img decoding=\"async\" width=\"1024\" height=\"768\" data-src=\"https:\/\/welikecanarias.com\/wp-content\/uploads\/2025\/07\/Sun-Villa-exclusive-stars-view.jpg\" class=\"attachment-2048x2048 size-2048x2048 wp-image-74013 lazyload\" alt=\"Vista de Sun Villa &amp; exclusive stars view, una de las villas con encanto en Fuerteventura\" data-srcset=\"https:\/\/welikecanarias.com\/wp-content\/uploads\/2025\/07\/Sun-Villa-exclusive-stars-view.jpg 1024w, https:\/\/welikecanarias.com\/wp-content\/uploads\/2025\/07\/Sun-Villa-exclusive-stars-view-300x225.jpg 300w, https:\/\/welikecanarias.com\/wp-content\/uploads\/2025\/07\/Sun-Villa-exclusive-stars-view-768x576.jpg 768w\" data-sizes=\"(max-width: 1024px) 100vw, 1024px\" src=\"data:image\/svg+xml;base64,PHN2ZyB3aWR0aD0iMSIgaGVpZ2h0PSIxIiB4bWxucz0iaHR0cDovL3d3dy53My5vcmcvMjAwMC9zdmciPjwvc3ZnPg==\" style=\"--smush-placeholder-width: 1024px; --smush-placeholder-aspect-ratio: 1024\/768;\" \/>\t\t\t\t\t\t\t<\/div>\n\t\t\t\t\t\t\t\t\t\t\t\t<div class=\"pa-gallery-icons-wrapper\">\n\t\t\t\t\t\t\t\t<div class=\"pa-gallery-icons-inner-container\">\n\t\t\t\t\t\t\t\t\t\t\t\t\t\t\t\t\t<\/div>\n\t\t\t\t\t\t\t<\/div>\n\t\t\t\t\t\t\t\t\t\t<div class=\"premium-gallery-caption\">\n\n\t\t\t\t\t\t\t\t\t<span class=\"premium-gallery-img-name\">Sun Villa &amp; exklusiver Blick auf die Sterne<\/span>\n\t\t\t\t\t\n\t\t\t<\/div>\n\t\t\t\t\t\t\t\t\t\t<a class=\"pa-gallery-whole-link\" href=\"https:\/\/www.booking.com\/hotel\/es\/relax-en-majanicho.es.html?label=affnetcj-15773516_pub-6943326_site-101123175_pname-Juan%20Jos%C3%A9%20Mart%C3%ADn%20Jerez_clkid-_cjevent-9d13f9b660eb11f082c6000b0a18b8fc&#038;aid=818286&#038;ucfs=1&#038;arphpl=1&#038;checkin=2025-10-06&#038;checkout=2025-10-11&#038;dest_id=752&#038;dest_type=region&#038;group_adults=2&#038;req_adults=2&#038;no_rooms=1&#038;group_children=0&#038;req_children=0&#038;hpos=6&#038;hapos=6&#038;sr_order=score&#038;nflt=price%3DEUR-min-270-1%3Bht_id%3D213&#038;srpvid=1c07821f5fd21578&#038;srepoch=1752604571&#038;all_sr_blocks=669276501_360677721_2_0_0&#038;highlighted_blocks=669276501_360677721_2_0_0&#038;matching_block_id=669276501_360677721_2_0_0&#038;sr_pri_blocks=669276501_360677721_2_0_0__47925&#038;from=searchresults&#038;activeTab=main%C3%A9%20Mart%C3%ADn%20Jerez_clkid-_cjevent-9d953fee5fc011f0816b01c50a18b8f8&#038;aid=818286&#038;ucfs=1&#038;arphpl=1&#038;checkin=2025-10-15&#038;checkout=2025-10-19&#038;dest_id=760&#038;dest_type=region&#038;group_adults=2&#038;req_adults=2&#038;no_rooms=1&#038;group_children=0&#038;req_children=0&#038;hpos=18&#038;hapos=18&#038;sr_order=score&#038;nflt=ht_id%3D213&#038;srpvid=72b45d2ab4c60a34&#038;srepoch=1752424304&#038;all_sr_blocks=1123130801_385053781_2_0_0&#038;highlighted_blocks=1123130801_385053781_2_0_0&#038;matching_block_id=1123130801_385053781_2_0_0&#038;sr_pri_blocks=1123130801_385053781_2_0_0__104040&#038;from=searchresults&#038;activeTab=maindium=link\">\n\t\t\t\t\t\t\t\t<span>\n\t\t\t\t\t\t\t\t\tSun Villa &amp; exklusiver Blick auf die Sterne\t\t\t\t\t\t\t\t<\/span>\n\t\t\t\t\t\t\t<\/a>\n\t\t\t\t\t\t\t\t\t\t\t<\/div>\n\t\t\t<\/div>\n\t\t\t\t\t\t\t<div class=\"premium-gallery-item elementor-repeater-item-d9eb14d fincas-y-villas premium-gallery-item-hidden\">\n\t\t\t\t<div class=\"pa-gallery-img default\" onclick=\"\">\n\t\t\t\t\t<div class=\"pa-gallery-img-container\">\n\t\t\t\t\t\t\t\t<img decoding=\"async\" width=\"1024\" height=\"683\" data-src=\"https:\/\/welikecanarias.com\/wp-content\/uploads\/2025\/07\/Villa-La-Torre-del-Mar.jpg\" class=\"attachment-2048x2048 size-2048x2048 wp-image-74019 lazyload\" alt=\"Vista de Villa La Torre del Mar en Fuerteventura\" data-srcset=\"https:\/\/welikecanarias.com\/wp-content\/uploads\/2025\/07\/Villa-La-Torre-del-Mar.jpg 1024w, https:\/\/welikecanarias.com\/wp-content\/uploads\/2025\/07\/Villa-La-Torre-del-Mar-300x200.jpg 300w, https:\/\/welikecanarias.com\/wp-content\/uploads\/2025\/07\/Villa-La-Torre-del-Mar-768x512.jpg 768w\" data-sizes=\"(max-width: 1024px) 100vw, 1024px\" src=\"data:image\/svg+xml;base64,PHN2ZyB3aWR0aD0iMSIgaGVpZ2h0PSIxIiB4bWxucz0iaHR0cDovL3d3dy53My5vcmcvMjAwMC9zdmciPjwvc3ZnPg==\" style=\"--smush-placeholder-width: 1024px; --smush-placeholder-aspect-ratio: 1024\/683;\" \/>\t\t\t\t\t\t\t<\/div>\n\t\t\t\t\t\t\t\t\t\t\t\t<div class=\"pa-gallery-icons-wrapper\">\n\t\t\t\t\t\t\t\t<div class=\"pa-gallery-icons-inner-container\">\n\t\t\t\t\t\t\t\t\t\t\t\t\t\t\t\t\t<\/div>\n\t\t\t\t\t\t\t<\/div>\n\t\t\t\t\t\t\t\t\t\t<div class=\"premium-gallery-caption\">\n\n\t\t\t\t\t\t\t\t\t<span class=\"premium-gallery-img-name\">Villa La Torre del Mar<\/span>\n\t\t\t\t\t\n\t\t\t<\/div>\n\t\t\t\t\t\t\t\t\t\t<a class=\"pa-gallery-whole-link\" href=\"https:\/\/www.booking.com\/hotel\/es\/villa-la-torre-lajares1.es.html?label=affnetcj-15773516_pub-6943326_site-101123175_pname-Juan%20Jos%C3%A9%20Mart%C3%ADn%20Jerez_clkid-_cjevent-9d13f9b660eb11f082c6000b0a18b8fc&#038;aid=818286&#038;ucfs=1&#038;arphpl=1&#038;checkin=2025-10-06&#038;checkout=2025-10-11&#038;dest_id=752&#038;dest_type=region&#038;group_adults=2&#038;req_adults=2&#038;no_rooms=1&#038;group_children=0&#038;req_children=0&#038;hpos=7&#038;hapos=7&#038;sr_order=score&#038;nflt=price%3DEUR-min-270-1%3Bht_id%3D213&#038;srpvid=1c07821f5fd21578&#038;srepoch=1752604719&#038;all_sr_blocks=910022801_392852468_0_0_0&#038;highlighted_blocks=910022801_392852468_0_0_0&#038;matching_block_id=910022801_392852468_0_0_0&#038;sr_pri_blocks=910022801_392852468_0_0_0__92250&#038;from=searchresults&#038;activeTab=main%20Jerez_clkid-_cjevent-9d953fee5fc011f0816b01c50a18b8f8&#038;aid=818286&#038;ucfs=1&#038;arphpl=1&#038;checkin=2025-10-15&#038;checkout=2025-10-19&#038;dest_id=760&#038;dest_type=region&#038;group_adults=2&#038;req_adults=2&#038;no_rooms=1&#038;group_children=0&#038;req_children=0&#038;hpos=12&#038;hapos=12&#038;sr_order=score&#038;nflt=ht_id%3D213&#038;srpvid=72b45d2ab4c60a34&#038;srepoch=1752424403&#038;all_sr_blocks=1231331901_395111726_2_0_0&#038;highlighted_blocks=1231331901_395111726_2_0_0&#038;matching_block_id=1231331901_395111726_2_0_0&#038;sr_pri_blocks=1231331901_395111726_2_0_0__66240&#038;from=searchresults&#038;activeTab=main\">\n\t\t\t\t\t\t\t\t<span>\n\t\t\t\t\t\t\t\t\tVilla La Torre del Mar\t\t\t\t\t\t\t\t<\/span>\n\t\t\t\t\t\t\t<\/a>\n\t\t\t\t\t\t\t\t\t\t\t<\/div>\n\t\t\t<\/div>\n\t\t\t\t\t\t\t<div class=\"premium-gallery-item elementor-repeater-item-9148444 fincas-y-villas premium-gallery-item-hidden\">\n\t\t\t\t<div class=\"pa-gallery-img default\" onclick=\"\">\n\t\t\t\t\t<div class=\"pa-gallery-img-container\">\n\t\t\t\t\t\t\t\t<img decoding=\"async\" width=\"1024\" height=\"737\" data-src=\"https:\/\/welikecanarias.com\/wp-content\/uploads\/2025\/07\/Finca-Lezque-fuerteventura.jpg\" class=\"attachment-2048x2048 size-2048x2048 wp-image-74025 lazyload\" alt=\"\" data-srcset=\"https:\/\/welikecanarias.com\/wp-content\/uploads\/2025\/07\/Finca-Lezque-fuerteventura.jpg 1024w, https:\/\/welikecanarias.com\/wp-content\/uploads\/2025\/07\/Finca-Lezque-fuerteventura-300x216.jpg 300w, https:\/\/welikecanarias.com\/wp-content\/uploads\/2025\/07\/Finca-Lezque-fuerteventura-768x553.jpg 768w\" data-sizes=\"(max-width: 1024px) 100vw, 1024px\" src=\"data:image\/svg+xml;base64,PHN2ZyB3aWR0aD0iMSIgaGVpZ2h0PSIxIiB4bWxucz0iaHR0cDovL3d3dy53My5vcmcvMjAwMC9zdmciPjwvc3ZnPg==\" style=\"--smush-placeholder-width: 1024px; --smush-placeholder-aspect-ratio: 1024\/737;\" \/>\t\t\t\t\t\t\t<\/div>\n\t\t\t\t\t\t\t\t\t\t\t\t<div class=\"pa-gallery-icons-wrapper\">\n\t\t\t\t\t\t\t\t<div class=\"pa-gallery-icons-inner-container\">\n\t\t\t\t\t\t\t\t\t\t\t\t\t\t\t\t\t<\/div>\n\t\t\t\t\t\t\t<\/div>\n\t\t\t\t\t\t\t\t\t\t<div class=\"premium-gallery-caption\">\n\n\t\t\t\t\t\t\t\t\t<span class=\"premium-gallery-img-name\">Landgut Lezque<\/span>\n\t\t\t\t\t\n\t\t\t<\/div>\n\t\t\t\t\t\t\t\t\t\t<a class=\"pa-gallery-whole-link\" href=\"https:\/\/www.booking.com\/hotel\/es\/finca-lezque.es.html?label=affnetcj-15773516_pub-6943326_site-101123175_pname-Juan%20Jos%C3%A9%20Mart%C3%ADn%20Jerez_clkid-_cjevent-9d13f9b660eb11f082c6000b0a18b8fc&#038;aid=818286&#038;ucfs=1&#038;arphpl=1&#038;checkin=2025-10-06&#038;checkout=2025-10-11&#038;dest_id=752&#038;dest_type=region&#038;group_adults=2&#038;req_adults=2&#038;no_rooms=1&#038;group_children=0&#038;req_children=0&#038;hpos=11&#038;hapos=11&#038;sr_order=score&#038;nflt=price%3DEUR-min-270-1%3Bht_id%3D213&#038;srpvid=1c07821f5fd21578&#038;srepoch=1752604802&#038;all_sr_blocks=1137947401_386513558_6_0_0&#038;highlighted_blocks=1137947401_386513558_6_0_0&#038;matching_block_id=1137947401_386513558_6_0_0&#038;sr_pri_blocks=1137947401_386513558_6_0_0__106250&#038;from=searchresults&#038;activeTab=mainn%20Jerez_clkid-_cjevent-9d953fee5fc011f0816b01c50a18b8f8&#038;aid=818286&#038;ucfs=1&#038;arphpl=1&#038;checkin=2025-10-15&#038;checkout=2025-10-19&#038;dest_id=760&#038;dest_type=region&#038;group_adults=2&#038;req_adults=2&#038;no_rooms=1&#038;group_children=0&#038;req_children=0&#038;hpos=9&#038;hapos=9&#038;sr_order=score&#038;nflt=ht_id%3D220&#038;srpvid=72b45d2ab4c60a34&#038;srepoch=1752424777&#038;all_sr_blocks=164505705_266415312_2_0_0&#038;highlighted_blocks=164505705_266415312_2_0_0&#038;matching_block_id=164505705_266415312_2_0_0&#038;sr_pri_blocks=164505705_266415312_2_0_0__54000&#038;from=searchresults&#038;activeTab=main\">\n\t\t\t\t\t\t\t\t<span>\n\t\t\t\t\t\t\t\t\tLandgut Lezque\t\t\t\t\t\t\t\t<\/span>\n\t\t\t\t\t\t\t<\/a>\n\t\t\t\t\t\t\t\t\t\t\t<\/div>\n\t\t\t<\/div>\n\t\t\t\t\t\t\t<div class=\"premium-gallery-item elementor-repeater-item-f3add61 fincas-y-villas premium-gallery-item-hidden\">\n\t\t\t\t<div class=\"pa-gallery-img default\" onclick=\"\">\n\t\t\t\t\t<div class=\"pa-gallery-img-container\">\n\t\t\t\t\t\t\t\t<img decoding=\"async\" width=\"1024\" height=\"683\" data-src=\"https:\/\/welikecanarias.com\/wp-content\/uploads\/2025\/07\/Villa-Volcan2.jpg\" class=\"attachment-2048x2048 size-2048x2048 wp-image-74031 lazyload\" alt=\"\" data-srcset=\"https:\/\/welikecanarias.com\/wp-content\/uploads\/2025\/07\/Villa-Volcan2.jpg 1024w, https:\/\/welikecanarias.com\/wp-content\/uploads\/2025\/07\/Villa-Volcan2-300x200.jpg 300w, https:\/\/welikecanarias.com\/wp-content\/uploads\/2025\/07\/Villa-Volcan2-768x512.jpg 768w\" data-sizes=\"(max-width: 1024px) 100vw, 1024px\" src=\"data:image\/svg+xml;base64,PHN2ZyB3aWR0aD0iMSIgaGVpZ2h0PSIxIiB4bWxucz0iaHR0cDovL3d3dy53My5vcmcvMjAwMC9zdmciPjwvc3ZnPg==\" style=\"--smush-placeholder-width: 1024px; --smush-placeholder-aspect-ratio: 1024\/683;\" \/>\t\t\t\t\t\t\t<\/div>\n\t\t\t\t\t\t\t\t\t\t\t\t<div class=\"pa-gallery-icons-wrapper\">\n\t\t\t\t\t\t\t\t<div class=\"pa-gallery-icons-inner-container\">\n\t\t\t\t\t\t\t\t\t\t\t\t\t\t\t\t\t<\/div>\n\t\t\t\t\t\t\t<\/div>\n\t\t\t\t\t\t\t\t\t\t<div class=\"premium-gallery-caption\">\n\n\t\t\t\t\t\t\t\t\t<span class=\"premium-gallery-img-name\">Villa Volcan2<\/span>\n\t\t\t\t\t\n\t\t\t<\/div>\n\t\t\t\t\t\t\t\t\t\t<a class=\"pa-gallery-whole-link\" href=\"https:\/\/www.booking.com\/hotel\/es\/villa-volcan2-rural-private-pool-la-oliva-by-holidays-home.es.html?label=affnetcj-15773516_pub-6943326_site-101123175_pname-Juan+Jos%C3%A9+Mart%C3%ADn+Jerez_clkid-_cjevent-9d13f9b660eb11f082c6000b0a18b8fc&#038;aid=818286&#038;ucfs=1&#038;arphpl=1&#038;checkin=2025-10-06&#038;checkout=2025-10-11&#038;dest_id=752&#038;dest_type=region&#038;group_adults=2&#038;req_adults=2&#038;no_rooms=1&#038;group_children=0&#038;req_children=0&#038;hpos=15&#038;hapos=15&#038;sr_order=score&#038;nflt=price%3DEUR-min-270-1%3Bht_id%3D213&#038;srpvid=1c07821f5fd21578&#038;srepoch=1752604884&#038;all_sr_blocks=1220904401_401385022_4_0_0&#038;highlighted_blocks=1220904401_401385022_4_0_0&#038;matching_block_id=1220904401_401385022_4_0_0&#038;sr_pri_blocks=1220904401_401385022_4_0_0__115500&#038;from=searchresults#hotelTmplDn%20Jerez_clkid-_cjevent-9d953fee5fc011f0816b01c50a18b8f8&#038;aid=818286&#038;ucfs=1&#038;arphpl=1&#038;checkin=2025-10-15&#038;checkout=2025-10-19&#038;dest_id=760&#038;dest_type=region&#038;group_adults=2&#038;req_adults=2&#038;no_rooms=1&#038;group_children=0&#038;req_children=0&#038;hpos=13&#038;hapos=13&#038;sr_order=score&#038;nflt=ht_id%3D220&#038;srpvid=72b45d2ab4c60a34&#038;srepoch=1752424919&#038;all_sr_blocks=1031143201_375777650_2_0_0&#038;highlighted_blocks=1031143201_375777650_2_0_0&#038;matching_block_id=1031143201_375777650_2_0_0&#038;sr_pri_blocks=1031143201_375777650_2_0_0__62200&#038;from=searchresults&#038;activeTab=main\">\n\t\t\t\t\t\t\t\t<span>\n\t\t\t\t\t\t\t\t\tVilla Volcan2\t\t\t\t\t\t\t\t<\/span>\n\t\t\t\t\t\t\t<\/a>\n\t\t\t\t\t\t\t\t\t\t\t<\/div>\n\t\t\t<\/div>\n\t\t\t\t\t\t\t<div class=\"premium-gallery-item elementor-repeater-item-819b827 fincas-y-villas premium-gallery-item-hidden\">\n\t\t\t\t<div class=\"pa-gallery-img default\" onclick=\"\">\n\t\t\t\t\t<div class=\"pa-gallery-img-container\">\n\t\t\t\t\t\t\t\t<img decoding=\"async\" width=\"1024\" height=\"683\" data-src=\"https:\/\/welikecanarias.com\/wp-content\/uploads\/2025\/07\/LA-CANADA-fuerteventura.jpg\" class=\"attachment-2048x2048 size-2048x2048 wp-image-74037 lazyload\" alt=\"\" data-srcset=\"https:\/\/welikecanarias.com\/wp-content\/uploads\/2025\/07\/LA-CANADA-fuerteventura.jpg 1024w, https:\/\/welikecanarias.com\/wp-content\/uploads\/2025\/07\/LA-CANADA-fuerteventura-300x200.jpg 300w, https:\/\/welikecanarias.com\/wp-content\/uploads\/2025\/07\/LA-CANADA-fuerteventura-768x512.jpg 768w\" data-sizes=\"(max-width: 1024px) 100vw, 1024px\" src=\"data:image\/svg+xml;base64,PHN2ZyB3aWR0aD0iMSIgaGVpZ2h0PSIxIiB4bWxucz0iaHR0cDovL3d3dy53My5vcmcvMjAwMC9zdmciPjwvc3ZnPg==\" style=\"--smush-placeholder-width: 1024px; --smush-placeholder-aspect-ratio: 1024\/683;\" \/>\t\t\t\t\t\t\t<\/div>\n\t\t\t\t\t\t\t\t\t\t\t\t<div class=\"pa-gallery-icons-wrapper\">\n\t\t\t\t\t\t\t\t<div class=\"pa-gallery-icons-inner-container\">\n\t\t\t\t\t\t\t\t\t\t\t\t\t\t\t\t\t<\/div>\n\t\t\t\t\t\t\t<\/div>\n\t\t\t\t\t\t\t\t\t\t<div class=\"premium-gallery-caption\">\n\n\t\t\t\t\t\t\t\t\t<span class=\"premium-gallery-img-name\">LA CA\u00d1ADA<\/span>\n\t\t\t\t\t\n\t\t\t<\/div>\n\t\t\t\t\t\t\t\t\t\t<a class=\"pa-gallery-whole-link\" href=\"https:\/\/www.booking.com\/hotel\/es\/la-canada-tiscamanita.es.html?label=affnetcj-15773516_pub-6943326_site-101123175_pname-Juan%20Jos%C3%A9%20Mart%C3%ADn%20Jerez_clkid-_cjevent-9d13f9b660eb11f082c6000b0a18b8fc&#038;aid=818286&#038;ucfs=1&#038;arphpl=1&#038;checkin=2025-10-06&#038;checkout=2025-10-11&#038;dest_id=752&#038;dest_type=region&#038;group_adults=2&#038;req_adults=2&#038;no_rooms=1&#038;group_children=0&#038;req_children=0&#038;hpos=16&#038;hapos=16&#038;sr_order=score&#038;nflt=price%3DEUR-min-270-1%3Bht_id%3D213&#038;srpvid=1c07821f5fd21578&#038;srepoch=1752605040&#038;all_sr_blocks=837541501_363525891_3_0_0&#038;highlighted_blocks=837541501_363525891_3_0_0&#038;matching_block_id=837541501_363525891_3_0_0&#038;sr_pri_blocks=837541501_363525891_3_0_0__61880&#038;from=searchresults&#038;activeTab=mainn%20Jerez_clkid-_cjevent-9d953fee5fc011f0816b01c50a18b8f8&#038;aid=818286&#038;ucfs=1&#038;arphpl=1&#038;checkin=2025-10-15&#038;checkout=2025-10-19&#038;dest_id=760&#038;dest_type=region&#038;group_adults=2&#038;req_adults=2&#038;no_rooms=1&#038;group_children=0&#038;req_children=0&#038;hpos=8&#038;hapos=8&#038;sr_order=score&#038;nflt=ht_id%3D201&#038;srpvid=72b45d2ab4c60a34&#038;srepoch=1752425285&#038;all_sr_blocks=1087597902_388745021_2_0_0&#038;highlighted_blocks=1087597902_388745021_2_0_0&#038;matching_block_id=1087597902_388745021_2_0_0&#038;sr_pri_blocks=1087597902_388745021_2_0_0__59600&#038;from=searchresults&#038;activeTab=main\">\n\t\t\t\t\t\t\t\t<span>\n\t\t\t\t\t\t\t\t\tLA CA\u00d1ADA\t\t\t\t\t\t\t\t<\/span>\n\t\t\t\t\t\t\t<\/a>\n\t\t\t\t\t\t\t\t\t\t\t<\/div>\n\t\t\t<\/div>\n\t\t\t\t\t\t\t<div class=\"premium-gallery-item elementor-repeater-item-864000c fincas-y-villas premium-gallery-item-hidden\">\n\t\t\t\t<div class=\"pa-gallery-img default\" onclick=\"\">\n\t\t\t\t\t<div class=\"pa-gallery-img-container\">\n\t\t\t\t\t\t\t\t<img decoding=\"async\" width=\"1024\" height=\"754\" data-src=\"https:\/\/welikecanarias.com\/wp-content\/uploads\/2025\/07\/Casa-Madriu-fuerteventura.jpg\" class=\"attachment-2048x2048 size-2048x2048 wp-image-74043 lazyload\" alt=\"\" data-srcset=\"https:\/\/welikecanarias.com\/wp-content\/uploads\/2025\/07\/Casa-Madriu-fuerteventura.jpg 1024w, https:\/\/welikecanarias.com\/wp-content\/uploads\/2025\/07\/Casa-Madriu-fuerteventura-300x221.jpg 300w, https:\/\/welikecanarias.com\/wp-content\/uploads\/2025\/07\/Casa-Madriu-fuerteventura-768x566.jpg 768w\" data-sizes=\"(max-width: 1024px) 100vw, 1024px\" src=\"data:image\/svg+xml;base64,PHN2ZyB3aWR0aD0iMSIgaGVpZ2h0PSIxIiB4bWxucz0iaHR0cDovL3d3dy53My5vcmcvMjAwMC9zdmciPjwvc3ZnPg==\" style=\"--smush-placeholder-width: 1024px; --smush-placeholder-aspect-ratio: 1024\/754;\" \/>\t\t\t\t\t\t\t<\/div>\n\t\t\t\t\t\t\t\t\t\t\t\t<div class=\"pa-gallery-icons-wrapper\">\n\t\t\t\t\t\t\t\t<div class=\"pa-gallery-icons-inner-container\">\n\t\t\t\t\t\t\t\t\t\t\t\t\t\t\t\t\t<\/div>\n\t\t\t\t\t\t\t<\/div>\n\t\t\t\t\t\t\t\t\t\t<div class=\"premium-gallery-caption\">\n\n\t\t\t\t\t\t\t\t\t<span class=\"premium-gallery-img-name\">Haus Madriu<\/span>\n\t\t\t\t\t\n\t\t\t<\/div>\n\t\t\t\t\t\t\t\t\t\t<a class=\"pa-gallery-whole-link\" href=\"https:\/\/www.booking.com\/hotel\/es\/cas-madriu-villa-de-lujo-en-zona-residencial.es.html?label=affnetcj-15773516_pub-6943326_site-101123175_pname-Juan%20Jos%C3%A9%20Mart%C3%ADn%20Jerez_clkid-_cjevent-9d13f9b660eb11f082c6000b0a18b8fc&#038;aid=818286&#038;ucfs=1&#038;arphpl=1&#038;checkin=2025-10-06&#038;checkout=2025-10-11&#038;dest_id=752&#038;dest_type=region&#038;group_adults=2&#038;req_adults=2&#038;no_rooms=1&#038;group_children=0&#038;req_children=0&#038;hpos=20&#038;hapos=20&#038;sr_order=score&#038;nflt=price%3DEUR-min-270-1%3Bht_id%3D213&#038;srpvid=1c07821f5fd21578&#038;srepoch=1752605147&#038;all_sr_blocks=956072901_409081681_4_0_0&#038;highlighted_blocks=956072901_409081681_4_0_0&#038;matching_block_id=956072901_409081681_4_0_0&#038;sr_pri_blocks=956072901_409081681_4_0_0__114000&#038;from=searchresults&#038;activeTab=mainC3%A9%20Mart%C3%ADn%20Jerez_clkid-_cjevent-9d953fee5fc011f0816b01c50a18b8f8&#038;aid=818286&#038;ucfs=1&#038;arphpl=1&#038;checkin=2025-10-15&#038;checkout=2025-10-19&#038;dest_id=760&#038;dest_type=region&#038;group_adults=2&#038;req_adults=2&#038;no_rooms=1&#038;group_children=0&#038;req_children=0&#038;hpos=19&#038;hapos=19&#038;sr_order=score&#038;nflt=ht_id%3D201&#038;srpvid=72b45d2ab4c60a34&#038;srepoch=1752425405&#038;all_sr_blocks=1340175801_406440433_2_0_0&#038;highlighted_blocks=1340175801_406440433_2_0_0&#038;matching_block_id=1340175801_406440433_2_0_0&#038;sr_pri_blocks=1340175801_406440433_2_0_0__80000&#038;from=searchresults&#038;activeTab=photosGallery\">\n\t\t\t\t\t\t\t\t<span>\n\t\t\t\t\t\t\t\t\tHaus Madriu\t\t\t\t\t\t\t\t<\/span>\n\t\t\t\t\t\t\t<\/a>\n\t\t\t\t\t\t\t\t\t\t\t<\/div>\n\t\t\t<\/div>\n\t\t\t\t\t\t\t<div class=\"premium-gallery-item elementor-repeater-item-075e7e1 fincas-y-villas premium-gallery-item-hidden\">\n\t\t\t\t<div class=\"pa-gallery-img default\" onclick=\"\">\n\t\t\t\t\t<div class=\"pa-gallery-img-container\">\n\t\t\t\t\t\t\t\t<img decoding=\"async\" width=\"1024\" height=\"768\" data-src=\"https:\/\/welikecanarias.com\/wp-content\/uploads\/2025\/07\/Villa-Relajares-fuerteventura.jpg\" class=\"attachment-2048x2048 size-2048x2048 wp-image-74049 lazyload\" alt=\"Vista de Villa Relajares, una de las villas con encanto en Fuerteventura\" data-srcset=\"https:\/\/welikecanarias.com\/wp-content\/uploads\/2025\/07\/Villa-Relajares-fuerteventura.jpg 1024w, https:\/\/welikecanarias.com\/wp-content\/uploads\/2025\/07\/Villa-Relajares-fuerteventura-300x225.jpg 300w, https:\/\/welikecanarias.com\/wp-content\/uploads\/2025\/07\/Villa-Relajares-fuerteventura-768x576.jpg 768w\" data-sizes=\"(max-width: 1024px) 100vw, 1024px\" src=\"data:image\/svg+xml;base64,PHN2ZyB3aWR0aD0iMSIgaGVpZ2h0PSIxIiB4bWxucz0iaHR0cDovL3d3dy53My5vcmcvMjAwMC9zdmciPjwvc3ZnPg==\" style=\"--smush-placeholder-width: 1024px; --smush-placeholder-aspect-ratio: 1024\/768;\" \/>\t\t\t\t\t\t\t<\/div>\n\t\t\t\t\t\t\t\t\t\t\t\t<div class=\"pa-gallery-icons-wrapper\">\n\t\t\t\t\t\t\t\t<div class=\"pa-gallery-icons-inner-container\">\n\t\t\t\t\t\t\t\t\t\t\t\t\t\t\t\t\t<\/div>\n\t\t\t\t\t\t\t<\/div>\n\t\t\t\t\t\t\t\t\t\t<div class=\"premium-gallery-caption\">\n\n\t\t\t\t\t\t\t\t\t<span class=\"premium-gallery-img-name\">Villa Relajares<\/span>\n\t\t\t\t\t\n\t\t\t<\/div>\n\t\t\t\t\t\t\t\t\t\t<a class=\"pa-gallery-whole-link\" href=\"https:\/\/www.booking.com\/hotel\/es\/relajares-villa-100-sostenible-con-piscina.es.html?label=affnetcj-15773516_pub-6943326_site-101123175_pname-Juan+Jos%C3%A9+Mart%C3%ADn+Jerez_clkid-_cjevent-9d13f9b660eb11f082c6000b0a18b8fc&#038;aid=818286&#038;ucfs=1&#038;arphpl=1&#038;checkin=2025-10-06&#038;checkout=2025-10-11&#038;dest_id=752&#038;dest_type=region&#038;group_adults=2&#038;req_adults=2&#038;no_rooms=1&#038;group_children=0&#038;req_children=0&#038;hpos=22&#038;hapos=22&#038;sr_order=score&#038;nflt=price%3DEUR-min-270-1%3Bht_id%3D213&#038;srpvid=1c07821f5fd21578&#038;srepoch=1752605441&#038;all_sr_blocks=994848003_372390225_2_0_0&#038;highlighted_blocks=994848003_372390225_2_0_0&#038;matching_block_id=994848003_372390225_2_0_0&#038;sr_pri_blocks=994848003_372390225_2_0_0__105565&#038;from=searchresults#hotelTmplJos%C3%A9%20Mart%C3%ADn%20Jerez_clkid-_cjevent-9d953fee5fc011f0816b01c50a18b8f8&#038;aid=818286&#038;ucfs=1&#038;arphpl=1&#038;checkin=2025-10-15&#038;checkout=2025-10-19&#038;dest_id=760&#038;dest_type=region&#038;group_adults=2&#038;req_adults=2&#038;no_rooms=1&#038;group_children=0&#038;req_children=0&#038;hpos=2&#038;hapos=27&#038;sr_order=score&#038;nflt=ht_id%3D201&#038;srpvid=72b45d2ab4c60a34&#038;srepoch=1752425542&#038;all_sr_blocks=1158833201_388614002_2_0_0&#038;highlighted_blocks=1158833201_388614002_2_0_0&#038;matching_block_id=1158833201_388614002_2_0_0&#038;sr_pri_blocks=1158833201_388614002_2_0_0__40824&#038;from=searchresults&#038;activeTab=main\">\n\t\t\t\t\t\t\t\t<span>\n\t\t\t\t\t\t\t\t\tVilla Relajares\t\t\t\t\t\t\t\t<\/span>\n\t\t\t\t\t\t\t<\/a>\n\t\t\t\t\t\t\t\t\t\t\t<\/div>\n\t\t\t<\/div>\n\t\t\t\t\t\t\t<div class=\"premium-gallery-item elementor-repeater-item-27893a9 fincas-y-villas premium-gallery-item-hidden\">\n\t\t\t\t<div class=\"pa-gallery-img default\" onclick=\"\">\n\t\t\t\t\t<div class=\"pa-gallery-img-container\">\n\t\t\t\t\t\t\t\t<img decoding=\"async\" width=\"1024\" height=\"683\" data-src=\"https:\/\/welikecanarias.com\/wp-content\/uploads\/2025\/07\/Villa-Alejandra.jpg\" class=\"attachment-2048x2048 size-2048x2048 wp-image-74055 lazyload\" alt=\"\" data-srcset=\"https:\/\/welikecanarias.com\/wp-content\/uploads\/2025\/07\/Villa-Alejandra.jpg 1024w, https:\/\/welikecanarias.com\/wp-content\/uploads\/2025\/07\/Villa-Alejandra-300x200.jpg 300w, https:\/\/welikecanarias.com\/wp-content\/uploads\/2025\/07\/Villa-Alejandra-768x512.jpg 768w\" data-sizes=\"(max-width: 1024px) 100vw, 1024px\" src=\"data:image\/svg+xml;base64,PHN2ZyB3aWR0aD0iMSIgaGVpZ2h0PSIxIiB4bWxucz0iaHR0cDovL3d3dy53My5vcmcvMjAwMC9zdmciPjwvc3ZnPg==\" style=\"--smush-placeholder-width: 1024px; --smush-placeholder-aspect-ratio: 1024\/683;\" \/>\t\t\t\t\t\t\t<\/div>\n\t\t\t\t\t\t\t\t\t\t\t\t<div class=\"pa-gallery-icons-wrapper\">\n\t\t\t\t\t\t\t\t<div class=\"pa-gallery-icons-inner-container\">\n\t\t\t\t\t\t\t\t\t\t\t\t\t\t\t\t\t<\/div>\n\t\t\t\t\t\t\t<\/div>\n\t\t\t\t\t\t\t\t\t\t<div class=\"premium-gallery-caption\">\n\n\t\t\t\t\t\t\t\t\t<span class=\"premium-gallery-img-name\">Villa Alejandra<\/span>\n\t\t\t\t\t\n\t\t\t<\/div>\n\t\t\t\t\t\t\t\t\t\t<a class=\"pa-gallery-whole-link\" href=\"https:\/\/www.booking.com\/hotel\/es\/villa-alejandra-lajares.es.html?label=affnetcj-15773516_pub-6943326_site-101123175_pname-Juan%20Jos%C3%A9%20Mart%C3%ADn%20Jerez_clkid-_cjevent-9d13f9b660eb11f082c6000b0a18b8fc&#038;aid=818286&#038;ucfs=1&#038;arphpl=1&#038;checkin=2025-10-20&#038;checkout=2025-10-25&#038;dest_id=752&#038;dest_type=region&#038;group_adults=2&#038;req_adults=2&#038;no_rooms=1&#038;group_children=0&#038;req_children=0&#038;hpos=4&#038;hapos=29&#038;sr_order=score&#038;nflt=price%3DEUR-min-270-1%3Bht_id%3D213&#038;srpvid=1c07821f5fd21578&#038;srepoch=1752605127&#038;all_sr_blocks=749699501_350713030_2_0_0&#038;highlighted_blocks=749699501_350713030_2_0_0&#038;matching_block_id=749699501_350713030_2_0_0&#038;sr_pri_blocks=749699501_350713030_2_0_0__86850&#038;from=searchresults&#038;activeTab=mains%C3%A9%20Mart%C3%ADn%20Jerez_clkid-_cjevent-9d953fee5fc011f0816b01c50a18b8f8&#038;aid=818286&#038;ucfs=1&#038;arphpl=1&#038;checkin=2025-10-15&#038;checkout=2025-10-19&#038;dest_id=760&#038;dest_type=region&#038;group_adults=2&#038;req_adults=2&#038;no_rooms=1&#038;group_children=0&#038;req_children=0&#038;hpos=5&#038;hapos=30&#038;sr_order=score&#038;nflt=ht_id%3D201&#038;srpvid=72b45d2ab4c60a34&#038;srepoch=1752425542&#038;all_sr_blocks=1064616102_378849201_2_0_0&#038;highlighted_blocks=1064616102_378849201_2_0_0&#038;matching_block_id=1064616102_378849201_2_0_0&#038;sr_pri_blocks=1064616102_378849201_2_0_0__46626&#038;from=searchresults&#038;activeTab=main\">\n\t\t\t\t\t\t\t\t<span>\n\t\t\t\t\t\t\t\t\tVilla Alejandra\t\t\t\t\t\t\t\t<\/span>\n\t\t\t\t\t\t\t<\/a>\n\t\t\t\t\t\t\t\t\t\t\t<\/div>\n\t\t\t<\/div>\n\t\t\t\t\t\t\t<div class=\"premium-gallery-item elementor-repeater-item-1154573 fincas-y-villas premium-gallery-item-hidden\">\n\t\t\t\t<div class=\"pa-gallery-img default\" onclick=\"\">\n\t\t\t\t\t<div class=\"pa-gallery-img-container\">\n\t\t\t\t\t\t\t\t<img decoding=\"async\" width=\"1024\" height=\"683\" data-src=\"https:\/\/welikecanarias.com\/wp-content\/uploads\/2025\/07\/Villas-Mariposas-Dreams.jpg\" class=\"attachment-2048x2048 size-2048x2048 wp-image-74061 lazyload\" alt=\"Vista de Villas Mariposas Dreams, una de las villas con encanto en Fuerteventura\" data-srcset=\"https:\/\/welikecanarias.com\/wp-content\/uploads\/2025\/07\/Villas-Mariposas-Dreams.jpg 1024w, https:\/\/welikecanarias.com\/wp-content\/uploads\/2025\/07\/Villas-Mariposas-Dreams-300x200.jpg 300w, https:\/\/welikecanarias.com\/wp-content\/uploads\/2025\/07\/Villas-Mariposas-Dreams-768x512.jpg 768w\" data-sizes=\"(max-width: 1024px) 100vw, 1024px\" src=\"data:image\/svg+xml;base64,PHN2ZyB3aWR0aD0iMSIgaGVpZ2h0PSIxIiB4bWxucz0iaHR0cDovL3d3dy53My5vcmcvMjAwMC9zdmciPjwvc3ZnPg==\" style=\"--smush-placeholder-width: 1024px; --smush-placeholder-aspect-ratio: 1024\/683;\" \/>\t\t\t\t\t\t\t<\/div>\n\t\t\t\t\t\t\t\t\t\t\t\t<div class=\"pa-gallery-icons-wrapper\">\n\t\t\t\t\t\t\t\t<div class=\"pa-gallery-icons-inner-container\">\n\t\t\t\t\t\t\t\t\t\t\t\t\t\t\t\t\t<\/div>\n\t\t\t\t\t\t\t<\/div>\n\t\t\t\t\t\t\t\t\t\t<div class=\"premium-gallery-caption\">\n\n\t\t\t\t\t\t\t\t\t<span class=\"premium-gallery-img-name\">Mariposas Dreams Villen<\/span>\n\t\t\t\t\t\n\t\t\t<\/div>\n\t\t\t\t\t\t\t\t\t\t<a class=\"pa-gallery-whole-link\" href=\"https:\/\/www.booking.com\/hotel\/es\/mariposas-dreams-corralejo.es.html?label=affnetcj-15773516_pub-6943326_site-101123175_pname-Juan%20Jos%C3%A9%20Mart%C3%ADn%20Jerez_clkid-_cjevent-9d13f9b660eb11f082c6000b0a18b8fc&#038;aid=818286&#038;ucfs=1&#038;arphpl=1&#038;checkin=2025-10-27&#038;checkout=2025-11-01&#038;dest_id=752&#038;dest_type=region&#038;group_adults=2&#038;req_adults=2&#038;no_rooms=1&#038;group_children=0&#038;req_children=0&#038;hpos=24&#038;hapos=49&#038;sr_order=score&#038;nflt=price%3DEUR-min-270-1%3Bht_id%3D213&#038;srpvid=1c07821f5fd21578&#038;srepoch=1752605127&#038;all_sr_blocks=647059802_265964311_7_0_0&#038;highlighted_blocks=647059802_265964311_7_0_0&#038;matching_block_id=647059802_265964311_7_0_0&#038;sr_pri_blocks=647059802_265964311_7_0_0__126000&#038;from=searchresults&#038;activeTab=main3%ADn%20Jerez_clkid-_cjevent-9d953fee5fc011f0816b01c50a18b8f8&#038;aid=818286&#038;ucfs=1&#038;arphpl=1&#038;checkin=2025-10-15&#038;checkout=2025-10-19&#038;dest_id=760&#038;dest_type=region&#038;group_adults=2&#038;req_adults=2&#038;no_rooms=1&#038;group_children=0&#038;req_children=0&#038;hpos=14&#038;hapos=39&#038;sr_order=score&#038;nflt=ht_id%3D201&#038;srpvid=72b45d2ab4c60a34&#038;srepoch=1752425542&#038;all_sr_blocks=977990501_377425734_2_0_0&#038;highlighted_blocks=977990501_377425734_2_0_0&#038;matching_block_id=977990501_377425734_2_0_0&#038;sr_pri_blocks=977990501_377425734_2_0_0__100744&#038;from=searchresults&#038;activeTab=main\">\n\t\t\t\t\t\t\t\t<span>\n\t\t\t\t\t\t\t\t\tMariposas Dreams Villen\t\t\t\t\t\t\t\t<\/span>\n\t\t\t\t\t\t\t<\/a>\n\t\t\t\t\t\t\t\t\t\t\t<\/div>\n\t\t\t<\/div>\n\t\t\t\t\t\t\t<div class=\"premium-gallery-item elementor-repeater-item-7a1bc50 fincas-y-villas premium-gallery-item-hidden\">\n\t\t\t\t<div class=\"pa-gallery-img default\" onclick=\"\">\n\t\t\t\t\t<div class=\"pa-gallery-img-container\">\n\t\t\t\t\t\t\t\t<img decoding=\"async\" width=\"1024\" height=\"768\" data-src=\"https:\/\/welikecanarias.com\/wp-content\/uploads\/2025\/07\/Villa-Lavayarena-fuerteventura.jpg\" class=\"attachment-2048x2048 size-2048x2048 wp-image-74070 lazyload\" alt=\"Vista de Villa Lavayarena , una de las villas con encanto en Fuerteventura\" data-srcset=\"https:\/\/welikecanarias.com\/wp-content\/uploads\/2025\/07\/Villa-Lavayarena-fuerteventura.jpg 1024w, https:\/\/welikecanarias.com\/wp-content\/uploads\/2025\/07\/Villa-Lavayarena-fuerteventura-300x225.jpg 300w, https:\/\/welikecanarias.com\/wp-content\/uploads\/2025\/07\/Villa-Lavayarena-fuerteventura-768x576.jpg 768w\" data-sizes=\"(max-width: 1024px) 100vw, 1024px\" src=\"data:image\/svg+xml;base64,PHN2ZyB3aWR0aD0iMSIgaGVpZ2h0PSIxIiB4bWxucz0iaHR0cDovL3d3dy53My5vcmcvMjAwMC9zdmciPjwvc3ZnPg==\" style=\"--smush-placeholder-width: 1024px; --smush-placeholder-aspect-ratio: 1024\/768;\" \/>\t\t\t\t\t\t\t<\/div>\n\t\t\t\t\t\t\t\t\t\t\t\t<div class=\"pa-gallery-icons-wrapper\">\n\t\t\t\t\t\t\t\t<div class=\"pa-gallery-icons-inner-container\">\n\t\t\t\t\t\t\t\t\t\t\t\t\t\t\t\t\t<\/div>\n\t\t\t\t\t\t\t<\/div>\n\t\t\t\t\t\t\t\t\t\t<div class=\"premium-gallery-caption\">\n\n\t\t\t\t\t\t\t\t\t<span class=\"premium-gallery-img-name\">Villa Lavayarena  <\/span>\n\t\t\t\t\t\n\t\t\t<\/div>\n\t\t\t\t\t\t\t\t\t\t<a class=\"pa-gallery-whole-link\" href=\"https:\/\/www.booking.com\/hotel\/es\/villa-lavayarena.es.html?label=affnetcj-15773516_pub-6943326_site-101123175_pname-Juan%20Jos%C3%A9%20Mart%C3%ADn%20Jerez_clkid-_cjevent-9d13f9b660eb11f082c6000b0a18b8fc&#038;aid=818286&#038;ucfs=1&#038;arphpl=1&#038;checkin=2025-10-20&#038;checkout=2025-10-25&#038;dest_id=752&#038;dest_type=region&#038;group_adults=2&#038;req_adults=2&#038;no_rooms=1&#038;group_children=0&#038;req_children=0&#038;hpos=23&#038;hapos=23&#038;sr_order=score&#038;nflt=price%3DEUR-min-270-1%3Bht_id%3D201&#038;srpvid=1c07821f5fd21578&#038;srepoch=1752605932&#038;all_sr_blocks=1066410201_406264273_2_0_0&#038;highlighted_blocks=1066410201_406264273_2_0_0&#038;matching_block_id=1066410201_406264273_2_0_0&#038;sr_pri_blocks=1066410201_406264273_2_0_0__88088&#038;from=searchresults&#038;activeTab=main\">\n\t\t\t\t\t\t\t\t<span>\n\t\t\t\t\t\t\t\t\tVilla Lavayarena  \t\t\t\t\t\t\t\t<\/span>\n\t\t\t\t\t\t\t<\/a>\n\t\t\t\t\t\t\t\t\t\t\t<\/div>\n\t\t\t<\/div>\n\t\t\t\t\t\t\t<div class=\"premium-gallery-item elementor-repeater-item-83bdb34 casas-rurales-y-apartamentos premium-gallery-item-hidden\">\n\t\t\t\t<div class=\"pa-gallery-img default\" onclick=\"\">\n\t\t\t\t\t<div class=\"pa-gallery-img-container\">\n\t\t\t\t\t\t\t\t<img decoding=\"async\" width=\"1024\" height=\"682\" data-src=\"https:\/\/welikecanarias.com\/wp-content\/uploads\/2025\/07\/Exclusive-Design-Loft-fuerteventura.jpg\" class=\"attachment-2048x2048 size-2048x2048 wp-image-74290 lazyload\" alt=\"\" data-srcset=\"https:\/\/welikecanarias.com\/wp-content\/uploads\/2025\/07\/Exclusive-Design-Loft-fuerteventura.jpg 1024w, https:\/\/welikecanarias.com\/wp-content\/uploads\/2025\/07\/Exclusive-Design-Loft-fuerteventura-300x200.jpg 300w, https:\/\/welikecanarias.com\/wp-content\/uploads\/2025\/07\/Exclusive-Design-Loft-fuerteventura-768x512.jpg 768w\" data-sizes=\"(max-width: 1024px) 100vw, 1024px\" src=\"data:image\/svg+xml;base64,PHN2ZyB3aWR0aD0iMSIgaGVpZ2h0PSIxIiB4bWxucz0iaHR0cDovL3d3dy53My5vcmcvMjAwMC9zdmciPjwvc3ZnPg==\" style=\"--smush-placeholder-width: 1024px; --smush-placeholder-aspect-ratio: 1024\/682;\" \/>\t\t\t\t\t\t\t<\/div>\n\t\t\t\t\t\t\t\t\t\t\t\t<div class=\"pa-gallery-icons-wrapper\">\n\t\t\t\t\t\t\t\t<div class=\"pa-gallery-icons-inner-container\">\n\t\t\t\t\t\t\t\t\t\t\t\t\t\t\t\t\t<\/div>\n\t\t\t\t\t\t\t<\/div>\n\t\t\t\t\t\t\t\t\t\t<div class=\"premium-gallery-caption\">\n\n\t\t\t\t\t\t\t\t\t<span class=\"premium-gallery-img-name\">Exklusives Design-Loft<\/span>\n\t\t\t\t\t\n\t\t\t<\/div>\n\t\t\t\t\t\t\t\t\t\t<a class=\"pa-gallery-whole-link\" href=\"https:\/\/www.booking.com\/hotel\/es\/exclusive-design-loft-7-minutes-from-the-beach.es.html?label=affnetcj-15773516_pub-6943326_site-101123175_pname-Juan%20Jos%C3%A9%20Mart%C3%ADn%20Jerez_clkid-_cjevent-4ca1b34763ed11f080aa00740a18ba74&#038;aid=818286&#038;ucfs=1&#038;arphpl=1&#038;checkin=2025-10-13&#038;checkout=2025-10-18&#038;dest_id=752&#038;dest_type=region&#038;group_adults=2&#038;req_adults=2&#038;no_rooms=1&#038;group_children=0&#038;req_children=0&#038;hpos=5&#038;hapos=5&#038;sr_order=score&#038;nflt=ht_id%3D201&#038;srpvid=a0716e0e9da60799&#038;srepoch=1752853217&#038;all_sr_blocks=1034196401_408422409_2_0_0&#038;highlighted_blocks=1034196401_408422409_2_0_0&#038;matching_block_id=1034196401_408422409_2_0_0&#038;sr_pri_blocks=1034196401_408422409_2_0_0__57664&#038;from=searchresults&#038;activeTab=main\">\n\t\t\t\t\t\t\t\t<span>\n\t\t\t\t\t\t\t\t\tExklusives Design-Loft\t\t\t\t\t\t\t\t<\/span>\n\t\t\t\t\t\t\t<\/a>\n\t\t\t\t\t\t\t\t\t\t\t<\/div>\n\t\t\t<\/div>\n\t\t\t\t\t\t\t<div class=\"premium-gallery-item elementor-repeater-item-6c2e5fe casas-rurales-y-apartamentos premium-gallery-item-hidden\">\n\t\t\t\t<div class=\"pa-gallery-img default\" onclick=\"\">\n\t\t\t\t\t<div class=\"pa-gallery-img-container\">\n\t\t\t\t\t\t\t\t<img decoding=\"async\" width=\"1024\" height=\"683\" data-src=\"https:\/\/welikecanarias.com\/wp-content\/uploads\/2025\/07\/Beautiful-house-with-pool.jpg\" class=\"attachment-2048x2048 size-2048x2048 wp-image-74296 lazyload\" alt=\"\" data-srcset=\"https:\/\/welikecanarias.com\/wp-content\/uploads\/2025\/07\/Beautiful-house-with-pool.jpg 1024w, https:\/\/welikecanarias.com\/wp-content\/uploads\/2025\/07\/Beautiful-house-with-pool-300x200.jpg 300w, https:\/\/welikecanarias.com\/wp-content\/uploads\/2025\/07\/Beautiful-house-with-pool-768x512.jpg 768w\" data-sizes=\"(max-width: 1024px) 100vw, 1024px\" src=\"data:image\/svg+xml;base64,PHN2ZyB3aWR0aD0iMSIgaGVpZ2h0PSIxIiB4bWxucz0iaHR0cDovL3d3dy53My5vcmcvMjAwMC9zdmciPjwvc3ZnPg==\" style=\"--smush-placeholder-width: 1024px; --smush-placeholder-aspect-ratio: 1024\/683;\" \/>\t\t\t\t\t\t\t<\/div>\n\t\t\t\t\t\t\t\t\t\t\t\t<div class=\"pa-gallery-icons-wrapper\">\n\t\t\t\t\t\t\t\t<div class=\"pa-gallery-icons-inner-container\">\n\t\t\t\t\t\t\t\t\t\t\t\t\t\t\t\t\t<\/div>\n\t\t\t\t\t\t\t<\/div>\n\t\t\t\t\t\t\t\t\t\t<div class=\"premium-gallery-caption\">\n\n\t\t\t\t\t\t\t\t\t<span class=\"premium-gallery-img-name\">Sch\u00f6nes Haus mit Pool<\/span>\n\t\t\t\t\t\n\t\t\t<\/div>\n\t\t\t\t\t\t\t\t\t\t<a class=\"pa-gallery-whole-link\" href=\"https:\/\/www.booking.com\/hotel\/es\/beautiful-house-with-pool-car-available-castillo-caleta-de-fuste.es.html?label=affnetcj-15773516_pub-6943326_site-101123175_pname-Juan%20Jos%C3%A9%20Mart%C3%ADn%20Jerez_clkid-_cjevent-db45caad63ed11f08267006d0a18b8f9&#038;aid=818286&#038;ucfs=1&#038;arphpl=1&#038;checkin=2025-10-06&#038;checkout=2025-10-11&#038;dest_id=752&#038;dest_type=region&#038;group_adults=2&#038;req_adults=2&#038;no_rooms=1&#038;group_children=0&#038;req_children=0&#038;hpos=11&#038;hapos=11&#038;sr_order=score&#038;nflt=ht_id%3D201&#038;srpvid=9fc26e871107031f&#038;srepoch=1752853412&#038;all_sr_blocks=889098801_410231545_2_0_0&#038;highlighted_blocks=889098801_410231545_2_0_0&#038;matching_block_id=889098801_410231545_2_0_0&#038;sr_pri_blocks=889098801_410231545_2_0_0__55000&#038;from=searchresults&#038;activeTab=main\">\n\t\t\t\t\t\t\t\t<span>\n\t\t\t\t\t\t\t\t\tSch\u00f6nes Haus mit Pool\t\t\t\t\t\t\t\t<\/span>\n\t\t\t\t\t\t\t<\/a>\n\t\t\t\t\t\t\t\t\t\t\t<\/div>\n\t\t\t<\/div>\n\t\t\t\t\t\t\t<div class=\"premium-gallery-item elementor-repeater-item-a77128f casas-rurales-y-apartamentos premium-gallery-item-hidden\">\n\t\t\t\t<div class=\"pa-gallery-img default\" onclick=\"\">\n\t\t\t\t\t<div class=\"pa-gallery-img-container\">\n\t\t\t\t\t\t\t\t<img decoding=\"async\" width=\"806\" height=\"768\" data-src=\"https:\/\/welikecanarias.com\/wp-content\/uploads\/2025\/07\/Esti-Chill-Stay-fuerteventura.jpg\" class=\"attachment-2048x2048 size-2048x2048 wp-image-74302 lazyload\" alt=\"Vista de Esti Chill &amp; Stay, uno de los apartamentos con encanto en Fuerteventura\" data-srcset=\"https:\/\/welikecanarias.com\/wp-content\/uploads\/2025\/07\/Esti-Chill-Stay-fuerteventura.jpg 806w, https:\/\/welikecanarias.com\/wp-content\/uploads\/2025\/07\/Esti-Chill-Stay-fuerteventura-300x286.jpg 300w, https:\/\/welikecanarias.com\/wp-content\/uploads\/2025\/07\/Esti-Chill-Stay-fuerteventura-768x732.jpg 768w\" data-sizes=\"(max-width: 806px) 100vw, 806px\" src=\"data:image\/svg+xml;base64,PHN2ZyB3aWR0aD0iMSIgaGVpZ2h0PSIxIiB4bWxucz0iaHR0cDovL3d3dy53My5vcmcvMjAwMC9zdmciPjwvc3ZnPg==\" style=\"--smush-placeholder-width: 806px; --smush-placeholder-aspect-ratio: 806\/768;\" \/>\t\t\t\t\t\t\t<\/div>\n\t\t\t\t\t\t\t\t\t\t\t\t<div class=\"pa-gallery-icons-wrapper\">\n\t\t\t\t\t\t\t\t<div class=\"pa-gallery-icons-inner-container\">\n\t\t\t\t\t\t\t\t\t\t\t\t\t\t\t\t\t<\/div>\n\t\t\t\t\t\t\t<\/div>\n\t\t\t\t\t\t\t\t\t\t<div class=\"premium-gallery-caption\">\n\n\t\t\t\t\t\t\t\t\t<span class=\"premium-gallery-img-name\">Esti Chill &amp; Stay<\/span>\n\t\t\t\t\t\n\t\t\t<\/div>\n\t\t\t\t\t\t\t\t\t\t<a class=\"pa-gallery-whole-link\" href=\"https:\/\/www.booking.com\/hotel\/es\/esti-chill-amp-stay.es.html?label=affnetcj-15773516_pub-6943326_site-101123175_pname-Juan%20Jos%C3%A9%20Mart%C3%ADn%20Jerez_clkid-_cjevent-db45caad63ed11f08267006d0a18b8f9&#038;aid=818286&#038;ucfs=1&#038;arphpl=1&#038;checkin=2025-10-27&#038;checkout=2025-11-01&#038;dest_id=752&#038;dest_type=region&#038;group_adults=2&#038;req_adults=2&#038;no_rooms=1&#038;group_children=0&#038;req_children=0&#038;hpos=13&#038;hapos=13&#038;sr_order=score&#038;nflt=ht_id%3D201&#038;srpvid=9fc26e871107031f&#038;srepoch=1752853510&#038;all_sr_blocks=1391781701_411144615_2_0_0&#038;highlighted_blocks=1391781701_411144615_2_0_0&#038;matching_block_id=1391781701_411144615_2_0_0&#038;sr_pri_blocks=1391781701_411144615_2_0_0__43011&#038;from=searchresults&#038;activeTab=main\">\n\t\t\t\t\t\t\t\t<span>\n\t\t\t\t\t\t\t\t\tEsti Chill &amp; Stay\t\t\t\t\t\t\t\t<\/span>\n\t\t\t\t\t\t\t<\/a>\n\t\t\t\t\t\t\t\t\t\t\t<\/div>\n\t\t\t<\/div>\n\t\t\t\t\t\t\t<div class=\"premium-gallery-item elementor-repeater-item-110b989 fincas-y-villas premium-gallery-item-hidden\">\n\t\t\t\t<div class=\"pa-gallery-img default\" onclick=\"\">\n\t\t\t\t\t<div class=\"pa-gallery-img-container\">\n\t\t\t\t\t\t\t\t<img decoding=\"async\" width=\"1024\" height=\"768\" data-src=\"https:\/\/welikecanarias.com\/wp-content\/uploads\/2025\/07\/Brisa-Vacacional-fuerteventura.jpg\" class=\"attachment-2048x2048 size-2048x2048 wp-image-74308 lazyload\" alt=\"\" data-srcset=\"https:\/\/welikecanarias.com\/wp-content\/uploads\/2025\/07\/Brisa-Vacacional-fuerteventura.jpg 1024w, https:\/\/welikecanarias.com\/wp-content\/uploads\/2025\/07\/Brisa-Vacacional-fuerteventura-300x225.jpg 300w, https:\/\/welikecanarias.com\/wp-content\/uploads\/2025\/07\/Brisa-Vacacional-fuerteventura-768x576.jpg 768w\" data-sizes=\"(max-width: 1024px) 100vw, 1024px\" src=\"data:image\/svg+xml;base64,PHN2ZyB3aWR0aD0iMSIgaGVpZ2h0PSIxIiB4bWxucz0iaHR0cDovL3d3dy53My5vcmcvMjAwMC9zdmciPjwvc3ZnPg==\" style=\"--smush-placeholder-width: 1024px; --smush-placeholder-aspect-ratio: 1024\/768;\" \/>\t\t\t\t\t\t\t<\/div>\n\t\t\t\t\t\t\t\t\t\t\t\t<div class=\"pa-gallery-icons-wrapper\">\n\t\t\t\t\t\t\t\t<div class=\"pa-gallery-icons-inner-container\">\n\t\t\t\t\t\t\t\t\t\t\t\t\t\t\t\t\t<\/div>\n\t\t\t\t\t\t\t<\/div>\n\t\t\t\t\t\t\t\t\t\t<div class=\"premium-gallery-caption\">\n\n\t\t\t\t\t\t\t\t\t<span class=\"premium-gallery-img-name\">Urlaubsbrise<\/span>\n\t\t\t\t\t\n\t\t\t<\/div>\n\t\t\t\t\t\t\t\t\t\t<a class=\"pa-gallery-whole-link\" href=\"https:\/\/www.booking.com\/hotel\/es\/brisa-vacacional.es.html?label=affnetcj-15773516_pub-6943326_site-101123175_pname-Juan%20Jos%C3%A9%20Mart%C3%ADn%20Jerez_clkid-_cjevent-db45caad63ed11f08267006d0a18b8f9&#038;aid=818286&#038;ucfs=1&#038;arphpl=1&#038;checkin=2025-10-06&#038;checkout=2025-10-11&#038;dest_id=752&#038;dest_type=region&#038;group_adults=2&#038;req_adults=2&#038;no_rooms=1&#038;group_children=0&#038;req_children=0&#038;hpos=16&#038;hapos=16&#038;sr_order=score&#038;nflt=ht_id%3D201&#038;srpvid=9fc26e871107031f&#038;srepoch=1752853642&#038;all_sr_blocks=1348427301_408694380_4_0_0&#038;highlighted_blocks=1348427301_408694380_4_0_0&#038;matching_block_id=1348427301_408694380_4_0_0&#038;sr_pri_blocks=1348427301_408694380_4_0_0__152500&#038;from=searchresults&#038;activeTab=mainC3%ADn%20Jerez_clkid-_cjevent-db45caad63ed11f08267006d0a18b8f9&#038;aid=818286&#038;ucfs=1&#038;arphpl=1&#038;checkin=2025-10-06&#038;checkout=2025-10-11&#038;dest_id=752&#038;dest_type=region&#038;group_adults=2&#038;req_adults=2&#038;no_rooms=1&#038;group_children=0&#038;req_children=0&#038;hpos=16&#038;hapos=16&#038;sr_order=score&#038;nflt=ht_id%3D201&#038;srpvid=9fc26e871107031f&#038;srepoch=1752853642&#038;all_sr_blocks=1348427301_408694380_4_0_0&#038;highlighted_blocks=1348427301_408694380_4_0_0&#038;matching_block_id=1348427301_408694380_4_0_0&#038;sr_pri_blocks=1348427301_408694380_4_0_0__152500&#038;from=searchresults&#038;activeTab=main\">\n\t\t\t\t\t\t\t\t<span>\n\t\t\t\t\t\t\t\t\tUrlaubsbrise\t\t\t\t\t\t\t\t<\/span>\n\t\t\t\t\t\t\t<\/a>\n\t\t\t\t\t\t\t\t\t\t\t<\/div>\n\t\t\t<\/div>\n\t\t\t\t\t\t\t<div class=\"premium-gallery-item elementor-repeater-item-8040d2f casas-rurales-y-apartamentos premium-gallery-item-hidden\">\n\t\t\t\t<div class=\"pa-gallery-img default\" onclick=\"\">\n\t\t\t\t\t<div class=\"pa-gallery-img-container\">\n\t\t\t\t\t\t\t\t<img decoding=\"async\" width=\"911\" height=\"683\" data-src=\"https:\/\/welikecanarias.com\/wp-content\/uploads\/2025\/07\/Suite-Dreams-Fuerteventura.jpg\" class=\"attachment-2048x2048 size-2048x2048 wp-image-74317 lazyload\" alt=\"\" data-srcset=\"https:\/\/welikecanarias.com\/wp-content\/uploads\/2025\/07\/Suite-Dreams-Fuerteventura.jpg 911w, https:\/\/welikecanarias.com\/wp-content\/uploads\/2025\/07\/Suite-Dreams-Fuerteventura-300x225.jpg 300w, https:\/\/welikecanarias.com\/wp-content\/uploads\/2025\/07\/Suite-Dreams-Fuerteventura-768x576.jpg 768w\" data-sizes=\"(max-width: 911px) 100vw, 911px\" src=\"data:image\/svg+xml;base64,PHN2ZyB3aWR0aD0iMSIgaGVpZ2h0PSIxIiB4bWxucz0iaHR0cDovL3d3dy53My5vcmcvMjAwMC9zdmciPjwvc3ZnPg==\" style=\"--smush-placeholder-width: 911px; --smush-placeholder-aspect-ratio: 911\/683;\" \/>\t\t\t\t\t\t\t<\/div>\n\t\t\t\t\t\t\t\t\t\t\t\t<div class=\"pa-gallery-icons-wrapper\">\n\t\t\t\t\t\t\t\t<div class=\"pa-gallery-icons-inner-container\">\n\t\t\t\t\t\t\t\t\t\t\t\t\t\t\t\t\t<\/div>\n\t\t\t\t\t\t\t<\/div>\n\t\t\t\t\t\t\t\t\t\t<div class=\"premium-gallery-caption\">\n\n\t\t\t\t\t\t\t\t\t<span class=\"premium-gallery-img-name\">Dreams Fuerteventura Suite<\/span>\n\t\t\t\t\t\n\t\t\t<\/div>\n\t\t\t\t\t\t\t\t\t\t<a class=\"pa-gallery-whole-link\" href=\"https:\/\/www.booking.com\/hotel\/es\/suite-dream-fuerteventura-las-palmas.es.html?label=affnetcj-15773516_pub-6943326_site-101123175_pname-Juan%20Jos%C3%A9%20Mart%C3%ADn%20Jerez_clkid-_cjevent-db45caad63ed11f08267006d0a18b8f9&#038;aid=818286&#038;ucfs=1&#038;arphpl=1&#038;checkin=2025-10-27&#038;checkout=2025-11-01&#038;dest_id=752&#038;dest_type=region&#038;group_adults=2&#038;req_adults=2&#038;no_rooms=1&#038;group_children=0&#038;req_children=0&#038;hpos=6&#038;hapos=31&#038;sr_order=score&#038;nflt=ht_id%3D201&#038;srpvid=9fc26e871107031f&#038;srepoch=1752853763&#038;all_sr_blocks=850522201_352227974_2_0_0&#038;highlighted_blocks=850522201_352227974_2_0_0&#038;matching_block_id=850522201_352227974_2_0_0&#038;sr_pri_blocks=850522201_352227974_2_0_0__39690&#038;from=searchresults&#038;activeTab=main\">\n\t\t\t\t\t\t\t\t<span>\n\t\t\t\t\t\t\t\t\tDreams Fuerteventura Suite\t\t\t\t\t\t\t\t<\/span>\n\t\t\t\t\t\t\t<\/a>\n\t\t\t\t\t\t\t\t\t\t\t<\/div>\n\t\t\t<\/div>\n\t\t\t\t\t\t\t<div class=\"premium-gallery-item elementor-repeater-item-9a3e943 casas-rurales-y-apartamentos premium-gallery-item-hidden\">\n\t\t\t\t<div class=\"pa-gallery-img default\" onclick=\"\">\n\t\t\t\t\t<div class=\"pa-gallery-img-container\">\n\t\t\t\t\t\t\t\t<img decoding=\"async\" width=\"1024\" height=\"768\" data-src=\"https:\/\/welikecanarias.com\/wp-content\/uploads\/2025\/07\/Fuerte-Calma-Luxury-Apartment.jpg\" class=\"attachment-2048x2048 size-2048x2048 wp-image-74323 lazyload\" alt=\"Vista de Fuerte Calma Luxury Apartment, uno de los apartamentos con encanto en Fuerteventura\" data-srcset=\"https:\/\/welikecanarias.com\/wp-content\/uploads\/2025\/07\/Fuerte-Calma-Luxury-Apartment.jpg 1024w, https:\/\/welikecanarias.com\/wp-content\/uploads\/2025\/07\/Fuerte-Calma-Luxury-Apartment-300x225.jpg 300w, https:\/\/welikecanarias.com\/wp-content\/uploads\/2025\/07\/Fuerte-Calma-Luxury-Apartment-768x576.jpg 768w\" data-sizes=\"(max-width: 1024px) 100vw, 1024px\" src=\"data:image\/svg+xml;base64,PHN2ZyB3aWR0aD0iMSIgaGVpZ2h0PSIxIiB4bWxucz0iaHR0cDovL3d3dy53My5vcmcvMjAwMC9zdmciPjwvc3ZnPg==\" style=\"--smush-placeholder-width: 1024px; --smush-placeholder-aspect-ratio: 1024\/768;\" \/>\t\t\t\t\t\t\t<\/div>\n\t\t\t\t\t\t\t\t\t\t\t\t<div class=\"pa-gallery-icons-wrapper\">\n\t\t\t\t\t\t\t\t<div class=\"pa-gallery-icons-inner-container\">\n\t\t\t\t\t\t\t\t\t\t\t\t\t\t\t\t\t<\/div>\n\t\t\t\t\t\t\t<\/div>\n\t\t\t\t\t\t\t\t\t\t<div class=\"premium-gallery-caption\">\n\n\t\t\t\t\t\t\t\t\t<span class=\"premium-gallery-img-name\">Fuerte Calma Luxus Wohnung<\/span>\n\t\t\t\t\t\n\t\t\t<\/div>\n\t\t\t\t\t\t\t\t\t\t<a class=\"pa-gallery-whole-link\" href=\"https:\/\/www.booking.com\/hotel\/es\/fuerte-calma-with-swimming-pool.es.html?label=affnetcj-15773516_pub-6943326_site-101123175_pname-Juan%20Jos%C3%A9%20Mart%C3%ADn%20Jerez_clkid-_cjevent-db45caad63ed11f08267006d0a18b8f9&#038;aid=818286&#038;ucfs=1&#038;arphpl=1&#038;checkin=2025-10-27&#038;checkout=2025-11-01&#038;dest_id=752&#038;dest_type=region&#038;group_adults=2&#038;req_adults=2&#038;no_rooms=1&#038;group_children=0&#038;req_children=0&#038;hpos=8&#038;hapos=33&#038;sr_order=score&#038;nflt=ht_id%3D201&#038;srpvid=9fc26e871107031f&#038;srepoch=1752853763&#038;all_sr_blocks=1195082501_391789541_0_0_0&#038;highlighted_blocks=1195082501_391789541_0_0_0&#038;matching_block_id=1195082501_391789541_0_0_0&#038;sr_pri_blocks=1195082501_391789541_0_0_0__60000&#038;from=searchresults&#038;activeTab=main\">\n\t\t\t\t\t\t\t\t<span>\n\t\t\t\t\t\t\t\t\tFuerte Calma Luxus Wohnung\t\t\t\t\t\t\t\t<\/span>\n\t\t\t\t\t\t\t<\/a>\n\t\t\t\t\t\t\t\t\t\t\t<\/div>\n\t\t\t<\/div>\n\t\t\t\t\t\t\t<div class=\"premium-gallery-item elementor-repeater-item-28c6bbf casas-rurales-y-apartamentos premium-gallery-item-hidden\">\n\t\t\t\t<div class=\"pa-gallery-img default\" onclick=\"\">\n\t\t\t\t\t<div class=\"pa-gallery-img-container\">\n\t\t\t\t\t\t\t\t<img decoding=\"async\" width=\"688\" height=\"768\" data-src=\"https:\/\/welikecanarias.com\/wp-content\/uploads\/2025\/07\/Momi-s-House-Corralejo-Dunas.jpg\" class=\"attachment-2048x2048 size-2048x2048 wp-image-74329 lazyload\" alt=\"\" data-srcset=\"https:\/\/welikecanarias.com\/wp-content\/uploads\/2025\/07\/Momi-s-House-Corralejo-Dunas.jpg 688w, https:\/\/welikecanarias.com\/wp-content\/uploads\/2025\/07\/Momi-s-House-Corralejo-Dunas-269x300.jpg 269w\" data-sizes=\"(max-width: 688px) 100vw, 688px\" src=\"data:image\/svg+xml;base64,PHN2ZyB3aWR0aD0iMSIgaGVpZ2h0PSIxIiB4bWxucz0iaHR0cDovL3d3dy53My5vcmcvMjAwMC9zdmciPjwvc3ZnPg==\" style=\"--smush-placeholder-width: 688px; --smush-placeholder-aspect-ratio: 688\/768;\" \/>\t\t\t\t\t\t\t<\/div>\n\t\t\t\t\t\t\t\t\t\t\t\t<div class=\"pa-gallery-icons-wrapper\">\n\t\t\t\t\t\t\t\t<div class=\"pa-gallery-icons-inner-container\">\n\t\t\t\t\t\t\t\t\t\t\t\t\t\t\t\t\t<\/div>\n\t\t\t\t\t\t\t<\/div>\n\t\t\t\t\t\t\t\t\t\t<div class=\"premium-gallery-caption\">\n\n\t\t\t\t\t\t\t\t\t<span class=\"premium-gallery-img-name\">Momi-s Haus Corralejo Dunas<\/span>\n\t\t\t\t\t\n\t\t\t<\/div>\n\t\t\t\t\t\t\t\t\t\t<a class=\"pa-gallery-whole-link\" href=\"https:\/\/www.booking.com\/hotel\/es\/momis-house-boutique-apartment-2-pools-wi-fi.es.html?label=affnetcj-15773516_pub-6943326_site-101123175_pname-Juan%20Jos%C3%A9%20Mart%C3%ADn%20Jerez_clkid-_cjevent-db45caad63ed11f08267006d0a18b8f9&#038;aid=818286&#038;ucfs=1&#038;arphpl=1&#038;checkin=2025-10-13&#038;checkout=2025-10-18&#038;dest_id=752&#038;dest_type=region&#038;group_adults=2&#038;req_adults=2&#038;no_rooms=1&#038;group_children=0&#038;req_children=0&#038;hpos=13&#038;hapos=38&#038;sr_order=score&#038;nflt=ht_id%3D201&#038;srpvid=9fc26e871107031f&#038;srepoch=1752853763&#038;all_sr_blocks=629188401_406670933_2_0_0&#038;highlighted_blocks=629188401_406670933_2_0_0&#038;matching_block_id=629188401_406670933_2_0_0&#038;sr_pri_blocks=629188401_406670933_2_0_0__52500&#038;from=searchresults&#038;activeTab=main\">\n\t\t\t\t\t\t\t\t<span>\n\t\t\t\t\t\t\t\t\tMomi-s Haus Corralejo Dunas\t\t\t\t\t\t\t\t<\/span>\n\t\t\t\t\t\t\t<\/a>\n\t\t\t\t\t\t\t\t\t\t\t<\/div>\n\t\t\t<\/div>\n\t\t\t\t\t\t\t<div class=\"premium-gallery-item elementor-repeater-item-7af6197 casas-rurales-y-apartamentos premium-gallery-item-hidden\">\n\t\t\t\t<div class=\"pa-gallery-img default\" onclick=\"\">\n\t\t\t\t\t<div class=\"pa-gallery-img-container\">\n\t\t\t\t\t\t\t\t<img decoding=\"async\" width=\"1024\" height=\"683\" data-src=\"https:\/\/welikecanarias.com\/wp-content\/uploads\/2025\/07\/Palm-Beach-Fuerteventura.jpg\" class=\"attachment-2048x2048 size-2048x2048 wp-image-74335 lazyload\" alt=\"Vista de Palm Beach Fuerteventura, uno de los mejores apartamentos en Fuerteventura\" data-srcset=\"https:\/\/welikecanarias.com\/wp-content\/uploads\/2025\/07\/Palm-Beach-Fuerteventura.jpg 1024w, https:\/\/welikecanarias.com\/wp-content\/uploads\/2025\/07\/Palm-Beach-Fuerteventura-300x200.jpg 300w, https:\/\/welikecanarias.com\/wp-content\/uploads\/2025\/07\/Palm-Beach-Fuerteventura-768x512.jpg 768w\" data-sizes=\"(max-width: 1024px) 100vw, 1024px\" src=\"data:image\/svg+xml;base64,PHN2ZyB3aWR0aD0iMSIgaGVpZ2h0PSIxIiB4bWxucz0iaHR0cDovL3d3dy53My5vcmcvMjAwMC9zdmciPjwvc3ZnPg==\" style=\"--smush-placeholder-width: 1024px; --smush-placeholder-aspect-ratio: 1024\/683;\" \/>\t\t\t\t\t\t\t<\/div>\n\t\t\t\t\t\t\t\t\t\t\t\t<div class=\"pa-gallery-icons-wrapper\">\n\t\t\t\t\t\t\t\t<div class=\"pa-gallery-icons-inner-container\">\n\t\t\t\t\t\t\t\t\t\t\t\t\t\t\t\t\t<\/div>\n\t\t\t\t\t\t\t<\/div>\n\t\t\t\t\t\t\t\t\t\t<div class=\"premium-gallery-caption\">\n\n\t\t\t\t\t\t\t\t\t<span class=\"premium-gallery-img-name\">Palmenstrand Fuerteventura<\/span>\n\t\t\t\t\t\n\t\t\t<\/div>\n\t\t\t\t\t\t\t\t\t\t<a class=\"pa-gallery-whole-link\" href=\"https:\/\/www.booking.com\/hotel\/es\/palm-beach-fuerteventura-close-to-the-beach.es.html?label=affnetcj-15773516_pub-6943326_site-101123175_pname-Juan%20Jos%C3%A9%20Mart%C3%ADn%20Jerez_clkid-_cjevent-db45caad63ed11f08267006d0a18b8f9&#038;aid=818286&#038;ucfs=1&#038;arphpl=1&#038;checkin=2025-10-27&#038;checkout=2025-11-01&#038;dest_id=752&#038;dest_type=region&#038;group_adults=2&#038;req_adults=2&#038;no_rooms=1&#038;group_children=0&#038;req_children=0&#038;hpos=2&#038;hapos=51&#038;sr_order=score&#038;nflt=ht_id%3D201&#038;srpvid=9fc26e871107031f&#038;srepoch=1752854069&#038;all_sr_blocks=897902101_360450482_2_0_0&#038;highlighted_blocks=897902101_360450482_2_0_0&#038;matching_block_id=897902101_360450482_2_0_0&#038;sr_pri_blocks=897902101_360450482_2_0_0__43450&#038;from=searchresults&#038;activeTab=main\">\n\t\t\t\t\t\t\t\t<span>\n\t\t\t\t\t\t\t\t\tPalmenstrand Fuerteventura\t\t\t\t\t\t\t\t<\/span>\n\t\t\t\t\t\t\t<\/a>\n\t\t\t\t\t\t\t\t\t\t\t<\/div>\n\t\t\t<\/div>\n\t\t\t\t\t\t\t<div class=\"premium-gallery-item elementor-repeater-item-a98e641 casas-rurales-y-apartamentos premium-gallery-item-hidden\">\n\t\t\t\t<div class=\"pa-gallery-img default\" onclick=\"\">\n\t\t\t\t\t<div class=\"pa-gallery-img-container\">\n\t\t\t\t\t\t\t\t<img decoding=\"async\" width=\"1024\" height=\"683\" data-src=\"https:\/\/welikecanarias.com\/wp-content\/uploads\/2025\/07\/Casilla-de-Costa-fuerteventura.jpg\" class=\"attachment-2048x2048 size-2048x2048 wp-image-74341 lazyload\" alt=\"\" data-srcset=\"https:\/\/welikecanarias.com\/wp-content\/uploads\/2025\/07\/Casilla-de-Costa-fuerteventura.jpg 1024w, https:\/\/welikecanarias.com\/wp-content\/uploads\/2025\/07\/Casilla-de-Costa-fuerteventura-300x200.jpg 300w, https:\/\/welikecanarias.com\/wp-content\/uploads\/2025\/07\/Casilla-de-Costa-fuerteventura-768x512.jpg 768w\" data-sizes=\"(max-width: 1024px) 100vw, 1024px\" src=\"data:image\/svg+xml;base64,PHN2ZyB3aWR0aD0iMSIgaGVpZ2h0PSIxIiB4bWxucz0iaHR0cDovL3d3dy53My5vcmcvMjAwMC9zdmciPjwvc3ZnPg==\" style=\"--smush-placeholder-width: 1024px; --smush-placeholder-aspect-ratio: 1024\/683;\" \/>\t\t\t\t\t\t\t<\/div>\n\t\t\t\t\t\t\t\t\t\t\t\t<div class=\"pa-gallery-icons-wrapper\">\n\t\t\t\t\t\t\t\t<div class=\"pa-gallery-icons-inner-container\">\n\t\t\t\t\t\t\t\t\t\t\t\t\t\t\t\t\t<\/div>\n\t\t\t\t\t\t\t<\/div>\n\t\t\t\t\t\t\t\t\t\t<div class=\"premium-gallery-caption\">\n\n\t\t\t\t\t\t\t\t\t<span class=\"premium-gallery-img-name\">Coastal Box<\/span>\n\t\t\t\t\t\n\t\t\t<\/div>\n\t\t\t\t\t\t\t\t\t\t<a class=\"pa-gallery-whole-link\" href=\"https:\/\/www.booking.com\/hotel\/es\/casilla-de-costa-las-palmas.es.html?label=affnetcj-15773516_pub-6943326_site-101123175_pname-Juan%20Jos%C3%A9%20Mart%C3%ADn%20Jerez_clkid-_cjevent-db45caad63ed11f08267006d0a18b8f9&#038;aid=818286&#038;ucfs=1&#038;arphpl=1&#038;checkin=2025-10-20&#038;checkout=2025-10-25&#038;dest_id=752&#038;dest_type=region&#038;group_adults=2&#038;req_adults=2&#038;no_rooms=1&#038;group_children=0&#038;req_children=0&#038;hpos=5&#038;hapos=54&#038;sr_order=score&#038;nflt=ht_id%3D201&#038;srpvid=9fc26e871107031f&#038;srepoch=1752854069&#038;all_sr_blocks=951666801_390832123_0_0_0&#038;highlighted_blocks=951666801_390832123_0_0_0&#038;matching_block_id=951666801_390832123_0_0_0&#038;sr_pri_blocks=951666801_390832123_0_0_0__44080&#038;from=searchresults&#038;activeTab=main\">\n\t\t\t\t\t\t\t\t<span>\n\t\t\t\t\t\t\t\t\tCoastal Box\t\t\t\t\t\t\t\t<\/span>\n\t\t\t\t\t\t\t<\/a>\n\t\t\t\t\t\t\t\t\t\t\t<\/div>\n\t\t\t<\/div>\n\t\t\t\t\t\t\t<div class=\"premium-gallery-item elementor-repeater-item-b42e00c casas-rurales-y-apartamentos premium-gallery-item-hidden\">\n\t\t\t\t<div class=\"pa-gallery-img default\" onclick=\"\">\n\t\t\t\t\t<div class=\"pa-gallery-img-container\">\n\t\t\t\t\t\t\t\t<img decoding=\"async\" width=\"1024\" height=\"683\" data-src=\"https:\/\/welikecanarias.com\/wp-content\/uploads\/2025\/07\/Luxury-aparment-in-casilla-de-costa.jpg\" class=\"attachment-2048x2048 size-2048x2048 wp-image-74347 lazyload\" alt=\"\" data-srcset=\"https:\/\/welikecanarias.com\/wp-content\/uploads\/2025\/07\/Luxury-aparment-in-casilla-de-costa.jpg 1024w, https:\/\/welikecanarias.com\/wp-content\/uploads\/2025\/07\/Luxury-aparment-in-casilla-de-costa-300x200.jpg 300w, https:\/\/welikecanarias.com\/wp-content\/uploads\/2025\/07\/Luxury-aparment-in-casilla-de-costa-768x512.jpg 768w\" data-sizes=\"(max-width: 1024px) 100vw, 1024px\" src=\"data:image\/svg+xml;base64,PHN2ZyB3aWR0aD0iMSIgaGVpZ2h0PSIxIiB4bWxucz0iaHR0cDovL3d3dy53My5vcmcvMjAwMC9zdmciPjwvc3ZnPg==\" style=\"--smush-placeholder-width: 1024px; --smush-placeholder-aspect-ratio: 1024\/683;\" \/>\t\t\t\t\t\t\t<\/div>\n\t\t\t\t\t\t\t\t\t\t\t\t<div class=\"pa-gallery-icons-wrapper\">\n\t\t\t\t\t\t\t\t<div class=\"pa-gallery-icons-inner-container\">\n\t\t\t\t\t\t\t\t\t\t\t\t\t\t\t\t\t<\/div>\n\t\t\t\t\t\t\t<\/div>\n\t\t\t\t\t\t\t\t\t\t<div class=\"premium-gallery-caption\">\n\n\t\t\t\t\t\t\t\t\t<span class=\"premium-gallery-img-name\">Luxus-Apartment in Casilla de Costa<\/span>\n\t\t\t\t\t\n\t\t\t<\/div>\n\t\t\t\t\t\t\t\t\t\t<a class=\"pa-gallery-whole-link\" href=\"https:\/\/www.booking.com\/hotel\/es\/follow-the-sun.es.html?label=affnetcj-15773516_pub-6943326_site-101123175_pname-Juan%20Jos%C3%A9%20Mart%C3%ADn%20Jerez_clkid-_cjevent-db45caad63ed11f08267006d0a18b8f9&#038;aid=818286&#038;ucfs=1&#038;arphpl=1&#038;checkin=2025-10-06&#038;checkout=2025-10-11&#038;dest_id=752&#038;dest_type=region&#038;group_adults=2&#038;req_adults=2&#038;no_rooms=1&#038;group_children=0&#038;req_children=0&#038;hpos=17&#038;hapos=91&#038;sr_order=score&#038;nflt=ht_id%3D201&#038;srpvid=9fc26e871107031f&#038;srepoch=1752854342&#038;all_sr_blocks=932507901_371282838_2_0_0&#038;highlighted_blocks=932507901_371282838_2_0_0&#038;matching_block_id=932507901_371282838_2_0_0&#038;sr_pri_blocks=932507901_371282838_2_0_0__62100&#038;from=searchresults&#038;activeTab=main\">\n\t\t\t\t\t\t\t\t<span>\n\t\t\t\t\t\t\t\t\tLuxus-Apartment in Casilla de Costa\t\t\t\t\t\t\t\t<\/span>\n\t\t\t\t\t\t\t<\/a>\n\t\t\t\t\t\t\t\t\t\t\t<\/div>\n\t\t\t<\/div>\n\t\t\t\n\t\t\t\t\t<\/div>\n\n\t\t\t\t\t<div class=\"premium-gallery-load-more premium-gallery-btn-hidden\">\n\t\t\t\t<button class=\"premium-gallery-load-more-btn\">\n\t\t\t\t\tMehr\t\t\t\t\t<div class=\"premium-loader\"><\/div>\n\t\t\t\t<\/button>\n\t\t\t<\/div>\n\t\t\n\t<\/div>\n\n\t\t\n\t\t\n\t\t\t\t\t\t<\/div>\n\t\t\t\t<\/div>\n\t\t\t\t\t<\/div>\n\t\t\t\t<\/div>\n\t\t<div class=\"elementor-element elementor-element-b409d28 e-flex e-con-boxed e-con e-parent\" data-id=\"b409d28\" data-element_type=\"container\" data-e-type=\"container\">\n\t\t\t\t\t<div class=\"e-con-inner\">\n\t\t\t\t<div class=\"elementor-element elementor-element-041068e elementor-widget-divider--view-line elementor-widget elementor-widget-divider\" data-id=\"041068e\" data-element_type=\"widget\" data-e-type=\"widget\" data-widget_type=\"divider.default\">\n\t\t\t\t<div class=\"elementor-widget-container\">\n\t\t\t\t\t\t\t<div class=\"elementor-divider\">\n\t\t\t<span class=\"elementor-divider-separator\">\n\t\t\t\t\t\t<\/span>\n\t\t<\/div>\n\t\t\t\t\t\t<\/div>\n\t\t\t\t<\/div>\n\t\t\t\t\t<\/div>\n\t\t\t\t<\/div>\n\t\t<div class=\"elementor-element elementor-element-7c5a48c e-flex e-con-boxed e-con e-parent\" data-id=\"7c5a48c\" data-element_type=\"container\" data-e-type=\"container\" data-settings=\"{&quot;background_background&quot;:&quot;classic&quot;,&quot;background_motion_fx_motion_fx_scrolling&quot;:&quot;yes&quot;,&quot;shape_divider_bottom&quot;:&quot;wave-brush&quot;,&quot;background_motion_fx_devices&quot;:[&quot;desktop&quot;,&quot;tablet&quot;,&quot;mobile&quot;]}\">\n\t\t\t\t\t<div class=\"e-con-inner\">\n\t\t\t\t<div class=\"elementor-shape elementor-shape-bottom\" aria-hidden=\"true\" data-negative=\"false\">\n\t\t\t<svg xmlns=\"http:\/\/www.w3.org\/2000\/svg\" viewBox=\"0 0 283.5 27.8\" preserveAspectRatio=\"none\">\n\t<path class=\"elementor-shape-fill\" d=\"M283.5,9.7c0,0-7.3,4.3-14,4.6c-6.8,0.3-12.6,0-20.9-1.5c-11.3-2-33.1-10.1-44.7-5.7\ts-12.1,4.6-18,7.4c-6.6,3.2-20,9.6-36.6,9.3C131.6,23.5,99.5,7.2,86.3,8c-1.4,0.1-6.6,0.8-10.5,2c-3.8,1.2-9.4,3.8-17,4.7\tc-3.2,0.4-8.3,1.1-14.2,0.9c-1.5-0.1-6.3-0.4-12-1.6c-5.7-1.2-11-3.1-15.8-3.7C6.5,9.2,0,10.8,0,10.8V0h283.5V9.7z M260.8,11.3\tc-0.7-1-2-0.4-4.3-0.4c-2.3,0-6.1-1.2-5.8-1.1c0.3,0.1,3.1,1.5,6,1.9C259.7,12.2,261.4,12.3,260.8,11.3z M242.4,8.6\tc0,0-2.4-0.2-5.6-0.9c-3.2-0.8-10.3-2.8-15.1-3.5c-8.2-1.1-15.8,0-15.1,0.1c0.8,0.1,9.6-0.6,17.6,1.1c3.3,0.7,9.3,2.2,12.4,2.7\tC239.9,8.7,242.4,8.6,242.4,8.6z M185.2,8.5c1.7-0.7-13.3,4.7-18.5,6.1c-2.1,0.6-6.2,1.6-10,2c-3.9,0.4-8.9,0.4-8.8,0.5\tc0,0.2,5.8,0.8,11.2,0c5.4-0.8,5.2-1.1,7.6-1.6C170.5,14.7,183.5,9.2,185.2,8.5z M199.1,6.9c0.2,0-0.8-0.4-4.8,1.1\tc-4,1.5-6.7,3.5-6.9,3.7c-0.2,0.1,3.5-1.8,6.6-3C197,7.5,199,6.9,199.1,6.9z M283,6c-0.1,0.1-1.9,1.1-4.8,2.5s-6.9,2.8-6.7,2.7\tc0.2,0,3.5-0.6,7.4-2.5C282.8,6.8,283.1,5.9,283,6z M31.3,11.6c0.1-0.2-1.9-0.2-4.5-1.2s-5.4-1.6-7.8-2C15,7.6,7.3,8.5,7.7,8.6\tC8,8.7,15.9,8.3,20.2,9.3c2.2,0.5,2.4,0.5,5.7,1.6S31.2,11.9,31.3,11.6z M73,9.2c0.4-0.1,3.5-1.6,8.4-2.6c4.9-1.1,8.9-0.5,8.9-0.8\tc0-0.3-1-0.9-6.2-0.3S72.6,9.3,73,9.2z M71.6,6.7C71.8,6.8,75,5.4,77.3,5c2.3-0.3,1.9-0.5,1.9-0.6c0-0.1-1.1-0.2-2.7,0.2\tC74.8,5.1,71.4,6.6,71.6,6.7z M93.6,4.4c0.1,0.2,3.5,0.8,5.6,1.8c2.1,1,1.8,0.6,1.9,0.5c0.1-0.1-0.8-0.8-2.4-1.3\tC97.1,4.8,93.5,4.2,93.6,4.4z M65.4,11.1c-0.1,0.3,0.3,0.5,1.9-0.2s2.6-1.3,2.2-1.2s-0.9,0.4-2.5,0.8C65.3,10.9,65.5,10.8,65.4,11.1\tz M34.5,12.4c-0.2,0,2.1,0.8,3.3,0.9c1.2,0.1,2,0.1,2-0.2c0-0.3-0.1-0.5-1.6-0.4C36.6,12.8,34.7,12.4,34.5,12.4z M152.2,21.1\tc-0.1,0.1-2.4-0.3-7.5-0.3c-5,0-13.6-2.4-17.2-3.5c-3.6-1.1,10,3.9,16.5,4.1C150.5,21.6,152.3,21,152.2,21.1z\"\/>\n\t<path class=\"elementor-shape-fill\" d=\"M269.6,18c-0.1-0.1-4.6,0.3-7.2,0c-7.3-0.7-17-3.2-16.6-2.9c0.4,0.3,13.7,3.1,17,3.3\tC267.7,18.8,269.7,18,269.6,18z\"\/>\n\t<path class=\"elementor-shape-fill\" d=\"M227.4,9.8c-0.2-0.1-4.5-1-9.5-1.2c-5-0.2-12.7,0.6-12.3,0.5c0.3-0.1,5.9-1.8,13.3-1.2\tS227.6,9.9,227.4,9.8z\"\/>\n\t<path class=\"elementor-shape-fill\" d=\"M204.5,13.4c-0.1-0.1,2-1,3.2-1.1c1.2-0.1,2,0,2,0.3c0,0.3-0.1,0.5-1.6,0.4\tC206.4,12.9,204.6,13.5,204.5,13.4z\"\/>\n\t<path class=\"elementor-shape-fill\" d=\"M201,10.6c0-0.1-4.4,1.2-6.3,2.2c-1.9,0.9-6.2,3.1-6.1,3.1c0.1,0.1,4.2-1.6,6.3-2.6\tS201,10.7,201,10.6z\"\/>\n\t<path class=\"elementor-shape-fill\" d=\"M154.5,26.7c-0.1-0.1-4.6,0.3-7.2,0c-7.3-0.7-17-3.2-16.6-2.9c0.4,0.3,13.7,3.1,17,3.3\tC152.6,27.5,154.6,26.8,154.5,26.7z\"\/>\n\t<path class=\"elementor-shape-fill\" d=\"M41.9,19.3c0,0,1.2-0.3,2.9-0.1c1.7,0.2,5.8,0.9,8.2,0.7c4.2-0.4,7.4-2.7,7-2.6\tc-0.4,0-4.3,2.2-8.6,1.9c-1.8-0.1-5.1-0.5-6.7-0.4S41.9,19.3,41.9,19.3z\"\/>\n\t<path class=\"elementor-shape-fill\" d=\"M75.5,12.6c0.2,0.1,2-0.8,4.3-1.1c2.3-0.2,2.1-0.3,2.1-0.5c0-0.1-1.8-0.4-3.4,0\tC76.9,11.5,75.3,12.5,75.5,12.6z\"\/>\n\t<path class=\"elementor-shape-fill\" d=\"M15.6,13.2c0-0.1,4.3,0,6.7,0.5c2.4,0.5,5,1.9,5,2c0,0.1-2.7-0.8-5.1-1.4\tC19.9,13.7,15.7,13.3,15.6,13.2z\"\/>\n<\/svg>\t\t<\/div>\n\t\t<div class=\"elementor-element elementor-element-b352dfa e-con-full e-flex e-con e-child\" data-id=\"b352dfa\" data-element_type=\"container\" data-e-type=\"container\">\n\t\t\t\t<div class=\"elementor-element elementor-element-2df3d1c elementor-widget__width-initial elementor-widget-mobile__width-initial elementor-widget elementor-widget-heading\" data-id=\"2df3d1c\" data-element_type=\"widget\" data-e-type=\"widget\" id=\"2\" data-widget_type=\"heading.default\">\n\t\t\t\t<div class=\"elementor-widget-container\">\n\t\t\t\t\t<h2 class=\"elementor-heading-title elementor-size-default\">2. Entdecken Sie reizvolle Unterk\u00fcnfte<\/h2>\t\t\t\t<\/div>\n\t\t\t\t<\/div>\n\t\t\t\t<\/div>\n\t\t\t\t\t<\/div>\n\t\t\t\t<\/div>\n\t\t<div class=\"elementor-element elementor-element-04784e7 e-flex e-con-boxed e-con e-parent\" data-id=\"04784e7\" data-element_type=\"container\" data-e-type=\"container\">\n\t\t\t\t\t<div class=\"e-con-inner\">\n\t\t\t\t<div class=\"elementor-element elementor-element-54a836d elementor-widget elementor-widget-heading\" data-id=\"54a836d\" data-element_type=\"widget\" data-e-type=\"widget\" data-widget_type=\"heading.default\">\n\t\t\t\t<div class=\"elementor-widget-container\">\n\t\t\t\t\t<p class=\"elementor-heading-title elementor-size-default\">Die Suche nach einzigartigen Unterk\u00fcnften auf Fuerteventura erm\u00f6glicht es Ihnen, einen unvergesslichen Aufenthalt zu genie\u00dfen. Der Charme dieser Unterk\u00fcnfte macht jede Nacht zu einem einzigartigen Erlebnis. <\/p>\t\t\t\t<\/div>\n\t\t\t\t<\/div>\n\t\t\t\t\t<\/div>\n\t\t\t\t<\/div>\n\t\t<div class=\"elementor-element elementor-element-6466326 e-flex e-con-boxed e-con e-parent\" data-id=\"6466326\" data-element_type=\"container\" data-e-type=\"container\">\n\t\t\t\t\t<div class=\"e-con-inner\">\n\t\t<div class=\"elementor-element elementor-element-19d98ed e-con-full e-flex e-con e-child\" data-id=\"19d98ed\" data-element_type=\"container\" data-e-type=\"container\">\n\t\t\t\t<div class=\"elementor-element elementor-element-b4b62f9 elementor-widget elementor-widget-image\" data-id=\"b4b62f9\" data-element_type=\"widget\" data-e-type=\"widget\" data-widget_type=\"image.default\">\n\t\t\t\t<div class=\"elementor-widget-container\">\n\t\t\t\t\t\t\t\t\t\t\t\t\t\t\t<img decoding=\"async\" width=\"767\" height=\"575\" data-src=\"https:\/\/welikecanarias.com\/wp-content\/uploads\/2025\/07\/alojamiento-con-encanto-lajares.jpg\" class=\"attachment-large size-large wp-image-74118 lazyload\" alt=\"Vista de una de las villas con encanto en Lajares\" data-srcset=\"https:\/\/welikecanarias.com\/wp-content\/uploads\/2025\/07\/alojamiento-con-encanto-lajares.jpg 767w, https:\/\/welikecanarias.com\/wp-content\/uploads\/2025\/07\/alojamiento-con-encanto-lajares-300x225.jpg 300w\" data-sizes=\"(max-width: 767px) 100vw, 767px\" src=\"data:image\/svg+xml;base64,PHN2ZyB3aWR0aD0iMSIgaGVpZ2h0PSIxIiB4bWxucz0iaHR0cDovL3d3dy53My5vcmcvMjAwMC9zdmciPjwvc3ZnPg==\" style=\"--smush-placeholder-width: 767px; --smush-placeholder-aspect-ratio: 767\/575;\" \/>\t\t\t\t\t\t\t\t\t\t\t\t\t\t\t<\/div>\n\t\t\t\t<\/div>\n\t\t\t\t<div class=\"elementor-element elementor-element-bf632a2 elementor-widget elementor-widget-heading\" data-id=\"bf632a2\" data-element_type=\"widget\" data-e-type=\"widget\" data-widget_type=\"heading.default\">\n\t\t\t\t<div class=\"elementor-widget-container\">\n\t\t\t\t\t<h3 class=\"elementor-heading-title elementor-size-default\">Was Sie auf Fuerteventura suchen sollten<\/h3>\t\t\t\t<\/div>\n\t\t\t\t<\/div>\n\t\t\t\t<div class=\"elementor-element elementor-element-fed889e elementor-widget-divider--view-line elementor-widget elementor-widget-divider\" data-id=\"fed889e\" data-element_type=\"widget\" data-e-type=\"widget\" data-widget_type=\"divider.default\">\n\t\t\t\t<div class=\"elementor-widget-container\">\n\t\t\t\t\t\t\t<div class=\"elementor-divider\">\n\t\t\t<span class=\"elementor-divider-separator\">\n\t\t\t\t\t\t<\/span>\n\t\t<\/div>\n\t\t\t\t\t\t<\/div>\n\t\t\t\t<\/div>\n\t\t\t\t<div class=\"elementor-element elementor-element-f4588d6 elementor-widget elementor-widget-text-editor\" data-id=\"f4588d6\" data-element_type=\"widget\" data-e-type=\"widget\" data-widget_type=\"text-editor.default\">\n\t\t\t\t<div class=\"elementor-widget-container\">\n\t\t\t\t\t\t\t\t\t<p>Bei der Auswahl einer Unterkunft sollten Reisende mehrere wichtige Aspekte ber\u00fccksichtigen:<\/p><ul><li><strong>Design und Stil:<\/strong> Wenn Sie sich f\u00fcr eine Unterkunft entscheiden, die ein durchdachtes Dekor und eine einladende Atmosph\u00e4re bietet, kann das einen gro\u00dfen Unterschied f\u00fcr das Erlebnis ausmachen.<\/li><li><strong>Die Lage:<\/strong> Wenn Sie sich f\u00fcr einen Ort entscheiden, der in der N\u00e4he lokaler Attraktionen liegt oder eine spektakul\u00e4re Aussicht bietet, k\u00f6nnen Sie die nat\u00fcrliche Sch\u00f6nheit der Insel optimal nutzen.<\/li><li><strong>Besondere Serviceleistungen:<\/strong> Einrichtungen wie Spas, hochwertige Restaurants oder private Pools tragen zum Komfort und Vergn\u00fcgen Ihres Aufenthalts bei.<\/li><li><strong>G\u00e4stebewertungen:<\/strong> Bewertungen von anderen Reisenden liefern wertvolle Informationen \u00fcber die Qualit\u00e4t des Service und das Gesamterlebnis.<\/li><\/ul>\t\t\t\t\t\t\t\t<\/div>\n\t\t\t\t<\/div>\n\t\t\t\t<\/div>\n\t\t<div class=\"elementor-element elementor-element-94ef126 e-con-full e-flex e-con e-child\" data-id=\"94ef126\" data-element_type=\"container\" data-e-type=\"container\">\n\t\t\t\t<div class=\"elementor-element elementor-element-a32909f elementor-widget elementor-widget-image\" data-id=\"a32909f\" data-element_type=\"widget\" data-e-type=\"widget\" data-widget_type=\"image.default\">\n\t\t\t\t<div class=\"elementor-widget-container\">\n\t\t\t\t\t\t\t\t\t\t\t\t\t\t\t<img decoding=\"async\" width=\"666\" height=\"500\" data-src=\"https:\/\/welikecanarias.com\/wp-content\/uploads\/2025\/07\/alojamiento-con-encanto-fuerteventura-1.jpg\" class=\"attachment-large size-large wp-image-74112 lazyload\" alt=\"\" data-srcset=\"https:\/\/welikecanarias.com\/wp-content\/uploads\/2025\/07\/alojamiento-con-encanto-fuerteventura-1.jpg 666w, https:\/\/welikecanarias.com\/wp-content\/uploads\/2025\/07\/alojamiento-con-encanto-fuerteventura-1-300x225.jpg 300w\" data-sizes=\"(max-width: 666px) 100vw, 666px\" src=\"data:image\/svg+xml;base64,PHN2ZyB3aWR0aD0iMSIgaGVpZ2h0PSIxIiB4bWxucz0iaHR0cDovL3d3dy53My5vcmcvMjAwMC9zdmciPjwvc3ZnPg==\" style=\"--smush-placeholder-width: 666px; --smush-placeholder-aspect-ratio: 666\/500;\" \/>\t\t\t\t\t\t\t\t\t\t\t\t\t\t\t<\/div>\n\t\t\t\t<\/div>\n\t\t\t\t<div class=\"elementor-element elementor-element-3d2d381 elementor-widget elementor-widget-heading\" data-id=\"3d2d381\" data-element_type=\"widget\" data-e-type=\"widget\" data-widget_type=\"heading.default\">\n\t\t\t\t<div class=\"elementor-widget-container\">\n\t\t\t\t\t<h3 class=\"elementor-heading-title elementor-size-default\">Vorteile einer charmanten Unterkunft<\/h3>\t\t\t\t<\/div>\n\t\t\t\t<\/div>\n\t\t\t\t<div class=\"elementor-element elementor-element-0777533 elementor-widget-divider--view-line elementor-widget elementor-widget-divider\" data-id=\"0777533\" data-element_type=\"widget\" data-e-type=\"widget\" data-widget_type=\"divider.default\">\n\t\t\t\t<div class=\"elementor-widget-container\">\n\t\t\t\t\t\t\t<div class=\"elementor-divider\">\n\t\t\t<span class=\"elementor-divider-separator\">\n\t\t\t\t\t\t<\/span>\n\t\t<\/div>\n\t\t\t\t\t\t<\/div>\n\t\t\t\t<\/div>\n\t\t\t\t<div class=\"elementor-element elementor-element-b9bb8b0 elementor-widget elementor-widget-text-editor\" data-id=\"b9bb8b0\" data-element_type=\"widget\" data-e-type=\"widget\" data-widget_type=\"text-editor.default\">\n\t\t\t\t<div class=\"elementor-widget-container\">\n\t\t\t\t\t\t\t\t\t<p>Die Entscheidung f\u00fcr eine charmante Unterkunft auf der Insel bietet Vorteile, die die Erfahrung des Besuchers bereichern. Zu den Vorteilen geh\u00f6ren: <\/p><ul><li><strong>Entspannende Atmosph\u00e4re:<\/strong> Diese Orte sind in der Regel so gestaltet, dass sie Ruhe bieten, ideal zum Ausruhen nach einem Tag voller Erkundungen.<\/li><li><strong>Kulturelle Verbindung:<\/strong> Viele Unterk\u00fcnfte spiegeln die lokale Kultur wider und bieten Besuchern die M\u00f6glichkeit, in die kanarischen Traditionen einzutauchen.<\/li><li><strong>Pers\u00f6nliche Aufmerksamkeit:<\/strong> Der au\u00dfergew\u00f6hnliche und pers\u00f6nliche Service schafft eine einladende Atmosph\u00e4re, in der sich die G\u00e4ste wie zu Hause f\u00fchlen.<\/li><\/ul>\t\t\t\t\t\t\t\t<\/div>\n\t\t\t\t<\/div>\n\t\t\t\t<\/div>\n\t\t<div class=\"elementor-element elementor-element-386db49 e-con-full e-flex e-con e-child\" data-id=\"386db49\" data-element_type=\"container\" data-e-type=\"container\">\n\t\t\t\t<div class=\"elementor-element elementor-element-24edbf7 elementor-widget elementor-widget-image\" data-id=\"24edbf7\" data-element_type=\"widget\" data-e-type=\"widget\" data-widget_type=\"image.default\">\n\t\t\t\t<div class=\"elementor-widget-container\">\n\t\t\t\t\t\t\t\t\t\t\t\t\t\t\t<img decoding=\"async\" width=\"666\" height=\"500\" data-src=\"https:\/\/welikecanarias.com\/wp-content\/uploads\/2025\/07\/mejores-alojamientos-fuerteventura.jpg\" class=\"attachment-large size-large wp-image-74109 lazyload\" alt=\"\" data-srcset=\"https:\/\/welikecanarias.com\/wp-content\/uploads\/2025\/07\/mejores-alojamientos-fuerteventura.jpg 666w, https:\/\/welikecanarias.com\/wp-content\/uploads\/2025\/07\/mejores-alojamientos-fuerteventura-300x225.jpg 300w\" data-sizes=\"(max-width: 666px) 100vw, 666px\" src=\"data:image\/svg+xml;base64,PHN2ZyB3aWR0aD0iMSIgaGVpZ2h0PSIxIiB4bWxucz0iaHR0cDovL3d3dy53My5vcmcvMjAwMC9zdmciPjwvc3ZnPg==\" style=\"--smush-placeholder-width: 666px; --smush-placeholder-aspect-ratio: 666\/500;\" \/>\t\t\t\t\t\t\t\t\t\t\t\t\t\t\t<\/div>\n\t\t\t\t<\/div>\n\t\t\t\t<div class=\"elementor-element elementor-element-d1bbb39 elementor-widget elementor-widget-heading\" data-id=\"d1bbb39\" data-element_type=\"widget\" data-e-type=\"widget\" data-widget_type=\"heading.default\">\n\t\t\t\t<div class=\"elementor-widget-container\">\n\t\t\t\t\t<h3 class=\"elementor-heading-title elementor-size-default\">Einzigartige Insel-Erlebnisse<\/h3>\t\t\t\t<\/div>\n\t\t\t\t<\/div>\n\t\t\t\t<div class=\"elementor-element elementor-element-a23b12a elementor-widget-divider--view-line elementor-widget elementor-widget-divider\" data-id=\"a23b12a\" data-element_type=\"widget\" data-e-type=\"widget\" data-widget_type=\"divider.default\">\n\t\t\t\t<div class=\"elementor-widget-container\">\n\t\t\t\t\t\t\t<div class=\"elementor-divider\">\n\t\t\t<span class=\"elementor-divider-separator\">\n\t\t\t\t\t\t<\/span>\n\t\t<\/div>\n\t\t\t\t\t\t<\/div>\n\t\t\t\t<\/div>\n\t\t\t\t<div class=\"elementor-element elementor-element-cb4f5f7 elementor-widget elementor-widget-text-editor\" data-id=\"cb4f5f7\" data-element_type=\"widget\" data-e-type=\"widget\" data-widget_type=\"text-editor.default\">\n\t\t\t\t<div class=\"elementor-widget-container\">\n\t\t\t\t\t\t\t\t\t<p>Die ausgew\u00e4hlten Unterk\u00fcnfte auf Fuerteventura bieten Erlebnisse, die \u00fcber eine einfache Unterkunft hinausgehen. Einige dieser Erlebnisse sind: <\/p><ul><li><strong>Lokale Weinverkostungen:<\/strong> Viele Orte auf der Insel organisieren Weinverkostungen, bei denen Sie kanarische Weine probieren k\u00f6nnen, was das gastronomische Erlebnis noch verst\u00e4rkt.<\/li><li><strong>Handwerks-Workshops:<\/strong> Die Teilnahme an T\u00f6pfer- oder Weberei-Workshops erm\u00f6glicht es den Reisenden, die lokale Kunst und Kultur kennenzulernen.<\/li><li><strong>Wellness-Retreat:<\/strong> Einige Hotels bieten komplette Wellness-Programme an, die Yoga, Meditation und Spa-Behandlungen umfassen.<\/li><\/ul>\t\t\t\t\t\t\t\t<\/div>\n\t\t\t\t<\/div>\n\t\t\t\t<div class=\"elementor-element elementor-element-c8920b8 pa-icon-pos-after premium-lq__none elementor-widget elementor-widget-premium-addon-button\" data-id=\"c8920b8\" data-element_type=\"widget\" data-e-type=\"widget\" data-widget_type=\"premium-addon-button.default\">\n\t\t\t\t<div class=\"elementor-widget-container\">\n\t\t\t\t\t\n\n\t\t<a class=\"premium-button premium-button-none premium-btn-md premium-button-none\" href=\"#INDICE\">\n\t\t\t<div class=\"premium-button-text-icon-wrapper\">\n\t\t\t\t\n\t\t\t\t\t\t\t\t\t\t\t\t\t\t\t\t\t\t<svg class=\"svg-inline--fas-fa-level-up-alt premium-drawable-icon premium-svg-nodraw\" aria-hidden='true' xmlns='http:\/\/www.w3.org\/2000\/svg' viewBox='0 0 320 512'><path d=\"M313.553 119.669L209.587 7.666c-9.485-10.214-25.676-10.229-35.174 0L70.438 119.669C56.232 134.969 67.062 160 88.025 160H152v272H68.024a11.996 11.996 0 0 0-8.485 3.515l-56 56C-4.021 499.074 1.333 512 12.024 512H208c13.255 0 24-10.745 24-24V160h63.966c20.878 0 31.851-24.969 17.587-40.331z\"><\/path><\/svg>\t\t\t\t\t\t\t\t\t\t\t\t\t\t\t\n\t\t\t\t\t\t\t\t\t<span >\n\t\t\t\t\t\tINDEX\t\t\t\t\t<\/span>\n\t\t\t\t\t\t\t<\/div>\n\n\t\t\t\n\t\t\t\n\t\t\t\n\t\t<\/a>\n\n\n\t\t\t\t\t\t<\/div>\n\t\t\t\t<\/div>\n\t\t\t\t<\/div>\n\t\t\t\t\t<\/div>\n\t\t\t\t<\/div>\n\t\t<div class=\"elementor-element elementor-element-f8f03cb e-flex e-con-boxed e-con e-parent\" data-id=\"f8f03cb\" data-element_type=\"container\" data-e-type=\"container\">\n\t\t\t\t\t<div class=\"e-con-inner\">\n\t\t\t\t<div class=\"elementor-element elementor-element-fcc207a elementor-widget-divider--view-line elementor-widget elementor-widget-divider\" data-id=\"fcc207a\" data-element_type=\"widget\" data-e-type=\"widget\" data-widget_type=\"divider.default\">\n\t\t\t\t<div class=\"elementor-widget-container\">\n\t\t\t\t\t\t\t<div class=\"elementor-divider\">\n\t\t\t<span class=\"elementor-divider-separator\">\n\t\t\t\t\t\t<\/span>\n\t\t<\/div>\n\t\t\t\t\t\t<\/div>\n\t\t\t\t<\/div>\n\t\t\t\t\t<\/div>\n\t\t\t\t<\/div>\n\t\t<div class=\"elementor-element elementor-element-d9e7e2d e-flex e-con-boxed e-con e-parent\" data-id=\"d9e7e2d\" data-element_type=\"container\" data-e-type=\"container\" data-settings=\"{&quot;background_background&quot;:&quot;classic&quot;,&quot;background_motion_fx_motion_fx_scrolling&quot;:&quot;yes&quot;,&quot;shape_divider_bottom&quot;:&quot;wave-brush&quot;,&quot;background_motion_fx_devices&quot;:[&quot;desktop&quot;,&quot;tablet&quot;,&quot;mobile&quot;]}\">\n\t\t\t\t\t<div class=\"e-con-inner\">\n\t\t\t\t<div class=\"elementor-shape elementor-shape-bottom\" aria-hidden=\"true\" data-negative=\"false\">\n\t\t\t<svg xmlns=\"http:\/\/www.w3.org\/2000\/svg\" viewBox=\"0 0 283.5 27.8\" preserveAspectRatio=\"none\">\n\t<path class=\"elementor-shape-fill\" d=\"M283.5,9.7c0,0-7.3,4.3-14,4.6c-6.8,0.3-12.6,0-20.9-1.5c-11.3-2-33.1-10.1-44.7-5.7\ts-12.1,4.6-18,7.4c-6.6,3.2-20,9.6-36.6,9.3C131.6,23.5,99.5,7.2,86.3,8c-1.4,0.1-6.6,0.8-10.5,2c-3.8,1.2-9.4,3.8-17,4.7\tc-3.2,0.4-8.3,1.1-14.2,0.9c-1.5-0.1-6.3-0.4-12-1.6c-5.7-1.2-11-3.1-15.8-3.7C6.5,9.2,0,10.8,0,10.8V0h283.5V9.7z M260.8,11.3\tc-0.7-1-2-0.4-4.3-0.4c-2.3,0-6.1-1.2-5.8-1.1c0.3,0.1,3.1,1.5,6,1.9C259.7,12.2,261.4,12.3,260.8,11.3z M242.4,8.6\tc0,0-2.4-0.2-5.6-0.9c-3.2-0.8-10.3-2.8-15.1-3.5c-8.2-1.1-15.8,0-15.1,0.1c0.8,0.1,9.6-0.6,17.6,1.1c3.3,0.7,9.3,2.2,12.4,2.7\tC239.9,8.7,242.4,8.6,242.4,8.6z M185.2,8.5c1.7-0.7-13.3,4.7-18.5,6.1c-2.1,0.6-6.2,1.6-10,2c-3.9,0.4-8.9,0.4-8.8,0.5\tc0,0.2,5.8,0.8,11.2,0c5.4-0.8,5.2-1.1,7.6-1.6C170.5,14.7,183.5,9.2,185.2,8.5z M199.1,6.9c0.2,0-0.8-0.4-4.8,1.1\tc-4,1.5-6.7,3.5-6.9,3.7c-0.2,0.1,3.5-1.8,6.6-3C197,7.5,199,6.9,199.1,6.9z M283,6c-0.1,0.1-1.9,1.1-4.8,2.5s-6.9,2.8-6.7,2.7\tc0.2,0,3.5-0.6,7.4-2.5C282.8,6.8,283.1,5.9,283,6z M31.3,11.6c0.1-0.2-1.9-0.2-4.5-1.2s-5.4-1.6-7.8-2C15,7.6,7.3,8.5,7.7,8.6\tC8,8.7,15.9,8.3,20.2,9.3c2.2,0.5,2.4,0.5,5.7,1.6S31.2,11.9,31.3,11.6z M73,9.2c0.4-0.1,3.5-1.6,8.4-2.6c4.9-1.1,8.9-0.5,8.9-0.8\tc0-0.3-1-0.9-6.2-0.3S72.6,9.3,73,9.2z M71.6,6.7C71.8,6.8,75,5.4,77.3,5c2.3-0.3,1.9-0.5,1.9-0.6c0-0.1-1.1-0.2-2.7,0.2\tC74.8,5.1,71.4,6.6,71.6,6.7z M93.6,4.4c0.1,0.2,3.5,0.8,5.6,1.8c2.1,1,1.8,0.6,1.9,0.5c0.1-0.1-0.8-0.8-2.4-1.3\tC97.1,4.8,93.5,4.2,93.6,4.4z M65.4,11.1c-0.1,0.3,0.3,0.5,1.9-0.2s2.6-1.3,2.2-1.2s-0.9,0.4-2.5,0.8C65.3,10.9,65.5,10.8,65.4,11.1\tz M34.5,12.4c-0.2,0,2.1,0.8,3.3,0.9c1.2,0.1,2,0.1,2-0.2c0-0.3-0.1-0.5-1.6-0.4C36.6,12.8,34.7,12.4,34.5,12.4z M152.2,21.1\tc-0.1,0.1-2.4-0.3-7.5-0.3c-5,0-13.6-2.4-17.2-3.5c-3.6-1.1,10,3.9,16.5,4.1C150.5,21.6,152.3,21,152.2,21.1z\"\/>\n\t<path class=\"elementor-shape-fill\" d=\"M269.6,18c-0.1-0.1-4.6,0.3-7.2,0c-7.3-0.7-17-3.2-16.6-2.9c0.4,0.3,13.7,3.1,17,3.3\tC267.7,18.8,269.7,18,269.6,18z\"\/>\n\t<path class=\"elementor-shape-fill\" d=\"M227.4,9.8c-0.2-0.1-4.5-1-9.5-1.2c-5-0.2-12.7,0.6-12.3,0.5c0.3-0.1,5.9-1.8,13.3-1.2\tS227.6,9.9,227.4,9.8z\"\/>\n\t<path class=\"elementor-shape-fill\" d=\"M204.5,13.4c-0.1-0.1,2-1,3.2-1.1c1.2-0.1,2,0,2,0.3c0,0.3-0.1,0.5-1.6,0.4\tC206.4,12.9,204.6,13.5,204.5,13.4z\"\/>\n\t<path class=\"elementor-shape-fill\" d=\"M201,10.6c0-0.1-4.4,1.2-6.3,2.2c-1.9,0.9-6.2,3.1-6.1,3.1c0.1,0.1,4.2-1.6,6.3-2.6\tS201,10.7,201,10.6z\"\/>\n\t<path class=\"elementor-shape-fill\" d=\"M154.5,26.7c-0.1-0.1-4.6,0.3-7.2,0c-7.3-0.7-17-3.2-16.6-2.9c0.4,0.3,13.7,3.1,17,3.3\tC152.6,27.5,154.6,26.8,154.5,26.7z\"\/>\n\t<path class=\"elementor-shape-fill\" d=\"M41.9,19.3c0,0,1.2-0.3,2.9-0.1c1.7,0.2,5.8,0.9,8.2,0.7c4.2-0.4,7.4-2.7,7-2.6\tc-0.4,0-4.3,2.2-8.6,1.9c-1.8-0.1-5.1-0.5-6.7-0.4S41.9,19.3,41.9,19.3z\"\/>\n\t<path class=\"elementor-shape-fill\" d=\"M75.5,12.6c0.2,0.1,2-0.8,4.3-1.1c2.3-0.2,2.1-0.3,2.1-0.5c0-0.1-1.8-0.4-3.4,0\tC76.9,11.5,75.3,12.5,75.5,12.6z\"\/>\n\t<path class=\"elementor-shape-fill\" d=\"M15.6,13.2c0-0.1,4.3,0,6.7,0.5c2.4,0.5,5,1.9,5,2c0,0.1-2.7-0.8-5.1-1.4\tC19.9,13.7,15.7,13.3,15.6,13.2z\"\/>\n<\/svg>\t\t<\/div>\n\t\t<div class=\"elementor-element elementor-element-e606d94 e-con-full e-flex e-con e-child\" data-id=\"e606d94\" data-element_type=\"container\" data-e-type=\"container\">\n\t\t\t\t<div class=\"elementor-element elementor-element-0455701 elementor-widget__width-initial elementor-widget-mobile__width-initial elementor-widget elementor-widget-heading\" data-id=\"0455701\" data-element_type=\"widget\" data-e-type=\"widget\" id=\"3\" data-widget_type=\"heading.default\">\n\t\t\t\t<div class=\"elementor-widget-container\">\n\t\t\t\t\t<h2 class=\"elementor-heading-title elementor-size-default\">3. Unterkunft Optionen<\/h2>\t\t\t\t<\/div>\n\t\t\t\t<\/div>\n\t\t\t\t<\/div>\n\t\t\t\t\t<\/div>\n\t\t\t\t<\/div>\n\t\t<div class=\"elementor-element elementor-element-e2d0062 e-flex e-con-boxed e-con e-parent\" data-id=\"e2d0062\" data-element_type=\"container\" data-e-type=\"container\">\n\t\t\t\t\t<div class=\"e-con-inner\">\n\t\t\t\t<div class=\"elementor-element elementor-element-b99867f elementor-widget elementor-widget-heading\" data-id=\"b99867f\" data-element_type=\"widget\" data-e-type=\"widget\" data-widget_type=\"heading.default\">\n\t\t\t\t<div class=\"elementor-widget-container\">\n\t\t\t\t\t<p class=\"elementor-heading-title elementor-size-default\">Fuerteventura bietet eine gro\u00dfe Auswahl an Unterk\u00fcnften f\u00fcr unterschiedliche Geschm\u00e4cker und Budgets. Diese Alternativen vereinen Komfort und Einzigartigkeit und tragen so zu einem unvergesslichen Aufenthalt auf der Insel bei. <\/p>\t\t\t\t<\/div>\n\t\t\t\t<\/div>\n\t\t\t\t\t<\/div>\n\t\t\t\t<\/div>\n\t\t<div class=\"elementor-element elementor-element-ba542e6 e-flex e-con-boxed e-con e-parent\" data-id=\"ba542e6\" data-element_type=\"container\" data-e-type=\"container\">\n\t\t\t\t\t<div class=\"e-con-inner\">\n\t\t<div class=\"elementor-element elementor-element-40d8512 e-con-full e-flex e-con e-child\" data-id=\"40d8512\" data-element_type=\"container\" data-e-type=\"container\">\n\t\t\t\t<div class=\"elementor-element elementor-element-11319fd elementor-widget elementor-widget-image\" data-id=\"11319fd\" data-element_type=\"widget\" data-e-type=\"widget\" data-widget_type=\"image.default\">\n\t\t\t\t<div class=\"elementor-widget-container\">\n\t\t\t\t\t\t\t\t\t\t\t\t\t\t\t<img decoding=\"async\" width=\"533\" height=\"400\" data-src=\"https:\/\/welikecanarias.com\/wp-content\/uploads\/2025\/07\/avanti-hotel-boutique-fuerteventura-only-adults-corralejo.jpg\" class=\"attachment-large size-large wp-image-74097 lazyload\" alt=\"Vista del hotel Avanti, uno de los alojamientos con encanto en Fuerteventura\" data-srcset=\"https:\/\/welikecanarias.com\/wp-content\/uploads\/2025\/07\/avanti-hotel-boutique-fuerteventura-only-adults-corralejo.jpg 533w, https:\/\/welikecanarias.com\/wp-content\/uploads\/2025\/07\/avanti-hotel-boutique-fuerteventura-only-adults-corralejo-300x225.jpg 300w\" data-sizes=\"(max-width: 533px) 100vw, 533px\" src=\"data:image\/svg+xml;base64,PHN2ZyB3aWR0aD0iMSIgaGVpZ2h0PSIxIiB4bWxucz0iaHR0cDovL3d3dy53My5vcmcvMjAwMC9zdmciPjwvc3ZnPg==\" style=\"--smush-placeholder-width: 533px; --smush-placeholder-aspect-ratio: 533\/400;\" \/>\t\t\t\t\t\t\t\t\t\t\t\t\t\t\t<\/div>\n\t\t\t\t<\/div>\n\t\t\t\t<\/div>\n\t\t<div class=\"elementor-element elementor-element-f7e2e54 e-con-full e-flex e-con e-child\" data-id=\"f7e2e54\" data-element_type=\"container\" data-e-type=\"container\">\n\t\t\t\t<div class=\"elementor-element elementor-element-f4b4b82 elementor-widget elementor-widget-heading\" data-id=\"f4b4b82\" data-element_type=\"widget\" data-e-type=\"widget\" data-widget_type=\"heading.default\">\n\t\t\t\t<div class=\"elementor-widget-container\">\n\t\t\t\t\t<h3 class=\"elementor-heading-title elementor-size-default\">Boutique Hotels<\/h3>\t\t\t\t<\/div>\n\t\t\t\t<\/div>\n\t\t\t\t<div class=\"elementor-element elementor-element-723346e elementor-widget-divider--view-line elementor-widget elementor-widget-divider\" data-id=\"723346e\" data-element_type=\"widget\" data-e-type=\"widget\" data-widget_type=\"divider.default\">\n\t\t\t\t<div class=\"elementor-widget-container\">\n\t\t\t\t\t\t\t<div class=\"elementor-divider\">\n\t\t\t<span class=\"elementor-divider-separator\">\n\t\t\t\t\t\t<\/span>\n\t\t<\/div>\n\t\t\t\t\t\t<\/div>\n\t\t\t\t<\/div>\n\t\t\t\t<div class=\"elementor-element elementor-element-f50ed8e elementor-widget elementor-widget-text-editor\" data-id=\"f50ed8e\" data-element_type=\"widget\" data-e-type=\"widget\" data-widget_type=\"text-editor.default\">\n\t\t\t\t<div class=\"elementor-widget-container\">\n\t\t\t\t\t\t\t\t\t<p>Boutique-Hotels zeichnen sich durch ihre Liebe zum Detail und ihre intime Atmosph\u00e4re aus. Diese kleinen H\u00e4user bieten einen sehr pers\u00f6nlichen Service und ein einzigartiges Design f\u00fcr jedes Zimmer. <\/p>\t\t\t\t\t\t\t\t<\/div>\n\t\t\t\t<\/div>\n\t\t\t\t<div class=\"elementor-element elementor-element-a5ef904 elementor-widget elementor-widget-n-accordion\" data-id=\"a5ef904\" data-element_type=\"widget\" data-e-type=\"widget\" data-settings=\"{&quot;default_state&quot;:&quot;all_collapsed&quot;,&quot;max_items_expended&quot;:&quot;one&quot;,&quot;n_accordion_animation_duration&quot;:{&quot;unit&quot;:&quot;ms&quot;,&quot;size&quot;:400,&quot;sizes&quot;:[]}}\" data-widget_type=\"nested-accordion.default\">\n\t\t\t\t<div class=\"elementor-widget-container\">\n\t\t\t\t\t\t\t<div class=\"e-n-accordion\" aria-label=\"Accordion. Open links with Enter or Space, close with Escape, and navigate with Arrow Keys\">\n\t\t\t\t\t\t<details id=\"e-n-accordion-item-1730\" class=\"e-n-accordion-item\" >\n\t\t\t\t<summary class=\"e-n-accordion-item-title\" data-accordion-index=\"1\" tabindex=\"0\" aria-expanded=\"false\" aria-controls=\"e-n-accordion-item-1730\" >\n\t\t\t\t\t<span class='e-n-accordion-item-title-header'><h4 class=\"e-n-accordion-item-title-text\"> Ausgew\u00e4hlte Dienstleistungen <\/h4><\/span>\n\t\t\t\t\t\t\t<span class='e-n-accordion-item-title-icon'>\n\t\t\t<span class='e-opened' ><svg aria-hidden=\"true\" class=\"e-font-icon-svg e-fas-minus\" viewBox=\"0 0 448 512\" xmlns=\"http:\/\/www.w3.org\/2000\/svg\"><path d=\"M416 208H32c-17.67 0-32 14.33-32 32v32c0 17.67 14.33 32 32 32h384c17.67 0 32-14.33 32-32v-32c0-17.67-14.33-32-32-32z\"><\/path><\/svg><\/span>\n\t\t\t<span class='e-closed'><svg aria-hidden=\"true\" class=\"e-font-icon-svg e-fas-plus\" viewBox=\"0 0 448 512\" xmlns=\"http:\/\/www.w3.org\/2000\/svg\"><path d=\"M416 208H272V64c0-17.67-14.33-32-32-32h-32c-17.67 0-32 14.33-32 32v144H32c-17.67 0-32 14.33-32 32v32c0 17.67 14.33 32 32 32h144v144c0 17.67 14.33 32 32 32h32c17.67 0 32-14.33 32-32V304h144c17.67 0 32-14.33 32-32v-32c0-17.67-14.33-32-32-32z\"><\/path><\/svg><\/span>\n\t\t<\/span>\n\n\t\t\t\t\t\t<\/summary>\n\t\t\t\t<div role=\"region\" aria-labelledby=\"e-n-accordion-item-1730\" class=\"elementor-element elementor-element-087684b e-con-full e-flex e-con e-child\" data-id=\"087684b\" data-element_type=\"container\" data-e-type=\"container\">\n\t\t\t\t<div class=\"elementor-element elementor-element-69ac358 elementor-widget elementor-widget-text-editor\" data-id=\"69ac358\" data-element_type=\"widget\" data-e-type=\"widget\" data-widget_type=\"text-editor.default\">\n\t\t\t\t<div class=\"elementor-widget-container\">\n\t\t\t\t\t\t\t\t\t<ul><li>Vor Ort zubereitetes Gourmet-Fr\u00fchst\u00fcck.<\/li><li>Personalisierung der Dienstleistungen, einschlie\u00dflich Spa-Behandlungen.<\/li><li>Organisierte Aktivit\u00e4ten, wie z.B. Ausfl\u00fcge und gastronomische Touren.<\/li><\/ul>\t\t\t\t\t\t\t\t<\/div>\n\t\t\t\t<\/div>\n\t\t\t\t<\/div>\n\t\t\t\t\t<\/details>\n\t\t\t\t\t\t<details id=\"e-n-accordion-item-1731\" class=\"e-n-accordion-item\" >\n\t\t\t\t<summary class=\"e-n-accordion-item-title\" data-accordion-index=\"2\" tabindex=\"-1\" aria-expanded=\"false\" aria-controls=\"e-n-accordion-item-1731\" >\n\t\t\t\t\t<span class='e-n-accordion-item-title-header'><h4 class=\"e-n-accordion-item-title-text\"> Beste Optionen <\/h4><\/span>\n\t\t\t\t\t\t\t<span class='e-n-accordion-item-title-icon'>\n\t\t\t<span class='e-opened' ><svg aria-hidden=\"true\" class=\"e-font-icon-svg e-fas-minus\" viewBox=\"0 0 448 512\" xmlns=\"http:\/\/www.w3.org\/2000\/svg\"><path d=\"M416 208H32c-17.67 0-32 14.33-32 32v32c0 17.67 14.33 32 32 32h384c17.67 0 32-14.33 32-32v-32c0-17.67-14.33-32-32-32z\"><\/path><\/svg><\/span>\n\t\t\t<span class='e-closed'><svg aria-hidden=\"true\" class=\"e-font-icon-svg e-fas-plus\" viewBox=\"0 0 448 512\" xmlns=\"http:\/\/www.w3.org\/2000\/svg\"><path d=\"M416 208H272V64c0-17.67-14.33-32-32-32h-32c-17.67 0-32 14.33-32 32v144H32c-17.67 0-32 14.33-32 32v32c0 17.67 14.33 32 32 32h144v144c0 17.67 14.33 32 32 32h32c17.67 0 32-14.33 32-32V304h144c17.67 0 32-14.33 32-32v-32c0-17.67-14.33-32-32-32z\"><\/path><\/svg><\/span>\n\t\t<\/span>\n\n\t\t\t\t\t\t<\/summary>\n\t\t\t\t<div role=\"region\" aria-labelledby=\"e-n-accordion-item-1731\" class=\"elementor-element elementor-element-efb5671 e-con-full e-flex e-con e-child\" data-id=\"efb5671\" data-element_type=\"container\" data-e-type=\"container\">\n\t\t\t\t<div class=\"elementor-element elementor-element-ec5fc4d elementor-widget elementor-widget-text-editor\" data-id=\"ec5fc4d\" data-element_type=\"widget\" data-e-type=\"widget\" data-widget_type=\"text-editor.default\">\n\t\t\t\t<div class=\"elementor-widget-container\">\n\t\t\t\t\t\t\t\t\t<p>Zu den empfehlenswerten Hotels in diesem Segment geh\u00f6ren das AVANTI Lifestyle Hotel in Corralejo und das Hotel Rural Era de la Corte, die einzigartige Erlebnisse in einer bezaubernden Umgebung bieten.<\/p>\t\t\t\t\t\t\t\t<\/div>\n\t\t\t\t<\/div>\n\t\t\t\t<\/div>\n\t\t\t\t\t<\/details>\n\t\t\t\t\t<\/div>\n\t\t\t\t\t\t<\/div>\n\t\t\t\t<\/div>\n\t\t\t\t<\/div>\n\t\t\t\t\t<\/div>\n\t\t\t\t<\/div>\n\t\t<div class=\"elementor-element elementor-element-c7a1c6a e-flex e-con-boxed e-con e-parent\" data-id=\"c7a1c6a\" data-element_type=\"container\" data-e-type=\"container\">\n\t\t\t\t\t<div class=\"e-con-inner\">\n\t\t<div class=\"elementor-element elementor-element-5445e50 e-con-full e-flex e-con e-child\" data-id=\"5445e50\" data-element_type=\"container\" data-e-type=\"container\">\n\t\t\t\t<div class=\"elementor-element elementor-element-3d15315 elementor-widget elementor-widget-image\" data-id=\"3d15315\" data-element_type=\"widget\" data-e-type=\"widget\" data-widget_type=\"image.default\">\n\t\t\t\t<div class=\"elementor-widget-container\">\n\t\t\t\t\t\t\t\t\t\t\t\t\t\t\t<img decoding=\"async\" width=\"800\" height=\"601\" data-src=\"https:\/\/welikecanarias.com\/wp-content\/uploads\/2025\/07\/villas-lujo-fuerteventura-1024x769.jpg\" class=\"attachment-large size-large wp-image-74115 lazyload\" alt=\"\" data-srcset=\"https:\/\/welikecanarias.com\/wp-content\/uploads\/2025\/07\/villas-lujo-fuerteventura-1024x769.jpg 1024w, https:\/\/welikecanarias.com\/wp-content\/uploads\/2025\/07\/villas-lujo-fuerteventura-300x225.jpg 300w, https:\/\/welikecanarias.com\/wp-content\/uploads\/2025\/07\/villas-lujo-fuerteventura-768x577.jpg 768w, https:\/\/welikecanarias.com\/wp-content\/uploads\/2025\/07\/villas-lujo-fuerteventura.jpg 1256w\" data-sizes=\"(max-width: 800px) 100vw, 800px\" src=\"data:image\/svg+xml;base64,PHN2ZyB3aWR0aD0iMSIgaGVpZ2h0PSIxIiB4bWxucz0iaHR0cDovL3d3dy53My5vcmcvMjAwMC9zdmciPjwvc3ZnPg==\" style=\"--smush-placeholder-width: 800px; --smush-placeholder-aspect-ratio: 800\/601;\" \/>\t\t\t\t\t\t\t\t\t\t\t\t\t\t\t<\/div>\n\t\t\t\t<\/div>\n\t\t\t\t<\/div>\n\t\t<div class=\"elementor-element elementor-element-e59d511 e-con-full e-flex e-con e-child\" data-id=\"e59d511\" data-element_type=\"container\" data-e-type=\"container\">\n\t\t\t\t<div class=\"elementor-element elementor-element-8b3902a elementor-widget elementor-widget-heading\" data-id=\"8b3902a\" data-element_type=\"widget\" data-e-type=\"widget\" data-widget_type=\"heading.default\">\n\t\t\t\t<div class=\"elementor-widget-container\">\n\t\t\t\t\t<h3 class=\"elementor-heading-title elementor-size-default\">Luxus Villen<\/h3>\t\t\t\t<\/div>\n\t\t\t\t<\/div>\n\t\t\t\t<div class=\"elementor-element elementor-element-59ef086 elementor-widget-divider--view-line elementor-widget elementor-widget-divider\" data-id=\"59ef086\" data-element_type=\"widget\" data-e-type=\"widget\" data-widget_type=\"divider.default\">\n\t\t\t\t<div class=\"elementor-widget-container\">\n\t\t\t\t\t\t\t<div class=\"elementor-divider\">\n\t\t\t<span class=\"elementor-divider-separator\">\n\t\t\t\t\t\t<\/span>\n\t\t<\/div>\n\t\t\t\t\t\t<\/div>\n\t\t\t\t<\/div>\n\t\t\t\t<div class=\"elementor-element elementor-element-06cf4da elementor-widget elementor-widget-text-editor\" data-id=\"06cf4da\" data-element_type=\"widget\" data-e-type=\"widget\" data-widget_type=\"text-editor.default\">\n\t\t\t\t<div class=\"elementor-widget-container\">\n\t\t\t\t\t\t\t\t\t<p>F\u00fcr ein privateres Erlebnis sind die Luxusvillen ideal. Diese H\u00e4user bieten viel Platz und sind ideal f\u00fcr Familien oder Gruppen von Freunden, die es sich bequem machen m\u00f6chten. <\/p>\t\t\t\t\t\t\t\t<\/div>\n\t\t\t\t<\/div>\n\t\t\t\t<div class=\"elementor-element elementor-element-1472549 elementor-widget elementor-widget-n-accordion\" data-id=\"1472549\" data-element_type=\"widget\" data-e-type=\"widget\" data-settings=\"{&quot;default_state&quot;:&quot;all_collapsed&quot;,&quot;max_items_expended&quot;:&quot;one&quot;,&quot;n_accordion_animation_duration&quot;:{&quot;unit&quot;:&quot;ms&quot;,&quot;size&quot;:400,&quot;sizes&quot;:[]}}\" data-widget_type=\"nested-accordion.default\">\n\t\t\t\t<div class=\"elementor-widget-container\">\n\t\t\t\t\t\t\t<div class=\"e-n-accordion\" aria-label=\"Accordion. Open links with Enter or Space, close with Escape, and navigate with Arrow Keys\">\n\t\t\t\t\t\t<details id=\"e-n-accordion-item-2140\" class=\"e-n-accordion-item\" >\n\t\t\t\t<summary class=\"e-n-accordion-item-title\" data-accordion-index=\"1\" tabindex=\"0\" aria-expanded=\"false\" aria-controls=\"e-n-accordion-item-2140\" >\n\t\t\t\t\t<span class='e-n-accordion-item-title-header'><h4 class=\"e-n-accordion-item-title-text\"> Wichtige Empfehlungen <\/h4><\/span>\n\t\t\t\t\t\t\t<span class='e-n-accordion-item-title-icon'>\n\t\t\t<span class='e-opened' ><svg aria-hidden=\"true\" class=\"e-font-icon-svg e-fas-minus\" viewBox=\"0 0 448 512\" xmlns=\"http:\/\/www.w3.org\/2000\/svg\"><path d=\"M416 208H32c-17.67 0-32 14.33-32 32v32c0 17.67 14.33 32 32 32h384c17.67 0 32-14.33 32-32v-32c0-17.67-14.33-32-32-32z\"><\/path><\/svg><\/span>\n\t\t\t<span class='e-closed'><svg aria-hidden=\"true\" class=\"e-font-icon-svg e-fas-plus\" viewBox=\"0 0 448 512\" xmlns=\"http:\/\/www.w3.org\/2000\/svg\"><path d=\"M416 208H272V64c0-17.67-14.33-32-32-32h-32c-17.67 0-32 14.33-32 32v144H32c-17.67 0-32 14.33-32 32v32c0 17.67 14.33 32 32 32h144v144c0 17.67 14.33 32 32 32h32c17.67 0 32-14.33 32-32V304h144c17.67 0 32-14.33 32-32v-32c0-17.67-14.33-32-32-32z\"><\/path><\/svg><\/span>\n\t\t<\/span>\n\n\t\t\t\t\t\t<\/summary>\n\t\t\t\t<div role=\"region\" aria-labelledby=\"e-n-accordion-item-2140\" class=\"elementor-element elementor-element-a783936 e-con-full e-flex e-con e-child\" data-id=\"a783936\" data-element_type=\"container\" data-e-type=\"container\">\n\t\t\t\t<div class=\"elementor-element elementor-element-ca00daf elementor-widget elementor-widget-text-editor\" data-id=\"ca00daf\" data-element_type=\"widget\" data-e-type=\"widget\" data-widget_type=\"text-editor.default\">\n\t\t\t\t<div class=\"elementor-widget-container\">\n\t\t\t\t\t\t\t\t\t<ul><li>Bahiazul Villas &amp; Club Fuerteventura: Freistehende Villen mit modernem Stil und privatem Pool.<\/li><li>Sunset Villas: Bieten einen atemberaubenden Meerblick und direkten Zugang zum Strand.<\/li><\/ul>\t\t\t\t\t\t\t\t<\/div>\n\t\t\t\t<\/div>\n\t\t\t\t<\/div>\n\t\t\t\t\t<\/details>\n\t\t\t\t\t<\/div>\n\t\t\t\t\t\t<\/div>\n\t\t\t\t<\/div>\n\t\t\t\t<\/div>\n\t\t\t\t\t<\/div>\n\t\t\t\t<\/div>\n\t\t<div class=\"elementor-element elementor-element-f2e18a1 e-flex e-con-boxed e-con e-parent\" data-id=\"f2e18a1\" data-element_type=\"container\" data-e-type=\"container\">\n\t\t\t\t\t<div class=\"e-con-inner\">\n\t\t<div class=\"elementor-element elementor-element-f5816b7 e-con-full e-flex e-con e-child\" data-id=\"f5816b7\" data-element_type=\"container\" data-e-type=\"container\">\n\t\t\t\t<div class=\"elementor-element elementor-element-fce117f elementor-widget elementor-widget-image\" data-id=\"fce117f\" data-element_type=\"widget\" data-e-type=\"widget\" data-widget_type=\"image.default\">\n\t\t\t\t<div class=\"elementor-widget-container\">\n\t\t\t\t\t\t\t\t\t\t\t\t\t\t\t<img decoding=\"async\" width=\"800\" height=\"600\" data-src=\"https:\/\/welikecanarias.com\/wp-content\/uploads\/2025\/07\/casa-rural-fuerteventura.jpg\" class=\"attachment-large size-large wp-image-74100 lazyload\" alt=\"Vista de una casa rural en Fuerteventura\" data-srcset=\"https:\/\/welikecanarias.com\/wp-content\/uploads\/2025\/07\/casa-rural-fuerteventura.jpg 800w, https:\/\/welikecanarias.com\/wp-content\/uploads\/2025\/07\/casa-rural-fuerteventura-300x225.jpg 300w, https:\/\/welikecanarias.com\/wp-content\/uploads\/2025\/07\/casa-rural-fuerteventura-768x576.jpg 768w\" data-sizes=\"(max-width: 800px) 100vw, 800px\" src=\"data:image\/svg+xml;base64,PHN2ZyB3aWR0aD0iMSIgaGVpZ2h0PSIxIiB4bWxucz0iaHR0cDovL3d3dy53My5vcmcvMjAwMC9zdmciPjwvc3ZnPg==\" style=\"--smush-placeholder-width: 800px; --smush-placeholder-aspect-ratio: 800\/600;\" \/>\t\t\t\t\t\t\t\t\t\t\t\t\t\t\t<\/div>\n\t\t\t\t<\/div>\n\t\t\t\t<\/div>\n\t\t<div class=\"elementor-element elementor-element-919d113 e-con-full e-flex e-con e-child\" data-id=\"919d113\" data-element_type=\"container\" data-e-type=\"container\">\n\t\t\t\t<div class=\"elementor-element elementor-element-d3f2d97 elementor-widget elementor-widget-heading\" data-id=\"d3f2d97\" data-element_type=\"widget\" data-e-type=\"widget\" data-widget_type=\"heading.default\">\n\t\t\t\t<div class=\"elementor-widget-container\">\n\t\t\t\t\t<h3 class=\"elementor-heading-title elementor-size-default\">L\u00e4ndliche H\u00e4user<\/h3>\t\t\t\t<\/div>\n\t\t\t\t<\/div>\n\t\t\t\t<div class=\"elementor-element elementor-element-862ea18 elementor-widget-divider--view-line elementor-widget elementor-widget-divider\" data-id=\"862ea18\" data-element_type=\"widget\" data-e-type=\"widget\" data-widget_type=\"divider.default\">\n\t\t\t\t<div class=\"elementor-widget-container\">\n\t\t\t\t\t\t\t<div class=\"elementor-divider\">\n\t\t\t<span class=\"elementor-divider-separator\">\n\t\t\t\t\t\t<\/span>\n\t\t<\/div>\n\t\t\t\t\t\t<\/div>\n\t\t\t\t<\/div>\n\t\t\t\t<div class=\"elementor-element elementor-element-e48f696 elementor-widget elementor-widget-text-editor\" data-id=\"e48f696\" data-element_type=\"widget\" data-e-type=\"widget\" data-widget_type=\"text-editor.default\">\n\t\t\t\t<div class=\"elementor-widget-container\">\n\t\t\t\t\t\t\t\t\t<p>Die Cottages lassen Reisende in die lokale Kultur eintauchen. Sie sind so gestaltet, dass sie die traditionelle Architektur und den Stil der Insel bewahren. <\/p>\t\t\t\t\t\t\t\t<\/div>\n\t\t\t\t<\/div>\n\t\t\t\t<div class=\"elementor-element elementor-element-85f2c7c elementor-widget elementor-widget-n-accordion\" data-id=\"85f2c7c\" data-element_type=\"widget\" data-e-type=\"widget\" data-settings=\"{&quot;default_state&quot;:&quot;all_collapsed&quot;,&quot;max_items_expended&quot;:&quot;one&quot;,&quot;n_accordion_animation_duration&quot;:{&quot;unit&quot;:&quot;ms&quot;,&quot;size&quot;:400,&quot;sizes&quot;:[]}}\" data-widget_type=\"nested-accordion.default\">\n\t\t\t\t<div class=\"elementor-widget-container\">\n\t\t\t\t\t\t\t<div class=\"e-n-accordion\" aria-label=\"Accordion. Open links with Enter or Space, close with Escape, and navigate with Arrow Keys\">\n\t\t\t\t\t\t<details id=\"e-n-accordion-item-1400\" class=\"e-n-accordion-item\" >\n\t\t\t\t<summary class=\"e-n-accordion-item-title\" data-accordion-index=\"1\" tabindex=\"0\" aria-expanded=\"false\" aria-controls=\"e-n-accordion-item-1400\" >\n\t\t\t\t\t<span class='e-n-accordion-item-title-header'><h4 class=\"e-n-accordion-item-title-text\"> Kulturelle Verbindung <\/h4><\/span>\n\t\t\t\t\t\t\t<span class='e-n-accordion-item-title-icon'>\n\t\t\t<span class='e-opened' ><svg aria-hidden=\"true\" class=\"e-font-icon-svg e-fas-minus\" viewBox=\"0 0 448 512\" xmlns=\"http:\/\/www.w3.org\/2000\/svg\"><path d=\"M416 208H32c-17.67 0-32 14.33-32 32v32c0 17.67 14.33 32 32 32h384c17.67 0 32-14.33 32-32v-32c0-17.67-14.33-32-32-32z\"><\/path><\/svg><\/span>\n\t\t\t<span class='e-closed'><svg aria-hidden=\"true\" class=\"e-font-icon-svg e-fas-plus\" viewBox=\"0 0 448 512\" xmlns=\"http:\/\/www.w3.org\/2000\/svg\"><path d=\"M416 208H272V64c0-17.67-14.33-32-32-32h-32c-17.67 0-32 14.33-32 32v144H32c-17.67 0-32 14.33-32 32v32c0 17.67 14.33 32 32 32h144v144c0 17.67 14.33 32 32 32h32c17.67 0 32-14.33 32-32V304h144c17.67 0 32-14.33 32-32v-32c0-17.67-14.33-32-32-32z\"><\/path><\/svg><\/span>\n\t\t<\/span>\n\n\t\t\t\t\t\t<\/summary>\n\t\t\t\t<div role=\"region\" aria-labelledby=\"e-n-accordion-item-1400\" class=\"elementor-element elementor-element-f8d94f3 e-con-full e-flex e-con e-child\" data-id=\"f8d94f3\" data-element_type=\"container\" data-e-type=\"container\">\n\t\t\t\t<div class=\"elementor-element elementor-element-c399657 elementor-widget elementor-widget-text-editor\" data-id=\"c399657\" data-element_type=\"widget\" data-e-type=\"widget\" data-widget_type=\"text-editor.default\">\n\t\t\t\t<div class=\"elementor-widget-container\">\n\t\t\t\t\t\t\t\t\t<ul><li>Lage in weniger touristischen Gegenden, so dass Sie das lokale Leben kennenlernen k\u00f6nnen.<\/li><li>Interaktion mit der Gemeinschaft durch kulturelle Aktivit\u00e4ten und Veranstaltungen.<\/li><\/ul>\t\t\t\t\t\t\t\t<\/div>\n\t\t\t\t<\/div>\n\t\t\t\t<\/div>\n\t\t\t\t\t<\/details>\n\t\t\t\t\t\t<details id=\"e-n-accordion-item-1401\" class=\"e-n-accordion-item\" >\n\t\t\t\t<summary class=\"e-n-accordion-item-title\" data-accordion-index=\"2\" tabindex=\"-1\" aria-expanded=\"false\" aria-controls=\"e-n-accordion-item-1401\" >\n\t\t\t\t\t<span class='e-n-accordion-item-title-header'><h4 class=\"e-n-accordion-item-title-text\"> L\u00e4ndliche Erlebnisse <\/h4><\/span>\n\t\t\t\t\t\t\t<span class='e-n-accordion-item-title-icon'>\n\t\t\t<span class='e-opened' ><svg aria-hidden=\"true\" class=\"e-font-icon-svg e-fas-minus\" viewBox=\"0 0 448 512\" xmlns=\"http:\/\/www.w3.org\/2000\/svg\"><path d=\"M416 208H32c-17.67 0-32 14.33-32 32v32c0 17.67 14.33 32 32 32h384c17.67 0 32-14.33 32-32v-32c0-17.67-14.33-32-32-32z\"><\/path><\/svg><\/span>\n\t\t\t<span class='e-closed'><svg aria-hidden=\"true\" class=\"e-font-icon-svg e-fas-plus\" viewBox=\"0 0 448 512\" xmlns=\"http:\/\/www.w3.org\/2000\/svg\"><path d=\"M416 208H272V64c0-17.67-14.33-32-32-32h-32c-17.67 0-32 14.33-32 32v144H32c-17.67 0-32 14.33-32 32v32c0 17.67 14.33 32 32 32h144v144c0 17.67 14.33 32 32 32h32c17.67 0 32-14.33 32-32V304h144c17.67 0 32-14.33 32-32v-32c0-17.67-14.33-32-32-32z\"><\/path><\/svg><\/span>\n\t\t<\/span>\n\n\t\t\t\t\t\t<\/summary>\n\t\t\t\t<div role=\"region\" aria-labelledby=\"e-n-accordion-item-1401\" class=\"elementor-element elementor-element-4c066ee e-con-full e-flex e-con e-child\" data-id=\"4c066ee\" data-element_type=\"container\" data-e-type=\"container\">\n\t\t\t\t<div class=\"elementor-element elementor-element-a298d85 elementor-widget elementor-widget-text-editor\" data-id=\"a298d85\" data-element_type=\"widget\" data-e-type=\"widget\" data-widget_type=\"text-editor.default\">\n\t\t\t\t<div class=\"elementor-widget-container\">\n\t\t\t\t\t\t\t\t\t<p>Diese Art von Unterk\u00fcnften bietet die M\u00f6glichkeit, an Aktivit\u00e4ten teilzunehmen, wie z.B. an der Ernte oder an Handwerks-Workshops, die eine tiefere Verbindung mit der Umwelt f\u00f6rdern.<\/p>\t\t\t\t\t\t\t\t<\/div>\n\t\t\t\t<\/div>\n\t\t\t\t<\/div>\n\t\t\t\t\t<\/details>\n\t\t\t\t\t<\/div>\n\t\t\t\t\t\t<\/div>\n\t\t\t\t<\/div>\n\t\t\t\t<\/div>\n\t\t\t\t\t<\/div>\n\t\t\t\t<\/div>\n\t\t<div class=\"elementor-element elementor-element-2d782f9 e-flex e-con-boxed e-con e-parent\" data-id=\"2d782f9\" data-element_type=\"container\" data-e-type=\"container\">\n\t\t\t\t\t<div class=\"e-con-inner\">\n\t\t<div class=\"elementor-element elementor-element-d59b8f1 e-con-full e-flex e-con e-child\" data-id=\"d59b8f1\" data-element_type=\"container\" data-e-type=\"container\">\n\t\t\t\t<div class=\"elementor-element elementor-element-c28b3c7 elementor-widget elementor-widget-image\" data-id=\"c28b3c7\" data-element_type=\"widget\" data-e-type=\"widget\" data-widget_type=\"image.default\">\n\t\t\t\t<div class=\"elementor-widget-container\">\n\t\t\t\t\t\t\t\t\t\t\t\t\t\t\t<img decoding=\"async\" width=\"800\" height=\"601\" data-src=\"https:\/\/welikecanarias.com\/wp-content\/uploads\/2025\/07\/hotel-la-marquesina-solo-adultos-fuerteventura.jpg\" class=\"attachment-large size-large wp-image-74103 lazyload\" alt=\"Vista del hotel La Marquesina en Fuerteventura\" data-srcset=\"https:\/\/welikecanarias.com\/wp-content\/uploads\/2025\/07\/hotel-la-marquesina-solo-adultos-fuerteventura.jpg 1023w, https:\/\/welikecanarias.com\/wp-content\/uploads\/2025\/07\/hotel-la-marquesina-solo-adultos-fuerteventura-300x225.jpg 300w, https:\/\/welikecanarias.com\/wp-content\/uploads\/2025\/07\/hotel-la-marquesina-solo-adultos-fuerteventura-768x577.jpg 768w\" data-sizes=\"(max-width: 800px) 100vw, 800px\" src=\"data:image\/svg+xml;base64,PHN2ZyB3aWR0aD0iMSIgaGVpZ2h0PSIxIiB4bWxucz0iaHR0cDovL3d3dy53My5vcmcvMjAwMC9zdmciPjwvc3ZnPg==\" style=\"--smush-placeholder-width: 800px; --smush-placeholder-aspect-ratio: 800\/601;\" \/>\t\t\t\t\t\t\t\t\t\t\t\t\t\t\t<\/div>\n\t\t\t\t<\/div>\n\t\t\t\t<\/div>\n\t\t<div class=\"elementor-element elementor-element-1651080 e-con-full e-flex e-con e-child\" data-id=\"1651080\" data-element_type=\"container\" data-e-type=\"container\">\n\t\t\t\t<div class=\"elementor-element elementor-element-b281a8c elementor-widget elementor-widget-heading\" data-id=\"b281a8c\" data-element_type=\"widget\" data-e-type=\"widget\" data-widget_type=\"heading.default\">\n\t\t\t\t<div class=\"elementor-widget-container\">\n\t\t\t\t\t<h3 class=\"elementor-heading-title elementor-size-default\">Hotels nur f\u00fcr Erwachsene<\/h3>\t\t\t\t<\/div>\n\t\t\t\t<\/div>\n\t\t\t\t<div class=\"elementor-element elementor-element-3607e32 elementor-widget-divider--view-line elementor-widget elementor-widget-divider\" data-id=\"3607e32\" data-element_type=\"widget\" data-e-type=\"widget\" data-widget_type=\"divider.default\">\n\t\t\t\t<div class=\"elementor-widget-container\">\n\t\t\t\t\t\t\t<div class=\"elementor-divider\">\n\t\t\t<span class=\"elementor-divider-separator\">\n\t\t\t\t\t\t<\/span>\n\t\t<\/div>\n\t\t\t\t\t\t<\/div>\n\t\t\t\t<\/div>\n\t\t\t\t<div class=\"elementor-element elementor-element-2800fb5 elementor-widget elementor-widget-text-editor\" data-id=\"2800fb5\" data-element_type=\"widget\" data-e-type=\"widget\" data-widget_type=\"text-editor.default\">\n\t\t\t\t<div class=\"elementor-widget-container\">\n\t\t\t\t\t\t\t\t\t<p>Hotels, die ausschlie\u00dflich f\u00fcr Erwachsene konzipiert sind, bieten eine ruhige und entspannende Atmosph\u00e4re, ideal f\u00fcr diejenigen, die sich entspannen und einen angenehmen Aufenthalt genie\u00dfen m\u00f6chten.<\/p>\t\t\t\t\t\t\t\t<\/div>\n\t\t\t\t<\/div>\n\t\t\t\t<div class=\"elementor-element elementor-element-1ce2f60 elementor-widget elementor-widget-n-accordion\" data-id=\"1ce2f60\" data-element_type=\"widget\" data-e-type=\"widget\" data-settings=\"{&quot;default_state&quot;:&quot;all_collapsed&quot;,&quot;max_items_expended&quot;:&quot;one&quot;,&quot;n_accordion_animation_duration&quot;:{&quot;unit&quot;:&quot;ms&quot;,&quot;size&quot;:400,&quot;sizes&quot;:[]}}\" data-widget_type=\"nested-accordion.default\">\n\t\t\t\t<div class=\"elementor-widget-container\">\n\t\t\t\t\t\t\t<div class=\"e-n-accordion\" aria-label=\"Accordion. Open links with Enter or Space, close with Escape, and navigate with Arrow Keys\">\n\t\t\t\t\t\t<details id=\"e-n-accordion-item-3020\" class=\"e-n-accordion-item\" >\n\t\t\t\t<summary class=\"e-n-accordion-item-title\" data-accordion-index=\"1\" tabindex=\"0\" aria-expanded=\"false\" aria-controls=\"e-n-accordion-item-3020\" >\n\t\t\t\t\t<span class='e-n-accordion-item-title-header'><h4 class=\"e-n-accordion-item-title-text\"> Seelenfrieden <\/h4><\/span>\n\t\t\t\t\t\t\t<span class='e-n-accordion-item-title-icon'>\n\t\t\t<span class='e-opened' ><svg aria-hidden=\"true\" class=\"e-font-icon-svg e-fas-minus\" viewBox=\"0 0 448 512\" xmlns=\"http:\/\/www.w3.org\/2000\/svg\"><path d=\"M416 208H32c-17.67 0-32 14.33-32 32v32c0 17.67 14.33 32 32 32h384c17.67 0 32-14.33 32-32v-32c0-17.67-14.33-32-32-32z\"><\/path><\/svg><\/span>\n\t\t\t<span class='e-closed'><svg aria-hidden=\"true\" class=\"e-font-icon-svg e-fas-plus\" viewBox=\"0 0 448 512\" xmlns=\"http:\/\/www.w3.org\/2000\/svg\"><path d=\"M416 208H272V64c0-17.67-14.33-32-32-32h-32c-17.67 0-32 14.33-32 32v144H32c-17.67 0-32 14.33-32 32v32c0 17.67 14.33 32 32 32h144v144c0 17.67 14.33 32 32 32h32c17.67 0 32-14.33 32-32V304h144c17.67 0 32-14.33 32-32v-32c0-17.67-14.33-32-32-32z\"><\/path><\/svg><\/span>\n\t\t<\/span>\n\n\t\t\t\t\t\t<\/summary>\n\t\t\t\t<div role=\"region\" aria-labelledby=\"e-n-accordion-item-3020\" class=\"elementor-element elementor-element-585c90d e-con-full e-flex e-con e-child\" data-id=\"585c90d\" data-element_type=\"container\" data-e-type=\"container\">\n\t\t\t\t<div class=\"elementor-element elementor-element-f229d56 elementor-widget elementor-widget-text-editor\" data-id=\"f229d56\" data-element_type=\"widget\" data-e-type=\"widget\" data-widget_type=\"text-editor.default\">\n\t\t\t\t<div class=\"elementor-widget-container\">\n\t\t\t\t\t\t\t\t\t<ul><li>R\u00e4ume, die frei von Familie und Kindern sind und eine ruhige Atmosph\u00e4re schaffen.<\/li><li>Dienstleistungen f\u00fcr Erwachsene, wie exklusive Spas und entspannende Aktivit\u00e4ten.<\/li><\/ul>\t\t\t\t\t\t\t\t<\/div>\n\t\t\t\t<\/div>\n\t\t\t\t<\/div>\n\t\t\t\t\t<\/details>\n\t\t\t\t\t<\/div>\n\t\t\t\t\t\t<\/div>\n\t\t\t\t<\/div>\n\t\t\t\t<\/div>\n\t\t\t\t\t<\/div>\n\t\t\t\t<\/div>\n\t\t<div class=\"elementor-element elementor-element-7118043 e-flex e-con-boxed e-con e-parent\" data-id=\"7118043\" data-element_type=\"container\" data-e-type=\"container\">\n\t\t\t\t\t<div class=\"e-con-inner\">\n\t\t\t\t<div class=\"elementor-element elementor-element-83ade03 elementor-widget elementor-widget-spacer\" data-id=\"83ade03\" data-element_type=\"widget\" data-e-type=\"widget\" data-widget_type=\"spacer.default\">\n\t\t\t\t<div class=\"elementor-widget-container\">\n\t\t\t\t\t\t\t<div class=\"elementor-spacer\">\n\t\t\t<div class=\"elementor-spacer-inner\"><\/div>\n\t\t<\/div>\n\t\t\t\t\t\t<\/div>\n\t\t\t\t<\/div>\n\t\t\t\t\t<\/div>\n\t\t\t\t<\/div>\n\t\t\t\t<\/div>\n\t\t","protected":false},"excerpt":{"rendered":"<p>Charmante Unterk\u00fcnfte auf Fuerteventura: Finden Sie Ihren idealen Platz! Fuerteventura bietet eine Vielzahl von charmanten Unterk\u00fcnften, die die Erfahrung des Reisenden bereichern. Von Boutique-Hotels bis hin zu privaten Villen bietet jede Option eine einzigartige und einladende Atmosph\u00e4re. Diese Unterk\u00fcnfte sind so konzipiert, dass sie Komfort und eine pers\u00f6nliche Note bieten. Sie erm\u00f6glichen es Ihnen, die [&hellip;]<\/p>\n","protected":false},"author":244305394,"featured_media":73414,"comment_status":"closed","ping_status":"open","sticky":false,"template":"","format":"standard","meta":{"_monsterinsights_skip_tracking":false,"_monsterinsights_sitenote_active":false,"_monsterinsights_sitenote_note":"","_monsterinsights_sitenote_category":0,"footnotes":""},"categories":[924,2270],"tags":[2378,2379,2377],"class_list":["post-74359","post","type-post","status-publish","format-standard","has-post-thumbnail","hentry","category-fuerteventura-de","category-unterkunft-de","tag-besondere-unterkunft-fuerteventura","tag-fuerteventuras-schonste-hotels","tag-landliches-hotel-fuerteventura"],"yoast_head":"<!-- This site is optimized with the Yoast SEO plugin v27.5 - https:\/\/yoast.com\/product\/yoast-seo-wordpress\/ -->\n<title>25 Charmante Unterk\u00fcnfte auf Fuerteventura<\/title>\n<meta name=\"description\" content=\"Entdecken Sie die besten charmanten Unterk\u00fcnfte auf Fuerteventura: traditionelle H\u00e4user, Boutique-Hotels, Villen direkt am Meer.\" \/>\n<meta name=\"robots\" content=\"index, follow, max-snippet:-1, max-image-preview:large, max-video-preview:-1\" \/>\n<link rel=\"canonical\" href=\"https:\/\/welikecanarias.com\/de\/charmante-unterkuenfte-fuerteventura\/\" \/>\n<meta property=\"og:locale\" content=\"de_DE\" \/>\n<meta property=\"og:type\" content=\"article\" \/>\n<meta property=\"og:title\" content=\"25 Charmante Unterk\u00fcnfte auf Fuerteventura\" \/>\n<meta property=\"og:description\" content=\"Entdecken Sie die besten charmanten Unterk\u00fcnfte auf Fuerteventura: traditionelle H\u00e4user, Boutique-Hotels, Villen direkt am Meer.\" \/>\n<meta property=\"og:url\" content=\"https:\/\/welikecanarias.com\/de\/charmante-unterkuenfte-fuerteventura\/\" \/>\n<meta property=\"og:site_name\" content=\"WeLikeCanarias\" \/>\n<meta property=\"article:published_time\" content=\"2025-07-14T13:41:02+00:00\" \/>\n<meta property=\"article:modified_time\" content=\"2025-07-18T16:33:43+00:00\" \/>\n<meta property=\"og:image\" content=\"https:\/\/welikecanarias.com\/wp-content\/uploads\/2025\/07\/alojamiento-con-encanto-fuerteventura-scaled.jpg\" \/>\n\t<meta property=\"og:image:width\" content=\"2560\" \/>\n\t<meta property=\"og:image:height\" content=\"1722\" \/>\n\t<meta property=\"og:image:type\" content=\"image\/jpeg\" \/>\n<meta name=\"author\" content=\"WeLikeCanarias\" \/>\n<meta name=\"twitter:card\" content=\"summary_large_image\" \/>\n<meta name=\"twitter:label1\" content=\"Verfasst von\" \/>\n\t<meta name=\"twitter:data1\" content=\"WeLikeCanarias\" \/>\n\t<meta name=\"twitter:label2\" content=\"Gesch\u00e4tzte Lesezeit\" \/>\n\t<meta name=\"twitter:data2\" content=\"19\u00a0Minuten\" \/>\n<script type=\"application\/ld+json\" class=\"yoast-schema-graph\">{\"@context\":\"https:\\\/\\\/schema.org\",\"@graph\":[{\"@type\":[\"Article\",\"BlogPosting\"],\"@id\":\"https:\\\/\\\/welikecanarias.com\\\/de\\\/charmante-unterkuenfte-fuerteventura\\\/#article\",\"isPartOf\":{\"@id\":\"https:\\\/\\\/welikecanarias.com\\\/de\\\/charmante-unterkuenfte-fuerteventura\\\/\"},\"author\":{\"name\":\"WeLikeCanarias\",\"@id\":\"https:\\\/\\\/welikecanarias.com\\\/de\\\/#\\\/schema\\\/person\\\/8f32b8fa9eacbc052e5cac461636dd27\"},\"headline\":\"Charmante Unterk\u00fcnfte auf Fuerteventura: Finden Sie Ihren idealen Platz!\",\"datePublished\":\"2025-07-14T13:41:02+00:00\",\"dateModified\":\"2025-07-18T16:33:43+00:00\",\"mainEntityOfPage\":{\"@id\":\"https:\\\/\\\/welikecanarias.com\\\/de\\\/charmante-unterkuenfte-fuerteventura\\\/\"},\"wordCount\":1519,\"publisher\":{\"@id\":\"https:\\\/\\\/welikecanarias.com\\\/de\\\/#\\\/schema\\\/person\\\/8f32b8fa9eacbc052e5cac461636dd27\"},\"image\":{\"@id\":\"https:\\\/\\\/welikecanarias.com\\\/de\\\/charmante-unterkuenfte-fuerteventura\\\/#primaryimage\"},\"thumbnailUrl\":\"https:\\\/\\\/welikecanarias.com\\\/wp-content\\\/uploads\\\/2025\\\/07\\\/alojamiento-con-encanto-fuerteventura-scaled.jpg\",\"keywords\":[\"Besondere Unterkunft Fuerteventura\",\"Fuerteventuras sch\u00f6nste Hotels\",\"L\u00e4ndliches Hotel Fuerteventura\"],\"articleSection\":[\"Fuerteventura\",\"Unterkunft\"],\"inLanguage\":\"de\"},{\"@type\":\"WebPage\",\"@id\":\"https:\\\/\\\/welikecanarias.com\\\/de\\\/charmante-unterkuenfte-fuerteventura\\\/\",\"url\":\"https:\\\/\\\/welikecanarias.com\\\/de\\\/charmante-unterkuenfte-fuerteventura\\\/\",\"name\":\"25 Charmante Unterk\u00fcnfte auf Fuerteventura\",\"isPartOf\":{\"@id\":\"https:\\\/\\\/welikecanarias.com\\\/de\\\/#website\"},\"primaryImageOfPage\":{\"@id\":\"https:\\\/\\\/welikecanarias.com\\\/de\\\/charmante-unterkuenfte-fuerteventura\\\/#primaryimage\"},\"image\":{\"@id\":\"https:\\\/\\\/welikecanarias.com\\\/de\\\/charmante-unterkuenfte-fuerteventura\\\/#primaryimage\"},\"thumbnailUrl\":\"https:\\\/\\\/welikecanarias.com\\\/wp-content\\\/uploads\\\/2025\\\/07\\\/alojamiento-con-encanto-fuerteventura-scaled.jpg\",\"datePublished\":\"2025-07-14T13:41:02+00:00\",\"dateModified\":\"2025-07-18T16:33:43+00:00\",\"description\":\"Entdecken Sie die besten charmanten Unterk\u00fcnfte auf Fuerteventura: traditionelle H\u00e4user, Boutique-Hotels, Villen direkt am Meer.\",\"breadcrumb\":{\"@id\":\"https:\\\/\\\/welikecanarias.com\\\/de\\\/charmante-unterkuenfte-fuerteventura\\\/#breadcrumb\"},\"inLanguage\":\"de\",\"potentialAction\":[{\"@type\":\"ReadAction\",\"target\":[\"https:\\\/\\\/welikecanarias.com\\\/de\\\/charmante-unterkuenfte-fuerteventura\\\/\"]}]},{\"@type\":\"ImageObject\",\"inLanguage\":\"de\",\"@id\":\"https:\\\/\\\/welikecanarias.com\\\/de\\\/charmante-unterkuenfte-fuerteventura\\\/#primaryimage\",\"url\":\"https:\\\/\\\/welikecanarias.com\\\/wp-content\\\/uploads\\\/2025\\\/07\\\/alojamiento-con-encanto-fuerteventura-scaled.jpg\",\"contentUrl\":\"https:\\\/\\\/welikecanarias.com\\\/wp-content\\\/uploads\\\/2025\\\/07\\\/alojamiento-con-encanto-fuerteventura-scaled.jpg\",\"width\":2560,\"height\":1722,\"caption\":\"Vista de un chico disfrutando de las vistas en uno de los hoteles con encanto en Fuerteventura\"},{\"@type\":\"BreadcrumbList\",\"@id\":\"https:\\\/\\\/welikecanarias.com\\\/de\\\/charmante-unterkuenfte-fuerteventura\\\/#breadcrumb\",\"itemListElement\":[{\"@type\":\"ListItem\",\"position\":1,\"name\":\"Portada\",\"item\":\"https:\\\/\\\/welikecanarias.com\\\/de\\\/\"},{\"@type\":\"ListItem\",\"position\":2,\"name\":\"Charmante Unterk\u00fcnfte auf Fuerteventura: Finden Sie Ihren idealen Platz!\"}]},{\"@type\":\"WebSite\",\"@id\":\"https:\\\/\\\/welikecanarias.com\\\/de\\\/#website\",\"url\":\"https:\\\/\\\/welikecanarias.com\\\/de\\\/\",\"name\":\"WeLikeCanarias\",\"description\":\"Blog de viaje por las Islas Canarias\",\"publisher\":{\"@id\":\"https:\\\/\\\/welikecanarias.com\\\/de\\\/#\\\/schema\\\/person\\\/8f32b8fa9eacbc052e5cac461636dd27\"},\"potentialAction\":[{\"@type\":\"SearchAction\",\"target\":{\"@type\":\"EntryPoint\",\"urlTemplate\":\"https:\\\/\\\/welikecanarias.com\\\/de\\\/?s={search_term_string}\"},\"query-input\":{\"@type\":\"PropertyValueSpecification\",\"valueRequired\":true,\"valueName\":\"search_term_string\"}}],\"inLanguage\":\"de\"},{\"@type\":[\"Person\",\"Organization\"],\"@id\":\"https:\\\/\\\/welikecanarias.com\\\/de\\\/#\\\/schema\\\/person\\\/8f32b8fa9eacbc052e5cac461636dd27\",\"name\":\"WeLikeCanarias\",\"image\":{\"@type\":\"ImageObject\",\"inLanguage\":\"de\",\"@id\":\"https:\\\/\\\/welikecanarias.com\\\/wp-content\\\/uploads\\\/2025\\\/09\\\/cropped-Canarias.png\",\"url\":\"https:\\\/\\\/welikecanarias.com\\\/wp-content\\\/uploads\\\/2025\\\/09\\\/cropped-Canarias.png\",\"contentUrl\":\"https:\\\/\\\/welikecanarias.com\\\/wp-content\\\/uploads\\\/2025\\\/09\\\/cropped-Canarias.png\",\"width\":1147,\"height\":867,\"caption\":\"WeLikeCanarias\"},\"logo\":{\"@id\":\"https:\\\/\\\/welikecanarias.com\\\/wp-content\\\/uploads\\\/2025\\\/09\\\/cropped-Canarias.png\"},\"sameAs\":[\"http:\\\/\\\/welikecanarias.wordpress.com\"],\"url\":\"https:\\\/\\\/welikecanarias.com\\\/de\\\/author\\\/welikecanarias\\\/\"}]}<\/script>\n<!-- \/ Yoast SEO plugin. -->","yoast_head_json":{"title":"25 Charmante Unterk\u00fcnfte auf Fuerteventura","description":"Entdecken Sie die besten charmanten Unterk\u00fcnfte auf Fuerteventura: traditionelle H\u00e4user, Boutique-Hotels, Villen direkt am Meer.","robots":{"index":"index","follow":"follow","max-snippet":"max-snippet:-1","max-image-preview":"max-image-preview:large","max-video-preview":"max-video-preview:-1"},"canonical":"https:\/\/welikecanarias.com\/de\/charmante-unterkuenfte-fuerteventura\/","og_locale":"de_DE","og_type":"article","og_title":"25 Charmante Unterk\u00fcnfte auf Fuerteventura","og_description":"Entdecken Sie die besten charmanten Unterk\u00fcnfte auf Fuerteventura: traditionelle H\u00e4user, Boutique-Hotels, Villen direkt am Meer.","og_url":"https:\/\/welikecanarias.com\/de\/charmante-unterkuenfte-fuerteventura\/","og_site_name":"WeLikeCanarias","article_published_time":"2025-07-14T13:41:02+00:00","article_modified_time":"2025-07-18T16:33:43+00:00","og_image":[{"width":2560,"height":1722,"url":"https:\/\/welikecanarias.com\/wp-content\/uploads\/2025\/07\/alojamiento-con-encanto-fuerteventura-scaled.jpg","type":"image\/jpeg"}],"author":"WeLikeCanarias","twitter_card":"summary_large_image","twitter_misc":{"Verfasst von":"WeLikeCanarias","Gesch\u00e4tzte Lesezeit":"19\u00a0Minuten"},"schema":{"@context":"https:\/\/schema.org","@graph":[{"@type":["Article","BlogPosting"],"@id":"https:\/\/welikecanarias.com\/de\/charmante-unterkuenfte-fuerteventura\/#article","isPartOf":{"@id":"https:\/\/welikecanarias.com\/de\/charmante-unterkuenfte-fuerteventura\/"},"author":{"name":"WeLikeCanarias","@id":"https:\/\/welikecanarias.com\/de\/#\/schema\/person\/8f32b8fa9eacbc052e5cac461636dd27"},"headline":"Charmante Unterk\u00fcnfte auf Fuerteventura: Finden Sie Ihren idealen Platz!","datePublished":"2025-07-14T13:41:02+00:00","dateModified":"2025-07-18T16:33:43+00:00","mainEntityOfPage":{"@id":"https:\/\/welikecanarias.com\/de\/charmante-unterkuenfte-fuerteventura\/"},"wordCount":1519,"publisher":{"@id":"https:\/\/welikecanarias.com\/de\/#\/schema\/person\/8f32b8fa9eacbc052e5cac461636dd27"},"image":{"@id":"https:\/\/welikecanarias.com\/de\/charmante-unterkuenfte-fuerteventura\/#primaryimage"},"thumbnailUrl":"https:\/\/welikecanarias.com\/wp-content\/uploads\/2025\/07\/alojamiento-con-encanto-fuerteventura-scaled.jpg","keywords":["Besondere Unterkunft Fuerteventura","Fuerteventuras sch\u00f6nste Hotels","L\u00e4ndliches Hotel Fuerteventura"],"articleSection":["Fuerteventura","Unterkunft"],"inLanguage":"de"},{"@type":"WebPage","@id":"https:\/\/welikecanarias.com\/de\/charmante-unterkuenfte-fuerteventura\/","url":"https:\/\/welikecanarias.com\/de\/charmante-unterkuenfte-fuerteventura\/","name":"25 Charmante Unterk\u00fcnfte auf Fuerteventura","isPartOf":{"@id":"https:\/\/welikecanarias.com\/de\/#website"},"primaryImageOfPage":{"@id":"https:\/\/welikecanarias.com\/de\/charmante-unterkuenfte-fuerteventura\/#primaryimage"},"image":{"@id":"https:\/\/welikecanarias.com\/de\/charmante-unterkuenfte-fuerteventura\/#primaryimage"},"thumbnailUrl":"https:\/\/welikecanarias.com\/wp-content\/uploads\/2025\/07\/alojamiento-con-encanto-fuerteventura-scaled.jpg","datePublished":"2025-07-14T13:41:02+00:00","dateModified":"2025-07-18T16:33:43+00:00","description":"Entdecken Sie die besten charmanten Unterk\u00fcnfte auf Fuerteventura: traditionelle H\u00e4user, Boutique-Hotels, Villen direkt am Meer.","breadcrumb":{"@id":"https:\/\/welikecanarias.com\/de\/charmante-unterkuenfte-fuerteventura\/#breadcrumb"},"inLanguage":"de","potentialAction":[{"@type":"ReadAction","target":["https:\/\/welikecanarias.com\/de\/charmante-unterkuenfte-fuerteventura\/"]}]},{"@type":"ImageObject","inLanguage":"de","@id":"https:\/\/welikecanarias.com\/de\/charmante-unterkuenfte-fuerteventura\/#primaryimage","url":"https:\/\/welikecanarias.com\/wp-content\/uploads\/2025\/07\/alojamiento-con-encanto-fuerteventura-scaled.jpg","contentUrl":"https:\/\/welikecanarias.com\/wp-content\/uploads\/2025\/07\/alojamiento-con-encanto-fuerteventura-scaled.jpg","width":2560,"height":1722,"caption":"Vista de un chico disfrutando de las vistas en uno de los hoteles con encanto en Fuerteventura"},{"@type":"BreadcrumbList","@id":"https:\/\/welikecanarias.com\/de\/charmante-unterkuenfte-fuerteventura\/#breadcrumb","itemListElement":[{"@type":"ListItem","position":1,"name":"Portada","item":"https:\/\/welikecanarias.com\/de\/"},{"@type":"ListItem","position":2,"name":"Charmante Unterk\u00fcnfte auf Fuerteventura: Finden Sie Ihren idealen Platz!"}]},{"@type":"WebSite","@id":"https:\/\/welikecanarias.com\/de\/#website","url":"https:\/\/welikecanarias.com\/de\/","name":"WeLikeCanarias","description":"Blog de viaje por las Islas Canarias","publisher":{"@id":"https:\/\/welikecanarias.com\/de\/#\/schema\/person\/8f32b8fa9eacbc052e5cac461636dd27"},"potentialAction":[{"@type":"SearchAction","target":{"@type":"EntryPoint","urlTemplate":"https:\/\/welikecanarias.com\/de\/?s={search_term_string}"},"query-input":{"@type":"PropertyValueSpecification","valueRequired":true,"valueName":"search_term_string"}}],"inLanguage":"de"},{"@type":["Person","Organization"],"@id":"https:\/\/welikecanarias.com\/de\/#\/schema\/person\/8f32b8fa9eacbc052e5cac461636dd27","name":"WeLikeCanarias","image":{"@type":"ImageObject","inLanguage":"de","@id":"https:\/\/welikecanarias.com\/wp-content\/uploads\/2025\/09\/cropped-Canarias.png","url":"https:\/\/welikecanarias.com\/wp-content\/uploads\/2025\/09\/cropped-Canarias.png","contentUrl":"https:\/\/welikecanarias.com\/wp-content\/uploads\/2025\/09\/cropped-Canarias.png","width":1147,"height":867,"caption":"WeLikeCanarias"},"logo":{"@id":"https:\/\/welikecanarias.com\/wp-content\/uploads\/2025\/09\/cropped-Canarias.png"},"sameAs":["http:\/\/welikecanarias.wordpress.com"],"url":"https:\/\/welikecanarias.com\/de\/author\/welikecanarias\/"}]}},"_links":{"self":[{"href":"https:\/\/welikecanarias.com\/de\/wp-json\/wp\/v2\/posts\/74359","targetHints":{"allow":["GET"]}}],"collection":[{"href":"https:\/\/welikecanarias.com\/de\/wp-json\/wp\/v2\/posts"}],"about":[{"href":"https:\/\/welikecanarias.com\/de\/wp-json\/wp\/v2\/types\/post"}],"author":[{"embeddable":true,"href":"https:\/\/welikecanarias.com\/de\/wp-json\/wp\/v2\/users\/244305394"}],"replies":[{"embeddable":true,"href":"https:\/\/welikecanarias.com\/de\/wp-json\/wp\/v2\/comments?post=74359"}],"version-history":[{"count":0,"href":"https:\/\/welikecanarias.com\/de\/wp-json\/wp\/v2\/posts\/74359\/revisions"}],"wp:featuredmedia":[{"embeddable":true,"href":"https:\/\/welikecanarias.com\/de\/wp-json\/wp\/v2\/media\/73414"}],"wp:attachment":[{"href":"https:\/\/welikecanarias.com\/de\/wp-json\/wp\/v2\/media?parent=74359"}],"wp:term":[{"taxonomy":"category","embeddable":true,"href":"https:\/\/welikecanarias.com\/de\/wp-json\/wp\/v2\/categories?post=74359"},{"taxonomy":"post_tag","embeddable":true,"href":"https:\/\/welikecanarias.com\/de\/wp-json\/wp\/v2\/tags?post=74359"}],"curies":[{"name":"wp","href":"https:\/\/api.w.org\/{rel}","templated":true}]}}