{"id":52192,"date":"2024-03-05T21:21:30","date_gmt":"2024-03-05T21:21:30","guid":{"rendered":"https:\/\/welikecanarias.com\/segeln-auf-gran-canaria-ein-paradies-fuer-segler\/"},"modified":"2025-03-28T13:45:44","modified_gmt":"2025-03-28T13:45:44","slug":"segeln-auf-gran-canaria","status":"publish","type":"post","link":"https:\/\/welikecanarias.com\/de\/segeln-auf-gran-canaria\/","title":{"rendered":"Segeln auf Gran Canaria: Ein Paradies f\u00fcr Segler"},"content":{"rendered":"\t\t<div data-elementor-type=\"wp-post\" data-elementor-id=\"52192\" class=\"elementor elementor-52192 elementor-12339\" data-elementor-post-type=\"post\">\n\t\t\t\t<div class=\"elementor-element elementor-element-275e1ef e-flex e-con-boxed e-con e-parent\" data-id=\"275e1ef\" data-element_type=\"container\" data-e-type=\"container\" data-settings=\"{&quot;background_background&quot;:&quot;classic&quot;,&quot;shape_divider_bottom&quot;:&quot;wave-brush&quot;}\">\n\t\t\t\t\t<div class=\"e-con-inner\">\n\t\t\t\t<div class=\"elementor-shape elementor-shape-bottom\" aria-hidden=\"true\" data-negative=\"false\">\n\t\t\t<svg xmlns=\"http:\/\/www.w3.org\/2000\/svg\" viewBox=\"0 0 283.5 27.8\" preserveAspectRatio=\"none\">\n\t<path class=\"elementor-shape-fill\" d=\"M283.5,9.7c0,0-7.3,4.3-14,4.6c-6.8,0.3-12.6,0-20.9-1.5c-11.3-2-33.1-10.1-44.7-5.7\ts-12.1,4.6-18,7.4c-6.6,3.2-20,9.6-36.6,9.3C131.6,23.5,99.5,7.2,86.3,8c-1.4,0.1-6.6,0.8-10.5,2c-3.8,1.2-9.4,3.8-17,4.7\tc-3.2,0.4-8.3,1.1-14.2,0.9c-1.5-0.1-6.3-0.4-12-1.6c-5.7-1.2-11-3.1-15.8-3.7C6.5,9.2,0,10.8,0,10.8V0h283.5V9.7z M260.8,11.3\tc-0.7-1-2-0.4-4.3-0.4c-2.3,0-6.1-1.2-5.8-1.1c0.3,0.1,3.1,1.5,6,1.9C259.7,12.2,261.4,12.3,260.8,11.3z M242.4,8.6\tc0,0-2.4-0.2-5.6-0.9c-3.2-0.8-10.3-2.8-15.1-3.5c-8.2-1.1-15.8,0-15.1,0.1c0.8,0.1,9.6-0.6,17.6,1.1c3.3,0.7,9.3,2.2,12.4,2.7\tC239.9,8.7,242.4,8.6,242.4,8.6z M185.2,8.5c1.7-0.7-13.3,4.7-18.5,6.1c-2.1,0.6-6.2,1.6-10,2c-3.9,0.4-8.9,0.4-8.8,0.5\tc0,0.2,5.8,0.8,11.2,0c5.4-0.8,5.2-1.1,7.6-1.6C170.5,14.7,183.5,9.2,185.2,8.5z M199.1,6.9c0.2,0-0.8-0.4-4.8,1.1\tc-4,1.5-6.7,3.5-6.9,3.7c-0.2,0.1,3.5-1.8,6.6-3C197,7.5,199,6.9,199.1,6.9z M283,6c-0.1,0.1-1.9,1.1-4.8,2.5s-6.9,2.8-6.7,2.7\tc0.2,0,3.5-0.6,7.4-2.5C282.8,6.8,283.1,5.9,283,6z M31.3,11.6c0.1-0.2-1.9-0.2-4.5-1.2s-5.4-1.6-7.8-2C15,7.6,7.3,8.5,7.7,8.6\tC8,8.7,15.9,8.3,20.2,9.3c2.2,0.5,2.4,0.5,5.7,1.6S31.2,11.9,31.3,11.6z M73,9.2c0.4-0.1,3.5-1.6,8.4-2.6c4.9-1.1,8.9-0.5,8.9-0.8\tc0-0.3-1-0.9-6.2-0.3S72.6,9.3,73,9.2z M71.6,6.7C71.8,6.8,75,5.4,77.3,5c2.3-0.3,1.9-0.5,1.9-0.6c0-0.1-1.1-0.2-2.7,0.2\tC74.8,5.1,71.4,6.6,71.6,6.7z M93.6,4.4c0.1,0.2,3.5,0.8,5.6,1.8c2.1,1,1.8,0.6,1.9,0.5c0.1-0.1-0.8-0.8-2.4-1.3\tC97.1,4.8,93.5,4.2,93.6,4.4z M65.4,11.1c-0.1,0.3,0.3,0.5,1.9-0.2s2.6-1.3,2.2-1.2s-0.9,0.4-2.5,0.8C65.3,10.9,65.5,10.8,65.4,11.1\tz M34.5,12.4c-0.2,0,2.1,0.8,3.3,0.9c1.2,0.1,2,0.1,2-0.2c0-0.3-0.1-0.5-1.6-0.4C36.6,12.8,34.7,12.4,34.5,12.4z M152.2,21.1\tc-0.1,0.1-2.4-0.3-7.5-0.3c-5,0-13.6-2.4-17.2-3.5c-3.6-1.1,10,3.9,16.5,4.1C150.5,21.6,152.3,21,152.2,21.1z\"\/>\n\t<path class=\"elementor-shape-fill\" d=\"M269.6,18c-0.1-0.1-4.6,0.3-7.2,0c-7.3-0.7-17-3.2-16.6-2.9c0.4,0.3,13.7,3.1,17,3.3\tC267.7,18.8,269.7,18,269.6,18z\"\/>\n\t<path class=\"elementor-shape-fill\" d=\"M227.4,9.8c-0.2-0.1-4.5-1-9.5-1.2c-5-0.2-12.7,0.6-12.3,0.5c0.3-0.1,5.9-1.8,13.3-1.2\tS227.6,9.9,227.4,9.8z\"\/>\n\t<path class=\"elementor-shape-fill\" d=\"M204.5,13.4c-0.1-0.1,2-1,3.2-1.1c1.2-0.1,2,0,2,0.3c0,0.3-0.1,0.5-1.6,0.4\tC206.4,12.9,204.6,13.5,204.5,13.4z\"\/>\n\t<path class=\"elementor-shape-fill\" d=\"M201,10.6c0-0.1-4.4,1.2-6.3,2.2c-1.9,0.9-6.2,3.1-6.1,3.1c0.1,0.1,4.2-1.6,6.3-2.6\tS201,10.7,201,10.6z\"\/>\n\t<path class=\"elementor-shape-fill\" d=\"M154.5,26.7c-0.1-0.1-4.6,0.3-7.2,0c-7.3-0.7-17-3.2-16.6-2.9c0.4,0.3,13.7,3.1,17,3.3\tC152.6,27.5,154.6,26.8,154.5,26.7z\"\/>\n\t<path class=\"elementor-shape-fill\" d=\"M41.9,19.3c0,0,1.2-0.3,2.9-0.1c1.7,0.2,5.8,0.9,8.2,0.7c4.2-0.4,7.4-2.7,7-2.6\tc-0.4,0-4.3,2.2-8.6,1.9c-1.8-0.1-5.1-0.5-6.7-0.4S41.9,19.3,41.9,19.3z\"\/>\n\t<path class=\"elementor-shape-fill\" d=\"M75.5,12.6c0.2,0.1,2-0.8,4.3-1.1c2.3-0.2,2.1-0.3,2.1-0.5c0-0.1-1.8-0.4-3.4,0\tC76.9,11.5,75.3,12.5,75.5,12.6z\"\/>\n\t<path class=\"elementor-shape-fill\" d=\"M15.6,13.2c0-0.1,4.3,0,6.7,0.5c2.4,0.5,5,1.9,5,2c0,0.1-2.7-0.8-5.1-1.4\tC19.9,13.7,15.7,13.3,15.6,13.2z\"\/>\n<\/svg>\t\t<\/div>\n\t\t\t\t<div class=\"elementor-element elementor-element-281abc8 elementor-widget__width-initial elementor-widget-mobile__width-initial elementor-widget elementor-widget-heading\" data-id=\"281abc8\" data-element_type=\"widget\" data-e-type=\"widget\" data-widget_type=\"heading.default\">\n\t\t\t\t<div class=\"elementor-widget-container\">\n\t\t\t\t\t<h1 class=\"elementor-heading-title elementor-size-default\">Segeln auf Gran Canaria: Ein Paradies f\u00fcr Segler<\/h1>\t\t\t\t<\/div>\n\t\t\t\t<\/div>\n\t\t\t\t\t<\/div>\n\t\t\t\t<\/div>\n\t\t<div class=\"elementor-element elementor-element-8aac1cf e-flex e-con-boxed e-con e-parent\" data-id=\"8aac1cf\" data-element_type=\"container\" data-e-type=\"container\">\n\t\t\t\t\t<div class=\"e-con-inner\">\n\t\t\t\t<div class=\"elementor-element elementor-element-0f331c4 elementor-widget elementor-widget-heading\" data-id=\"0f331c4\" data-element_type=\"widget\" data-e-type=\"widget\" data-widget_type=\"heading.default\">\n\t\t\t\t<div class=\"elementor-widget-container\">\n\t\t\t\t\t<p class=\"elementor-heading-title elementor-size-default\">Segeln auf Gran Canaria bietet dank des g\u00fcnstigen Klimas und der Segelbedingungen ein einzigartiges Erlebnis. Mit konstanten Passatwinden und angenehmen Temperaturen ist die Insel ein ideales Ziel f\u00fcr Segelbegeisterte. Die reiche Geschichte des Segelns auf Gran Canaria ist gepr\u00e4gt von der Vela Latina, einer tief verwurzelten kulturellen Tradition. Dar\u00fcber hinaus tragen die verschiedenen Segelschulen und nautischen Veranstaltungen zur Leidenschaft f\u00fcr diesen Sport auf der Insel bei.   <\/p>\t\t\t\t<\/div>\n\t\t\t\t<\/div>\n\t\t\t\t\t<\/div>\n\t\t\t\t<\/div>\n\t\t<div class=\"elementor-element elementor-element-a03cd8d e-flex e-con-boxed e-con e-parent\" data-id=\"a03cd8d\" data-element_type=\"container\" data-e-type=\"container\">\n\t\t\t\t\t<div class=\"e-con-inner\">\n\t\t<div class=\"elementor-element elementor-element-181de13 e-grid e-con-full e-con e-child\" data-id=\"181de13\" data-element_type=\"container\" data-e-type=\"container\">\n\t\t\t\t<div class=\"elementor-element elementor-element-86052e7 elementor-widget elementor-widget-text-editor\" data-id=\"86052e7\" data-element_type=\"widget\" data-e-type=\"widget\" data-widget_type=\"text-editor.default\">\n\t\t\t\t<div class=\"elementor-widget-container\">\n\t\t\t\t\t\t\t\t\t<p><span style=\"color: #000000;\">Segeln auf Gran Canaria ist ein einzigartiges Erlebnis, das man dank der konstanten Winde und des privilegierten Klimas das ganze Jahr \u00fcber genie\u00dfen kann. Die Insel bietet hervorragende Segelbedingungen, die sowohl f\u00fcr Anf\u00e4nger als auch f\u00fcr erfahrene Segler geeignet sind. <\/span><\/p>\n\t\t\t\t\t\t\t\t<\/div>\n\t\t\t\t<\/div>\n\t\t\t\t<div class=\"elementor-element elementor-element-f65e14d elementor-widget elementor-widget-text-editor\" data-id=\"f65e14d\" data-element_type=\"widget\" data-e-type=\"widget\" data-widget_type=\"text-editor.default\">\n\t\t\t\t<div class=\"elementor-widget-container\">\n\t\t\t\t\t\t\t\t\t<p><span style=\"color: #000000;\">Au\u00dferdem gibt es hier Jachth\u00e4fen, Segelschulen und renommierte Regatten, die Gran Canaria zu einem idealen Reiseziel f\u00fcr Liebhaber dieses Sports machen. Ganz gleich, ob Sie Ihre Technik perfektionieren oder mit dem Segeln beginnen m\u00f6chten, hier finden Sie den perfekten Rahmen, um \u00fcber den Atlantik zu segeln. <\/span><\/p>\n\t\t\t\t\t\t\t\t<\/div>\n\t\t\t\t<\/div>\n\t\t\t\t<\/div>\n\t\t\t\t\t<\/div>\n\t\t\t\t<\/div>\n\t\t<div class=\"elementor-element elementor-element-863aee2 e-flex e-con-boxed e-con e-parent\" data-id=\"863aee2\" data-element_type=\"container\" data-e-type=\"container\">\n\t\t\t\t\t<div class=\"e-con-inner\">\n\t\t\t\t<div class=\"elementor-element elementor-element-af47e49 elementor-widget elementor-widget-shortcode\" data-id=\"af47e49\" data-element_type=\"widget\" data-e-type=\"widget\" data-widget_type=\"shortcode.default\">\n\t\t\t\t<div class=\"elementor-widget-container\">\n\t\t\t\t\t\t\t<div class=\"elementor-shortcode\"><a class=\"weatherwidget-io\" href=\"https:\/\/forecast7.com\/es\/28d12n15d44\/las-palmas-de-gran-canaria\/\" data-label_1=\"LAS PALMAS DE GRAN CANARIA\" data-label_2=\"WEATHER\" data-theme=\"sky\">LAS PALMAS DE GRAN CANARIA WETTER<\/a>\n<script>\n!function(d,s,id){var js,fjs=d.getElementsByTagName(s)[0];if(!d.getElementById(id)){js=d.createElement(s);js.id=id;js.src='https:\/\/weatherwidget.io\/js\/widget.min.js';fjs.parentNode.insertBefore(js,fjs);}}(document,'script','weatherwidget-io-js');\n<\/script><\/div>\n\t\t\t\t\t\t<\/div>\n\t\t\t\t<\/div>\n\t\t\t\t\t<\/div>\n\t\t\t\t<\/div>\n\t\t<div class=\"elementor-element elementor-element-768d294 e-flex e-con-boxed e-con e-parent\" data-id=\"768d294\" data-element_type=\"container\" data-e-type=\"container\" id=\"INDICE\">\n\t\t\t\t\t<div class=\"e-con-inner\">\n\t\t<div class=\"elementor-element elementor-element-b5aeb51 e-con-full e-flex e-con e-child\" data-id=\"b5aeb51\" data-element_type=\"container\" data-e-type=\"container\">\n\t\t\t\t<div class=\"elementor-element elementor-element-0b2e539 elementor-widget elementor-widget-button\" data-id=\"0b2e539\" data-element_type=\"widget\" data-e-type=\"widget\" data-widget_type=\"button.default\">\n\t\t\t\t<div class=\"elementor-widget-container\">\n\t\t\t\t\t\t\t\t\t<div class=\"elementor-button-wrapper\">\n\t\t\t\t\t<a class=\"elementor-button elementor-button-link elementor-size-sm\" href=\"#\">\n\t\t\t\t\t\t<span class=\"elementor-button-content-wrapper\">\n\t\t\t\t\t\t\t\t\t<span class=\"elementor-button-text\">Inhaltsverzeichnis<\/span>\n\t\t\t\t\t<\/span>\n\t\t\t\t\t<\/a>\n\t\t\t\t<\/div>\n\t\t\t\t\t\t\t\t<\/div>\n\t\t\t\t<\/div>\n\t\t<div class=\"elementor-element elementor-element-55a8cfd e-con-full e-grid e-con e-child\" data-id=\"55a8cfd\" data-element_type=\"container\" data-e-type=\"container\">\n\t\t\t\t<div class=\"elementor-element elementor-element-156a769 elementor-icon-list--layout-traditional elementor-list-item-link-full_width elementor-widget elementor-widget-icon-list\" data-id=\"156a769\" data-element_type=\"widget\" data-e-type=\"widget\" data-widget_type=\"icon-list.default\">\n\t\t\t\t<div class=\"elementor-widget-container\">\n\t\t\t\t\t\t\t<ul class=\"elementor-icon-list-items\">\n\t\t\t\t\t\t\t<li class=\"elementor-icon-list-item\">\n\t\t\t\t\t\t\t\t\t\t\t<a href=\"#1\">\n\n\t\t\t\t\t\t\t\t\t\t\t\t<span class=\"elementor-icon-list-icon\">\n\t\t\t\t\t\t\t<svg xmlns=\"http:\/\/www.w3.org\/2000\/svg\" xmlns:xlink=\"http:\/\/www.w3.org\/1999\/xlink\" id=\"Capa_1\" x=\"0px\" y=\"0px\" viewBox=\"0 0 426.667 426.667\" style=\"enable-background:new 0 0 426.667 426.667;\" xml:space=\"preserve\"> <g> <g> <g> <path d=\"M213.333,106.667c-58.88,0-106.667,47.787-106.667,106.667S154.453,320,213.333,320S320,272.213,320,213.333 S272.213,106.667,213.333,106.667z\"><\/path> <path d=\"M213.333,0C95.467,0,0,95.467,0,213.333s95.467,213.333,213.333,213.333S426.667,331.2,426.667,213.333 S331.2,0,213.333,0z M213.333,384c-94.293,0-170.667-76.373-170.667-170.667S119.04,42.667,213.333,42.667 S384,119.04,384,213.333S307.627,384,213.333,384z\"><\/path> <\/g> <\/g> <\/g> <g> <\/g> <g> <\/g> <g> <\/g> <g> <\/g> <g> <\/g> <g> <\/g> <g> <\/g> <g> <\/g> <g> <\/g> <g> <\/g> <g> <\/g> <g> <\/g> <g> <\/g> <g> <\/g> <g> <\/g> <\/svg>\t\t\t\t\t\t<\/span>\n\t\t\t\t\t\t\t\t\t\t<span class=\"elementor-icon-list-text\">1. Wetter und Segelbedingungen<\/span>\n\t\t\t\t\t\t\t\t\t\t\t<\/a>\n\t\t\t\t\t\t\t\t\t<\/li>\n\t\t\t\t\t\t\t\t<li class=\"elementor-icon-list-item\">\n\t\t\t\t\t\t\t\t\t\t\t<a href=\"#2\">\n\n\t\t\t\t\t\t\t\t\t\t\t\t<span class=\"elementor-icon-list-icon\">\n\t\t\t\t\t\t\t<svg xmlns=\"http:\/\/www.w3.org\/2000\/svg\" xmlns:xlink=\"http:\/\/www.w3.org\/1999\/xlink\" id=\"Capa_1\" x=\"0px\" y=\"0px\" viewBox=\"0 0 426.667 426.667\" style=\"enable-background:new 0 0 426.667 426.667;\" xml:space=\"preserve\"> <g> <g> <g> <path d=\"M213.333,106.667c-58.88,0-106.667,47.787-106.667,106.667S154.453,320,213.333,320S320,272.213,320,213.333 S272.213,106.667,213.333,106.667z\"><\/path> <path d=\"M213.333,0C95.467,0,0,95.467,0,213.333s95.467,213.333,213.333,213.333S426.667,331.2,426.667,213.333 S331.2,0,213.333,0z M213.333,384c-94.293,0-170.667-76.373-170.667-170.667S119.04,42.667,213.333,42.667 S384,119.04,384,213.333S307.627,384,213.333,384z\"><\/path> <\/g> <\/g> <\/g> <g> <\/g> <g> <\/g> <g> <\/g> <g> <\/g> <g> <\/g> <g> <\/g> <g> <\/g> <g> <\/g> <g> <\/g> <g> <\/g> <g> <\/g> <g> <\/g> <g> <\/g> <g> <\/g> <g> <\/g> <\/svg>\t\t\t\t\t\t<\/span>\n\t\t\t\t\t\t\t\t\t\t<span class=\"elementor-icon-list-text\">2. Die Tradition des Lateen-Segelns<\/span>\n\t\t\t\t\t\t\t\t\t\t\t<\/a>\n\t\t\t\t\t\t\t\t\t<\/li>\n\t\t\t\t\t\t\t\t<li class=\"elementor-icon-list-item\">\n\t\t\t\t\t\t\t\t\t\t\t<a href=\"#3\">\n\n\t\t\t\t\t\t\t\t\t\t\t\t<span class=\"elementor-icon-list-icon\">\n\t\t\t\t\t\t\t<svg xmlns=\"http:\/\/www.w3.org\/2000\/svg\" xmlns:xlink=\"http:\/\/www.w3.org\/1999\/xlink\" id=\"Capa_1\" x=\"0px\" y=\"0px\" viewBox=\"0 0 426.667 426.667\" style=\"enable-background:new 0 0 426.667 426.667;\" xml:space=\"preserve\"> <g> <g> <g> <path d=\"M213.333,106.667c-58.88,0-106.667,47.787-106.667,106.667S154.453,320,213.333,320S320,272.213,320,213.333 S272.213,106.667,213.333,106.667z\"><\/path> <path d=\"M213.333,0C95.467,0,0,95.467,0,213.333s95.467,213.333,213.333,213.333S426.667,331.2,426.667,213.333 S331.2,0,213.333,0z M213.333,384c-94.293,0-170.667-76.373-170.667-170.667S119.04,42.667,213.333,42.667 S384,119.04,384,213.333S307.627,384,213.333,384z\"><\/path> <\/g> <\/g> <\/g> <g> <\/g> <g> <\/g> <g> <\/g> <g> <\/g> <g> <\/g> <g> <\/g> <g> <\/g> <g> <\/g> <g> <\/g> <g> <\/g> <g> <\/g> <g> <\/g> <g> <\/g> <g> <\/g> <g> <\/g> <\/svg>\t\t\t\t\t\t<\/span>\n\t\t\t\t\t\t\t\t\t\t<span class=\"elementor-icon-list-text\">  3. segelschulen auf Gran Canaria <\/span>\n\t\t\t\t\t\t\t\t\t\t\t<\/a>\n\t\t\t\t\t\t\t\t\t<\/li>\n\t\t\t\t\t\t\t\t<li class=\"elementor-icon-list-item\">\n\t\t\t\t\t\t\t\t\t\t\t<a href=\"#4\">\n\n\t\t\t\t\t\t\t\t\t\t\t\t<span class=\"elementor-icon-list-icon\">\n\t\t\t\t\t\t\t<svg xmlns=\"http:\/\/www.w3.org\/2000\/svg\" xmlns:xlink=\"http:\/\/www.w3.org\/1999\/xlink\" id=\"Capa_1\" x=\"0px\" y=\"0px\" viewBox=\"0 0 426.667 426.667\" style=\"enable-background:new 0 0 426.667 426.667;\" xml:space=\"preserve\"> <g> <g> <g> <path d=\"M213.333,106.667c-58.88,0-106.667,47.787-106.667,106.667S154.453,320,213.333,320S320,272.213,320,213.333 S272.213,106.667,213.333,106.667z\"><\/path> <path d=\"M213.333,0C95.467,0,0,95.467,0,213.333s95.467,213.333,213.333,213.333S426.667,331.2,426.667,213.333 S331.2,0,213.333,0z M213.333,384c-94.293,0-170.667-76.373-170.667-170.667S119.04,42.667,213.333,42.667 S384,119.04,384,213.333S307.627,384,213.333,384z\"><\/path> <\/g> <\/g> <\/g> <g> <\/g> <g> <\/g> <g> <\/g> <g> <\/g> <g> <\/g> <g> <\/g> <g> <\/g> <g> <\/g> <g> <\/g> <g> <\/g> <g> <\/g> <g> <\/g> <g> <\/g> <g> <\/g> <g> <\/g> <\/svg>\t\t\t\t\t\t<\/span>\n\t\t\t\t\t\t\t\t\t\t<span class=\"elementor-icon-list-text\">4. Segelveranstaltungen und Wettk\u00e4mpfe<\/span>\n\t\t\t\t\t\t\t\t\t\t\t<\/a>\n\t\t\t\t\t\t\t\t\t<\/li>\n\t\t\t\t\t\t<\/ul>\n\t\t\t\t\t\t<\/div>\n\t\t\t\t<\/div>\n\t\t\t\t<\/div>\n\t\t\t\t<\/div>\n\t\t\t\t\t<\/div>\n\t\t\t\t<\/div>\n\t\t<div class=\"elementor-element elementor-element-a5f3283 e-flex e-con-boxed e-con e-parent\" data-id=\"a5f3283\" data-element_type=\"container\" data-e-type=\"container\">\n\t\t\t\t\t<div class=\"e-con-inner\">\n\t\t\t\t<div class=\"elementor-element elementor-element-90d611e elementor-widget-divider--view-line elementor-widget elementor-widget-divider\" data-id=\"90d611e\" data-element_type=\"widget\" data-e-type=\"widget\" data-widget_type=\"divider.default\">\n\t\t\t\t<div class=\"elementor-widget-container\">\n\t\t\t\t\t\t\t<div class=\"elementor-divider\">\n\t\t\t<span class=\"elementor-divider-separator\">\n\t\t\t\t\t\t<\/span>\n\t\t<\/div>\n\t\t\t\t\t\t<\/div>\n\t\t\t\t<\/div>\n\t\t\t\t\t<\/div>\n\t\t\t\t<\/div>\n\t\t<div class=\"elementor-element elementor-element-3ded8ae e-grid e-con-boxed e-con e-parent\" data-id=\"3ded8ae\" data-element_type=\"container\" data-e-type=\"container\">\n\t\t\t\t\t<div class=\"e-con-inner\">\n\t\t<div class=\"elementor-element elementor-element-363d28c e-con-full e-flex e-con e-child\" data-id=\"363d28c\" data-element_type=\"container\" data-e-type=\"container\">\n\t\t\t\t<div class=\"elementor-element elementor-element-66ce9e7 elementor-cta--skin-classic elementor-animated-content elementor-bg-transform elementor-bg-transform-zoom-in elementor-widget elementor-widget-call-to-action\" data-id=\"66ce9e7\" data-element_type=\"widget\" data-e-type=\"widget\" data-widget_type=\"call-to-action.default\">\n\t\t\t\t<div class=\"elementor-widget-container\">\n\t\t\t\t\t\t\t<a class=\"elementor-cta\" href=\"https:\/\/www.worldcruising.com\/arc_plus\/arcplus_itinerary.aspx\">\n\t\t\t\t\t<div class=\"elementor-cta__bg-wrapper\">\n\t\t\t\t<div class=\"elementor-cta__bg elementor-bg lazyload\" style=\"background-image:inherit;\" role=\"img\" aria-label=\"Vista de barco preparado para la regata ARC en Gran Canaria\" data-bg-image=\"url(https:\/\/welikecanarias.com\/wp-content\/uploads\/2024\/03\/barco-arc-gran-canaria-1024x683.jpeg)\"><\/div>\n\t\t\t\t<div class=\"elementor-cta__bg-overlay\"><\/div>\n\t\t\t<\/div>\n\t\t\t\t\t\t\t<div class=\"elementor-cta__content\">\n\t\t\t\t\n\t\t\t\t\t\t\t\t\t<h2 class=\"elementor-cta__title elementor-cta__content-item elementor-content-item\">\n\t\t\t\t\t\tARC Gran Canaria Regatta\t\t\t\t\t<\/h2>\n\t\t\t\t\n\t\t\t\t\t\t\t\t\t<div class=\"elementor-cta__description elementor-cta__content-item elementor-content-item\">\n\t\t\t\t\t\t<p>Seit 1986 findet jedes Jahr im November die Atlantic Rally for Cruisers (ARC) statt, die von Las Palmas de Gran Canaria aus in die Karibik f\u00fchrt und Yachten aus der ganzen Welt zusammenbringt. Die Veranstaltung hat zwei Modalit\u00e4ten: die ARC+, die einen Zwischenstopp auf den Kapverden einschlie\u00dft, bevor sie nach Grenada weiterf\u00e4hrt, und die ARC, die eine direkte Route nach Saint Lucia nimmt.   <\/p>\n\t\t\t\t\t<\/div>\n\t\t\t\t\n\t\t\t\t\t\t\t\t\t<div class=\"elementor-cta__button-wrapper elementor-cta__content-item elementor-content-item \">\n\t\t\t\t\t<span class=\"elementor-cta__button elementor-button elementor-size-\">\n\t\t\t\t\t\tWebsite\t\t\t\t\t<\/span>\n\t\t\t\t\t<\/div>\n\t\t\t\t\t\t\t<\/div>\n\t\t\t\t\t\t<\/a>\n\t\t\t\t\t\t<\/div>\n\t\t\t\t<\/div>\n\t\t\t\t<\/div>\n\t\t<div class=\"elementor-element elementor-element-354e7ac e-con-full e-flex e-con e-child\" data-id=\"354e7ac\" data-element_type=\"container\" data-e-type=\"container\">\n\t\t\t\t<div class=\"elementor-element elementor-element-fadba05 elementor-cta--skin-classic elementor-animated-content elementor-bg-transform elementor-bg-transform-zoom-in elementor-widget elementor-widget-call-to-action\" data-id=\"fadba05\" data-element_type=\"widget\" data-e-type=\"widget\" data-widget_type=\"call-to-action.default\">\n\t\t\t\t<div class=\"elementor-widget-container\">\n\t\t\t\t\t\t\t<a class=\"elementor-cta\" href=\"https:\/\/federacionvelalatinadebotes.com\/\">\n\t\t\t\t\t<div class=\"elementor-cta__bg-wrapper\">\n\t\t\t\t<div class=\"elementor-cta__bg elementor-bg lazyload\" style=\"background-image:inherit;\" role=\"img\" aria-label=\"6241289451_d59b0b6c80_b\" data-bg-image=\"url(https:\/\/welikecanarias.com\/wp-content\/uploads\/2024\/03\/6241289451_d59b0b6c80_b.jpg)\"><\/div>\n\t\t\t\t<div class=\"elementor-cta__bg-overlay\"><\/div>\n\t\t\t<\/div>\n\t\t\t\t\t\t\t<div class=\"elementor-cta__content\">\n\t\t\t\t\n\t\t\t\t\t\t\t\t\t<h2 class=\"elementor-cta__title elementor-cta__content-item elementor-content-item\">\n\t\t\t\t\t\tVela Latina auf Gran Canaria\t\t\t\t\t<\/h2>\n\t\t\t\t\n\t\t\t\t\t\t\t\t\t<div class=\"elementor-cta__description elementor-cta__content-item elementor-content-item\">\n\t\t\t\t\t\t<p>Der Segelsport hat auf der Insel eine lange Tradition, vor allem in der Hauptstadt Las Palmas de Gran Canaria.<\/p>\n<p>Die Regatten finden in der Regel zwischen April und Oktober statt, wobei die Passatwinde ausgenutzt werden.<\/p>\n<p>Die Wettk\u00e4mpfe werden von vielen Fans verfolgt, und wenn Sie Lust haben, k\u00f6nnen Sie von der Avenida Mar\u00edtima aus einen authentischen kanarischen Segelwettbewerb beobachten.<\/p>\n\t\t\t\t\t<\/div>\n\t\t\t\t\n\t\t\t\t\t\t\t\t\t<div class=\"elementor-cta__button-wrapper elementor-cta__content-item elementor-content-item \">\n\t\t\t\t\t<span class=\"elementor-cta__button elementor-button elementor-size-\">\n\t\t\t\t\t\tWebsite\t\t\t\t\t<\/span>\n\t\t\t\t\t<\/div>\n\t\t\t\t\t\t\t<\/div>\n\t\t\t\t\t\t<\/a>\n\t\t\t\t\t\t<\/div>\n\t\t\t\t<\/div>\n\t\t\t\t<\/div>\n\t\t<div class=\"elementor-element elementor-element-0560fb1 e-con-full e-flex e-con e-child\" data-id=\"0560fb1\" data-element_type=\"container\" data-e-type=\"container\">\n\t\t\t\t<div class=\"elementor-element elementor-element-a8c33d5 elementor-cta--skin-classic elementor-animated-content elementor-bg-transform elementor-bg-transform-zoom-in elementor-widget elementor-widget-call-to-action\" data-id=\"a8c33d5\" data-element_type=\"widget\" data-e-type=\"widget\" data-widget_type=\"call-to-action.default\">\n\t\t\t\t<div class=\"elementor-widget-container\">\n\t\t\t\t\t\t\t<a class=\"elementor-cta\" href=\"https:\/\/www.rcngc.com\/public\/personalizados\/inicio\/6:51-N%C3%A1utica\">\n\t\t\t\t\t<div class=\"elementor-cta__bg-wrapper\">\n\t\t\t\t<div class=\"elementor-cta__bg elementor-bg lazyload\" style=\"background-image:inherit;\" role=\"img\" aria-label=\"Vela en Gran Canaria\" data-bg-image=\"url(https:\/\/welikecanarias.com\/wp-content\/uploads\/2024\/03\/20180406_135906-e1709748498333.jpg)\"><\/div>\n\t\t\t\t<div class=\"elementor-cta__bg-overlay\"><\/div>\n\t\t\t<\/div>\n\t\t\t\t\t\t\t<div class=\"elementor-cta__content\">\n\t\t\t\t\n\t\t\t\t\t\t\t\t\t<h2 class=\"elementor-cta__title elementor-cta__content-item elementor-content-item\">\n\t\t\t\t\t\tReal Club Na\u00fatico de Gran Canaria\t\t\t\t\t<\/h2>\n\t\t\t\t\n\t\t\t\t\t\t\t\t\t<div class=\"elementor-cta__description elementor-cta__content-item elementor-content-item\">\n\t\t\t\t\t\t<p>Der Real Club N\u00e1utico de Gran Canaria ist ein privater Sport-, Kultur- und Freizeitverein der Stadt Las Palmas de Gran Canaria, der 1908 gegr\u00fcndet wurde.<\/p>\n<p>Er organisiert die j\u00e4hrliche Trofeo S.A.R. Princesa de Asturias f\u00fcr Kreuzfahrtschiffe und hat zahlreiche Jollensegelwettbewerbe veranstaltet.<\/p>\n<p>Wenn Sie auf Gran Canaria sind, k\u00f6nnen Sie die M\u00f6glichkeit in Betracht ziehen, einen Segelkurs zu belegen.<\/p>\n\t\t\t\t\t<\/div>\n\t\t\t\t\n\t\t\t\t\t\t\t\t\t<div class=\"elementor-cta__button-wrapper elementor-cta__content-item elementor-content-item \">\n\t\t\t\t\t<span class=\"elementor-cta__button elementor-button elementor-size-\">\n\t\t\t\t\t\tWebsite\t\t\t\t\t<\/span>\n\t\t\t\t\t<\/div>\n\t\t\t\t\t\t\t<\/div>\n\t\t\t\t\t\t<\/a>\n\t\t\t\t\t\t<\/div>\n\t\t\t\t<\/div>\n\t\t\t\t<\/div>\n\t\t<div class=\"elementor-element elementor-element-4eb6713 e-con-full e-flex e-con e-child\" data-id=\"4eb6713\" data-element_type=\"container\" data-e-type=\"container\">\n\t\t\t\t<div class=\"elementor-element elementor-element-56c1f40 elementor-cta--skin-classic elementor-animated-content elementor-bg-transform elementor-bg-transform-zoom-in elementor-widget elementor-widget-call-to-action\" data-id=\"56c1f40\" data-element_type=\"widget\" data-e-type=\"widget\" data-widget_type=\"call-to-action.default\">\n\t\t\t\t<div class=\"elementor-widget-container\">\n\t\t\t\t\t\t\t<a class=\"elementor-cta\" href=\"https:\/\/www.escuelavelarcv.com\/cursos\/\">\n\t\t\t\t\t<div class=\"elementor-cta__bg-wrapper\">\n\t\t\t\t<div class=\"elementor-cta__bg elementor-bg lazyload\" style=\"background-image:inherit;\" role=\"img\" aria-label=\"2022-09-13\" data-bg-image=\"url(https:\/\/welikecanarias.com\/wp-content\/uploads\/2024\/03\/2022-09-13.jpg)\"><\/div>\n\t\t\t\t<div class=\"elementor-cta__bg-overlay\"><\/div>\n\t\t\t<\/div>\n\t\t\t\t\t\t\t<div class=\"elementor-cta__content\">\n\t\t\t\t\n\t\t\t\t\t\t\t\t\t<h2 class=\"elementor-cta__title elementor-cta__content-item elementor-content-item\">\n\t\t\t\t\t\tReal Club Victoria Segelschule\t\t\t\t\t<\/h2>\n\t\t\t\t\n\t\t\t\t\t\t\t\t\t<div class=\"elementor-cta__description elementor-cta__content-item elementor-content-item\">\n\t\t\t\t\t\t<p>Die Real Club Victoria Segelschule bietet eine Vielzahl von Kursen f\u00fcr alle Altersgruppen an, sowohl f\u00fcr Mitglieder als auch f\u00fcr Nicht-Mitglieder.<\/p>\n<p>Optimist<br \/>\nWindsurf<br \/>\nPaddle Surf<br \/>\nSea Kayak...<\/p>\n\t\t\t\t\t<\/div>\n\t\t\t\t\n\t\t\t\t\t\t\t\t\t<div class=\"elementor-cta__button-wrapper elementor-cta__content-item elementor-content-item \">\n\t\t\t\t\t<span class=\"elementor-cta__button elementor-button elementor-size-\">\n\t\t\t\t\t\tWebsite\t\t\t\t\t<\/span>\n\t\t\t\t\t<\/div>\n\t\t\t\t\t\t\t<\/div>\n\t\t\t\t\t\t<\/a>\n\t\t\t\t\t\t<\/div>\n\t\t\t\t<\/div>\n\t\t\t\t<\/div>\n\t\t<div class=\"elementor-element elementor-element-5146c5a e-con-full e-flex e-con e-child\" data-id=\"5146c5a\" data-element_type=\"container\" data-e-type=\"container\">\n\t\t\t\t<div class=\"elementor-element elementor-element-8293bba elementor-cta--skin-classic elementor-animated-content elementor-bg-transform elementor-bg-transform-zoom-in elementor-widget elementor-widget-call-to-action\" data-id=\"8293bba\" data-element_type=\"widget\" data-e-type=\"widget\" data-widget_type=\"call-to-action.default\">\n\t\t\t\t<div class=\"elementor-widget-container\">\n\t\t\t\t\t\t\t<a class=\"elementor-cta\" href=\"https:\/\/www.federaciongrancanariadevela.com\/cursos-en-la-escuela-de-vela-juan-carlos-i-muelle-deportivo-de-las-palmas-de-gc\/\">\n\t\t\t\t\t<div class=\"elementor-cta__bg-wrapper\">\n\t\t\t\t<div class=\"elementor-cta__bg elementor-bg lazyload\" style=\"background-image:inherit;\" role=\"img\" aria-label=\"Curso-Alejandro-G-12-scaled\" data-bg-image=\"url(https:\/\/welikecanarias.com\/wp-content\/uploads\/2024\/03\/Curso-Alejandro-G-12-scaled-1.webp)\"><\/div>\n\t\t\t\t<div class=\"elementor-cta__bg-overlay\"><\/div>\n\t\t\t<\/div>\n\t\t\t\t\t\t\t<div class=\"elementor-cta__content\">\n\t\t\t\t\n\t\t\t\t\t\t\t\t\t<h2 class=\"elementor-cta__title elementor-cta__content-item elementor-content-item\">\n\t\t\t\t\t\tSegelschule Juan Carlos I (Muelle Deportivo)\t\t\t\t\t<\/h2>\n\t\t\t\t\n\t\t\t\t\t\t\t\t\t<div class=\"elementor-cta__description elementor-cta__content-item elementor-content-item\">\n\t\t\t\t\t\t<p>Die zur Verf\u00fcgung stehenden Boote (Jollensegeln) sind Raquero, Laser und Windsurf.<\/p>\n<p>Die Kurse finden das ganze Jahr \u00fcber statt und sie versuchen, sie an den Stundenplan anzupassen, der den Studenten am meisten interessiert (solange er nicht mit anderen Aktivit\u00e4ten zusammenf\u00e4llt, die bereits von der Schule geplant sind). <\/p>\n\t\t\t\t\t<\/div>\n\t\t\t\t\n\t\t\t\t\t\t\t\t\t<div class=\"elementor-cta__button-wrapper elementor-cta__content-item elementor-content-item \">\n\t\t\t\t\t<span class=\"elementor-cta__button elementor-button elementor-size-\">\n\t\t\t\t\t\tWebsite\t\t\t\t\t<\/span>\n\t\t\t\t\t<\/div>\n\t\t\t\t\t\t\t<\/div>\n\t\t\t\t\t\t<\/a>\n\t\t\t\t\t\t<\/div>\n\t\t\t\t<\/div>\n\t\t\t\t<\/div>\n\t\t<div class=\"elementor-element elementor-element-18021a5 e-con-full e-flex e-con e-child\" data-id=\"18021a5\" data-element_type=\"container\" data-e-type=\"container\">\n\t\t\t\t<div class=\"elementor-element elementor-element-f1b1a03 elementor-cta--skin-classic elementor-animated-content elementor-bg-transform elementor-bg-transform-zoom-in elementor-widget elementor-widget-call-to-action\" data-id=\"f1b1a03\" data-element_type=\"widget\" data-e-type=\"widget\" data-widget_type=\"call-to-action.default\">\n\t\t\t\t<div class=\"elementor-widget-container\">\n\t\t\t\t\t\t\t<a class=\"elementor-cta\" href=\"https:\/\/www.federaciongrancanariadevela.com\/escuela-puerto-rico-2\/\">\n\t\t\t\t\t<div class=\"elementor-cta__bg-wrapper\">\n\t\t\t\t<div class=\"elementor-cta__bg elementor-bg lazyload\" style=\"background-image:inherit;\" role=\"img\" aria-label=\"WhatsApp Image 2019-10-22 at 20.50.25\" data-bg-image=\"url(https:\/\/welikecanarias.com\/wp-content\/uploads\/2024\/03\/WhatsApp-Image-2019-10-22-at-20.50.25.jpeg)\"><\/div>\n\t\t\t\t<div class=\"elementor-cta__bg-overlay\"><\/div>\n\t\t\t<\/div>\n\t\t\t\t\t\t\t<div class=\"elementor-cta__content\">\n\t\t\t\t\n\t\t\t\t\t\t\t\t\t<h2 class=\"elementor-cta__title elementor-cta__content-item elementor-content-item\">\n\t\t\t\t\t\tJoaqu\u00edn Blanco Torrent Segelschule\t\t\t\t\t<\/h2>\n\t\t\t\t\n\t\t\t\t\t\t\t\t\t<div class=\"elementor-cta__description elementor-cta__content-item elementor-content-item\">\n\t\t\t\t\t\t<p>Die Joaqu\u00edn Blanco Torrent Segelschule befindet sich am Strand von Puerto Rico, in der Gemeinde Mog\u00e1n, im S\u00fcdwesten der Insel Gran Canaria.<\/p>\n<p>Eine Gelegenheit f\u00fcr alle Kinder, ihren ersten Kontakt mit dem Meer und dem Segelsport zu haben.<\/p>\n<p>Segeln (raquero, omega oder windsurf)<br \/>\nPaddelsurfen<br \/>\nKajakfahren<br \/>\nMaximaler Spa\u00df in einer nat\u00fcrlichen und sicheren Umgebung, geleitet von professionellen Ausbildern und Experten im Segeln und Motorsegeln.<\/p>\n\t\t\t\t\t<\/div>\n\t\t\t\t\n\t\t\t\t\t\t\t\t\t<div class=\"elementor-cta__button-wrapper elementor-cta__content-item elementor-content-item \">\n\t\t\t\t\t<span class=\"elementor-cta__button elementor-button elementor-size-\">\n\t\t\t\t\t\tWebsite\t\t\t\t\t<\/span>\n\t\t\t\t\t<\/div>\n\t\t\t\t\t\t\t<\/div>\n\t\t\t\t\t\t<\/a>\n\t\t\t\t\t\t<\/div>\n\t\t\t\t<\/div>\n\t\t\t\t<\/div>\n\t\t\t\t\t<\/div>\n\t\t\t\t<\/div>\n\t\t<div class=\"elementor-element elementor-element-c2a2923 e-flex e-con-boxed e-con e-parent\" data-id=\"c2a2923\" data-element_type=\"container\" data-e-type=\"container\">\n\t\t\t\t\t<div class=\"e-con-inner\">\n\t\t\t\t<div class=\"elementor-element elementor-element-487c2a3 elementor-widget-divider--view-line elementor-widget elementor-widget-divider\" data-id=\"487c2a3\" data-element_type=\"widget\" data-e-type=\"widget\" data-widget_type=\"divider.default\">\n\t\t\t\t<div class=\"elementor-widget-container\">\n\t\t\t\t\t\t\t<div class=\"elementor-divider\">\n\t\t\t<span class=\"elementor-divider-separator\">\n\t\t\t\t\t\t<\/span>\n\t\t<\/div>\n\t\t\t\t\t\t<\/div>\n\t\t\t\t<\/div>\n\t\t\t\t\t<\/div>\n\t\t\t\t<\/div>\n\t\t<div class=\"elementor-element elementor-element-ef62b07 e-flex e-con-boxed e-con e-parent\" data-id=\"ef62b07\" data-element_type=\"container\" data-e-type=\"container\" data-settings=\"{&quot;background_background&quot;:&quot;classic&quot;,&quot;background_motion_fx_motion_fx_scrolling&quot;:&quot;yes&quot;,&quot;shape_divider_bottom&quot;:&quot;wave-brush&quot;,&quot;background_motion_fx_devices&quot;:[&quot;desktop&quot;,&quot;tablet&quot;,&quot;mobile&quot;]}\">\n\t\t\t\t\t<div class=\"e-con-inner\">\n\t\t\t\t<div class=\"elementor-shape elementor-shape-bottom\" aria-hidden=\"true\" data-negative=\"false\">\n\t\t\t<svg xmlns=\"http:\/\/www.w3.org\/2000\/svg\" viewBox=\"0 0 283.5 27.8\" preserveAspectRatio=\"none\">\n\t<path class=\"elementor-shape-fill\" d=\"M283.5,9.7c0,0-7.3,4.3-14,4.6c-6.8,0.3-12.6,0-20.9-1.5c-11.3-2-33.1-10.1-44.7-5.7\ts-12.1,4.6-18,7.4c-6.6,3.2-20,9.6-36.6,9.3C131.6,23.5,99.5,7.2,86.3,8c-1.4,0.1-6.6,0.8-10.5,2c-3.8,1.2-9.4,3.8-17,4.7\tc-3.2,0.4-8.3,1.1-14.2,0.9c-1.5-0.1-6.3-0.4-12-1.6c-5.7-1.2-11-3.1-15.8-3.7C6.5,9.2,0,10.8,0,10.8V0h283.5V9.7z M260.8,11.3\tc-0.7-1-2-0.4-4.3-0.4c-2.3,0-6.1-1.2-5.8-1.1c0.3,0.1,3.1,1.5,6,1.9C259.7,12.2,261.4,12.3,260.8,11.3z M242.4,8.6\tc0,0-2.4-0.2-5.6-0.9c-3.2-0.8-10.3-2.8-15.1-3.5c-8.2-1.1-15.8,0-15.1,0.1c0.8,0.1,9.6-0.6,17.6,1.1c3.3,0.7,9.3,2.2,12.4,2.7\tC239.9,8.7,242.4,8.6,242.4,8.6z M185.2,8.5c1.7-0.7-13.3,4.7-18.5,6.1c-2.1,0.6-6.2,1.6-10,2c-3.9,0.4-8.9,0.4-8.8,0.5\tc0,0.2,5.8,0.8,11.2,0c5.4-0.8,5.2-1.1,7.6-1.6C170.5,14.7,183.5,9.2,185.2,8.5z M199.1,6.9c0.2,0-0.8-0.4-4.8,1.1\tc-4,1.5-6.7,3.5-6.9,3.7c-0.2,0.1,3.5-1.8,6.6-3C197,7.5,199,6.9,199.1,6.9z M283,6c-0.1,0.1-1.9,1.1-4.8,2.5s-6.9,2.8-6.7,2.7\tc0.2,0,3.5-0.6,7.4-2.5C282.8,6.8,283.1,5.9,283,6z M31.3,11.6c0.1-0.2-1.9-0.2-4.5-1.2s-5.4-1.6-7.8-2C15,7.6,7.3,8.5,7.7,8.6\tC8,8.7,15.9,8.3,20.2,9.3c2.2,0.5,2.4,0.5,5.7,1.6S31.2,11.9,31.3,11.6z M73,9.2c0.4-0.1,3.5-1.6,8.4-2.6c4.9-1.1,8.9-0.5,8.9-0.8\tc0-0.3-1-0.9-6.2-0.3S72.6,9.3,73,9.2z M71.6,6.7C71.8,6.8,75,5.4,77.3,5c2.3-0.3,1.9-0.5,1.9-0.6c0-0.1-1.1-0.2-2.7,0.2\tC74.8,5.1,71.4,6.6,71.6,6.7z M93.6,4.4c0.1,0.2,3.5,0.8,5.6,1.8c2.1,1,1.8,0.6,1.9,0.5c0.1-0.1-0.8-0.8-2.4-1.3\tC97.1,4.8,93.5,4.2,93.6,4.4z M65.4,11.1c-0.1,0.3,0.3,0.5,1.9-0.2s2.6-1.3,2.2-1.2s-0.9,0.4-2.5,0.8C65.3,10.9,65.5,10.8,65.4,11.1\tz M34.5,12.4c-0.2,0,2.1,0.8,3.3,0.9c1.2,0.1,2,0.1,2-0.2c0-0.3-0.1-0.5-1.6-0.4C36.6,12.8,34.7,12.4,34.5,12.4z M152.2,21.1\tc-0.1,0.1-2.4-0.3-7.5-0.3c-5,0-13.6-2.4-17.2-3.5c-3.6-1.1,10,3.9,16.5,4.1C150.5,21.6,152.3,21,152.2,21.1z\"\/>\n\t<path class=\"elementor-shape-fill\" d=\"M269.6,18c-0.1-0.1-4.6,0.3-7.2,0c-7.3-0.7-17-3.2-16.6-2.9c0.4,0.3,13.7,3.1,17,3.3\tC267.7,18.8,269.7,18,269.6,18z\"\/>\n\t<path class=\"elementor-shape-fill\" d=\"M227.4,9.8c-0.2-0.1-4.5-1-9.5-1.2c-5-0.2-12.7,0.6-12.3,0.5c0.3-0.1,5.9-1.8,13.3-1.2\tS227.6,9.9,227.4,9.8z\"\/>\n\t<path class=\"elementor-shape-fill\" d=\"M204.5,13.4c-0.1-0.1,2-1,3.2-1.1c1.2-0.1,2,0,2,0.3c0,0.3-0.1,0.5-1.6,0.4\tC206.4,12.9,204.6,13.5,204.5,13.4z\"\/>\n\t<path class=\"elementor-shape-fill\" d=\"M201,10.6c0-0.1-4.4,1.2-6.3,2.2c-1.9,0.9-6.2,3.1-6.1,3.1c0.1,0.1,4.2-1.6,6.3-2.6\tS201,10.7,201,10.6z\"\/>\n\t<path class=\"elementor-shape-fill\" d=\"M154.5,26.7c-0.1-0.1-4.6,0.3-7.2,0c-7.3-0.7-17-3.2-16.6-2.9c0.4,0.3,13.7,3.1,17,3.3\tC152.6,27.5,154.6,26.8,154.5,26.7z\"\/>\n\t<path class=\"elementor-shape-fill\" d=\"M41.9,19.3c0,0,1.2-0.3,2.9-0.1c1.7,0.2,5.8,0.9,8.2,0.7c4.2-0.4,7.4-2.7,7-2.6\tc-0.4,0-4.3,2.2-8.6,1.9c-1.8-0.1-5.1-0.5-6.7-0.4S41.9,19.3,41.9,19.3z\"\/>\n\t<path class=\"elementor-shape-fill\" d=\"M75.5,12.6c0.2,0.1,2-0.8,4.3-1.1c2.3-0.2,2.1-0.3,2.1-0.5c0-0.1-1.8-0.4-3.4,0\tC76.9,11.5,75.3,12.5,75.5,12.6z\"\/>\n\t<path class=\"elementor-shape-fill\" d=\"M15.6,13.2c0-0.1,4.3,0,6.7,0.5c2.4,0.5,5,1.9,5,2c0,0.1-2.7-0.8-5.1-1.4\tC19.9,13.7,15.7,13.3,15.6,13.2z\"\/>\n<\/svg>\t\t<\/div>\n\t\t<div class=\"elementor-element elementor-element-cebb9e6 e-con-full e-flex e-con e-child\" data-id=\"cebb9e6\" data-element_type=\"container\" data-e-type=\"container\">\n\t\t\t\t<div class=\"elementor-element elementor-element-7e1c16b elementor-widget__width-initial elementor-widget-mobile__width-initial elementor-widget elementor-widget-heading\" data-id=\"7e1c16b\" data-element_type=\"widget\" data-e-type=\"widget\" id=\"1\" data-widget_type=\"heading.default\">\n\t\t\t\t<div class=\"elementor-widget-container\">\n\t\t\t\t\t<h2 class=\"elementor-heading-title elementor-size-default\">1. Wetter und Segelbedingungen<\/h2>\t\t\t\t<\/div>\n\t\t\t\t<\/div>\n\t\t\t\t<\/div>\n\t\t\t\t\t<\/div>\n\t\t\t\t<\/div>\n\t\t<div class=\"elementor-element elementor-element-3bfdfe9 e-flex e-con-boxed e-con e-parent\" data-id=\"3bfdfe9\" data-element_type=\"container\" data-e-type=\"container\">\n\t\t\t\t\t<div class=\"e-con-inner\">\n\t\t\t\t<div class=\"elementor-element elementor-element-565da29 elementor-widget elementor-widget-heading\" data-id=\"565da29\" data-element_type=\"widget\" data-e-type=\"widget\" data-widget_type=\"heading.default\">\n\t\t\t\t<div class=\"elementor-widget-container\">\n\t\t\t\t\t<p class=\"elementor-heading-title elementor-size-default\">Gran Canaria hat ein au\u00dfergew\u00f6hnliches Klima und optimale Bedingungen f\u00fcr das Segeln das ganze Jahr \u00fcber. F\u00fcr Segelbegeisterte ist die Insel ein wahres Segelparadies. <\/p>\t\t\t\t<\/div>\n\t\t\t\t<\/div>\n\t\t\t\t\t<\/div>\n\t\t\t\t<\/div>\n\t\t<div class=\"elementor-element elementor-element-098c49b e-flex e-con-boxed e-con e-parent\" data-id=\"098c49b\" data-element_type=\"container\" data-e-type=\"container\">\n\t\t\t\t\t<div class=\"e-con-inner\">\n\t\t<div class=\"elementor-element elementor-element-d2900a1 e-con-full e-flex e-con e-child\" data-id=\"d2900a1\" data-element_type=\"container\" data-e-type=\"container\">\n\t\t\t\t<div class=\"elementor-element elementor-element-839124b elementor-widget elementor-widget-image\" data-id=\"839124b\" data-element_type=\"widget\" data-e-type=\"widget\" data-widget_type=\"image.default\">\n\t\t\t\t<div class=\"elementor-widget-container\">\n\t\t\t\t\t\t\t\t\t\t\t\t\t\t\t<img fetchpriority=\"high\" decoding=\"async\" width=\"766\" height=\"575\" src=\"https:\/\/welikecanarias.com\/wp-content\/uploads\/2024\/03\/barco-de-vela.jpg\" class=\"attachment-large size-large wp-image-49043\" alt=\"\" srcset=\"https:\/\/welikecanarias.com\/wp-content\/uploads\/2024\/03\/barco-de-vela.jpg.webp 766w, https:\/\/welikecanarias.com\/wp-content\/uploads\/2024\/03\/barco-de-vela-300x225.jpg.webp 300w\" sizes=\"(max-width: 766px) 100vw, 766px\" \/>\t\t\t\t\t\t\t\t\t\t\t\t\t\t\t<\/div>\n\t\t\t\t<\/div>\n\t\t\t\t<div class=\"elementor-element elementor-element-264cece elementor-widget elementor-widget-heading\" data-id=\"264cece\" data-element_type=\"widget\" data-e-type=\"widget\" data-widget_type=\"heading.default\">\n\t\t\t\t<div class=\"elementor-widget-container\">\n\t\t\t\t\t<h3 class=\"elementor-heading-title elementor-size-default\">Passatwinde und mildes Wetter<\/h3>\t\t\t\t<\/div>\n\t\t\t\t<\/div>\n\t\t\t\t<div class=\"elementor-element elementor-element-0832495 elementor-widget-divider--view-line elementor-widget elementor-widget-divider\" data-id=\"0832495\" data-element_type=\"widget\" data-e-type=\"widget\" data-widget_type=\"divider.default\">\n\t\t\t\t<div class=\"elementor-widget-container\">\n\t\t\t\t\t\t\t<div class=\"elementor-divider\">\n\t\t\t<span class=\"elementor-divider-separator\">\n\t\t\t\t\t\t<\/span>\n\t\t<\/div>\n\t\t\t\t\t\t<\/div>\n\t\t\t\t<\/div>\n\t\t\t\t<div class=\"elementor-element elementor-element-7b37e0a elementor-widget elementor-widget-text-editor\" data-id=\"7b37e0a\" data-element_type=\"widget\" data-e-type=\"widget\" data-widget_type=\"text-editor.default\">\n\t\t\t\t<div class=\"elementor-widget-container\">\n\t\t\t\t\t\t\t\t\t<p>Die Passatwinde, die best\u00e4ndig aus Nordosten wehen, sind ein wichtiger Faktor f\u00fcr das Segeln auf Gran Canaria. Diese sanften und regelm\u00e4\u00dfigen Winde schaffen ein g\u00fcnstiges Umfeld f\u00fcr Segler und erm\u00f6glichen ein reibungsloses und angenehmes Segelerlebnis. Die Temperaturen bleiben das ganze Jahr \u00fcber angenehm und liegen im Durchschnitt zwischen 18\u00b0C und 25\u00b0C, so dass die Insel auch im Winter zug\u00e4nglich ist.  <\/p>\n\t\t\t\t\t\t\t\t<\/div>\n\t\t\t\t<\/div>\n\t\t\t\t<\/div>\n\t\t<div class=\"elementor-element elementor-element-06d0f6e e-con-full e-flex e-con e-child\" data-id=\"06d0f6e\" data-element_type=\"container\" data-e-type=\"container\">\n\t\t\t\t<div class=\"elementor-element elementor-element-7be0ae0 elementor-widget elementor-widget-image\" data-id=\"7be0ae0\" data-element_type=\"widget\" data-e-type=\"widget\" data-widget_type=\"image.default\">\n\t\t\t\t<div class=\"elementor-widget-container\">\n\t\t\t\t\t\t\t\t\t\t\t\t\t\t\t<img decoding=\"async\" width=\"800\" height=\"600\" data-src=\"https:\/\/welikecanarias.com\/wp-content\/uploads\/2024\/03\/velero-gran-canaria-1024x768.jpg\" class=\"attachment-large size-large wp-image-49037 lazyload\" alt=\"\" data-srcset=\"https:\/\/welikecanarias.com\/wp-content\/uploads\/2024\/03\/velero-gran-canaria-1024x768.jpg.webp 1024w, https:\/\/welikecanarias.com\/wp-content\/uploads\/2024\/03\/velero-gran-canaria-300x225.jpg.webp 300w, https:\/\/welikecanarias.com\/wp-content\/uploads\/2024\/03\/velero-gran-canaria-768x576.jpg.webp 768w, https:\/\/welikecanarias.com\/wp-content\/uploads\/2024\/03\/velero-gran-canaria.jpg.webp 1137w\" data-sizes=\"(max-width: 800px) 100vw, 800px\" src=\"data:image\/svg+xml;base64,PHN2ZyB3aWR0aD0iMSIgaGVpZ2h0PSIxIiB4bWxucz0iaHR0cDovL3d3dy53My5vcmcvMjAwMC9zdmciPjwvc3ZnPg==\" style=\"--smush-placeholder-width: 800px; --smush-placeholder-aspect-ratio: 800\/600;\" \/>\t\t\t\t\t\t\t\t\t\t\t\t\t\t\t<\/div>\n\t\t\t\t<\/div>\n\t\t\t\t<div class=\"elementor-element elementor-element-9c660bc elementor-widget elementor-widget-heading\" data-id=\"9c660bc\" data-element_type=\"widget\" data-e-type=\"widget\" data-widget_type=\"heading.default\">\n\t\t\t\t<div class=\"elementor-widget-container\">\n\t\t\t\t\t<h3 class=\"elementor-heading-title elementor-size-default\">Ideale Segelsaison<\/h3>\t\t\t\t<\/div>\n\t\t\t\t<\/div>\n\t\t\t\t<div class=\"elementor-element elementor-element-9a8636f elementor-widget-divider--view-line elementor-widget elementor-widget-divider\" data-id=\"9a8636f\" data-element_type=\"widget\" data-e-type=\"widget\" data-widget_type=\"divider.default\">\n\t\t\t\t<div class=\"elementor-widget-container\">\n\t\t\t\t\t\t\t<div class=\"elementor-divider\">\n\t\t\t<span class=\"elementor-divider-separator\">\n\t\t\t\t\t\t<\/span>\n\t\t<\/div>\n\t\t\t\t\t\t<\/div>\n\t\t\t\t<\/div>\n\t\t\t\t<div class=\"elementor-element elementor-element-25b4ae4 elementor-widget elementor-widget-text-editor\" data-id=\"25b4ae4\" data-element_type=\"widget\" data-e-type=\"widget\" data-widget_type=\"text-editor.default\">\n\t\t\t\t<div class=\"elementor-widget-container\">\n\t\t\t\t\t\t\t\t\t<p>Die beste Zeit, um auf Gran Canaria zu segeln, ist vom Fr\u00fchling bis zum Sp\u00e4therbst. In diesen Monaten sind die Wetterbedingungen ideal, mit warmen Temperaturen und Winden zwischen 10 und 20 Knoten, die eine perfekte Umgebung f\u00fcr die Aus\u00fcbung dieses Sports bieten. Regatten und Segelveranstaltungen werden haupts\u00e4chlich zwischen April und Oktober organisiert, um das g\u00fcnstige Klima der Insel zu nutzen.  <\/p>\n\t\t\t\t\t\t\t\t<\/div>\n\t\t\t\t<\/div>\n\t\t\t\t<\/div>\n\t\t<div class=\"elementor-element elementor-element-25f5e93 e-con-full e-flex e-con e-child\" data-id=\"25f5e93\" data-element_type=\"container\" data-e-type=\"container\">\n\t\t\t\t<div class=\"elementor-element elementor-element-799952f elementor-widget elementor-widget-image\" data-id=\"799952f\" data-element_type=\"widget\" data-e-type=\"widget\" data-widget_type=\"image.default\">\n\t\t\t\t<div class=\"elementor-widget-container\">\n\t\t\t\t\t\t\t\t\t\t\t\t\t\t\t<img decoding=\"async\" width=\"557\" height=\"418\" data-src=\"https:\/\/welikecanarias.com\/wp-content\/uploads\/2024\/03\/navegacion-sur-gran-canaria.jpg\" class=\"attachment-large size-large wp-image-49040 lazyload\" alt=\"\" data-srcset=\"https:\/\/welikecanarias.com\/wp-content\/uploads\/2024\/03\/navegacion-sur-gran-canaria.jpg.webp 557w, https:\/\/welikecanarias.com\/wp-content\/uploads\/2024\/03\/navegacion-sur-gran-canaria-300x225.jpg.webp 300w\" data-sizes=\"(max-width: 557px) 100vw, 557px\" src=\"data:image\/svg+xml;base64,PHN2ZyB3aWR0aD0iMSIgaGVpZ2h0PSIxIiB4bWxucz0iaHR0cDovL3d3dy53My5vcmcvMjAwMC9zdmciPjwvc3ZnPg==\" style=\"--smush-placeholder-width: 557px; --smush-placeholder-aspect-ratio: 557\/418;\" \/>\t\t\t\t\t\t\t\t\t\t\t\t\t\t\t<\/div>\n\t\t\t\t<\/div>\n\t\t\t\t<div class=\"elementor-element elementor-element-9e34bf8 elementor-widget elementor-widget-heading\" data-id=\"9e34bf8\" data-element_type=\"widget\" data-e-type=\"widget\" data-widget_type=\"heading.default\">\n\t\t\t\t<div class=\"elementor-widget-container\">\n\t\t\t\t\t<h3 class=\"elementor-heading-title elementor-size-default\">Sicherheit auf See<\/h3>\t\t\t\t<\/div>\n\t\t\t\t<\/div>\n\t\t\t\t<div class=\"elementor-element elementor-element-7570572 elementor-widget-divider--view-line elementor-widget elementor-widget-divider\" data-id=\"7570572\" data-element_type=\"widget\" data-e-type=\"widget\" data-widget_type=\"divider.default\">\n\t\t\t\t<div class=\"elementor-widget-container\">\n\t\t\t\t\t\t\t<div class=\"elementor-divider\">\n\t\t\t<span class=\"elementor-divider-separator\">\n\t\t\t\t\t\t<\/span>\n\t\t<\/div>\n\t\t\t\t\t\t<\/div>\n\t\t\t\t<\/div>\n\t\t\t\t<div class=\"elementor-element elementor-element-3195b3b elementor-widget elementor-widget-text-editor\" data-id=\"3195b3b\" data-element_type=\"widget\" data-e-type=\"widget\" data-widget_type=\"text-editor.default\">\n\t\t\t\t<div class=\"elementor-widget-container\">\n\t\t\t\t\t\t\t\t\t<p>Sicherheit steht f\u00fcr Segler auf Gran Canaria an erster Stelle. Die Insel verf\u00fcgt \u00fcber verschiedene Vorschriften und Protokolle, um ein sicheres Erlebnis zu gew\u00e4hrleisten. Zu den empfohlenen Sicherheitsma\u00dfnahmen geh\u00f6ren:  <\/p>\n<ul>\n<li>Verwendung von geeigneten Schwimmwesten.<\/li>\n<li>\u00dcberpr\u00fcfen Sie den Zustand der Navigationsausr\u00fcstung vor der Abfahrt.<\/li>\n<li>Halten Sie st\u00e4ndigen Kontakt zu anderen Schiffen und H\u00e4fen.<\/li>\n<li>Kenntnis der aktuellen Wetterbedingungen und ihrer m\u00f6glichen Ver\u00e4nderungen.<\/li>\n<\/ul>\n\t\t\t\t\t\t\t\t<\/div>\n\t\t\t\t<\/div>\n\t\t\t\t<div class=\"elementor-element elementor-element-eece76a pa-icon-pos-after premium-lq__none elementor-widget elementor-widget-premium-addon-button\" data-id=\"eece76a\" data-element_type=\"widget\" data-e-type=\"widget\" data-widget_type=\"premium-addon-button.default\">\n\t\t\t\t<div class=\"elementor-widget-container\">\n\t\t\t\t\t\n\n\t\t<a class=\"premium-button premium-button-none premium-btn-md premium-button-none\" href=\"#INDICE\">\n\t\t\t<div class=\"premium-button-text-icon-wrapper\">\n\t\t\t\t\n\t\t\t\t\t\t\t\t\t\t\t\t\t\t\t\t\t\t<svg class=\"svg-inline--fas-fa-level-up-alt premium-drawable-icon premium-svg-nodraw\" aria-hidden='true' xmlns='http:\/\/www.w3.org\/2000\/svg' viewBox='0 0 320 512'><path d=\"M313.553 119.669L209.587 7.666c-9.485-10.214-25.676-10.229-35.174 0L70.438 119.669C56.232 134.969 67.062 160 88.025 160H152v272H68.024a11.996 11.996 0 0 0-8.485 3.515l-56 56C-4.021 499.074 1.333 512 12.024 512H208c13.255 0 24-10.745 24-24V160h63.966c20.878 0 31.851-24.969 17.587-40.331z\"><\/path><\/svg>\t\t\t\t\t\t\t\t\t\t\t\t\t\t\t\n\t\t\t\t\t\t\t\t\t<span >\n\t\t\t\t\t\tINDEX\t\t\t\t\t<\/span>\n\t\t\t\t\t\t\t<\/div>\n\n\t\t\t\n\t\t\t\n\t\t\t\n\t\t<\/a>\n\n\n\t\t\t\t\t\t<\/div>\n\t\t\t\t<\/div>\n\t\t\t\t<\/div>\n\t\t\t\t\t<\/div>\n\t\t\t\t<\/div>\n\t\t<div class=\"elementor-element elementor-element-dfb14a5 e-flex e-con-boxed e-con e-parent\" data-id=\"dfb14a5\" data-element_type=\"container\" data-e-type=\"container\">\n\t\t\t\t\t<div class=\"e-con-inner\">\n\t\t\t\t<div class=\"elementor-element elementor-element-daf7da1 elementor-widget-divider--view-line elementor-widget elementor-widget-divider\" data-id=\"daf7da1\" data-element_type=\"widget\" data-e-type=\"widget\" data-widget_type=\"divider.default\">\n\t\t\t\t<div class=\"elementor-widget-container\">\n\t\t\t\t\t\t\t<div class=\"elementor-divider\">\n\t\t\t<span class=\"elementor-divider-separator\">\n\t\t\t\t\t\t<\/span>\n\t\t<\/div>\n\t\t\t\t\t\t<\/div>\n\t\t\t\t<\/div>\n\t\t\t\t\t<\/div>\n\t\t\t\t<\/div>\n\t\t<div class=\"elementor-element elementor-element-3ec7e25 e-flex e-con-boxed e-con e-parent\" data-id=\"3ec7e25\" data-element_type=\"container\" data-e-type=\"container\" data-settings=\"{&quot;background_background&quot;:&quot;classic&quot;,&quot;background_motion_fx_motion_fx_scrolling&quot;:&quot;yes&quot;,&quot;shape_divider_bottom&quot;:&quot;wave-brush&quot;,&quot;background_motion_fx_devices&quot;:[&quot;desktop&quot;,&quot;tablet&quot;,&quot;mobile&quot;]}\">\n\t\t\t\t\t<div class=\"e-con-inner\">\n\t\t\t\t<div class=\"elementor-shape elementor-shape-bottom\" aria-hidden=\"true\" data-negative=\"false\">\n\t\t\t<svg xmlns=\"http:\/\/www.w3.org\/2000\/svg\" viewBox=\"0 0 283.5 27.8\" preserveAspectRatio=\"none\">\n\t<path class=\"elementor-shape-fill\" d=\"M283.5,9.7c0,0-7.3,4.3-14,4.6c-6.8,0.3-12.6,0-20.9-1.5c-11.3-2-33.1-10.1-44.7-5.7\ts-12.1,4.6-18,7.4c-6.6,3.2-20,9.6-36.6,9.3C131.6,23.5,99.5,7.2,86.3,8c-1.4,0.1-6.6,0.8-10.5,2c-3.8,1.2-9.4,3.8-17,4.7\tc-3.2,0.4-8.3,1.1-14.2,0.9c-1.5-0.1-6.3-0.4-12-1.6c-5.7-1.2-11-3.1-15.8-3.7C6.5,9.2,0,10.8,0,10.8V0h283.5V9.7z M260.8,11.3\tc-0.7-1-2-0.4-4.3-0.4c-2.3,0-6.1-1.2-5.8-1.1c0.3,0.1,3.1,1.5,6,1.9C259.7,12.2,261.4,12.3,260.8,11.3z M242.4,8.6\tc0,0-2.4-0.2-5.6-0.9c-3.2-0.8-10.3-2.8-15.1-3.5c-8.2-1.1-15.8,0-15.1,0.1c0.8,0.1,9.6-0.6,17.6,1.1c3.3,0.7,9.3,2.2,12.4,2.7\tC239.9,8.7,242.4,8.6,242.4,8.6z M185.2,8.5c1.7-0.7-13.3,4.7-18.5,6.1c-2.1,0.6-6.2,1.6-10,2c-3.9,0.4-8.9,0.4-8.8,0.5\tc0,0.2,5.8,0.8,11.2,0c5.4-0.8,5.2-1.1,7.6-1.6C170.5,14.7,183.5,9.2,185.2,8.5z M199.1,6.9c0.2,0-0.8-0.4-4.8,1.1\tc-4,1.5-6.7,3.5-6.9,3.7c-0.2,0.1,3.5-1.8,6.6-3C197,7.5,199,6.9,199.1,6.9z M283,6c-0.1,0.1-1.9,1.1-4.8,2.5s-6.9,2.8-6.7,2.7\tc0.2,0,3.5-0.6,7.4-2.5C282.8,6.8,283.1,5.9,283,6z M31.3,11.6c0.1-0.2-1.9-0.2-4.5-1.2s-5.4-1.6-7.8-2C15,7.6,7.3,8.5,7.7,8.6\tC8,8.7,15.9,8.3,20.2,9.3c2.2,0.5,2.4,0.5,5.7,1.6S31.2,11.9,31.3,11.6z M73,9.2c0.4-0.1,3.5-1.6,8.4-2.6c4.9-1.1,8.9-0.5,8.9-0.8\tc0-0.3-1-0.9-6.2-0.3S72.6,9.3,73,9.2z M71.6,6.7C71.8,6.8,75,5.4,77.3,5c2.3-0.3,1.9-0.5,1.9-0.6c0-0.1-1.1-0.2-2.7,0.2\tC74.8,5.1,71.4,6.6,71.6,6.7z M93.6,4.4c0.1,0.2,3.5,0.8,5.6,1.8c2.1,1,1.8,0.6,1.9,0.5c0.1-0.1-0.8-0.8-2.4-1.3\tC97.1,4.8,93.5,4.2,93.6,4.4z M65.4,11.1c-0.1,0.3,0.3,0.5,1.9-0.2s2.6-1.3,2.2-1.2s-0.9,0.4-2.5,0.8C65.3,10.9,65.5,10.8,65.4,11.1\tz M34.5,12.4c-0.2,0,2.1,0.8,3.3,0.9c1.2,0.1,2,0.1,2-0.2c0-0.3-0.1-0.5-1.6-0.4C36.6,12.8,34.7,12.4,34.5,12.4z M152.2,21.1\tc-0.1,0.1-2.4-0.3-7.5-0.3c-5,0-13.6-2.4-17.2-3.5c-3.6-1.1,10,3.9,16.5,4.1C150.5,21.6,152.3,21,152.2,21.1z\"\/>\n\t<path class=\"elementor-shape-fill\" d=\"M269.6,18c-0.1-0.1-4.6,0.3-7.2,0c-7.3-0.7-17-3.2-16.6-2.9c0.4,0.3,13.7,3.1,17,3.3\tC267.7,18.8,269.7,18,269.6,18z\"\/>\n\t<path class=\"elementor-shape-fill\" d=\"M227.4,9.8c-0.2-0.1-4.5-1-9.5-1.2c-5-0.2-12.7,0.6-12.3,0.5c0.3-0.1,5.9-1.8,13.3-1.2\tS227.6,9.9,227.4,9.8z\"\/>\n\t<path class=\"elementor-shape-fill\" d=\"M204.5,13.4c-0.1-0.1,2-1,3.2-1.1c1.2-0.1,2,0,2,0.3c0,0.3-0.1,0.5-1.6,0.4\tC206.4,12.9,204.6,13.5,204.5,13.4z\"\/>\n\t<path class=\"elementor-shape-fill\" d=\"M201,10.6c0-0.1-4.4,1.2-6.3,2.2c-1.9,0.9-6.2,3.1-6.1,3.1c0.1,0.1,4.2-1.6,6.3-2.6\tS201,10.7,201,10.6z\"\/>\n\t<path class=\"elementor-shape-fill\" d=\"M154.5,26.7c-0.1-0.1-4.6,0.3-7.2,0c-7.3-0.7-17-3.2-16.6-2.9c0.4,0.3,13.7,3.1,17,3.3\tC152.6,27.5,154.6,26.8,154.5,26.7z\"\/>\n\t<path class=\"elementor-shape-fill\" d=\"M41.9,19.3c0,0,1.2-0.3,2.9-0.1c1.7,0.2,5.8,0.9,8.2,0.7c4.2-0.4,7.4-2.7,7-2.6\tc-0.4,0-4.3,2.2-8.6,1.9c-1.8-0.1-5.1-0.5-6.7-0.4S41.9,19.3,41.9,19.3z\"\/>\n\t<path class=\"elementor-shape-fill\" d=\"M75.5,12.6c0.2,0.1,2-0.8,4.3-1.1c2.3-0.2,2.1-0.3,2.1-0.5c0-0.1-1.8-0.4-3.4,0\tC76.9,11.5,75.3,12.5,75.5,12.6z\"\/>\n\t<path class=\"elementor-shape-fill\" d=\"M15.6,13.2c0-0.1,4.3,0,6.7,0.5c2.4,0.5,5,1.9,5,2c0,0.1-2.7-0.8-5.1-1.4\tC19.9,13.7,15.7,13.3,15.6,13.2z\"\/>\n<\/svg>\t\t<\/div>\n\t\t<div class=\"elementor-element elementor-element-72e1a73 e-con-full e-flex e-con e-child\" data-id=\"72e1a73\" data-element_type=\"container\" data-e-type=\"container\">\n\t\t\t\t<div class=\"elementor-element elementor-element-55613c3 elementor-widget__width-initial elementor-widget-mobile__width-initial elementor-widget elementor-widget-heading\" data-id=\"55613c3\" data-element_type=\"widget\" data-e-type=\"widget\" id=\"2\" data-widget_type=\"heading.default\">\n\t\t\t\t<div class=\"elementor-widget-container\">\n\t\t\t\t\t<h2 class=\"elementor-heading-title elementor-size-default\">2. Die Tradition des Lateen-Segelns<\/h2>\t\t\t\t<\/div>\n\t\t\t\t<\/div>\n\t\t\t\t<\/div>\n\t\t\t\t\t<\/div>\n\t\t\t\t<\/div>\n\t\t<div class=\"elementor-element elementor-element-25eee3b e-flex e-con-boxed e-con e-parent\" data-id=\"25eee3b\" data-element_type=\"container\" data-e-type=\"container\">\n\t\t\t\t\t<div class=\"e-con-inner\">\n\t\t\t\t<div class=\"elementor-element elementor-element-a0a27e5 elementor-widget elementor-widget-heading\" data-id=\"a0a27e5\" data-element_type=\"widget\" data-e-type=\"widget\" data-widget_type=\"heading.default\">\n\t\t\t\t<div class=\"elementor-widget-container\">\n\t\t\t\t\t<p class=\"elementor-heading-title elementor-size-default\">Das Lateinersegeln ist eine kulturelle Ausdrucksform, die sich auf Gran Canaria gefestigt hat und einen wichtigen Teil der maritimen Identit\u00e4t der Insel darstellt. Diese Art des Segelns wird nicht nur als Sport betrachtet, sondern auch als Ausdruck der lokalen Geschichte und Kultur. <\/p>\t\t\t\t<\/div>\n\t\t\t\t<\/div>\n\t\t\t\t\t<\/div>\n\t\t\t\t<\/div>\n\t\t<div class=\"elementor-element elementor-element-b842de3 e-flex e-con-boxed e-con e-parent\" data-id=\"b842de3\" data-element_type=\"container\" data-e-type=\"container\">\n\t\t\t\t\t<div class=\"e-con-inner\">\n\t\t<div class=\"elementor-element elementor-element-b8e2cd6 e-con-full e-flex e-con e-child\" data-id=\"b8e2cd6\" data-element_type=\"container\" data-e-type=\"container\">\n\t\t\t\t<div class=\"elementor-element elementor-element-38928a7 elementor-widget elementor-widget-image\" data-id=\"38928a7\" data-element_type=\"widget\" data-e-type=\"widget\" data-widget_type=\"image.default\">\n\t\t\t\t<div class=\"elementor-widget-container\">\n\t\t\t\t\t\t\t\t\t\t\t\t\t\t\t<img decoding=\"async\" width=\"1200\" height=\"900\" data-src=\"https:\/\/welikecanarias.com\/wp-content\/uploads\/2024\/03\/vela-latina.jpg\" class=\"attachment-2048x2048 size-2048x2048 wp-image-49027 lazyload\" alt=\"Vista de barco de Vela Latina en la isla de Gran Canaria\" data-srcset=\"https:\/\/welikecanarias.com\/wp-content\/uploads\/2024\/03\/vela-latina.jpg.webp 1200w, https:\/\/welikecanarias.com\/wp-content\/uploads\/2024\/03\/vela-latina-300x225.jpg.webp 300w, https:\/\/welikecanarias.com\/wp-content\/uploads\/2024\/03\/vela-latina-1024x768.jpg.webp 1024w, https:\/\/welikecanarias.com\/wp-content\/uploads\/2024\/03\/vela-latina-768x576.jpg.webp 768w\" data-sizes=\"(max-width: 1200px) 100vw, 1200px\" src=\"data:image\/svg+xml;base64,PHN2ZyB3aWR0aD0iMSIgaGVpZ2h0PSIxIiB4bWxucz0iaHR0cDovL3d3dy53My5vcmcvMjAwMC9zdmciPjwvc3ZnPg==\" style=\"--smush-placeholder-width: 1200px; --smush-placeholder-aspect-ratio: 1200\/900;\" \/>\t\t\t\t\t\t\t\t\t\t\t\t\t\t\t<\/div>\n\t\t\t\t<\/div>\n\t\t\t\t<\/div>\n\t\t<div class=\"elementor-element elementor-element-477b378 e-con-full e-flex e-con e-child\" data-id=\"477b378\" data-element_type=\"container\" data-e-type=\"container\">\n\t\t\t\t<div class=\"elementor-element elementor-element-9c01cbc elementor-widget elementor-widget-heading\" data-id=\"9c01cbc\" data-element_type=\"widget\" data-e-type=\"widget\" data-widget_type=\"heading.default\">\n\t\t\t\t<div class=\"elementor-widget-container\">\n\t\t\t\t\t<h3 class=\"elementor-heading-title elementor-size-default\">Geschichte und Ursprung des Lateen Sailing<\/h3>\t\t\t\t<\/div>\n\t\t\t\t<\/div>\n\t\t\t\t<div class=\"elementor-element elementor-element-43a3253 elementor-widget-divider--view-line elementor-widget elementor-widget-divider\" data-id=\"43a3253\" data-element_type=\"widget\" data-e-type=\"widget\" data-widget_type=\"divider.default\">\n\t\t\t\t<div class=\"elementor-widget-container\">\n\t\t\t\t\t\t\t<div class=\"elementor-divider\">\n\t\t\t<span class=\"elementor-divider-separator\">\n\t\t\t\t\t\t<\/span>\n\t\t<\/div>\n\t\t\t\t\t\t<\/div>\n\t\t\t\t<\/div>\n\t\t\t\t<div class=\"elementor-element elementor-element-7169d55 elementor-widget elementor-widget-text-editor\" data-id=\"7169d55\" data-element_type=\"widget\" data-e-type=\"widget\" data-widget_type=\"text-editor.default\">\n\t\t\t\t<div class=\"elementor-widget-container\">\n\t\t\t\t\t\t\t\t\t<p>Die Seemannschaft der Laten hat ihre Wurzeln in den maritimen Traditionen der V\u00f6lker des Mittelmeers und des Atlantiks. Seine Entwicklung auf Gran Canaria wurde durch die Bed\u00fcrfnisse der Fischer und H\u00e4ndler beeinflusst, die diese Boote f\u00fcr die Navigation in den Gew\u00e4ssern des Archipels nutzten. Im Laufe der Zeit wurde dieser Sport auf der Insel immer beliebter.  <\/p>\n\t\t\t\t\t\t\t\t<\/div>\n\t\t\t\t<\/div>\n\t\t\t\t<\/div>\n\t\t\t\t\t<\/div>\n\t\t\t\t<\/div>\n\t\t<div class=\"elementor-element elementor-element-3379326 e-flex e-con-boxed e-con e-parent\" data-id=\"3379326\" data-element_type=\"container\" data-e-type=\"container\">\n\t\t\t\t\t<div class=\"e-con-inner\">\n\t\t<div class=\"elementor-element elementor-element-a57528d e-con-full e-flex e-con e-child\" data-id=\"a57528d\" data-element_type=\"container\" data-e-type=\"container\">\n\t\t\t\t<div class=\"elementor-element elementor-element-ad8c387 elementor-widget elementor-widget-image\" data-id=\"ad8c387\" data-element_type=\"widget\" data-e-type=\"widget\" data-widget_type=\"image.default\">\n\t\t\t\t<div class=\"elementor-widget-container\">\n\t\t\t\t\t\t\t\t\t\t\t\t\t\t\t<img decoding=\"async\" width=\"1067\" height=\"800\" data-src=\"https:\/\/welikecanarias.com\/wp-content\/uploads\/2024\/03\/Vela-Latina-gran-Canaria.jpg\" class=\"attachment-2048x2048 size-2048x2048 wp-image-49024 lazyload\" alt=\"Vista de un bote de vela latina en Gran Canaria\" data-srcset=\"https:\/\/welikecanarias.com\/wp-content\/uploads\/2024\/03\/Vela-Latina-gran-Canaria.jpg.webp 1067w, https:\/\/welikecanarias.com\/wp-content\/uploads\/2024\/03\/Vela-Latina-gran-Canaria-300x225.jpg.webp 300w, https:\/\/welikecanarias.com\/wp-content\/uploads\/2024\/03\/Vela-Latina-gran-Canaria-1024x768.jpg.webp 1024w, https:\/\/welikecanarias.com\/wp-content\/uploads\/2024\/03\/Vela-Latina-gran-Canaria-768x576.jpg.webp 768w\" data-sizes=\"(max-width: 1067px) 100vw, 1067px\" src=\"data:image\/svg+xml;base64,PHN2ZyB3aWR0aD0iMSIgaGVpZ2h0PSIxIiB4bWxucz0iaHR0cDovL3d3dy53My5vcmcvMjAwMC9zdmciPjwvc3ZnPg==\" style=\"--smush-placeholder-width: 1067px; --smush-placeholder-aspect-ratio: 1067\/800;\" \/>\t\t\t\t\t\t\t\t\t\t\t\t\t\t\t<\/div>\n\t\t\t\t<\/div>\n\t\t\t\t<\/div>\n\t\t<div class=\"elementor-element elementor-element-dae4f3a e-con-full e-flex e-con e-child\" data-id=\"dae4f3a\" data-element_type=\"container\" data-e-type=\"container\">\n\t\t\t\t<div class=\"elementor-element elementor-element-010f74e elementor-widget elementor-widget-heading\" data-id=\"010f74e\" data-element_type=\"widget\" data-e-type=\"widget\" data-widget_type=\"heading.default\">\n\t\t\t\t<div class=\"elementor-widget-container\">\n\t\t\t\t\t<h3 class=\"elementor-heading-title elementor-size-default\">Lateen Sailing Wettbewerbe<\/h3>\t\t\t\t<\/div>\n\t\t\t\t<\/div>\n\t\t\t\t<div class=\"elementor-element elementor-element-94bdc89 elementor-widget-divider--view-line elementor-widget elementor-widget-divider\" data-id=\"94bdc89\" data-element_type=\"widget\" data-e-type=\"widget\" data-widget_type=\"divider.default\">\n\t\t\t\t<div class=\"elementor-widget-container\">\n\t\t\t\t\t\t\t<div class=\"elementor-divider\">\n\t\t\t<span class=\"elementor-divider-separator\">\n\t\t\t\t\t\t<\/span>\n\t\t<\/div>\n\t\t\t\t\t\t<\/div>\n\t\t\t\t<\/div>\n\t\t\t\t<div class=\"elementor-element elementor-element-d2c10a8 elementor-widget elementor-widget-text-editor\" data-id=\"d2c10a8\" data-element_type=\"widget\" data-e-type=\"widget\" data-widget_type=\"text-editor.default\">\n\t\t\t\t<div class=\"elementor-widget-container\">\n\t\t\t\t\t\t\t\t\t<p>Die Segelwettbewerbe von Lateen sind wichtige Ereignisse im Sportkalender von Gran Canaria. Das ganze Jahr \u00fcber finden Regatten statt, bei denen die Boote mit den dreieckigen Segeln auf den Gew\u00e4ssern zu sehen sind. Zu den wichtigsten Wettbewerben geh\u00f6ren:  <\/p>\n<ul>\n<li>Fr\u00fchjahrs- und Sommerregatten, bei denen lokale Treffen stattfinden.<\/li>\n<li>Regionale Meisterschaften, die Teilnehmer von verschiedenen Inseln anziehen.<\/li>\n<li>Veranstaltungen, die mit lokalen Festen zusammenfallen und die kanarische Kultur hervorheben.<\/li>\n<\/ul>\n\t\t\t\t\t\t\t\t<\/div>\n\t\t\t\t<\/div>\n\t\t\t\t<\/div>\n\t\t\t\t\t<\/div>\n\t\t\t\t<\/div>\n\t\t<div class=\"elementor-element elementor-element-937455d e-flex e-con-boxed e-con e-parent\" data-id=\"937455d\" data-element_type=\"container\" data-e-type=\"container\">\n\t\t\t\t\t<div class=\"e-con-inner\">\n\t\t<div class=\"elementor-element elementor-element-bc33664 e-con-full e-flex e-con e-child\" data-id=\"bc33664\" data-element_type=\"container\" data-e-type=\"container\">\n\t\t\t\t<div class=\"elementor-element elementor-element-988f8f6 elementor-widget elementor-widget-image\" data-id=\"988f8f6\" data-element_type=\"widget\" data-e-type=\"widget\" data-widget_type=\"image.default\">\n\t\t\t\t<div class=\"elementor-widget-container\">\n\t\t\t\t\t\t\t\t\t\t\t\t\t\t\t<img decoding=\"async\" width=\"1200\" height=\"900\" data-src=\"https:\/\/welikecanarias.com\/wp-content\/uploads\/2024\/03\/competicion-vela-latina.jpg\" class=\"attachment-2048x2048 size-2048x2048 wp-image-49021 lazyload\" alt=\"vista de competicion de vela latina en Gran Canaria\" data-srcset=\"https:\/\/welikecanarias.com\/wp-content\/uploads\/2024\/03\/competicion-vela-latina.jpg.webp 1200w, https:\/\/welikecanarias.com\/wp-content\/uploads\/2024\/03\/competicion-vela-latina-300x225.jpg.webp 300w, https:\/\/welikecanarias.com\/wp-content\/uploads\/2024\/03\/competicion-vela-latina-1024x768.jpg.webp 1024w, https:\/\/welikecanarias.com\/wp-content\/uploads\/2024\/03\/competicion-vela-latina-768x576.jpg.webp 768w\" data-sizes=\"(max-width: 1200px) 100vw, 1200px\" src=\"data:image\/svg+xml;base64,PHN2ZyB3aWR0aD0iMSIgaGVpZ2h0PSIxIiB4bWxucz0iaHR0cDovL3d3dy53My5vcmcvMjAwMC9zdmciPjwvc3ZnPg==\" style=\"--smush-placeholder-width: 1200px; --smush-placeholder-aspect-ratio: 1200\/900;\" \/>\t\t\t\t\t\t\t\t\t\t\t\t\t\t\t<\/div>\n\t\t\t\t<\/div>\n\t\t\t\t<\/div>\n\t\t<div class=\"elementor-element elementor-element-d2fc3fe e-con-full e-flex e-con e-child\" data-id=\"d2fc3fe\" data-element_type=\"container\" data-e-type=\"container\">\n\t\t\t\t<div class=\"elementor-element elementor-element-59d71e2 elementor-widget elementor-widget-heading\" data-id=\"59d71e2\" data-element_type=\"widget\" data-e-type=\"widget\" data-widget_type=\"heading.default\">\n\t\t\t\t<div class=\"elementor-widget-container\">\n\t\t\t\t\t<h3 class=\"elementor-heading-title elementor-size-default\">Kulturelle Auswirkungen auf Gran Canaria<\/h3>\t\t\t\t<\/div>\n\t\t\t\t<\/div>\n\t\t\t\t<div class=\"elementor-element elementor-element-c2001a9 elementor-widget-divider--view-line elementor-widget elementor-widget-divider\" data-id=\"c2001a9\" data-element_type=\"widget\" data-e-type=\"widget\" data-widget_type=\"divider.default\">\n\t\t\t\t<div class=\"elementor-widget-container\">\n\t\t\t\t\t\t\t<div class=\"elementor-divider\">\n\t\t\t<span class=\"elementor-divider-separator\">\n\t\t\t\t\t\t<\/span>\n\t\t<\/div>\n\t\t\t\t\t\t<\/div>\n\t\t\t\t<\/div>\n\t\t\t\t<div class=\"elementor-element elementor-element-fb3e24c elementor-widget elementor-widget-text-editor\" data-id=\"fb3e24c\" data-element_type=\"widget\" data-e-type=\"widget\" data-widget_type=\"text-editor.default\">\n\t\t\t\t<div class=\"elementor-widget-container\">\n\t\t\t\t\t\t\t\t\t<p>Lateen-Segeln ist nicht nur ein Sport, sondern hat auch einen bedeutenden Einfluss auf die kanarische Kultur gehabt. Diese Art des Segelns f\u00f6rdert den sozialen Zusammenhalt und den lokalen Stolz und bezieht verschiedene Gemeinschaften in seine Aus\u00fcbung ein. Rund um diese Wettk\u00e4mpfe werden Feste und Messen organisiert, bei denen die Gastronomie, die Musik und die Traditionen der Insel gefeiert werden. So wird die Rolle des Segelns in der kulturellen Identit\u00e4t Gran Canarias gefestigt.  <\/p>\n\t\t\t\t\t\t\t\t<\/div>\n\t\t\t\t<\/div>\n\t\t\t\t<\/div>\n\t\t\t\t\t<\/div>\n\t\t\t\t<\/div>\n\t\t<div class=\"elementor-element elementor-element-758dca1 e-flex e-con-boxed e-con e-parent\" data-id=\"758dca1\" data-element_type=\"container\" data-e-type=\"container\">\n\t\t\t\t\t<div class=\"e-con-inner\">\n\t\t\t\t<div class=\"elementor-element elementor-element-1d93c54 elementor-widget-divider--view-line elementor-widget elementor-widget-divider\" data-id=\"1d93c54\" data-element_type=\"widget\" data-e-type=\"widget\" data-widget_type=\"divider.default\">\n\t\t\t\t<div class=\"elementor-widget-container\">\n\t\t\t\t\t\t\t<div class=\"elementor-divider\">\n\t\t\t<span class=\"elementor-divider-separator\">\n\t\t\t\t\t\t<\/span>\n\t\t<\/div>\n\t\t\t\t\t\t<\/div>\n\t\t\t\t<\/div>\n\t\t\t\t\t<\/div>\n\t\t\t\t<\/div>\n\t\t<div class=\"elementor-element elementor-element-892d415 e-flex e-con-boxed e-con e-parent\" data-id=\"892d415\" data-element_type=\"container\" data-e-type=\"container\" data-settings=\"{&quot;background_background&quot;:&quot;classic&quot;,&quot;background_motion_fx_motion_fx_scrolling&quot;:&quot;yes&quot;,&quot;shape_divider_bottom&quot;:&quot;wave-brush&quot;,&quot;background_motion_fx_devices&quot;:[&quot;desktop&quot;,&quot;tablet&quot;,&quot;mobile&quot;]}\">\n\t\t\t\t\t<div class=\"e-con-inner\">\n\t\t\t\t<div class=\"elementor-shape elementor-shape-bottom\" aria-hidden=\"true\" data-negative=\"false\">\n\t\t\t<svg xmlns=\"http:\/\/www.w3.org\/2000\/svg\" viewBox=\"0 0 283.5 27.8\" preserveAspectRatio=\"none\">\n\t<path class=\"elementor-shape-fill\" d=\"M283.5,9.7c0,0-7.3,4.3-14,4.6c-6.8,0.3-12.6,0-20.9-1.5c-11.3-2-33.1-10.1-44.7-5.7\ts-12.1,4.6-18,7.4c-6.6,3.2-20,9.6-36.6,9.3C131.6,23.5,99.5,7.2,86.3,8c-1.4,0.1-6.6,0.8-10.5,2c-3.8,1.2-9.4,3.8-17,4.7\tc-3.2,0.4-8.3,1.1-14.2,0.9c-1.5-0.1-6.3-0.4-12-1.6c-5.7-1.2-11-3.1-15.8-3.7C6.5,9.2,0,10.8,0,10.8V0h283.5V9.7z M260.8,11.3\tc-0.7-1-2-0.4-4.3-0.4c-2.3,0-6.1-1.2-5.8-1.1c0.3,0.1,3.1,1.5,6,1.9C259.7,12.2,261.4,12.3,260.8,11.3z M242.4,8.6\tc0,0-2.4-0.2-5.6-0.9c-3.2-0.8-10.3-2.8-15.1-3.5c-8.2-1.1-15.8,0-15.1,0.1c0.8,0.1,9.6-0.6,17.6,1.1c3.3,0.7,9.3,2.2,12.4,2.7\tC239.9,8.7,242.4,8.6,242.4,8.6z M185.2,8.5c1.7-0.7-13.3,4.7-18.5,6.1c-2.1,0.6-6.2,1.6-10,2c-3.9,0.4-8.9,0.4-8.8,0.5\tc0,0.2,5.8,0.8,11.2,0c5.4-0.8,5.2-1.1,7.6-1.6C170.5,14.7,183.5,9.2,185.2,8.5z M199.1,6.9c0.2,0-0.8-0.4-4.8,1.1\tc-4,1.5-6.7,3.5-6.9,3.7c-0.2,0.1,3.5-1.8,6.6-3C197,7.5,199,6.9,199.1,6.9z M283,6c-0.1,0.1-1.9,1.1-4.8,2.5s-6.9,2.8-6.7,2.7\tc0.2,0,3.5-0.6,7.4-2.5C282.8,6.8,283.1,5.9,283,6z M31.3,11.6c0.1-0.2-1.9-0.2-4.5-1.2s-5.4-1.6-7.8-2C15,7.6,7.3,8.5,7.7,8.6\tC8,8.7,15.9,8.3,20.2,9.3c2.2,0.5,2.4,0.5,5.7,1.6S31.2,11.9,31.3,11.6z M73,9.2c0.4-0.1,3.5-1.6,8.4-2.6c4.9-1.1,8.9-0.5,8.9-0.8\tc0-0.3-1-0.9-6.2-0.3S72.6,9.3,73,9.2z M71.6,6.7C71.8,6.8,75,5.4,77.3,5c2.3-0.3,1.9-0.5,1.9-0.6c0-0.1-1.1-0.2-2.7,0.2\tC74.8,5.1,71.4,6.6,71.6,6.7z M93.6,4.4c0.1,0.2,3.5,0.8,5.6,1.8c2.1,1,1.8,0.6,1.9,0.5c0.1-0.1-0.8-0.8-2.4-1.3\tC97.1,4.8,93.5,4.2,93.6,4.4z M65.4,11.1c-0.1,0.3,0.3,0.5,1.9-0.2s2.6-1.3,2.2-1.2s-0.9,0.4-2.5,0.8C65.3,10.9,65.5,10.8,65.4,11.1\tz M34.5,12.4c-0.2,0,2.1,0.8,3.3,0.9c1.2,0.1,2,0.1,2-0.2c0-0.3-0.1-0.5-1.6-0.4C36.6,12.8,34.7,12.4,34.5,12.4z M152.2,21.1\tc-0.1,0.1-2.4-0.3-7.5-0.3c-5,0-13.6-2.4-17.2-3.5c-3.6-1.1,10,3.9,16.5,4.1C150.5,21.6,152.3,21,152.2,21.1z\"\/>\n\t<path class=\"elementor-shape-fill\" d=\"M269.6,18c-0.1-0.1-4.6,0.3-7.2,0c-7.3-0.7-17-3.2-16.6-2.9c0.4,0.3,13.7,3.1,17,3.3\tC267.7,18.8,269.7,18,269.6,18z\"\/>\n\t<path class=\"elementor-shape-fill\" d=\"M227.4,9.8c-0.2-0.1-4.5-1-9.5-1.2c-5-0.2-12.7,0.6-12.3,0.5c0.3-0.1,5.9-1.8,13.3-1.2\tS227.6,9.9,227.4,9.8z\"\/>\n\t<path class=\"elementor-shape-fill\" d=\"M204.5,13.4c-0.1-0.1,2-1,3.2-1.1c1.2-0.1,2,0,2,0.3c0,0.3-0.1,0.5-1.6,0.4\tC206.4,12.9,204.6,13.5,204.5,13.4z\"\/>\n\t<path class=\"elementor-shape-fill\" d=\"M201,10.6c0-0.1-4.4,1.2-6.3,2.2c-1.9,0.9-6.2,3.1-6.1,3.1c0.1,0.1,4.2-1.6,6.3-2.6\tS201,10.7,201,10.6z\"\/>\n\t<path class=\"elementor-shape-fill\" d=\"M154.5,26.7c-0.1-0.1-4.6,0.3-7.2,0c-7.3-0.7-17-3.2-16.6-2.9c0.4,0.3,13.7,3.1,17,3.3\tC152.6,27.5,154.6,26.8,154.5,26.7z\"\/>\n\t<path class=\"elementor-shape-fill\" d=\"M41.9,19.3c0,0,1.2-0.3,2.9-0.1c1.7,0.2,5.8,0.9,8.2,0.7c4.2-0.4,7.4-2.7,7-2.6\tc-0.4,0-4.3,2.2-8.6,1.9c-1.8-0.1-5.1-0.5-6.7-0.4S41.9,19.3,41.9,19.3z\"\/>\n\t<path class=\"elementor-shape-fill\" d=\"M75.5,12.6c0.2,0.1,2-0.8,4.3-1.1c2.3-0.2,2.1-0.3,2.1-0.5c0-0.1-1.8-0.4-3.4,0\tC76.9,11.5,75.3,12.5,75.5,12.6z\"\/>\n\t<path class=\"elementor-shape-fill\" d=\"M15.6,13.2c0-0.1,4.3,0,6.7,0.5c2.4,0.5,5,1.9,5,2c0,0.1-2.7-0.8-5.1-1.4\tC19.9,13.7,15.7,13.3,15.6,13.2z\"\/>\n<\/svg>\t\t<\/div>\n\t\t<div class=\"elementor-element elementor-element-ef1bc10 e-con-full e-flex e-con e-child\" data-id=\"ef1bc10\" data-element_type=\"container\" data-e-type=\"container\">\n\t\t\t\t<div class=\"elementor-element elementor-element-c42ee94 elementor-widget__width-initial elementor-widget-mobile__width-initial elementor-widget elementor-widget-heading\" data-id=\"c42ee94\" data-element_type=\"widget\" data-e-type=\"widget\" id=\"3\" data-widget_type=\"heading.default\">\n\t\t\t\t<div class=\"elementor-widget-container\">\n\t\t\t\t\t<h2 class=\"elementor-heading-title elementor-size-default\">\n3. Segelschulen auf Gran Canaria<\/h2>\t\t\t\t<\/div>\n\t\t\t\t<\/div>\n\t\t\t\t<\/div>\n\t\t\t\t\t<\/div>\n\t\t\t\t<\/div>\n\t\t<div class=\"elementor-element elementor-element-a0f6e87 e-flex e-con-boxed e-con e-parent\" data-id=\"a0f6e87\" data-element_type=\"container\" data-e-type=\"container\">\n\t\t\t\t\t<div class=\"e-con-inner\">\n\t\t\t\t<div class=\"elementor-element elementor-element-cc30f4a elementor-widget elementor-widget-heading\" data-id=\"cc30f4a\" data-element_type=\"widget\" data-e-type=\"widget\" data-widget_type=\"heading.default\">\n\t\t\t\t<div class=\"elementor-widget-container\">\n\t\t\t\t\t<p class=\"elementor-heading-title elementor-size-default\">Auf Gran Canaria gibt es verschiedene Segelschulen, die eine umfassende Ausbildung anbieten, die sich an die verschiedenen Niveaus und Bed\u00fcrfnisse der Interessenten anpasst. Diese Einrichtungen f\u00f6rdern sowohl die Vermittlung von Segeltechniken als auch die Werte der Sicherheit auf See. <\/p>\t\t\t\t<\/div>\n\t\t\t\t<\/div>\n\t\t\t\t\t<\/div>\n\t\t\t\t<\/div>\n\t\t<div class=\"elementor-element elementor-element-a34b7f7 e-flex e-con-boxed e-con e-parent\" data-id=\"a34b7f7\" data-element_type=\"container\" data-e-type=\"container\">\n\t\t\t\t\t<div class=\"e-con-inner\">\n\t\t<div class=\"elementor-element elementor-element-d0aee7a e-con-full e-flex e-con e-child\" data-id=\"d0aee7a\" data-element_type=\"container\" data-e-type=\"container\">\n\t\t\t\t<div class=\"elementor-element elementor-element-0664e2e elementor-widget elementor-widget-image\" data-id=\"0664e2e\" data-element_type=\"widget\" data-e-type=\"widget\" data-widget_type=\"image.default\">\n\t\t\t\t<div class=\"elementor-widget-container\">\n\t\t\t\t\t\t\t\t\t\t\t\t\t\t\t<img decoding=\"async\" width=\"800\" height=\"600\" data-src=\"https:\/\/welikecanarias.com\/wp-content\/uploads\/2024\/03\/Escuela-de-Vela-Juan-Carlos-I.jpeg\" class=\"attachment-large size-large wp-image-49005 lazyload\" alt=\"\" data-srcset=\"https:\/\/welikecanarias.com\/wp-content\/uploads\/2024\/03\/Escuela-de-Vela-Juan-Carlos-I.jpeg.webp 1024w, https:\/\/welikecanarias.com\/wp-content\/uploads\/2024\/03\/Escuela-de-Vela-Juan-Carlos-I-300x225.jpeg.webp 300w, https:\/\/welikecanarias.com\/wp-content\/uploads\/2024\/03\/Escuela-de-Vela-Juan-Carlos-I-768x576.jpeg.webp 768w\" data-sizes=\"(max-width: 800px) 100vw, 800px\" src=\"data:image\/svg+xml;base64,PHN2ZyB3aWR0aD0iMSIgaGVpZ2h0PSIxIiB4bWxucz0iaHR0cDovL3d3dy53My5vcmcvMjAwMC9zdmciPjwvc3ZnPg==\" style=\"--smush-placeholder-width: 800px; --smush-placeholder-aspect-ratio: 800\/600;\" \/>\t\t\t\t\t\t\t\t\t\t\t\t\t\t\t<\/div>\n\t\t\t\t<\/div>\n\t\t\t\t<div class=\"elementor-element elementor-element-46d8df2 elementor-widget elementor-widget-heading\" data-id=\"46d8df2\" data-element_type=\"widget\" data-e-type=\"widget\" data-widget_type=\"heading.default\">\n\t\t\t\t<div class=\"elementor-widget-container\">\n\t\t\t\t\t<h3 class=\"elementor-heading-title elementor-size-default\">Segelschule Juan Carlos I<\/h3>\t\t\t\t<\/div>\n\t\t\t\t<\/div>\n\t\t\t\t<div class=\"elementor-element elementor-element-9b8215b elementor-widget-divider--view-line elementor-widget elementor-widget-divider\" data-id=\"9b8215b\" data-element_type=\"widget\" data-e-type=\"widget\" data-widget_type=\"divider.default\">\n\t\t\t\t<div class=\"elementor-widget-container\">\n\t\t\t\t\t\t\t<div class=\"elementor-divider\">\n\t\t\t<span class=\"elementor-divider-separator\">\n\t\t\t\t\t\t<\/span>\n\t\t<\/div>\n\t\t\t\t\t\t<\/div>\n\t\t\t\t<\/div>\n\t\t\t\t<div class=\"elementor-element elementor-element-b4ea913 elementor-widget elementor-widget-n-accordion\" data-id=\"b4ea913\" data-element_type=\"widget\" data-e-type=\"widget\" data-settings=\"{&quot;default_state&quot;:&quot;expanded&quot;,&quot;max_items_expended&quot;:&quot;one&quot;,&quot;n_accordion_animation_duration&quot;:{&quot;unit&quot;:&quot;ms&quot;,&quot;size&quot;:400,&quot;sizes&quot;:[]}}\" data-widget_type=\"nested-accordion.default\">\n\t\t\t\t<div class=\"elementor-widget-container\">\n\t\t\t\t\t\t\t<div class=\"e-n-accordion\" aria-label=\"Accordion. Open links with Enter or Space, close with Escape, and navigate with Arrow Keys\">\n\t\t\t\t\t\t<details id=\"e-n-accordion-item-1890\" class=\"e-n-accordion-item\" open>\n\t\t\t\t<summary class=\"e-n-accordion-item-title\" data-accordion-index=\"1\" tabindex=\"0\" aria-expanded=\"true\" aria-controls=\"e-n-accordion-item-1890\" >\n\t\t\t\t\t<span class='e-n-accordion-item-title-header'><h4 class=\"e-n-accordion-item-title-text\"> Angebotene Kurse und Schulungen <\/h4><\/span>\n\t\t\t\t\t\t\t<span class='e-n-accordion-item-title-icon'>\n\t\t\t<span class='e-opened' ><svg aria-hidden=\"true\" class=\"e-font-icon-svg e-fas-minus\" viewBox=\"0 0 448 512\" xmlns=\"http:\/\/www.w3.org\/2000\/svg\"><path d=\"M416 208H32c-17.67 0-32 14.33-32 32v32c0 17.67 14.33 32 32 32h384c17.67 0 32-14.33 32-32v-32c0-17.67-14.33-32-32-32z\"><\/path><\/svg><\/span>\n\t\t\t<span class='e-closed'><svg aria-hidden=\"true\" class=\"e-font-icon-svg e-fas-plus\" viewBox=\"0 0 448 512\" xmlns=\"http:\/\/www.w3.org\/2000\/svg\"><path d=\"M416 208H272V64c0-17.67-14.33-32-32-32h-32c-17.67 0-32 14.33-32 32v144H32c-17.67 0-32 14.33-32 32v32c0 17.67 14.33 32 32 32h144v144c0 17.67 14.33 32 32 32h32c17.67 0 32-14.33 32-32V304h144c17.67 0 32-14.33 32-32v-32c0-17.67-14.33-32-32-32z\"><\/path><\/svg><\/span>\n\t\t<\/span>\n\n\t\t\t\t\t\t<\/summary>\n\t\t\t\t<div role=\"region\" aria-labelledby=\"e-n-accordion-item-1890\" class=\"elementor-element elementor-element-f969e56 e-con-full e-flex e-con e-child\" data-id=\"f969e56\" data-element_type=\"container\" data-e-type=\"container\">\n\t\t\t\t<div class=\"elementor-element elementor-element-62cc9a5 elementor-widget elementor-widget-text-editor\" data-id=\"62cc9a5\" data-element_type=\"widget\" data-e-type=\"widget\" data-widget_type=\"text-editor.default\">\n\t\t\t\t<div class=\"elementor-widget-container\">\n\t\t\t\t\t\t\t\t\t<p>Die Segelschule Juan Carlos I, die sich in der Muelle Deportivo de Las Palmas befindet, bietet eine gro\u00dfe Auswahl an Jollensegelkursen an. Diese Programme reichen von Anf\u00e4ngern bis hin zu Fortgeschrittenen und passen sich der Entwicklung jedes einzelnen Sch\u00fclers an. <\/p>\n\t\t\t\t\t\t\t\t<\/div>\n\t\t\t\t<\/div>\n\t\t\t\t<\/div>\n\t\t\t\t\t<\/details>\n\t\t\t\t\t\t<details id=\"e-n-accordion-item-1891\" class=\"e-n-accordion-item\" >\n\t\t\t\t<summary class=\"e-n-accordion-item-title\" data-accordion-index=\"2\" tabindex=\"-1\" aria-expanded=\"false\" aria-controls=\"e-n-accordion-item-1891\" >\n\t\t\t\t\t<span class='e-n-accordion-item-title-header'><h4 class=\"e-n-accordion-item-title-text\"> Programme f\u00fcr Kinder und Erwachsene <\/h4><\/span>\n\t\t\t\t\t\t\t<span class='e-n-accordion-item-title-icon'>\n\t\t\t<span class='e-opened' ><svg aria-hidden=\"true\" class=\"e-font-icon-svg e-fas-minus\" viewBox=\"0 0 448 512\" xmlns=\"http:\/\/www.w3.org\/2000\/svg\"><path d=\"M416 208H32c-17.67 0-32 14.33-32 32v32c0 17.67 14.33 32 32 32h384c17.67 0 32-14.33 32-32v-32c0-17.67-14.33-32-32-32z\"><\/path><\/svg><\/span>\n\t\t\t<span class='e-closed'><svg aria-hidden=\"true\" class=\"e-font-icon-svg e-fas-plus\" viewBox=\"0 0 448 512\" xmlns=\"http:\/\/www.w3.org\/2000\/svg\"><path d=\"M416 208H272V64c0-17.67-14.33-32-32-32h-32c-17.67 0-32 14.33-32 32v144H32c-17.67 0-32 14.33-32 32v32c0 17.67 14.33 32 32 32h144v144c0 17.67 14.33 32 32 32h32c17.67 0 32-14.33 32-32V304h144c17.67 0 32-14.33 32-32v-32c0-17.67-14.33-32-32-32z\"><\/path><\/svg><\/span>\n\t\t<\/span>\n\n\t\t\t\t\t\t<\/summary>\n\t\t\t\t<div role=\"region\" aria-labelledby=\"e-n-accordion-item-1891\" class=\"elementor-element elementor-element-119f4f1 e-con-full e-flex e-con e-child\" data-id=\"119f4f1\" data-element_type=\"container\" data-e-type=\"container\">\n\t\t\t\t<div class=\"elementor-element elementor-element-96b409c elementor-widget elementor-widget-text-editor\" data-id=\"96b409c\" data-element_type=\"widget\" data-e-type=\"widget\" data-widget_type=\"text-editor.default\">\n\t\t\t\t<div class=\"elementor-widget-container\">\n\t\t\t\t\t\t\t\t\t<p>Diese Schule zeichnet sich durch ihr Engagement f\u00fcr integrative Bildung aus und bietet Aktivit\u00e4ten an, die sich sowohl an Kinder als auch an Erwachsene richten. Es geht darum, bei den neuen Generationen das Interesse am Segeln zu wecken, wobei der Schwerpunkt auf Spa\u00df und sicherem Lernen liegt. <\/p>\n\t\t\t\t\t\t\t\t<\/div>\n\t\t\t\t<\/div>\n\t\t\t\t<\/div>\n\t\t\t\t\t<\/details>\n\t\t\t\t\t<\/div>\n\t\t\t\t\t\t<\/div>\n\t\t\t\t<\/div>\n\t\t\t\t<\/div>\n\t\t<div class=\"elementor-element elementor-element-d611edc e-con-full e-flex e-con e-child\" data-id=\"d611edc\" data-element_type=\"container\" data-e-type=\"container\">\n\t\t\t\t<div class=\"elementor-element elementor-element-6f4ca62 elementor-widget elementor-widget-image\" data-id=\"6f4ca62\" data-element_type=\"widget\" data-e-type=\"widget\" data-widget_type=\"image.default\">\n\t\t\t\t<div class=\"elementor-widget-container\">\n\t\t\t\t\t\t\t\t\t\t\t\t\t\t\t<img decoding=\"async\" width=\"800\" height=\"600\" data-src=\"https:\/\/welikecanarias.com\/wp-content\/uploads\/2024\/03\/Escuela-de-Vela-Joaquin-Blanco-Torrent.jpeg\" class=\"attachment-large size-large wp-image-49002 lazyload\" alt=\"Vista de barcos de la Escuela de Vela Joaquin\" data-srcset=\"https:\/\/welikecanarias.com\/wp-content\/uploads\/2024\/03\/Escuela-de-Vela-Joaquin-Blanco-Torrent.jpeg.webp 800w, https:\/\/welikecanarias.com\/wp-content\/uploads\/2024\/03\/Escuela-de-Vela-Joaquin-Blanco-Torrent-300x225.jpeg.webp 300w, https:\/\/welikecanarias.com\/wp-content\/uploads\/2024\/03\/Escuela-de-Vela-Joaquin-Blanco-Torrent-768x576.jpeg.webp 768w\" data-sizes=\"(max-width: 800px) 100vw, 800px\" src=\"data:image\/svg+xml;base64,PHN2ZyB3aWR0aD0iMSIgaGVpZ2h0PSIxIiB4bWxucz0iaHR0cDovL3d3dy53My5vcmcvMjAwMC9zdmciPjwvc3ZnPg==\" style=\"--smush-placeholder-width: 800px; --smush-placeholder-aspect-ratio: 800\/600;\" \/>\t\t\t\t\t\t\t\t\t\t\t\t\t\t\t<\/div>\n\t\t\t\t<\/div>\n\t\t\t\t<div class=\"elementor-element elementor-element-4a6e81e elementor-widget elementor-widget-heading\" data-id=\"4a6e81e\" data-element_type=\"widget\" data-e-type=\"widget\" data-widget_type=\"heading.default\">\n\t\t\t\t<div class=\"elementor-widget-container\">\n\t\t\t\t\t<h3 class=\"elementor-heading-title elementor-size-default\">Joaqu\u00edn Blanco Torrent Segelschule<\/h3>\t\t\t\t<\/div>\n\t\t\t\t<\/div>\n\t\t\t\t<div class=\"elementor-element elementor-element-3101ce2 elementor-widget-divider--view-line elementor-widget elementor-widget-divider\" data-id=\"3101ce2\" data-element_type=\"widget\" data-e-type=\"widget\" data-widget_type=\"divider.default\">\n\t\t\t\t<div class=\"elementor-widget-container\">\n\t\t\t\t\t\t\t<div class=\"elementor-divider\">\n\t\t\t<span class=\"elementor-divider-separator\">\n\t\t\t\t\t\t<\/span>\n\t\t<\/div>\n\t\t\t\t\t\t<\/div>\n\t\t\t\t<\/div>\n\t\t\t\t<div class=\"elementor-element elementor-element-06956b9 elementor-widget elementor-widget-n-accordion\" data-id=\"06956b9\" data-element_type=\"widget\" data-e-type=\"widget\" data-settings=\"{&quot;default_state&quot;:&quot;expanded&quot;,&quot;max_items_expended&quot;:&quot;one&quot;,&quot;n_accordion_animation_duration&quot;:{&quot;unit&quot;:&quot;ms&quot;,&quot;size&quot;:400,&quot;sizes&quot;:[]}}\" data-widget_type=\"nested-accordion.default\">\n\t\t\t\t<div class=\"elementor-widget-container\">\n\t\t\t\t\t\t\t<div class=\"e-n-accordion\" aria-label=\"Accordion. Open links with Enter or Space, close with Escape, and navigate with Arrow Keys\">\n\t\t\t\t\t\t<details id=\"e-n-accordion-item-6900\" class=\"e-n-accordion-item\" open>\n\t\t\t\t<summary class=\"e-n-accordion-item-title\" data-accordion-index=\"1\" tabindex=\"0\" aria-expanded=\"true\" aria-controls=\"e-n-accordion-item-6900\" >\n\t\t\t\t\t<span class='e-n-accordion-item-title-header'><h4 class=\"e-n-accordion-item-title-text\"> Spezielle Kurse f\u00fcr Anf\u00e4nger <\/h4><\/span>\n\t\t\t\t\t\t\t<span class='e-n-accordion-item-title-icon'>\n\t\t\t<span class='e-opened' ><svg aria-hidden=\"true\" class=\"e-font-icon-svg e-fas-minus\" viewBox=\"0 0 448 512\" xmlns=\"http:\/\/www.w3.org\/2000\/svg\"><path d=\"M416 208H32c-17.67 0-32 14.33-32 32v32c0 17.67 14.33 32 32 32h384c17.67 0 32-14.33 32-32v-32c0-17.67-14.33-32-32-32z\"><\/path><\/svg><\/span>\n\t\t\t<span class='e-closed'><svg aria-hidden=\"true\" class=\"e-font-icon-svg e-fas-plus\" viewBox=\"0 0 448 512\" xmlns=\"http:\/\/www.w3.org\/2000\/svg\"><path d=\"M416 208H272V64c0-17.67-14.33-32-32-32h-32c-17.67 0-32 14.33-32 32v144H32c-17.67 0-32 14.33-32 32v32c0 17.67 14.33 32 32 32h144v144c0 17.67 14.33 32 32 32h32c17.67 0 32-14.33 32-32V304h144c17.67 0 32-14.33 32-32v-32c0-17.67-14.33-32-32-32z\"><\/path><\/svg><\/span>\n\t\t<\/span>\n\n\t\t\t\t\t\t<\/summary>\n\t\t\t\t<div role=\"region\" aria-labelledby=\"e-n-accordion-item-6900\" class=\"elementor-element elementor-element-64d7d4f e-con-full e-flex e-con e-child\" data-id=\"64d7d4f\" data-element_type=\"container\" data-e-type=\"container\">\n\t\t\t\t<div class=\"elementor-element elementor-element-988de3f elementor-widget elementor-widget-text-editor\" data-id=\"988de3f\" data-element_type=\"widget\" data-e-type=\"widget\" data-widget_type=\"text-editor.default\">\n\t\t\t\t<div class=\"elementor-widget-container\">\n\t\t\t\t\t\t\t\t\t<p>Puerto Rico ist die Heimat dieser renommierten Schule, die sich darauf konzentriert, spezielle Kurse f\u00fcr Segelanf\u00e4nger anzubieten. Die Kurse sind so konzipiert, dass das Segeln auf unterhaltsame und zug\u00e4ngliche Weise vermittelt wird. <\/p>\n\t\t\t\t\t\t\t\t<\/div>\n\t\t\t\t<\/div>\n\t\t\t\t<\/div>\n\t\t\t\t\t<\/details>\n\t\t\t\t\t\t<details id=\"e-n-accordion-item-6901\" class=\"e-n-accordion-item\" >\n\t\t\t\t<summary class=\"e-n-accordion-item-title\" data-accordion-index=\"2\" tabindex=\"-1\" aria-expanded=\"false\" aria-controls=\"e-n-accordion-item-6901\" >\n\t\t\t\t\t<span class='e-n-accordion-item-title-header'><h4 class=\"e-n-accordion-item-title-text\"> Ausr\u00fcstung und Bootsverleih <\/h4><\/span>\n\t\t\t\t\t\t\t<span class='e-n-accordion-item-title-icon'>\n\t\t\t<span class='e-opened' ><svg aria-hidden=\"true\" class=\"e-font-icon-svg e-fas-minus\" viewBox=\"0 0 448 512\" xmlns=\"http:\/\/www.w3.org\/2000\/svg\"><path d=\"M416 208H32c-17.67 0-32 14.33-32 32v32c0 17.67 14.33 32 32 32h384c17.67 0 32-14.33 32-32v-32c0-17.67-14.33-32-32-32z\"><\/path><\/svg><\/span>\n\t\t\t<span class='e-closed'><svg aria-hidden=\"true\" class=\"e-font-icon-svg e-fas-plus\" viewBox=\"0 0 448 512\" xmlns=\"http:\/\/www.w3.org\/2000\/svg\"><path d=\"M416 208H272V64c0-17.67-14.33-32-32-32h-32c-17.67 0-32 14.33-32 32v144H32c-17.67 0-32 14.33-32 32v32c0 17.67 14.33 32 32 32h144v144c0 17.67 14.33 32 32 32h32c17.67 0 32-14.33 32-32V304h144c17.67 0 32-14.33 32-32v-32c0-17.67-14.33-32-32-32z\"><\/path><\/svg><\/span>\n\t\t<\/span>\n\n\t\t\t\t\t\t<\/summary>\n\t\t\t\t<div role=\"region\" aria-labelledby=\"e-n-accordion-item-6901\" class=\"elementor-element elementor-element-33e1f39 e-con-full e-flex e-con e-child\" data-id=\"33e1f39\" data-element_type=\"container\" data-e-type=\"container\">\n\t\t\t\t<div class=\"elementor-element elementor-element-e5d1589 elementor-widget elementor-widget-text-editor\" data-id=\"e5d1589\" data-element_type=\"widget\" data-e-type=\"widget\" data-widget_type=\"text-editor.default\">\n\t\t\t\t<div class=\"elementor-widget-container\">\n\t\t\t\t\t\t\t\t\t<p>Die Joaqu\u00edn Blanco Torrent School bietet auch die M\u00f6glichkeit, verschiedene Arten von Booten und Spezialausr\u00fcstung zu mieten. So k\u00f6nnen Sie die Gew\u00e4sser von Gran Canaria in Ihrem eigenen Tempo und in v\u00f6lliger Freiheit erkunden. <\/p>\n\t\t\t\t\t\t\t\t<\/div>\n\t\t\t\t<\/div>\n\t\t\t\t<\/div>\n\t\t\t\t\t<\/details>\n\t\t\t\t\t<\/div>\n\t\t\t\t\t\t<\/div>\n\t\t\t\t<\/div>\n\t\t\t\t<\/div>\n\t\t<div class=\"elementor-element elementor-element-d072162 e-con-full e-flex e-con e-child\" data-id=\"d072162\" data-element_type=\"container\" data-e-type=\"container\">\n\t\t\t\t<div class=\"elementor-element elementor-element-944af56 elementor-widget elementor-widget-image\" data-id=\"944af56\" data-element_type=\"widget\" data-e-type=\"widget\" data-widget_type=\"image.default\">\n\t\t\t\t<div class=\"elementor-widget-container\">\n\t\t\t\t\t\t\t\t\t\t\t\t\t\t\t<img decoding=\"async\" width=\"800\" height=\"600\" data-src=\"https:\/\/welikecanarias.com\/wp-content\/uploads\/2024\/03\/Real-Club-Nautico-de-Gran-Canaria-1024x768.jpg\" class=\"attachment-large size-large wp-image-48999 lazyload\" alt=\"Vista de barcos optimist en el Real Club Na\u00fatico de Gran Canaria\" data-srcset=\"https:\/\/welikecanarias.com\/wp-content\/uploads\/2024\/03\/Real-Club-Nautico-de-Gran-Canaria-1024x768.jpg.webp 1024w, https:\/\/welikecanarias.com\/wp-content\/uploads\/2024\/03\/Real-Club-Nautico-de-Gran-Canaria-300x225.jpg.webp 300w, https:\/\/welikecanarias.com\/wp-content\/uploads\/2024\/03\/Real-Club-Nautico-de-Gran-Canaria-768x576.jpg.webp 768w, https:\/\/welikecanarias.com\/wp-content\/uploads\/2024\/03\/Real-Club-Nautico-de-Gran-Canaria-1536x1152.jpg.webp 1536w, https:\/\/welikecanarias.com\/wp-content\/uploads\/2024\/03\/Real-Club-Nautico-de-Gran-Canaria.jpg.webp 1707w\" data-sizes=\"(max-width: 800px) 100vw, 800px\" src=\"data:image\/svg+xml;base64,PHN2ZyB3aWR0aD0iMSIgaGVpZ2h0PSIxIiB4bWxucz0iaHR0cDovL3d3dy53My5vcmcvMjAwMC9zdmciPjwvc3ZnPg==\" style=\"--smush-placeholder-width: 800px; --smush-placeholder-aspect-ratio: 800\/600;\" \/>\t\t\t\t\t\t\t\t\t\t\t\t\t\t\t<\/div>\n\t\t\t\t<\/div>\n\t\t\t\t<div class=\"elementor-element elementor-element-2b5048d elementor-widget elementor-widget-heading\" data-id=\"2b5048d\" data-element_type=\"widget\" data-e-type=\"widget\" data-widget_type=\"heading.default\">\n\t\t\t\t<div class=\"elementor-widget-container\">\n\t\t\t\t\t<h3 class=\"elementor-heading-title elementor-size-default\">Real Club N\u00e1utico de Gran Canaria<\/h3>\t\t\t\t<\/div>\n\t\t\t\t<\/div>\n\t\t\t\t<div class=\"elementor-element elementor-element-f4fb669 elementor-widget-divider--view-line elementor-widget elementor-widget-divider\" data-id=\"f4fb669\" data-element_type=\"widget\" data-e-type=\"widget\" data-widget_type=\"divider.default\">\n\t\t\t\t<div class=\"elementor-widget-container\">\n\t\t\t\t\t\t\t<div class=\"elementor-divider\">\n\t\t\t<span class=\"elementor-divider-separator\">\n\t\t\t\t\t\t<\/span>\n\t\t<\/div>\n\t\t\t\t\t\t<\/div>\n\t\t\t\t<\/div>\n\t\t\t\t<div class=\"elementor-element elementor-element-18a883c elementor-widget elementor-widget-n-accordion\" data-id=\"18a883c\" data-element_type=\"widget\" data-e-type=\"widget\" data-settings=\"{&quot;default_state&quot;:&quot;expanded&quot;,&quot;max_items_expended&quot;:&quot;one&quot;,&quot;n_accordion_animation_duration&quot;:{&quot;unit&quot;:&quot;ms&quot;,&quot;size&quot;:400,&quot;sizes&quot;:[]}}\" data-widget_type=\"nested-accordion.default\">\n\t\t\t\t<div class=\"elementor-widget-container\">\n\t\t\t\t\t\t\t<div class=\"e-n-accordion\" aria-label=\"Accordion. Open links with Enter or Space, close with Escape, and navigate with Arrow Keys\">\n\t\t\t\t\t\t<details id=\"e-n-accordion-item-2580\" class=\"e-n-accordion-item\" open>\n\t\t\t\t<summary class=\"e-n-accordion-item-title\" data-accordion-index=\"1\" tabindex=\"0\" aria-expanded=\"true\" aria-controls=\"e-n-accordion-item-2580\" >\n\t\t\t\t\t<span class='e-n-accordion-item-title-header'><h4 class=\"e-n-accordion-item-title-text\"> Geschichte und Prestige des Clubs <\/h4><\/span>\n\t\t\t\t\t\t\t<span class='e-n-accordion-item-title-icon'>\n\t\t\t<span class='e-opened' ><svg aria-hidden=\"true\" class=\"e-font-icon-svg e-fas-minus\" viewBox=\"0 0 448 512\" xmlns=\"http:\/\/www.w3.org\/2000\/svg\"><path d=\"M416 208H32c-17.67 0-32 14.33-32 32v32c0 17.67 14.33 32 32 32h384c17.67 0 32-14.33 32-32v-32c0-17.67-14.33-32-32-32z\"><\/path><\/svg><\/span>\n\t\t\t<span class='e-closed'><svg aria-hidden=\"true\" class=\"e-font-icon-svg e-fas-plus\" viewBox=\"0 0 448 512\" xmlns=\"http:\/\/www.w3.org\/2000\/svg\"><path d=\"M416 208H272V64c0-17.67-14.33-32-32-32h-32c-17.67 0-32 14.33-32 32v144H32c-17.67 0-32 14.33-32 32v32c0 17.67 14.33 32 32 32h144v144c0 17.67 14.33 32 32 32h32c17.67 0 32-14.33 32-32V304h144c17.67 0 32-14.33 32-32v-32c0-17.67-14.33-32-32-32z\"><\/path><\/svg><\/span>\n\t\t<\/span>\n\n\t\t\t\t\t\t<\/summary>\n\t\t\t\t<div role=\"region\" aria-labelledby=\"e-n-accordion-item-2580\" class=\"elementor-element elementor-element-53ec04f e-con-full e-flex e-con e-child\" data-id=\"53ec04f\" data-element_type=\"container\" data-e-type=\"container\">\n\t\t\t\t<div class=\"elementor-element elementor-element-8199b39 elementor-widget elementor-widget-text-editor\" data-id=\"8199b39\" data-element_type=\"widget\" data-e-type=\"widget\" data-widget_type=\"text-editor.default\">\n\t\t\t\t<div class=\"elementor-widget-container\">\n\t\t\t\t\t\t\t\t\t<p>Der Real Club N\u00e1utico de Gran Canaria wurde 1908 gegr\u00fcndet und ist eine der renommiertesten Institutionen im Bereich des Segelsports. Seine lange Geschichte hat wesentlich zur Entwicklung des Segelsports auf der Insel beigetragen und zahlreiche Segelbegeisterte angezogen. <\/p>\n\t\t\t\t\t\t\t\t<\/div>\n\t\t\t\t<\/div>\n\t\t\t\t<\/div>\n\t\t\t\t\t<\/details>\n\t\t\t\t\t\t<details id=\"e-n-accordion-item-2581\" class=\"e-n-accordion-item\" >\n\t\t\t\t<summary class=\"e-n-accordion-item-title\" data-accordion-index=\"2\" tabindex=\"-1\" aria-expanded=\"false\" aria-controls=\"e-n-accordion-item-2581\" >\n\t\t\t\t\t<span class='e-n-accordion-item-title-header'><h4 class=\"e-n-accordion-item-title-text\"> Arten von Kursen und Aktivit\u00e4ten <\/h4><\/span>\n\t\t\t\t\t\t\t<span class='e-n-accordion-item-title-icon'>\n\t\t\t<span class='e-opened' ><svg aria-hidden=\"true\" class=\"e-font-icon-svg e-fas-minus\" viewBox=\"0 0 448 512\" xmlns=\"http:\/\/www.w3.org\/2000\/svg\"><path d=\"M416 208H32c-17.67 0-32 14.33-32 32v32c0 17.67 14.33 32 32 32h384c17.67 0 32-14.33 32-32v-32c0-17.67-14.33-32-32-32z\"><\/path><\/svg><\/span>\n\t\t\t<span class='e-closed'><svg aria-hidden=\"true\" class=\"e-font-icon-svg e-fas-plus\" viewBox=\"0 0 448 512\" xmlns=\"http:\/\/www.w3.org\/2000\/svg\"><path d=\"M416 208H272V64c0-17.67-14.33-32-32-32h-32c-17.67 0-32 14.33-32 32v144H32c-17.67 0-32 14.33-32 32v32c0 17.67 14.33 32 32 32h144v144c0 17.67 14.33 32 32 32h32c17.67 0 32-14.33 32-32V304h144c17.67 0 32-14.33 32-32v-32c0-17.67-14.33-32-32-32z\"><\/path><\/svg><\/span>\n\t\t<\/span>\n\n\t\t\t\t\t\t<\/summary>\n\t\t\t\t<div role=\"region\" aria-labelledby=\"e-n-accordion-item-2581\" class=\"elementor-element elementor-element-41589b2 e-con-full e-flex e-con e-child\" data-id=\"41589b2\" data-element_type=\"container\" data-e-type=\"container\">\n\t\t\t\t<div class=\"elementor-element elementor-element-57aaff2 elementor-widget elementor-widget-text-editor\" data-id=\"57aaff2\" data-element_type=\"widget\" data-e-type=\"widget\" data-widget_type=\"text-editor.default\">\n\t\t\t\t<div class=\"elementor-widget-container\">\n\t\t\t\t\t\t\t\t\t<p>Der Club bietet eine breite Palette von Kursen an, darunter Optimist, Windsurfen, Paddelsurfen und vieles mehr. Er organisiert auch Aktivit\u00e4ten wie Regatten und Wettbewerbe, um die aktive Teilnahme seiner Mitglieder am Wassersport zu f\u00f6rdern. <\/p>\n\t\t\t\t\t\t\t\t<\/div>\n\t\t\t\t<\/div>\n\t\t\t\t<\/div>\n\t\t\t\t\t<\/details>\n\t\t\t\t\t<\/div>\n\t\t\t\t\t\t<\/div>\n\t\t\t\t<\/div>\n\t\t\t\t<div class=\"elementor-element elementor-element-89e4ac2 pa-icon-pos-after premium-lq__none elementor-widget elementor-widget-premium-addon-button\" data-id=\"89e4ac2\" data-element_type=\"widget\" data-e-type=\"widget\" data-widget_type=\"premium-addon-button.default\">\n\t\t\t\t<div class=\"elementor-widget-container\">\n\t\t\t\t\t\n\n\t\t<a class=\"premium-button premium-button-none premium-btn-md premium-button-none\" href=\"#INDICE\">\n\t\t\t<div class=\"premium-button-text-icon-wrapper\">\n\t\t\t\t\n\t\t\t\t\t\t\t\t\t\t\t\t\t\t\t\t\t\t<svg class=\"svg-inline--fas-fa-level-up-alt premium-drawable-icon premium-svg-nodraw\" aria-hidden='true' xmlns='http:\/\/www.w3.org\/2000\/svg' viewBox='0 0 320 512'><path d=\"M313.553 119.669L209.587 7.666c-9.485-10.214-25.676-10.229-35.174 0L70.438 119.669C56.232 134.969 67.062 160 88.025 160H152v272H68.024a11.996 11.996 0 0 0-8.485 3.515l-56 56C-4.021 499.074 1.333 512 12.024 512H208c13.255 0 24-10.745 24-24V160h63.966c20.878 0 31.851-24.969 17.587-40.331z\"><\/path><\/svg>\t\t\t\t\t\t\t\t\t\t\t\t\t\t\t\n\t\t\t\t\t\t\t\t\t<span >\n\t\t\t\t\t\tINDEX\t\t\t\t\t<\/span>\n\t\t\t\t\t\t\t<\/div>\n\n\t\t\t\n\t\t\t\n\t\t\t\n\t\t<\/a>\n\n\n\t\t\t\t\t\t<\/div>\n\t\t\t\t<\/div>\n\t\t\t\t<\/div>\n\t\t\t\t\t<\/div>\n\t\t\t\t<\/div>\n\t\t<div class=\"elementor-element elementor-element-00c7e80 e-flex e-con-boxed e-con e-parent\" data-id=\"00c7e80\" data-element_type=\"container\" data-e-type=\"container\">\n\t\t\t\t\t<div class=\"e-con-inner\">\n\t\t\t\t<div class=\"elementor-element elementor-element-49272f2 elementor-widget-divider--view-line elementor-widget elementor-widget-divider\" data-id=\"49272f2\" data-element_type=\"widget\" data-e-type=\"widget\" data-widget_type=\"divider.default\">\n\t\t\t\t<div class=\"elementor-widget-container\">\n\t\t\t\t\t\t\t<div class=\"elementor-divider\">\n\t\t\t<span class=\"elementor-divider-separator\">\n\t\t\t\t\t\t<\/span>\n\t\t<\/div>\n\t\t\t\t\t\t<\/div>\n\t\t\t\t<\/div>\n\t\t\t\t\t<\/div>\n\t\t\t\t<\/div>\n\t\t<div class=\"elementor-element elementor-element-75a8a9a e-flex e-con-boxed e-con e-parent\" data-id=\"75a8a9a\" data-element_type=\"container\" data-e-type=\"container\" data-settings=\"{&quot;background_background&quot;:&quot;classic&quot;,&quot;background_motion_fx_motion_fx_scrolling&quot;:&quot;yes&quot;,&quot;shape_divider_bottom&quot;:&quot;wave-brush&quot;,&quot;background_motion_fx_devices&quot;:[&quot;desktop&quot;,&quot;tablet&quot;,&quot;mobile&quot;]}\">\n\t\t\t\t\t<div class=\"e-con-inner\">\n\t\t\t\t<div class=\"elementor-shape elementor-shape-bottom\" aria-hidden=\"true\" data-negative=\"false\">\n\t\t\t<svg xmlns=\"http:\/\/www.w3.org\/2000\/svg\" viewBox=\"0 0 283.5 27.8\" preserveAspectRatio=\"none\">\n\t<path class=\"elementor-shape-fill\" d=\"M283.5,9.7c0,0-7.3,4.3-14,4.6c-6.8,0.3-12.6,0-20.9-1.5c-11.3-2-33.1-10.1-44.7-5.7\ts-12.1,4.6-18,7.4c-6.6,3.2-20,9.6-36.6,9.3C131.6,23.5,99.5,7.2,86.3,8c-1.4,0.1-6.6,0.8-10.5,2c-3.8,1.2-9.4,3.8-17,4.7\tc-3.2,0.4-8.3,1.1-14.2,0.9c-1.5-0.1-6.3-0.4-12-1.6c-5.7-1.2-11-3.1-15.8-3.7C6.5,9.2,0,10.8,0,10.8V0h283.5V9.7z M260.8,11.3\tc-0.7-1-2-0.4-4.3-0.4c-2.3,0-6.1-1.2-5.8-1.1c0.3,0.1,3.1,1.5,6,1.9C259.7,12.2,261.4,12.3,260.8,11.3z M242.4,8.6\tc0,0-2.4-0.2-5.6-0.9c-3.2-0.8-10.3-2.8-15.1-3.5c-8.2-1.1-15.8,0-15.1,0.1c0.8,0.1,9.6-0.6,17.6,1.1c3.3,0.7,9.3,2.2,12.4,2.7\tC239.9,8.7,242.4,8.6,242.4,8.6z M185.2,8.5c1.7-0.7-13.3,4.7-18.5,6.1c-2.1,0.6-6.2,1.6-10,2c-3.9,0.4-8.9,0.4-8.8,0.5\tc0,0.2,5.8,0.8,11.2,0c5.4-0.8,5.2-1.1,7.6-1.6C170.5,14.7,183.5,9.2,185.2,8.5z M199.1,6.9c0.2,0-0.8-0.4-4.8,1.1\tc-4,1.5-6.7,3.5-6.9,3.7c-0.2,0.1,3.5-1.8,6.6-3C197,7.5,199,6.9,199.1,6.9z M283,6c-0.1,0.1-1.9,1.1-4.8,2.5s-6.9,2.8-6.7,2.7\tc0.2,0,3.5-0.6,7.4-2.5C282.8,6.8,283.1,5.9,283,6z M31.3,11.6c0.1-0.2-1.9-0.2-4.5-1.2s-5.4-1.6-7.8-2C15,7.6,7.3,8.5,7.7,8.6\tC8,8.7,15.9,8.3,20.2,9.3c2.2,0.5,2.4,0.5,5.7,1.6S31.2,11.9,31.3,11.6z M73,9.2c0.4-0.1,3.5-1.6,8.4-2.6c4.9-1.1,8.9-0.5,8.9-0.8\tc0-0.3-1-0.9-6.2-0.3S72.6,9.3,73,9.2z M71.6,6.7C71.8,6.8,75,5.4,77.3,5c2.3-0.3,1.9-0.5,1.9-0.6c0-0.1-1.1-0.2-2.7,0.2\tC74.8,5.1,71.4,6.6,71.6,6.7z M93.6,4.4c0.1,0.2,3.5,0.8,5.6,1.8c2.1,1,1.8,0.6,1.9,0.5c0.1-0.1-0.8-0.8-2.4-1.3\tC97.1,4.8,93.5,4.2,93.6,4.4z M65.4,11.1c-0.1,0.3,0.3,0.5,1.9-0.2s2.6-1.3,2.2-1.2s-0.9,0.4-2.5,0.8C65.3,10.9,65.5,10.8,65.4,11.1\tz M34.5,12.4c-0.2,0,2.1,0.8,3.3,0.9c1.2,0.1,2,0.1,2-0.2c0-0.3-0.1-0.5-1.6-0.4C36.6,12.8,34.7,12.4,34.5,12.4z M152.2,21.1\tc-0.1,0.1-2.4-0.3-7.5-0.3c-5,0-13.6-2.4-17.2-3.5c-3.6-1.1,10,3.9,16.5,4.1C150.5,21.6,152.3,21,152.2,21.1z\"\/>\n\t<path class=\"elementor-shape-fill\" d=\"M269.6,18c-0.1-0.1-4.6,0.3-7.2,0c-7.3-0.7-17-3.2-16.6-2.9c0.4,0.3,13.7,3.1,17,3.3\tC267.7,18.8,269.7,18,269.6,18z\"\/>\n\t<path class=\"elementor-shape-fill\" d=\"M227.4,9.8c-0.2-0.1-4.5-1-9.5-1.2c-5-0.2-12.7,0.6-12.3,0.5c0.3-0.1,5.9-1.8,13.3-1.2\tS227.6,9.9,227.4,9.8z\"\/>\n\t<path class=\"elementor-shape-fill\" d=\"M204.5,13.4c-0.1-0.1,2-1,3.2-1.1c1.2-0.1,2,0,2,0.3c0,0.3-0.1,0.5-1.6,0.4\tC206.4,12.9,204.6,13.5,204.5,13.4z\"\/>\n\t<path class=\"elementor-shape-fill\" d=\"M201,10.6c0-0.1-4.4,1.2-6.3,2.2c-1.9,0.9-6.2,3.1-6.1,3.1c0.1,0.1,4.2-1.6,6.3-2.6\tS201,10.7,201,10.6z\"\/>\n\t<path class=\"elementor-shape-fill\" d=\"M154.5,26.7c-0.1-0.1-4.6,0.3-7.2,0c-7.3-0.7-17-3.2-16.6-2.9c0.4,0.3,13.7,3.1,17,3.3\tC152.6,27.5,154.6,26.8,154.5,26.7z\"\/>\n\t<path class=\"elementor-shape-fill\" d=\"M41.9,19.3c0,0,1.2-0.3,2.9-0.1c1.7,0.2,5.8,0.9,8.2,0.7c4.2-0.4,7.4-2.7,7-2.6\tc-0.4,0-4.3,2.2-8.6,1.9c-1.8-0.1-5.1-0.5-6.7-0.4S41.9,19.3,41.9,19.3z\"\/>\n\t<path class=\"elementor-shape-fill\" d=\"M75.5,12.6c0.2,0.1,2-0.8,4.3-1.1c2.3-0.2,2.1-0.3,2.1-0.5c0-0.1-1.8-0.4-3.4,0\tC76.9,11.5,75.3,12.5,75.5,12.6z\"\/>\n\t<path class=\"elementor-shape-fill\" d=\"M15.6,13.2c0-0.1,4.3,0,6.7,0.5c2.4,0.5,5,1.9,5,2c0,0.1-2.7-0.8-5.1-1.4\tC19.9,13.7,15.7,13.3,15.6,13.2z\"\/>\n<\/svg>\t\t<\/div>\n\t\t<div class=\"elementor-element elementor-element-aa37cad e-con-full e-flex e-con e-child\" data-id=\"aa37cad\" data-element_type=\"container\" data-e-type=\"container\">\n\t\t\t\t<div class=\"elementor-element elementor-element-c51c183 elementor-widget__width-initial elementor-widget-mobile__width-initial elementor-widget elementor-widget-heading\" data-id=\"c51c183\" data-element_type=\"widget\" data-e-type=\"widget\" id=\"4\" data-widget_type=\"heading.default\">\n\t\t\t\t<div class=\"elementor-widget-container\">\n\t\t\t\t\t<h2 class=\"elementor-heading-title elementor-size-default\">4. Segelveranstaltungen und Wettk\u00e4mpfe<\/h2>\t\t\t\t<\/div>\n\t\t\t\t<\/div>\n\t\t\t\t<\/div>\n\t\t\t\t\t<\/div>\n\t\t\t\t<\/div>\n\t\t<div class=\"elementor-element elementor-element-54fab74 e-flex e-con-boxed e-con e-parent\" data-id=\"54fab74\" data-element_type=\"container\" data-e-type=\"container\">\n\t\t\t\t\t<div class=\"e-con-inner\">\n\t\t\t\t<div class=\"elementor-element elementor-element-3be7b0a elementor-widget elementor-widget-heading\" data-id=\"3be7b0a\" data-element_type=\"widget\" data-e-type=\"widget\" data-widget_type=\"heading.default\">\n\t\t\t\t<div class=\"elementor-widget-container\">\n\t\t\t\t\t<p class=\"elementor-heading-title elementor-size-default\">Das ganze Jahr \u00fcber finden auf Gran Canaria eine Vielzahl von Segelveranstaltungen und -wettbewerben statt, die sowohl auf lokaler als auch auf internationaler Ebene Beachtung finden. Diese Aktivit\u00e4ten ziehen nicht nur Segler an, sondern sorgen auch f\u00fcr eine festliche Atmosph\u00e4re, die die Gemeinde einh\u00fcllt. <\/p>\t\t\t\t<\/div>\n\t\t\t\t<\/div>\n\t\t\t\t\t<\/div>\n\t\t\t\t<\/div>\n\t\t<div class=\"elementor-element elementor-element-a33db1b e-flex e-con-boxed e-con e-parent\" data-id=\"a33db1b\" data-element_type=\"container\" data-e-type=\"container\">\n\t\t\t\t\t<div class=\"e-con-inner\">\n\t\t<div class=\"elementor-element elementor-element-e0ec093 e-con-full e-flex e-con e-child\" data-id=\"e0ec093\" data-element_type=\"container\" data-e-type=\"container\">\n\t\t\t\t<div class=\"elementor-element elementor-element-d6c3d32 elementor-widget elementor-widget-image\" data-id=\"d6c3d32\" data-element_type=\"widget\" data-e-type=\"widget\" data-widget_type=\"image.default\">\n\t\t\t\t<div class=\"elementor-widget-container\">\n\t\t\t\t\t\t\t\t\t\t\t\t\t\t\t<img decoding=\"async\" width=\"900\" height=\"675\" data-src=\"https:\/\/welikecanarias.com\/wp-content\/uploads\/2024\/03\/arc-gran-canaria.png\" class=\"attachment-2048x2048 size-2048x2048 wp-image-48993 lazyload\" alt=\"Vista de veleros preparados en la regata ARC en Gran Canaria\" data-srcset=\"https:\/\/welikecanarias.com\/wp-content\/uploads\/2024\/03\/arc-gran-canaria.png.webp 900w, https:\/\/welikecanarias.com\/wp-content\/uploads\/2024\/03\/arc-gran-canaria-300x225.png.webp 300w, https:\/\/welikecanarias.com\/wp-content\/uploads\/2024\/03\/arc-gran-canaria-768x576.png.webp 768w\" data-sizes=\"(max-width: 900px) 100vw, 900px\" src=\"data:image\/svg+xml;base64,PHN2ZyB3aWR0aD0iMSIgaGVpZ2h0PSIxIiB4bWxucz0iaHR0cDovL3d3dy53My5vcmcvMjAwMC9zdmciPjwvc3ZnPg==\" style=\"--smush-placeholder-width: 900px; --smush-placeholder-aspect-ratio: 900\/675;\" \/>\t\t\t\t\t\t\t\t\t\t\t\t\t\t\t<\/div>\n\t\t\t\t<\/div>\n\t\t\t\t<\/div>\n\t\t<div class=\"elementor-element elementor-element-e5d505a e-con-full e-flex e-con e-child\" data-id=\"e5d505a\" data-element_type=\"container\" data-e-type=\"container\">\n\t\t\t\t<div class=\"elementor-element elementor-element-7ea1ae9 elementor-widget elementor-widget-heading\" data-id=\"7ea1ae9\" data-element_type=\"widget\" data-e-type=\"widget\" data-widget_type=\"heading.default\">\n\t\t\t\t<div class=\"elementor-widget-container\">\n\t\t\t\t\t<h3 class=\"elementor-heading-title elementor-size-default\">ARC Gran Canaria Regatta<\/h3>\t\t\t\t<\/div>\n\t\t\t\t<\/div>\n\t\t\t\t<div class=\"elementor-element elementor-element-8d24102 elementor-widget-divider--view-line elementor-widget elementor-widget-divider\" data-id=\"8d24102\" data-element_type=\"widget\" data-e-type=\"widget\" data-widget_type=\"divider.default\">\n\t\t\t\t<div class=\"elementor-widget-container\">\n\t\t\t\t\t\t\t<div class=\"elementor-divider\">\n\t\t\t<span class=\"elementor-divider-separator\">\n\t\t\t\t\t\t<\/span>\n\t\t<\/div>\n\t\t\t\t\t\t<\/div>\n\t\t\t\t<\/div>\n\t\t\t\t<div class=\"elementor-element elementor-element-29e4d34 elementor-widget elementor-widget-n-accordion\" data-id=\"29e4d34\" data-element_type=\"widget\" data-e-type=\"widget\" data-settings=\"{&quot;default_state&quot;:&quot;expanded&quot;,&quot;max_items_expended&quot;:&quot;one&quot;,&quot;n_accordion_animation_duration&quot;:{&quot;unit&quot;:&quot;ms&quot;,&quot;size&quot;:400,&quot;sizes&quot;:[]}}\" data-widget_type=\"nested-accordion.default\">\n\t\t\t\t<div class=\"elementor-widget-container\">\n\t\t\t\t\t\t\t<div class=\"e-n-accordion\" aria-label=\"Accordion. Open links with Enter or Space, close with Escape, and navigate with Arrow Keys\">\n\t\t\t\t\t\t<details id=\"e-n-accordion-item-4390\" class=\"e-n-accordion-item\" open>\n\t\t\t\t<summary class=\"e-n-accordion-item-title\" data-accordion-index=\"1\" tabindex=\"0\" aria-expanded=\"true\" aria-controls=\"e-n-accordion-item-4390\" >\n\t\t\t\t\t<span class='e-n-accordion-item-title-header'><h4 class=\"e-n-accordion-item-title-text\"> Geschichte der ARC-Regatta <\/h4><\/span>\n\t\t\t\t\t\t\t<span class='e-n-accordion-item-title-icon'>\n\t\t\t<span class='e-opened' ><svg aria-hidden=\"true\" class=\"e-font-icon-svg e-fas-minus\" viewBox=\"0 0 448 512\" xmlns=\"http:\/\/www.w3.org\/2000\/svg\"><path d=\"M416 208H32c-17.67 0-32 14.33-32 32v32c0 17.67 14.33 32 32 32h384c17.67 0 32-14.33 32-32v-32c0-17.67-14.33-32-32-32z\"><\/path><\/svg><\/span>\n\t\t\t<span class='e-closed'><svg aria-hidden=\"true\" class=\"e-font-icon-svg e-fas-plus\" viewBox=\"0 0 448 512\" xmlns=\"http:\/\/www.w3.org\/2000\/svg\"><path d=\"M416 208H272V64c0-17.67-14.33-32-32-32h-32c-17.67 0-32 14.33-32 32v144H32c-17.67 0-32 14.33-32 32v32c0 17.67 14.33 32 32 32h144v144c0 17.67 14.33 32 32 32h32c17.67 0 32-14.33 32-32V304h144c17.67 0 32-14.33 32-32v-32c0-17.67-14.33-32-32-32z\"><\/path><\/svg><\/span>\n\t\t<\/span>\n\n\t\t\t\t\t\t<\/summary>\n\t\t\t\t<div role=\"region\" aria-labelledby=\"e-n-accordion-item-4390\" class=\"elementor-element elementor-element-3a2b86f e-con-full e-flex e-con e-child\" data-id=\"3a2b86f\" data-element_type=\"container\" data-e-type=\"container\">\n\t\t\t\t<div class=\"elementor-element elementor-element-4440c4a elementor-widget elementor-widget-text-editor\" data-id=\"4440c4a\" data-element_type=\"widget\" data-e-type=\"widget\" data-widget_type=\"text-editor.default\">\n\t\t\t\t<div class=\"elementor-widget-container\">\n\t\t\t\t\t\t\t\t\t<p>Die ARC-Regatta (Atlantic Rally for Cruisers) wurde 1986 ins Leben gerufen und hat sich zu einem der wichtigsten Ereignisse in der Segelwelt entwickelt. Diese Rallye bringt Segler verschiedener Nationalit\u00e4ten zusammen, die sich auf eine epische Reise \u00fcber den Atlantischen Ozean von Gran Canaria in die Karibik begeben. <\/p>\n\t\t\t\t\t\t\t\t<\/div>\n\t\t\t\t<\/div>\n\t\t\t\t<\/div>\n\t\t\t\t\t<\/details>\n\t\t\t\t\t\t<details id=\"e-n-accordion-item-4391\" class=\"e-n-accordion-item\" >\n\t\t\t\t<summary class=\"e-n-accordion-item-title\" data-accordion-index=\"2\" tabindex=\"-1\" aria-expanded=\"false\" aria-controls=\"e-n-accordion-item-4391\" >\n\t\t\t\t\t<span class='e-n-accordion-item-title-header'><h4 class=\"e-n-accordion-item-title-text\"> Vorbereitungen und Teilnahme <\/h4><\/span>\n\t\t\t\t\t\t\t<span class='e-n-accordion-item-title-icon'>\n\t\t\t<span class='e-opened' ><svg aria-hidden=\"true\" class=\"e-font-icon-svg e-fas-minus\" viewBox=\"0 0 448 512\" xmlns=\"http:\/\/www.w3.org\/2000\/svg\"><path d=\"M416 208H32c-17.67 0-32 14.33-32 32v32c0 17.67 14.33 32 32 32h384c17.67 0 32-14.33 32-32v-32c0-17.67-14.33-32-32-32z\"><\/path><\/svg><\/span>\n\t\t\t<span class='e-closed'><svg aria-hidden=\"true\" class=\"e-font-icon-svg e-fas-plus\" viewBox=\"0 0 448 512\" xmlns=\"http:\/\/www.w3.org\/2000\/svg\"><path d=\"M416 208H272V64c0-17.67-14.33-32-32-32h-32c-17.67 0-32 14.33-32 32v144H32c-17.67 0-32 14.33-32 32v32c0 17.67 14.33 32 32 32h144v144c0 17.67 14.33 32 32 32h32c17.67 0 32-14.33 32-32V304h144c17.67 0 32-14.33 32-32v-32c0-17.67-14.33-32-32-32z\"><\/path><\/svg><\/span>\n\t\t<\/span>\n\n\t\t\t\t\t\t<\/summary>\n\t\t\t\t<div role=\"region\" aria-labelledby=\"e-n-accordion-item-4391\" class=\"elementor-element elementor-element-549eee5 e-con-full e-flex e-con e-child\" data-id=\"549eee5\" data-element_type=\"container\" data-e-type=\"container\">\n\t\t\t\t<div class=\"elementor-element elementor-element-441314a elementor-widget elementor-widget-text-editor\" data-id=\"441314a\" data-element_type=\"widget\" data-e-type=\"widget\" data-widget_type=\"text-editor.default\">\n\t\t\t\t<div class=\"elementor-widget-container\">\n\t\t\t\t\t\t\t\t\t<p>Die Vorbereitungen f\u00fcr die ARC-Regatta beginnen bereits Monate vor der Veranstaltung. Die Teilnehmer m\u00fcssen ihre Boote registrieren, an Briefings teilnehmen und Sicherheitschecks absolvieren. In der letzten Woche vor dem Start herrscht im Hafen von Las Palmas reges Treiben, denn die Boote kommen an und bereiten sich auf die \u00dcberfahrt vor.  <\/p>\n\t\t\t\t\t\t\t\t<\/div>\n\t\t\t\t<\/div>\n\t\t\t\t<\/div>\n\t\t\t\t\t<\/details>\n\t\t\t\t\t<\/div>\n\t\t\t\t\t\t<\/div>\n\t\t\t\t<\/div>\n\t\t\t\t<\/div>\n\t\t\t\t\t<\/div>\n\t\t\t\t<\/div>\n\t\t<div class=\"elementor-element elementor-element-5c47ece e-flex e-con-boxed e-con e-parent\" data-id=\"5c47ece\" data-element_type=\"container\" data-e-type=\"container\">\n\t\t\t\t\t<div class=\"e-con-inner\">\n\t\t<div class=\"elementor-element elementor-element-07b17cd e-con-full e-flex e-con e-child\" data-id=\"07b17cd\" data-element_type=\"container\" data-e-type=\"container\">\n\t\t\t\t<div class=\"elementor-element elementor-element-5620ba1 elementor-widget elementor-widget-image\" data-id=\"5620ba1\" data-element_type=\"widget\" data-e-type=\"widget\" data-widget_type=\"image.default\">\n\t\t\t\t<div class=\"elementor-widget-container\">\n\t\t\t\t\t\t\t\t\t\t\t\t\t\t\t<img decoding=\"async\" width=\"660\" height=\"495\" data-src=\"https:\/\/welikecanarias.com\/wp-content\/uploads\/2024\/03\/trofeo-princesa-asturias-en-gran-canaria.jpg\" class=\"attachment-2048x2048 size-2048x2048 wp-image-48990 lazyload\" alt=\"Vista de un velero en el trofeo Princesa de Asturias en Gran Canaria\" data-srcset=\"https:\/\/welikecanarias.com\/wp-content\/uploads\/2024\/03\/trofeo-princesa-asturias-en-gran-canaria.jpg.webp 660w, https:\/\/welikecanarias.com\/wp-content\/uploads\/2024\/03\/trofeo-princesa-asturias-en-gran-canaria-300x225.jpg.webp 300w\" data-sizes=\"(max-width: 660px) 100vw, 660px\" src=\"data:image\/svg+xml;base64,PHN2ZyB3aWR0aD0iMSIgaGVpZ2h0PSIxIiB4bWxucz0iaHR0cDovL3d3dy53My5vcmcvMjAwMC9zdmciPjwvc3ZnPg==\" style=\"--smush-placeholder-width: 660px; --smush-placeholder-aspect-ratio: 660\/495;\" \/>\t\t\t\t\t\t\t\t\t\t\t\t\t\t\t<\/div>\n\t\t\t\t<\/div>\n\t\t\t\t<\/div>\n\t\t<div class=\"elementor-element elementor-element-96c6098 e-con-full e-flex e-con e-child\" data-id=\"96c6098\" data-element_type=\"container\" data-e-type=\"container\">\n\t\t\t\t<div class=\"elementor-element elementor-element-e040024 elementor-widget elementor-widget-heading\" data-id=\"e040024\" data-element_type=\"widget\" data-e-type=\"widget\" data-widget_type=\"heading.default\">\n\t\t\t\t<div class=\"elementor-widget-container\">\n\t\t\t\t\t<h3 class=\"elementor-heading-title elementor-size-default\">Lokale Wettbewerbe<\/h3>\t\t\t\t<\/div>\n\t\t\t\t<\/div>\n\t\t\t\t<div class=\"elementor-element elementor-element-9f6aebd elementor-widget-divider--view-line elementor-widget elementor-widget-divider\" data-id=\"9f6aebd\" data-element_type=\"widget\" data-e-type=\"widget\" data-widget_type=\"divider.default\">\n\t\t\t\t<div class=\"elementor-widget-container\">\n\t\t\t\t\t\t\t<div class=\"elementor-divider\">\n\t\t\t<span class=\"elementor-divider-separator\">\n\t\t\t\t\t\t<\/span>\n\t\t<\/div>\n\t\t\t\t\t\t<\/div>\n\t\t\t\t<\/div>\n\t\t\t\t<div class=\"elementor-element elementor-element-8c990c7 elementor-widget elementor-widget-n-accordion\" data-id=\"8c990c7\" data-element_type=\"widget\" data-e-type=\"widget\" data-settings=\"{&quot;default_state&quot;:&quot;expanded&quot;,&quot;max_items_expended&quot;:&quot;one&quot;,&quot;n_accordion_animation_duration&quot;:{&quot;unit&quot;:&quot;ms&quot;,&quot;size&quot;:400,&quot;sizes&quot;:[]}}\" data-widget_type=\"nested-accordion.default\">\n\t\t\t\t<div class=\"elementor-widget-container\">\n\t\t\t\t\t\t\t<div class=\"e-n-accordion\" aria-label=\"Accordion. Open links with Enter or Space, close with Escape, and navigate with Arrow Keys\">\n\t\t\t\t\t\t<details id=\"e-n-accordion-item-1470\" class=\"e-n-accordion-item\" open>\n\t\t\t\t<summary class=\"e-n-accordion-item-title\" data-accordion-index=\"1\" tabindex=\"0\" aria-expanded=\"true\" aria-controls=\"e-n-accordion-item-1470\" >\n\t\t\t\t\t<span class='e-n-accordion-item-title-header'><h4 class=\"e-n-accordion-item-title-text\"> Auswirkungen auf die Gemeinschaft <\/h4><\/span>\n\t\t\t\t\t\t\t<span class='e-n-accordion-item-title-icon'>\n\t\t\t<span class='e-opened' ><svg aria-hidden=\"true\" class=\"e-font-icon-svg e-fas-minus\" viewBox=\"0 0 448 512\" xmlns=\"http:\/\/www.w3.org\/2000\/svg\"><path d=\"M416 208H32c-17.67 0-32 14.33-32 32v32c0 17.67 14.33 32 32 32h384c17.67 0 32-14.33 32-32v-32c0-17.67-14.33-32-32-32z\"><\/path><\/svg><\/span>\n\t\t\t<span class='e-closed'><svg aria-hidden=\"true\" class=\"e-font-icon-svg e-fas-plus\" viewBox=\"0 0 448 512\" xmlns=\"http:\/\/www.w3.org\/2000\/svg\"><path d=\"M416 208H272V64c0-17.67-14.33-32-32-32h-32c-17.67 0-32 14.33-32 32v144H32c-17.67 0-32 14.33-32 32v32c0 17.67 14.33 32 32 32h144v144c0 17.67 14.33 32 32 32h32c17.67 0 32-14.33 32-32V304h144c17.67 0 32-14.33 32-32v-32c0-17.67-14.33-32-32-32z\"><\/path><\/svg><\/span>\n\t\t<\/span>\n\n\t\t\t\t\t\t<\/summary>\n\t\t\t\t<div role=\"region\" aria-labelledby=\"e-n-accordion-item-1470\" class=\"elementor-element elementor-element-da028ca e-con-full e-flex e-con e-child\" data-id=\"da028ca\" data-element_type=\"container\" data-e-type=\"container\">\n\t\t\t\t<div class=\"elementor-element elementor-element-ca8b473 elementor-widget elementor-widget-text-editor\" data-id=\"ca8b473\" data-element_type=\"widget\" data-e-type=\"widget\" data-widget_type=\"text-editor.default\">\n\t\t\t\t<div class=\"elementor-widget-container\">\n\t\t\t\t\t\t\t\t\t<p>Regatten, die von lokalen Clubs organisiert werden, sind f\u00fcr die nautische Kultur Gran Canarias unerl\u00e4sslich. Diese Wettbewerbe sorgen nicht nur f\u00fcr Unterhaltung, sondern erm\u00f6glichen es den einheimischen Atheten auch, ihre Segelk\u00fcnste und -techniken zu demonstrieren. <\/p>\n\t\t\t\t\t\t\t\t<\/div>\n\t\t\t\t<\/div>\n\t\t\t\t<\/div>\n\t\t\t\t\t<\/details>\n\t\t\t\t\t\t<details id=\"e-n-accordion-item-1471\" class=\"e-n-accordion-item\" >\n\t\t\t\t<summary class=\"e-n-accordion-item-title\" data-accordion-index=\"2\" tabindex=\"-1\" aria-expanded=\"false\" aria-controls=\"e-n-accordion-item-1471\" >\n\t\t\t\t\t<span class='e-n-accordion-item-title-header'><h4 class=\"e-n-accordion-item-title-text\"> Ausgew\u00e4hlte Ereignisse <\/h4><\/span>\n\t\t\t\t\t\t\t<span class='e-n-accordion-item-title-icon'>\n\t\t\t<span class='e-opened' ><svg aria-hidden=\"true\" class=\"e-font-icon-svg e-fas-minus\" viewBox=\"0 0 448 512\" xmlns=\"http:\/\/www.w3.org\/2000\/svg\"><path d=\"M416 208H32c-17.67 0-32 14.33-32 32v32c0 17.67 14.33 32 32 32h384c17.67 0 32-14.33 32-32v-32c0-17.67-14.33-32-32-32z\"><\/path><\/svg><\/span>\n\t\t\t<span class='e-closed'><svg aria-hidden=\"true\" class=\"e-font-icon-svg e-fas-plus\" viewBox=\"0 0 448 512\" xmlns=\"http:\/\/www.w3.org\/2000\/svg\"><path d=\"M416 208H272V64c0-17.67-14.33-32-32-32h-32c-17.67 0-32 14.33-32 32v144H32c-17.67 0-32 14.33-32 32v32c0 17.67 14.33 32 32 32h144v144c0 17.67 14.33 32 32 32h32c17.67 0 32-14.33 32-32V304h144c17.67 0 32-14.33 32-32v-32c0-17.67-14.33-32-32-32z\"><\/path><\/svg><\/span>\n\t\t<\/span>\n\n\t\t\t\t\t\t<\/summary>\n\t\t\t\t<div role=\"region\" aria-labelledby=\"e-n-accordion-item-1471\" class=\"elementor-element elementor-element-a0c0d56 e-con-full e-flex e-con e-child\" data-id=\"a0c0d56\" data-element_type=\"container\" data-e-type=\"container\">\n\t\t\t\t<div class=\"elementor-element elementor-element-3636d2b elementor-widget elementor-widget-text-editor\" data-id=\"3636d2b\" data-element_type=\"widget\" data-e-type=\"widget\" data-widget_type=\"text-editor.default\">\n\t\t\t\t<div class=\"elementor-widget-container\">\n\t\t\t\t\t\t\t\t\t<ul>\n<li>H.R.H. Prinzessin von Asturien Troph\u00e4e, die j\u00e4hrlich ausgetragen wird.<\/li>\n<li>Latin Sailing Regattas, die einen wichtigen Teil der kulturellen Identit\u00e4t der Insel darstellen.<\/li>\n<li>Wettbewerbe in ruhigen Gew\u00e4ssern, die den Sport unter jungen Menschen f\u00f6rdern.<\/li>\n<\/ul>\n\t\t\t\t\t\t\t\t<\/div>\n\t\t\t\t<\/div>\n\t\t\t\t<\/div>\n\t\t\t\t\t<\/details>\n\t\t\t\t\t<\/div>\n\t\t\t\t\t\t<\/div>\n\t\t\t\t<\/div>\n\t\t\t\t<\/div>\n\t\t\t\t\t<\/div>\n\t\t\t\t<\/div>\n\t\t<div class=\"elementor-element elementor-element-dd3395e e-flex e-con-boxed e-con e-parent\" data-id=\"dd3395e\" data-element_type=\"container\" data-e-type=\"container\">\n\t\t\t\t\t<div class=\"e-con-inner\">\n\t\t\t\t<div class=\"elementor-element elementor-element-dad6b83 elementor-widget elementor-widget-spacer\" data-id=\"dad6b83\" data-element_type=\"widget\" data-e-type=\"widget\" data-widget_type=\"spacer.default\">\n\t\t\t\t<div class=\"elementor-widget-container\">\n\t\t\t\t\t\t\t<div class=\"elementor-spacer\">\n\t\t\t<div class=\"elementor-spacer-inner\"><\/div>\n\t\t<\/div>\n\t\t\t\t\t\t<\/div>\n\t\t\t\t<\/div>\n\t\t\t\t\t<\/div>\n\t\t\t\t<\/div>\n\t\t\t\t<\/div>\n\t\t","protected":false},"excerpt":{"rendered":"<p>Segeln auf Gran Canaria: Ein Paradies f\u00fcr Segler Segeln auf Gran Canaria bietet dank des g\u00fcnstigen Klimas und der Segelbedingungen ein einzigartiges Erlebnis. Mit konstanten Passatwinden und angenehmen Temperaturen ist die Insel ein ideales Ziel f\u00fcr Segelbegeisterte. Die reiche Geschichte des Segelns auf Gran Canaria ist gepr\u00e4gt von der Vela Latina, einer tief verwurzelten kulturellen [&hellip;]<\/p>\n","protected":false},"author":244305394,"featured_media":49053,"comment_status":"closed","ping_status":"closed","sticky":false,"template":"","format":"standard","meta":{"_monsterinsights_skip_tracking":false,"_monsterinsights_sitenote_active":false,"_monsterinsights_sitenote_note":"","_monsterinsights_sitenote_category":0,"footnotes":""},"categories":[919,920],"tags":[1944,1946,1943,1945],"class_list":["post-52192","post","type-post","status-publish","format-standard","has-post-thumbnail","hentry","category-gran-canaria-de","category-sport-de-2","tag-gran-canaria-regatten","tag-kanaren-lateinsegeln","tag-las-palmas-segelschule","tag-segelunterricht"],"yoast_head":"<!-- This site is optimized with the Yoast SEO plugin v27.5 - https:\/\/yoast.com\/product\/yoast-seo-wordpress\/ -->\n<title>Segeln auf Gran Canaria: Ein Paradies f\u00fcr Segler<\/title>\n<meta name=\"description\" content=\"Erleben Sie den Nervenkitzel des Segelns auf Gran Canaria. Nehmen Sie an unvergesslichen Abenteuern auf See teil.\" \/>\n<meta name=\"robots\" content=\"index, follow, max-snippet:-1, max-image-preview:large, max-video-preview:-1\" \/>\n<link rel=\"canonical\" href=\"https:\/\/welikecanarias.com\/de\/segeln-auf-gran-canaria\/\" \/>\n<meta property=\"og:locale\" content=\"de_DE\" \/>\n<meta property=\"og:type\" content=\"article\" \/>\n<meta property=\"og:title\" content=\"Segeln auf Gran Canaria: Ein Paradies f\u00fcr Segler\" \/>\n<meta property=\"og:description\" content=\"Erleben Sie den Nervenkitzel des Segelns auf Gran Canaria. Nehmen Sie an unvergesslichen Abenteuern auf See teil.\" \/>\n<meta property=\"og:url\" content=\"https:\/\/welikecanarias.com\/de\/segeln-auf-gran-canaria\/\" \/>\n<meta property=\"og:site_name\" content=\"WeLikeCanarias\" \/>\n<meta property=\"article:published_time\" content=\"2024-03-05T21:21:30+00:00\" \/>\n<meta property=\"article:modified_time\" content=\"2025-03-28T13:45:44+00:00\" \/>\n<meta property=\"og:image\" content=\"https:\/\/welikecanarias.com\/wp-content\/uploads\/2024\/03\/barco-arc-gran-canaria.jpeg\" \/>\n\t<meta property=\"og:image:width\" content=\"2560\" \/>\n\t<meta property=\"og:image:height\" content=\"1707\" \/>\n\t<meta property=\"og:image:type\" content=\"image\/jpeg\" \/>\n<meta name=\"author\" content=\"WeLikeCanarias\" \/>\n<meta name=\"twitter:card\" content=\"summary_large_image\" \/>\n<meta name=\"twitter:label1\" content=\"Verfasst von\" \/>\n\t<meta name=\"twitter:data1\" content=\"WeLikeCanarias\" \/>\n\t<meta name=\"twitter:label2\" content=\"Gesch\u00e4tzte Lesezeit\" \/>\n\t<meta name=\"twitter:data2\" content=\"13\u00a0Minuten\" \/>\n<script type=\"application\/ld+json\" class=\"yoast-schema-graph\">{\"@context\":\"https:\\\/\\\/schema.org\",\"@graph\":[{\"@type\":[\"Article\",\"BlogPosting\"],\"@id\":\"https:\\\/\\\/welikecanarias.com\\\/de\\\/segeln-auf-gran-canaria\\\/#article\",\"isPartOf\":{\"@id\":\"https:\\\/\\\/welikecanarias.com\\\/de\\\/segeln-auf-gran-canaria\\\/\"},\"author\":{\"name\":\"WeLikeCanarias\",\"@id\":\"https:\\\/\\\/welikecanarias.com\\\/de\\\/#\\\/schema\\\/person\\\/8f32b8fa9eacbc052e5cac461636dd27\"},\"headline\":\"Segeln auf Gran Canaria: Ein Paradies f\u00fcr Segler\",\"datePublished\":\"2024-03-05T21:21:30+00:00\",\"dateModified\":\"2025-03-28T13:45:44+00:00\",\"mainEntityOfPage\":{\"@id\":\"https:\\\/\\\/welikecanarias.com\\\/de\\\/segeln-auf-gran-canaria\\\/\"},\"wordCount\":2095,\"publisher\":{\"@id\":\"https:\\\/\\\/welikecanarias.com\\\/de\\\/#\\\/schema\\\/person\\\/8f32b8fa9eacbc052e5cac461636dd27\"},\"image\":{\"@id\":\"https:\\\/\\\/welikecanarias.com\\\/de\\\/segeln-auf-gran-canaria\\\/#primaryimage\"},\"thumbnailUrl\":\"https:\\\/\\\/welikecanarias.com\\\/wp-content\\\/uploads\\\/2024\\\/03\\\/barco-arc-gran-canaria.jpeg\",\"keywords\":[\"Gran Canaria Regatten\",\"Kanaren-Lateinsegeln\",\"las palmas segelschule\",\"Segelunterricht\"],\"articleSection\":[\"Gran Canaria\",\"Sport\"],\"inLanguage\":\"de\"},{\"@type\":\"WebPage\",\"@id\":\"https:\\\/\\\/welikecanarias.com\\\/de\\\/segeln-auf-gran-canaria\\\/\",\"url\":\"https:\\\/\\\/welikecanarias.com\\\/de\\\/segeln-auf-gran-canaria\\\/\",\"name\":\"Segeln auf Gran Canaria: Ein Paradies f\u00fcr Segler\",\"isPartOf\":{\"@id\":\"https:\\\/\\\/welikecanarias.com\\\/de\\\/#website\"},\"primaryImageOfPage\":{\"@id\":\"https:\\\/\\\/welikecanarias.com\\\/de\\\/segeln-auf-gran-canaria\\\/#primaryimage\"},\"image\":{\"@id\":\"https:\\\/\\\/welikecanarias.com\\\/de\\\/segeln-auf-gran-canaria\\\/#primaryimage\"},\"thumbnailUrl\":\"https:\\\/\\\/welikecanarias.com\\\/wp-content\\\/uploads\\\/2024\\\/03\\\/barco-arc-gran-canaria.jpeg\",\"datePublished\":\"2024-03-05T21:21:30+00:00\",\"dateModified\":\"2025-03-28T13:45:44+00:00\",\"description\":\"Erleben Sie den Nervenkitzel des Segelns auf Gran Canaria. Nehmen Sie an unvergesslichen Abenteuern auf See teil.\",\"breadcrumb\":{\"@id\":\"https:\\\/\\\/welikecanarias.com\\\/de\\\/segeln-auf-gran-canaria\\\/#breadcrumb\"},\"inLanguage\":\"de\",\"potentialAction\":[{\"@type\":\"ReadAction\",\"target\":[\"https:\\\/\\\/welikecanarias.com\\\/de\\\/segeln-auf-gran-canaria\\\/\"]}]},{\"@type\":\"ImageObject\",\"inLanguage\":\"de\",\"@id\":\"https:\\\/\\\/welikecanarias.com\\\/de\\\/segeln-auf-gran-canaria\\\/#primaryimage\",\"url\":\"https:\\\/\\\/welikecanarias.com\\\/wp-content\\\/uploads\\\/2024\\\/03\\\/barco-arc-gran-canaria.jpeg\",\"contentUrl\":\"https:\\\/\\\/welikecanarias.com\\\/wp-content\\\/uploads\\\/2024\\\/03\\\/barco-arc-gran-canaria.jpeg\",\"width\":2560,\"height\":1707,\"caption\":\"Vista de barco preparado para la regata ARC en Gran Canaria\"},{\"@type\":\"BreadcrumbList\",\"@id\":\"https:\\\/\\\/welikecanarias.com\\\/de\\\/segeln-auf-gran-canaria\\\/#breadcrumb\",\"itemListElement\":[{\"@type\":\"ListItem\",\"position\":1,\"name\":\"Portada\",\"item\":\"https:\\\/\\\/welikecanarias.com\\\/de\\\/\"},{\"@type\":\"ListItem\",\"position\":2,\"name\":\"Segeln auf Gran Canaria: Ein Paradies f\u00fcr Segler\"}]},{\"@type\":\"WebSite\",\"@id\":\"https:\\\/\\\/welikecanarias.com\\\/de\\\/#website\",\"url\":\"https:\\\/\\\/welikecanarias.com\\\/de\\\/\",\"name\":\"WeLikeCanarias\",\"description\":\"Blog de viaje por las Islas Canarias\",\"publisher\":{\"@id\":\"https:\\\/\\\/welikecanarias.com\\\/de\\\/#\\\/schema\\\/person\\\/8f32b8fa9eacbc052e5cac461636dd27\"},\"potentialAction\":[{\"@type\":\"SearchAction\",\"target\":{\"@type\":\"EntryPoint\",\"urlTemplate\":\"https:\\\/\\\/welikecanarias.com\\\/de\\\/?s={search_term_string}\"},\"query-input\":{\"@type\":\"PropertyValueSpecification\",\"valueRequired\":true,\"valueName\":\"search_term_string\"}}],\"inLanguage\":\"de\"},{\"@type\":[\"Person\",\"Organization\"],\"@id\":\"https:\\\/\\\/welikecanarias.com\\\/de\\\/#\\\/schema\\\/person\\\/8f32b8fa9eacbc052e5cac461636dd27\",\"name\":\"WeLikeCanarias\",\"image\":{\"@type\":\"ImageObject\",\"inLanguage\":\"de\",\"@id\":\"https:\\\/\\\/welikecanarias.com\\\/wp-content\\\/uploads\\\/2025\\\/09\\\/cropped-Canarias.png\",\"url\":\"https:\\\/\\\/welikecanarias.com\\\/wp-content\\\/uploads\\\/2025\\\/09\\\/cropped-Canarias.png\",\"contentUrl\":\"https:\\\/\\\/welikecanarias.com\\\/wp-content\\\/uploads\\\/2025\\\/09\\\/cropped-Canarias.png\",\"width\":1147,\"height\":867,\"caption\":\"WeLikeCanarias\"},\"logo\":{\"@id\":\"https:\\\/\\\/welikecanarias.com\\\/wp-content\\\/uploads\\\/2025\\\/09\\\/cropped-Canarias.png\"},\"sameAs\":[\"http:\\\/\\\/welikecanarias.wordpress.com\"],\"url\":\"https:\\\/\\\/welikecanarias.com\\\/de\\\/author\\\/welikecanarias\\\/\"}]}<\/script>\n<!-- \/ Yoast SEO plugin. -->","yoast_head_json":{"title":"Segeln auf Gran Canaria: Ein Paradies f\u00fcr Segler","description":"Erleben Sie den Nervenkitzel des Segelns auf Gran Canaria. Nehmen Sie an unvergesslichen Abenteuern auf See teil.","robots":{"index":"index","follow":"follow","max-snippet":"max-snippet:-1","max-image-preview":"max-image-preview:large","max-video-preview":"max-video-preview:-1"},"canonical":"https:\/\/welikecanarias.com\/de\/segeln-auf-gran-canaria\/","og_locale":"de_DE","og_type":"article","og_title":"Segeln auf Gran Canaria: Ein Paradies f\u00fcr Segler","og_description":"Erleben Sie den Nervenkitzel des Segelns auf Gran Canaria. Nehmen Sie an unvergesslichen Abenteuern auf See teil.","og_url":"https:\/\/welikecanarias.com\/de\/segeln-auf-gran-canaria\/","og_site_name":"WeLikeCanarias","article_published_time":"2024-03-05T21:21:30+00:00","article_modified_time":"2025-03-28T13:45:44+00:00","og_image":[{"width":2560,"height":1707,"url":"https:\/\/welikecanarias.com\/wp-content\/uploads\/2024\/03\/barco-arc-gran-canaria.jpeg","type":"image\/jpeg"}],"author":"WeLikeCanarias","twitter_card":"summary_large_image","twitter_misc":{"Verfasst von":"WeLikeCanarias","Gesch\u00e4tzte Lesezeit":"13\u00a0Minuten"},"schema":{"@context":"https:\/\/schema.org","@graph":[{"@type":["Article","BlogPosting"],"@id":"https:\/\/welikecanarias.com\/de\/segeln-auf-gran-canaria\/#article","isPartOf":{"@id":"https:\/\/welikecanarias.com\/de\/segeln-auf-gran-canaria\/"},"author":{"name":"WeLikeCanarias","@id":"https:\/\/welikecanarias.com\/de\/#\/schema\/person\/8f32b8fa9eacbc052e5cac461636dd27"},"headline":"Segeln auf Gran Canaria: Ein Paradies f\u00fcr Segler","datePublished":"2024-03-05T21:21:30+00:00","dateModified":"2025-03-28T13:45:44+00:00","mainEntityOfPage":{"@id":"https:\/\/welikecanarias.com\/de\/segeln-auf-gran-canaria\/"},"wordCount":2095,"publisher":{"@id":"https:\/\/welikecanarias.com\/de\/#\/schema\/person\/8f32b8fa9eacbc052e5cac461636dd27"},"image":{"@id":"https:\/\/welikecanarias.com\/de\/segeln-auf-gran-canaria\/#primaryimage"},"thumbnailUrl":"https:\/\/welikecanarias.com\/wp-content\/uploads\/2024\/03\/barco-arc-gran-canaria.jpeg","keywords":["Gran Canaria Regatten","Kanaren-Lateinsegeln","las palmas segelschule","Segelunterricht"],"articleSection":["Gran Canaria","Sport"],"inLanguage":"de"},{"@type":"WebPage","@id":"https:\/\/welikecanarias.com\/de\/segeln-auf-gran-canaria\/","url":"https:\/\/welikecanarias.com\/de\/segeln-auf-gran-canaria\/","name":"Segeln auf Gran Canaria: Ein Paradies f\u00fcr Segler","isPartOf":{"@id":"https:\/\/welikecanarias.com\/de\/#website"},"primaryImageOfPage":{"@id":"https:\/\/welikecanarias.com\/de\/segeln-auf-gran-canaria\/#primaryimage"},"image":{"@id":"https:\/\/welikecanarias.com\/de\/segeln-auf-gran-canaria\/#primaryimage"},"thumbnailUrl":"https:\/\/welikecanarias.com\/wp-content\/uploads\/2024\/03\/barco-arc-gran-canaria.jpeg","datePublished":"2024-03-05T21:21:30+00:00","dateModified":"2025-03-28T13:45:44+00:00","description":"Erleben Sie den Nervenkitzel des Segelns auf Gran Canaria. Nehmen Sie an unvergesslichen Abenteuern auf See teil.","breadcrumb":{"@id":"https:\/\/welikecanarias.com\/de\/segeln-auf-gran-canaria\/#breadcrumb"},"inLanguage":"de","potentialAction":[{"@type":"ReadAction","target":["https:\/\/welikecanarias.com\/de\/segeln-auf-gran-canaria\/"]}]},{"@type":"ImageObject","inLanguage":"de","@id":"https:\/\/welikecanarias.com\/de\/segeln-auf-gran-canaria\/#primaryimage","url":"https:\/\/welikecanarias.com\/wp-content\/uploads\/2024\/03\/barco-arc-gran-canaria.jpeg","contentUrl":"https:\/\/welikecanarias.com\/wp-content\/uploads\/2024\/03\/barco-arc-gran-canaria.jpeg","width":2560,"height":1707,"caption":"Vista de barco preparado para la regata ARC en Gran Canaria"},{"@type":"BreadcrumbList","@id":"https:\/\/welikecanarias.com\/de\/segeln-auf-gran-canaria\/#breadcrumb","itemListElement":[{"@type":"ListItem","position":1,"name":"Portada","item":"https:\/\/welikecanarias.com\/de\/"},{"@type":"ListItem","position":2,"name":"Segeln auf Gran Canaria: Ein Paradies f\u00fcr Segler"}]},{"@type":"WebSite","@id":"https:\/\/welikecanarias.com\/de\/#website","url":"https:\/\/welikecanarias.com\/de\/","name":"WeLikeCanarias","description":"Blog de viaje por las Islas Canarias","publisher":{"@id":"https:\/\/welikecanarias.com\/de\/#\/schema\/person\/8f32b8fa9eacbc052e5cac461636dd27"},"potentialAction":[{"@type":"SearchAction","target":{"@type":"EntryPoint","urlTemplate":"https:\/\/welikecanarias.com\/de\/?s={search_term_string}"},"query-input":{"@type":"PropertyValueSpecification","valueRequired":true,"valueName":"search_term_string"}}],"inLanguage":"de"},{"@type":["Person","Organization"],"@id":"https:\/\/welikecanarias.com\/de\/#\/schema\/person\/8f32b8fa9eacbc052e5cac461636dd27","name":"WeLikeCanarias","image":{"@type":"ImageObject","inLanguage":"de","@id":"https:\/\/welikecanarias.com\/wp-content\/uploads\/2025\/09\/cropped-Canarias.png","url":"https:\/\/welikecanarias.com\/wp-content\/uploads\/2025\/09\/cropped-Canarias.png","contentUrl":"https:\/\/welikecanarias.com\/wp-content\/uploads\/2025\/09\/cropped-Canarias.png","width":1147,"height":867,"caption":"WeLikeCanarias"},"logo":{"@id":"https:\/\/welikecanarias.com\/wp-content\/uploads\/2025\/09\/cropped-Canarias.png"},"sameAs":["http:\/\/welikecanarias.wordpress.com"],"url":"https:\/\/welikecanarias.com\/de\/author\/welikecanarias\/"}]}},"_links":{"self":[{"href":"https:\/\/welikecanarias.com\/de\/wp-json\/wp\/v2\/posts\/52192","targetHints":{"allow":["GET"]}}],"collection":[{"href":"https:\/\/welikecanarias.com\/de\/wp-json\/wp\/v2\/posts"}],"about":[{"href":"https:\/\/welikecanarias.com\/de\/wp-json\/wp\/v2\/types\/post"}],"author":[{"embeddable":true,"href":"https:\/\/welikecanarias.com\/de\/wp-json\/wp\/v2\/users\/244305394"}],"replies":[{"embeddable":true,"href":"https:\/\/welikecanarias.com\/de\/wp-json\/wp\/v2\/comments?post=52192"}],"version-history":[{"count":0,"href":"https:\/\/welikecanarias.com\/de\/wp-json\/wp\/v2\/posts\/52192\/revisions"}],"wp:featuredmedia":[{"embeddable":true,"href":"https:\/\/welikecanarias.com\/de\/wp-json\/wp\/v2\/media\/49053"}],"wp:attachment":[{"href":"https:\/\/welikecanarias.com\/de\/wp-json\/wp\/v2\/media?parent=52192"}],"wp:term":[{"taxonomy":"category","embeddable":true,"href":"https:\/\/welikecanarias.com\/de\/wp-json\/wp\/v2\/categories?post=52192"},{"taxonomy":"post_tag","embeddable":true,"href":"https:\/\/welikecanarias.com\/de\/wp-json\/wp\/v2\/tags?post=52192"}],"curies":[{"name":"wp","href":"https:\/\/api.w.org\/{rel}","templated":true}]}}