{"id":52139,"date":"2024-01-28T22:33:26","date_gmt":"2024-01-28T22:33:26","guid":{"rendered":"https:\/\/welikecanarias.com\/windsurfen-kitesurfen-auf-gran-canaria\/"},"modified":"2025-03-28T09:43:39","modified_gmt":"2025-03-28T09:43:39","slug":"windsurfen-kitesurfen-auf-gran-canaria","status":"publish","type":"post","link":"https:\/\/welikecanarias.com\/de\/windsurfen-kitesurfen-auf-gran-canaria\/","title":{"rendered":"Windsurfen\/Kitesurfen auf Gran Canaria"},"content":{"rendered":"\t\t<div data-elementor-type=\"wp-post\" data-elementor-id=\"52139\" class=\"elementor elementor-52139 elementor-6161\" data-elementor-post-type=\"post\">\n\t\t\t\t<div class=\"elementor-element elementor-element-7f74602 e-flex e-con-boxed e-con e-parent\" data-id=\"7f74602\" data-element_type=\"container\" data-e-type=\"container\" data-settings=\"{&quot;background_background&quot;:&quot;classic&quot;,&quot;shape_divider_bottom&quot;:&quot;wave-brush&quot;}\">\n\t\t\t\t\t<div class=\"e-con-inner\">\n\t\t\t\t<div class=\"elementor-shape elementor-shape-bottom\" aria-hidden=\"true\" data-negative=\"false\">\n\t\t\t<svg xmlns=\"http:\/\/www.w3.org\/2000\/svg\" viewBox=\"0 0 283.5 27.8\" preserveAspectRatio=\"none\">\n\t<path class=\"elementor-shape-fill\" d=\"M283.5,9.7c0,0-7.3,4.3-14,4.6c-6.8,0.3-12.6,0-20.9-1.5c-11.3-2-33.1-10.1-44.7-5.7\ts-12.1,4.6-18,7.4c-6.6,3.2-20,9.6-36.6,9.3C131.6,23.5,99.5,7.2,86.3,8c-1.4,0.1-6.6,0.8-10.5,2c-3.8,1.2-9.4,3.8-17,4.7\tc-3.2,0.4-8.3,1.1-14.2,0.9c-1.5-0.1-6.3-0.4-12-1.6c-5.7-1.2-11-3.1-15.8-3.7C6.5,9.2,0,10.8,0,10.8V0h283.5V9.7z M260.8,11.3\tc-0.7-1-2-0.4-4.3-0.4c-2.3,0-6.1-1.2-5.8-1.1c0.3,0.1,3.1,1.5,6,1.9C259.7,12.2,261.4,12.3,260.8,11.3z M242.4,8.6\tc0,0-2.4-0.2-5.6-0.9c-3.2-0.8-10.3-2.8-15.1-3.5c-8.2-1.1-15.8,0-15.1,0.1c0.8,0.1,9.6-0.6,17.6,1.1c3.3,0.7,9.3,2.2,12.4,2.7\tC239.9,8.7,242.4,8.6,242.4,8.6z M185.2,8.5c1.7-0.7-13.3,4.7-18.5,6.1c-2.1,0.6-6.2,1.6-10,2c-3.9,0.4-8.9,0.4-8.8,0.5\tc0,0.2,5.8,0.8,11.2,0c5.4-0.8,5.2-1.1,7.6-1.6C170.5,14.7,183.5,9.2,185.2,8.5z M199.1,6.9c0.2,0-0.8-0.4-4.8,1.1\tc-4,1.5-6.7,3.5-6.9,3.7c-0.2,0.1,3.5-1.8,6.6-3C197,7.5,199,6.9,199.1,6.9z M283,6c-0.1,0.1-1.9,1.1-4.8,2.5s-6.9,2.8-6.7,2.7\tc0.2,0,3.5-0.6,7.4-2.5C282.8,6.8,283.1,5.9,283,6z M31.3,11.6c0.1-0.2-1.9-0.2-4.5-1.2s-5.4-1.6-7.8-2C15,7.6,7.3,8.5,7.7,8.6\tC8,8.7,15.9,8.3,20.2,9.3c2.2,0.5,2.4,0.5,5.7,1.6S31.2,11.9,31.3,11.6z M73,9.2c0.4-0.1,3.5-1.6,8.4-2.6c4.9-1.1,8.9-0.5,8.9-0.8\tc0-0.3-1-0.9-6.2-0.3S72.6,9.3,73,9.2z M71.6,6.7C71.8,6.8,75,5.4,77.3,5c2.3-0.3,1.9-0.5,1.9-0.6c0-0.1-1.1-0.2-2.7,0.2\tC74.8,5.1,71.4,6.6,71.6,6.7z M93.6,4.4c0.1,0.2,3.5,0.8,5.6,1.8c2.1,1,1.8,0.6,1.9,0.5c0.1-0.1-0.8-0.8-2.4-1.3\tC97.1,4.8,93.5,4.2,93.6,4.4z M65.4,11.1c-0.1,0.3,0.3,0.5,1.9-0.2s2.6-1.3,2.2-1.2s-0.9,0.4-2.5,0.8C65.3,10.9,65.5,10.8,65.4,11.1\tz M34.5,12.4c-0.2,0,2.1,0.8,3.3,0.9c1.2,0.1,2,0.1,2-0.2c0-0.3-0.1-0.5-1.6-0.4C36.6,12.8,34.7,12.4,34.5,12.4z M152.2,21.1\tc-0.1,0.1-2.4-0.3-7.5-0.3c-5,0-13.6-2.4-17.2-3.5c-3.6-1.1,10,3.9,16.5,4.1C150.5,21.6,152.3,21,152.2,21.1z\"\/>\n\t<path class=\"elementor-shape-fill\" d=\"M269.6,18c-0.1-0.1-4.6,0.3-7.2,0c-7.3-0.7-17-3.2-16.6-2.9c0.4,0.3,13.7,3.1,17,3.3\tC267.7,18.8,269.7,18,269.6,18z\"\/>\n\t<path class=\"elementor-shape-fill\" d=\"M227.4,9.8c-0.2-0.1-4.5-1-9.5-1.2c-5-0.2-12.7,0.6-12.3,0.5c0.3-0.1,5.9-1.8,13.3-1.2\tS227.6,9.9,227.4,9.8z\"\/>\n\t<path class=\"elementor-shape-fill\" d=\"M204.5,13.4c-0.1-0.1,2-1,3.2-1.1c1.2-0.1,2,0,2,0.3c0,0.3-0.1,0.5-1.6,0.4\tC206.4,12.9,204.6,13.5,204.5,13.4z\"\/>\n\t<path class=\"elementor-shape-fill\" d=\"M201,10.6c0-0.1-4.4,1.2-6.3,2.2c-1.9,0.9-6.2,3.1-6.1,3.1c0.1,0.1,4.2-1.6,6.3-2.6\tS201,10.7,201,10.6z\"\/>\n\t<path class=\"elementor-shape-fill\" d=\"M154.5,26.7c-0.1-0.1-4.6,0.3-7.2,0c-7.3-0.7-17-3.2-16.6-2.9c0.4,0.3,13.7,3.1,17,3.3\tC152.6,27.5,154.6,26.8,154.5,26.7z\"\/>\n\t<path class=\"elementor-shape-fill\" d=\"M41.9,19.3c0,0,1.2-0.3,2.9-0.1c1.7,0.2,5.8,0.9,8.2,0.7c4.2-0.4,7.4-2.7,7-2.6\tc-0.4,0-4.3,2.2-8.6,1.9c-1.8-0.1-5.1-0.5-6.7-0.4S41.9,19.3,41.9,19.3z\"\/>\n\t<path class=\"elementor-shape-fill\" d=\"M75.5,12.6c0.2,0.1,2-0.8,4.3-1.1c2.3-0.2,2.1-0.3,2.1-0.5c0-0.1-1.8-0.4-3.4,0\tC76.9,11.5,75.3,12.5,75.5,12.6z\"\/>\n\t<path class=\"elementor-shape-fill\" d=\"M15.6,13.2c0-0.1,4.3,0,6.7,0.5c2.4,0.5,5,1.9,5,2c0,0.1-2.7-0.8-5.1-1.4\tC19.9,13.7,15.7,13.3,15.6,13.2z\"\/>\n<\/svg>\t\t<\/div>\n\t\t\t\t<div class=\"elementor-element elementor-element-a1f5713 elementor-widget__width-initial elementor-widget-mobile__width-initial elementor-widget elementor-widget-heading\" data-id=\"a1f5713\" data-element_type=\"widget\" data-e-type=\"widget\" data-widget_type=\"heading.default\">\n\t\t\t\t<div class=\"elementor-widget-container\">\n\t\t\t\t\t<h1 class=\"elementor-heading-title elementor-size-default\">Windsurfing- und Kitesurfing-Wettbewerbe auf Gran Canaria: Nicht zu verpassende Veranstaltungen<\/h1>\t\t\t\t<\/div>\n\t\t\t\t<\/div>\n\t\t\t\t\t<\/div>\n\t\t\t\t<\/div>\n\t\t<div class=\"elementor-element elementor-element-9a12425 e-flex e-con-boxed e-con e-parent\" data-id=\"9a12425\" data-element_type=\"container\" data-e-type=\"container\">\n\t\t\t\t\t<div class=\"e-con-inner\">\n\t\t\t\t<div class=\"elementor-element elementor-element-b625c00 elementor-widget elementor-widget-heading\" data-id=\"b625c00\" data-element_type=\"widget\" data-e-type=\"widget\" data-widget_type=\"heading.default\">\n\t\t\t\t<div class=\"elementor-widget-container\">\n\t\t\t\t\t<p class=\"elementor-heading-title elementor-size-default\">  Gran Canaria ist ein au\u00dfergew\u00f6hnliches Reiseziel f\u00fcr die Aus\u00fcbung von Sportarten wie Windsurfen und Kitesurfen, dank der idealen klimatischen Bedingungen, insbesondere der Passatwinde, die einen Gro\u00dfteil des Jahres wehen. Im Windsurfen ist Gran Canaria weltbekannt. Der Strand von Pozo Izquierdo war Heimat und Trainingsort von Weltmeistern wie Bj\u00f6rn Dunkerbeck und den Schwestern Daida und Iballa Ruano\".  <\/p>\t\t\t\t<\/div>\n\t\t\t\t<\/div>\n\t\t\t\t\t<\/div>\n\t\t\t\t<\/div>\n\t\t<div class=\"elementor-element elementor-element-bb91a2b e-flex e-con-boxed e-con e-parent\" data-id=\"bb91a2b\" data-element_type=\"container\" data-e-type=\"container\">\n\t\t\t\t\t<div class=\"e-con-inner\">\n\t\t<div class=\"elementor-element elementor-element-ec48911 e-grid e-con-full e-con e-child\" data-id=\"ec48911\" data-element_type=\"container\" data-e-type=\"container\">\n\t\t\t\t<div class=\"elementor-element elementor-element-e9bcf77 elementor-widget elementor-widget-text-editor\" data-id=\"e9bcf77\" data-element_type=\"widget\" data-e-type=\"widget\" data-widget_type=\"text-editor.default\">\n\t\t\t\t<div class=\"elementor-widget-container\">\n\t\t\t\t\t\t\t\t\t<p><span style=\"color: #000000;\">Gran Canaria ist dank seiner konstanten Winde und beeindruckenden Spots eine Weltreferenz f\u00fcr Windsurfen und Kitesurfen. Auf der Insel finden einige der wichtigsten internationalen Wettbewerbe statt, die die besten Fahrer der Welt anziehen. Von Speed Trials bis hin zu  <\/span><\/p>\n\t\t\t\t\t\t\t\t<\/div>\n\t\t\t\t<\/div>\n\t\t\t\t<div class=\"elementor-element elementor-element-83ec050 elementor-widget elementor-widget-text-editor\" data-id=\"83ec050\" data-element_type=\"widget\" data-e-type=\"widget\" data-widget_type=\"text-editor.default\">\n\t\t\t\t<div class=\"elementor-widget-container\">\n\t\t\t\t\t\t\t\t\t<p><span style=\"color: #000000;\">spektakul\u00e4re Man\u00f6ver auf den Wellen, bieten diese Veranstaltungen ein einzigartiges Spektakel f\u00fcr Teilnehmer und Zuschauer. Entdecken Sie die Windsurf- und Kitesurf-Wettbewerbe auf Gran Canaria und genie\u00dfen Sie den Nervenkitzel dieser Sportart in einer einzigartigen Umgebung. <\/span><\/p>\n\t\t\t\t\t\t\t\t<\/div>\n\t\t\t\t<\/div>\n\t\t\t\t<\/div>\n\t\t\t\t\t<\/div>\n\t\t\t\t<\/div>\n\t\t<div class=\"elementor-element elementor-element-33b83b3 e-flex e-con-boxed e-con e-parent\" data-id=\"33b83b3\" data-element_type=\"container\" data-e-type=\"container\">\n\t\t\t\t\t<div class=\"e-con-inner\">\n\t\t\t\t<div class=\"elementor-element elementor-element-d33fa30 elementor-widget elementor-widget-shortcode\" data-id=\"d33fa30\" data-element_type=\"widget\" data-e-type=\"widget\" data-widget_type=\"shortcode.default\">\n\t\t\t\t<div class=\"elementor-widget-container\">\n\t\t\t\t\t\t\t<div class=\"elementor-shortcode\"><a class=\"weatherwidget-io\" href=\"https:\/\/forecast7.com\/es\/28d12n15d44\/las-palmas-de-gran-canaria\/\" data-label_1=\"LAS PALMAS DE GRAN CANARIA\" data-label_2=\"WEATHER\" data-theme=\"sky\">LAS PALMAS DE GRAN CANARIA WETTER<\/a>\n<script>\n!function(d,s,id){var js,fjs=d.getElementsByTagName(s)[0];if(!d.getElementById(id)){js=d.createElement(s);js.id=id;js.src='https:\/\/weatherwidget.io\/js\/widget.min.js';fjs.parentNode.insertBefore(js,fjs);}}(document,'script','weatherwidget-io-js');\n<\/script><\/div>\n\t\t\t\t\t\t<\/div>\n\t\t\t\t<\/div>\n\t\t\t\t\t<\/div>\n\t\t\t\t<\/div>\n\t\t<div class=\"elementor-element elementor-element-7a23875 e-flex e-con-boxed e-con e-parent\" data-id=\"7a23875\" data-element_type=\"container\" data-e-type=\"container\" id=\"INDICE\">\n\t\t\t\t\t<div class=\"e-con-inner\">\n\t\t<div class=\"elementor-element elementor-element-dc59e56 e-con-full e-flex e-con e-child\" data-id=\"dc59e56\" data-element_type=\"container\" data-e-type=\"container\">\n\t\t\t\t<div class=\"elementor-element elementor-element-179baf6 elementor-widget elementor-widget-button\" data-id=\"179baf6\" data-element_type=\"widget\" data-e-type=\"widget\" data-widget_type=\"button.default\">\n\t\t\t\t<div class=\"elementor-widget-container\">\n\t\t\t\t\t\t\t\t\t<div class=\"elementor-button-wrapper\">\n\t\t\t\t\t<a class=\"elementor-button elementor-button-link elementor-size-sm\" href=\"#\">\n\t\t\t\t\t\t<span class=\"elementor-button-content-wrapper\">\n\t\t\t\t\t\t\t\t\t<span class=\"elementor-button-text\">Inhaltsverzeichnis<\/span>\n\t\t\t\t\t<\/span>\n\t\t\t\t\t<\/a>\n\t\t\t\t<\/div>\n\t\t\t\t\t\t\t\t<\/div>\n\t\t\t\t<\/div>\n\t\t<div class=\"elementor-element elementor-element-5983c32 e-con-full e-grid e-con e-child\" data-id=\"5983c32\" data-element_type=\"container\" data-e-type=\"container\">\n\t\t\t\t<div class=\"elementor-element elementor-element-39b096e elementor-icon-list--layout-traditional elementor-list-item-link-full_width elementor-widget elementor-widget-icon-list\" data-id=\"39b096e\" data-element_type=\"widget\" data-e-type=\"widget\" data-widget_type=\"icon-list.default\">\n\t\t\t\t<div class=\"elementor-widget-container\">\n\t\t\t\t\t\t\t<ul class=\"elementor-icon-list-items\">\n\t\t\t\t\t\t\t<li class=\"elementor-icon-list-item\">\n\t\t\t\t\t\t\t\t\t\t\t<a href=\"#1\">\n\n\t\t\t\t\t\t\t\t\t\t\t\t<span class=\"elementor-icon-list-icon\">\n\t\t\t\t\t\t\t<svg xmlns=\"http:\/\/www.w3.org\/2000\/svg\" xmlns:xlink=\"http:\/\/www.w3.org\/1999\/xlink\" id=\"Capa_1\" x=\"0px\" y=\"0px\" viewBox=\"0 0 426.667 426.667\" style=\"enable-background:new 0 0 426.667 426.667;\" xml:space=\"preserve\"> <g> <g> <g> <path d=\"M213.333,106.667c-58.88,0-106.667,47.787-106.667,106.667S154.453,320,213.333,320S320,272.213,320,213.333 S272.213,106.667,213.333,106.667z\"><\/path> <path d=\"M213.333,0C95.467,0,0,95.467,0,213.333s95.467,213.333,213.333,213.333S426.667,331.2,426.667,213.333 S331.2,0,213.333,0z M213.333,384c-94.293,0-170.667-76.373-170.667-170.667S119.04,42.667,213.333,42.667 S384,119.04,384,213.333S307.627,384,213.333,384z\"><\/path> <\/g> <\/g> <\/g> <g> <\/g> <g> <\/g> <g> <\/g> <g> <\/g> <g> <\/g> <g> <\/g> <g> <\/g> <g> <\/g> <g> <\/g> <g> <\/g> <g> <\/g> <g> <\/g> <g> <\/g> <g> <\/g> <g> <\/g> <\/svg>\t\t\t\t\t\t<\/span>\n\t\t\t\t\t\t\t\t\t\t<span class=\"elementor-icon-list-text\">1. die Windsurfing-Spots Gran Canarias<\/span>\n\t\t\t\t\t\t\t\t\t\t\t<\/a>\n\t\t\t\t\t\t\t\t\t<\/li>\n\t\t\t\t\t\t\t\t<li class=\"elementor-icon-list-item\">\n\t\t\t\t\t\t\t\t\t\t\t<a href=\"#2\">\n\n\t\t\t\t\t\t\t\t\t\t\t\t<span class=\"elementor-icon-list-icon\">\n\t\t\t\t\t\t\t<svg xmlns=\"http:\/\/www.w3.org\/2000\/svg\" xmlns:xlink=\"http:\/\/www.w3.org\/1999\/xlink\" id=\"Capa_1\" x=\"0px\" y=\"0px\" viewBox=\"0 0 426.667 426.667\" style=\"enable-background:new 0 0 426.667 426.667;\" xml:space=\"preserve\"> <g> <g> <g> <path d=\"M213.333,106.667c-58.88,0-106.667,47.787-106.667,106.667S154.453,320,213.333,320S320,272.213,320,213.333 S272.213,106.667,213.333,106.667z\"><\/path> <path d=\"M213.333,0C95.467,0,0,95.467,0,213.333s95.467,213.333,213.333,213.333S426.667,331.2,426.667,213.333 S331.2,0,213.333,0z M213.333,384c-94.293,0-170.667-76.373-170.667-170.667S119.04,42.667,213.333,42.667 S384,119.04,384,213.333S307.627,384,213.333,384z\"><\/path> <\/g> <\/g> <\/g> <g> <\/g> <g> <\/g> <g> <\/g> <g> <\/g> <g> <\/g> <g> <\/g> <g> <\/g> <g> <\/g> <g> <\/g> <g> <\/g> <g> <\/g> <g> <\/g> <g> <\/g> <g> <\/g> <g> <\/g> <\/svg>\t\t\t\t\t\t<\/span>\n\t\t\t\t\t\t\t\t\t\t<span class=\"elementor-icon-list-text\">2. die Kitesurfing-Spots auf Gran Canaria<\/span>\n\t\t\t\t\t\t\t\t\t\t\t<\/a>\n\t\t\t\t\t\t\t\t\t<\/li>\n\t\t\t\t\t\t\t\t<li class=\"elementor-icon-list-item\">\n\t\t\t\t\t\t\t\t\t\t\t<a href=\"#3\">\n\n\t\t\t\t\t\t\t\t\t\t\t\t<span class=\"elementor-icon-list-icon\">\n\t\t\t\t\t\t\t<svg xmlns=\"http:\/\/www.w3.org\/2000\/svg\" xmlns:xlink=\"http:\/\/www.w3.org\/1999\/xlink\" id=\"Capa_1\" x=\"0px\" y=\"0px\" viewBox=\"0 0 426.667 426.667\" style=\"enable-background:new 0 0 426.667 426.667;\" xml:space=\"preserve\"> <g> <g> <g> <path d=\"M213.333,106.667c-58.88,0-106.667,47.787-106.667,106.667S154.453,320,213.333,320S320,272.213,320,213.333 S272.213,106.667,213.333,106.667z\"><\/path> <path d=\"M213.333,0C95.467,0,0,95.467,0,213.333s95.467,213.333,213.333,213.333S426.667,331.2,426.667,213.333 S331.2,0,213.333,0z M213.333,384c-94.293,0-170.667-76.373-170.667-170.667S119.04,42.667,213.333,42.667 S384,119.04,384,213.333S307.627,384,213.333,384z\"><\/path> <\/g> <\/g> <\/g> <g> <\/g> <g> <\/g> <g> <\/g> <g> <\/g> <g> <\/g> <g> <\/g> <g> <\/g> <g> <\/g> <g> <\/g> <g> <\/g> <g> <\/g> <g> <\/g> <g> <\/g> <g> <\/g> <g> <\/g> <\/svg>\t\t\t\t\t\t<\/span>\n\t\t\t\t\t\t\t\t\t\t<span class=\"elementor-icon-list-text\">3. Geschichte und Bedeutung der Wettbewerbe auf Gran Canaria<\/span>\n\t\t\t\t\t\t\t\t\t\t\t<\/a>\n\t\t\t\t\t\t\t\t\t<\/li>\n\t\t\t\t\t\t\t\t<li class=\"elementor-icon-list-item\">\n\t\t\t\t\t\t\t\t\t\t\t<a href=\"#4\">\n\n\t\t\t\t\t\t\t\t\t\t\t\t<span class=\"elementor-icon-list-icon\">\n\t\t\t\t\t\t\t<svg xmlns=\"http:\/\/www.w3.org\/2000\/svg\" xmlns:xlink=\"http:\/\/www.w3.org\/1999\/xlink\" id=\"Capa_1\" x=\"0px\" y=\"0px\" viewBox=\"0 0 426.667 426.667\" style=\"enable-background:new 0 0 426.667 426.667;\" xml:space=\"preserve\"> <g> <g> <g> <path d=\"M213.333,106.667c-58.88,0-106.667,47.787-106.667,106.667S154.453,320,213.333,320S320,272.213,320,213.333 S272.213,106.667,213.333,106.667z\"><\/path> <path d=\"M213.333,0C95.467,0,0,95.467,0,213.333s95.467,213.333,213.333,213.333S426.667,331.2,426.667,213.333 S331.2,0,213.333,0z M213.333,384c-94.293,0-170.667-76.373-170.667-170.667S119.04,42.667,213.333,42.667 S384,119.04,384,213.333S307.627,384,213.333,384z\"><\/path> <\/g> <\/g> <\/g> <g> <\/g> <g> <\/g> <g> <\/g> <g> <\/g> <g> <\/g> <g> <\/g> <g> <\/g> <g> <\/g> <g> <\/g> <g> <\/g> <g> <\/g> <g> <\/g> <g> <\/g> <g> <\/g> <g> <\/g> <\/svg>\t\t\t\t\t\t<\/span>\n\t\t\t\t\t\t\t\t\t\t<span class=\"elementor-icon-list-text\">4. Windsurfen und Kitesurfen auf Gran Canaria<\/span>\n\t\t\t\t\t\t\t\t\t\t\t<\/a>\n\t\t\t\t\t\t\t\t\t<\/li>\n\t\t\t\t\t\t\t\t<li class=\"elementor-icon-list-item\">\n\t\t\t\t\t\t\t\t\t\t\t<a href=\"#5\">\n\n\t\t\t\t\t\t\t\t\t\t\t\t<span class=\"elementor-icon-list-icon\">\n\t\t\t\t\t\t\t<svg xmlns=\"http:\/\/www.w3.org\/2000\/svg\" xmlns:xlink=\"http:\/\/www.w3.org\/1999\/xlink\" id=\"Capa_1\" x=\"0px\" y=\"0px\" viewBox=\"0 0 426.667 426.667\" style=\"enable-background:new 0 0 426.667 426.667;\" xml:space=\"preserve\"> <g> <g> <g> <path d=\"M213.333,106.667c-58.88,0-106.667,47.787-106.667,106.667S154.453,320,213.333,320S320,272.213,320,213.333 S272.213,106.667,213.333,106.667z\"><\/path> <path d=\"M213.333,0C95.467,0,0,95.467,0,213.333s95.467,213.333,213.333,213.333S426.667,331.2,426.667,213.333 S331.2,0,213.333,0z M213.333,384c-94.293,0-170.667-76.373-170.667-170.667S119.04,42.667,213.333,42.667 S384,119.04,384,213.333S307.627,384,213.333,384z\"><\/path> <\/g> <\/g> <\/g> <g> <\/g> <g> <\/g> <g> <\/g> <g> <\/g> <g> <\/g> <g> <\/g> <g> <\/g> <g> <\/g> <g> <\/g> <g> <\/g> <g> <\/g> <g> <\/g> <g> <\/g> <g> <\/g> <g> <\/g> <\/svg>\t\t\t\t\t\t<\/span>\n\t\t\t\t\t\t\t\t\t\t<span class=\"elementor-icon-list-text\">5. Geschichte der Windsurfing-Weltmeisterschaften<\/span>\n\t\t\t\t\t\t\t\t\t\t\t<\/a>\n\t\t\t\t\t\t\t\t\t<\/li>\n\t\t\t\t\t\t\t\t<li class=\"elementor-icon-list-item\">\n\t\t\t\t\t\t\t\t\t\t\t<a href=\"#6\">\n\n\t\t\t\t\t\t\t\t\t\t\t\t<span class=\"elementor-icon-list-icon\">\n\t\t\t\t\t\t\t<svg xmlns=\"http:\/\/www.w3.org\/2000\/svg\" xmlns:xlink=\"http:\/\/www.w3.org\/1999\/xlink\" id=\"Capa_1\" x=\"0px\" y=\"0px\" viewBox=\"0 0 426.667 426.667\" style=\"enable-background:new 0 0 426.667 426.667;\" xml:space=\"preserve\"> <g> <g> <g> <path d=\"M213.333,106.667c-58.88,0-106.667,47.787-106.667,106.667S154.453,320,213.333,320S320,272.213,320,213.333 S272.213,106.667,213.333,106.667z\"><\/path> <path d=\"M213.333,0C95.467,0,0,95.467,0,213.333s95.467,213.333,213.333,213.333S426.667,331.2,426.667,213.333 S331.2,0,213.333,0z M213.333,384c-94.293,0-170.667-76.373-170.667-170.667S119.04,42.667,213.333,42.667 S384,119.04,384,213.333S307.627,384,213.333,384z\"><\/path> <\/g> <\/g> <\/g> <g> <\/g> <g> <\/g> <g> <\/g> <g> <\/g> <g> <\/g> <g> <\/g> <g> <\/g> <g> <\/g> <g> <\/g> <g> <\/g> <g> <\/g> <g> <\/g> <g> <\/g> <g> <\/g> <g> <\/g> <\/svg>\t\t\t\t\t\t<\/span>\n\t\t\t\t\t\t\t\t\t\t<span class=\"elementor-icon-list-text\">6. Highlights und Zahlen zur Meisterschaft<\/span>\n\t\t\t\t\t\t\t\t\t\t\t<\/a>\n\t\t\t\t\t\t\t\t\t<\/li>\n\t\t\t\t\t\t<\/ul>\n\t\t\t\t\t\t<\/div>\n\t\t\t\t<\/div>\n\t\t\t\t<\/div>\n\t\t\t\t<\/div>\n\t\t\t\t\t<\/div>\n\t\t\t\t<\/div>\n\t\t<div class=\"elementor-element elementor-element-77906bb e-flex e-con-boxed e-con e-parent\" data-id=\"77906bb\" data-element_type=\"container\" data-e-type=\"container\">\n\t\t\t\t\t<div class=\"e-con-inner\">\n\t\t<div class=\"elementor-element elementor-element-04bc170 e-con-full e-flex e-con e-child\" data-id=\"04bc170\" data-element_type=\"container\" data-e-type=\"container\">\n\t\t\t\t<div class=\"elementor-element elementor-element-b087db8 elementor-view-default elementor-widget elementor-widget-icon\" data-id=\"b087db8\" data-element_type=\"widget\" data-e-type=\"widget\" data-widget_type=\"icon.default\">\n\t\t\t\t<div class=\"elementor-widget-container\">\n\t\t\t\t\t\t\t<div class=\"elementor-icon-wrapper\">\n\t\t\t<div class=\"elementor-icon\">\n\t\t\t<svg xmlns=\"http:\/\/www.w3.org\/2000\/svg\" height=\"512pt\" viewBox=\"0 0 512 512.0127\" width=\"512pt\"><path d=\"m428.824219 408.617188c-24.5-2.457032-53.460938-4.371094-84.582031-5.660157 3.390624-11.609375 5.28125-23.609375 5.628906-35.703125.925781-28.304687-1.878906-56.613281-8.34375-84.1875 27.308594-9.890625 41.472656-23.570312 39.089844-38.972656-2.6875-17.367188-26.023438-26.402344-56.890626-22.1875-5.859374-16.160156-12.546874-32.003906-20.042968-47.46875-69.070313-142.199219-177.382813-172.894531-181.984375-174.140625-2.863281-.777344-5.925781-.007813-8.082031 2.03125-2.160157 2.035156-3.105469 5.046875-2.5 7.953125 17.292968 84.390625 13.71875 171.730469-10.417969 254.429688l-51.703125 8.652343c-5.605469 1.492188-10.0625 5.742188-11.820313 11.273438-.125.390625-.222656.792969-.289062 1.203125l-2.796875 16.84375c-1.410156 5.125-.351563 10.613281 2.863281 14.847656 3.21875 4.230469 8.222656 6.722656 13.535156 6.742188.480469 0 .949219 0 1.433594-.070313 6.980469-.585937 16.972656-1.578125 28.953125-2.847656-5.707031 14.136719-12.351562 27.882812-19.890625 41.136719-1.605469 2.636718-1.667969 5.933593-.15625 8.625 1.511719 2.691406 4.359375 4.355468 7.445313 4.355468h263.988281c-.917969 9.125-2.828125 18.121094-5.703125 26.828125-24.25-.792969-49.492188-1.226562-74.820313-1.226562-65.253906 0-126.640625 2.667969-172.859375 7.542969-72.78125 7.660156-78.8710935 17.339843-78.8710935 26.589843s6.0898435 18.925781 78.8710935 26.589844c4.746094.503906 9.746094.964844 14.796875 1.414063-.894531 7.613281-5.035156 25.996093-8.082031 38.195312-.835938 3.351562.425781 6.875 3.199219 8.929688 2.777343 2.054687 6.515625 2.234374 9.476562.457031 4.382813-2.625 41.613281-25.34375 53.007813-43.730469 31.207031 1.476562 65.21875 2.277344 100.460937 2.277344 64.8125 0 129.359375-2.746094 177.085938-7.542969 76.800781-7.679687 83.183593-16.972656 83.183593-26.589844 0-9.617187-6.367187-18.886719-83.183593-26.589843zm-65.074219-161.921876c.59375 3.847657-6.1875 12.042969-26.148438 19.628907-2.253906-8.839844-5.027343-18.210938-8.148437-27.871094 21.546875-2.160156 33.613281 3.839844 34.296875 8.242187zm-224.804688-127.273437c31.890626-1.195313 63.113282-9.488281 91.394532-24.277344 15.550781 17.296875 29.378906 36.074219 41.28125 56.0625-36.265625 30.882813-114.953125 35.664063-137.445313 36.394531 3.003907-22.605468 4.597657-45.375 4.769531-68.179687zm79.234376-37.050781c-24.824219 11.972656-51.828126 18.769531-79.363282 19.976562-.628906-27.023437-3.328125-53.960937-8.070312-80.574218 32.6875 14.535156 62.347656 35.089843 87.433594 60.597656zm-86.554688 122.433594c18.875-.367188 104.710938-3.992188 148.566406-38.585938 2.753906 5.121094 5.503906 10.238281 8.140625 15.691406 13.992188 28.6875 24.992188 58.738282 32.828125 89.679688-6.949218 1.839844-14.832031 3.566406-23.894531 5.074218-38.621094 6.433594-127.863281 17.640626-190.472656 24.746094 11.109375-31.40625 19.417969-63.734375 24.832031-96.605468zm-81.066406 102.402343c.125-.398437.222656-.800781.289062-1.210937l2.679688-16.113282 41.589844-6.9375c-2.378907 7.289063-4.785157 14.113282-7.167969 20.480469-15.785157 1.734375-28.847657 3.054688-37.398438 3.78125zm49.550781 12.066407c63.148437-7.03125 159.363281-19.039063 199.980469-25.804688 8.992187-1.503906 17.269531-3.285156 24.898437-5.292969 5.039063 23.082031 7.734375 46.609375 8.039063 70.230469h-250.433594c4.519531-8.882812 10.785156-22.136719 17.507812-39.140625zm6.921875 165.425781c1.597656-7.320313 3.0625-14.898438 3.644531-20.078125 6.347657.476562 12.890625.917968 19.625 1.320312-7.253906 6.851563-15.035156 13.125-23.269531 18.757813zm144.707031-32.425781c-121.957031 0-203.902343-9.0625-228.691406-17.066407 24.832031-8.003906 106.777344-17.066406 228.734375-17.066406 23.859375 0 46.25.316406 67.175781.953125-.5625.957031-1.125 1.914062-1.707031 2.84375-2.617188 3.921875-1.558594 9.21875 2.363281 11.835938 3.921875 2.613281 9.21875 1.554687 11.835938-2.363282 2.460937-3.726562 4.644531-7.628906 6.535156-11.675781 76.921875 2.960937 129.964844 9.558594 150.113281 15.472656-27.0625 7.925781-113 17.066407-236.359375 17.066407zm0 0\"><\/path><\/svg>\t\t\t<\/div>\n\t\t<\/div>\n\t\t\t\t\t\t<\/div>\n\t\t\t\t<\/div>\n\t\t\t\t<\/div>\n\t\t<div class=\"elementor-element elementor-element-ec2cb8b e-con-full e-flex e-con e-child\" data-id=\"ec2cb8b\" data-element_type=\"container\" data-e-type=\"container\">\n\t\t\t\t<div class=\"elementor-element elementor-element-16fb7c9 elementor-widget elementor-widget-heading\" data-id=\"16fb7c9\" data-element_type=\"widget\" data-e-type=\"widget\" id=\"1\" data-widget_type=\"heading.default\">\n\t\t\t\t<div class=\"elementor-widget-container\">\n\t\t\t\t\t<h2 class=\"elementor-heading-title elementor-size-default\">1. die Windsurfing-Spots Gran Canarias<\/h2>\t\t\t\t<\/div>\n\t\t\t\t<\/div>\n\t\t\t\t<div class=\"elementor-element elementor-element-903da75 elementor-widget-divider--view-line elementor-widget elementor-widget-divider\" data-id=\"903da75\" data-element_type=\"widget\" data-e-type=\"widget\" data-widget_type=\"divider.default\">\n\t\t\t\t<div class=\"elementor-widget-container\">\n\t\t\t\t\t\t\t<div class=\"elementor-divider\">\n\t\t\t<span class=\"elementor-divider-separator\">\n\t\t\t\t\t\t<\/span>\n\t\t<\/div>\n\t\t\t\t\t\t<\/div>\n\t\t\t\t<\/div>\n\t\t\t\t<\/div>\n\t\t\t\t\t<\/div>\n\t\t\t\t<\/div>\n\t\t<div class=\"elementor-element elementor-element-91d8ed9 e-grid e-con-full e-con e-parent\" data-id=\"91d8ed9\" data-element_type=\"container\" data-e-type=\"container\">\n\t\t\t\t<div class=\"elementor-element elementor-element-b828214 elementor-cta--skin-classic elementor-animated-content elementor-bg-transform elementor-bg-transform-zoom-in elementor-widget elementor-widget-call-to-action\" data-id=\"b828214\" data-element_type=\"widget\" data-e-type=\"widget\" data-widget_type=\"call-to-action.default\">\n\t\t\t\t<div class=\"elementor-widget-container\">\n\t\t\t\t\t\t\t<a class=\"elementor-cta\" href=\"https:\/\/maps.app.goo.gl\/YWXyLaUQjiPViNEYA\">\n\t\t\t\t\t<div class=\"elementor-cta__bg-wrapper\">\n\t\t\t\t<div class=\"elementor-cta__bg elementor-bg lazyload\" style=\"background-image:inherit;\" role=\"img\" aria-label=\"Vista del spot El Arenal en Pozo Izquierdo, uno de los mejores spots de windsurf en Gran Canaria\" data-bg-image=\"url(https:\/\/welikecanarias.com\/wp-content\/uploads\/2024\/01\/el-arenal.jpg)\"><\/div>\n\t\t\t\t<div class=\"elementor-cta__bg-overlay\"><\/div>\n\t\t\t<\/div>\n\t\t\t\t\t\t\t<div class=\"elementor-cta__content\">\n\t\t\t\t\n\t\t\t\t\t\t\t\t\t<h3 class=\"elementor-cta__title elementor-cta__content-item elementor-content-item\">\n\t\t\t\t\t\tPozo Izquierdo ( El Arenal )\t\t\t\t\t<\/h3>\n\t\t\t\t\n\t\t\t\t\t\t\t\t\t<div class=\"elementor-cta__description elementor-cta__content-item elementor-content-item\">\n\t\t\t\t\t\t<p>Einer der bekanntesten Wellenspots der Welt, der Schauplatz eines der internationalen PWA-Events.<\/p>\n\t\t\t\t\t<\/div>\n\t\t\t\t\n\t\t\t\t\t\t\t\t\t<div class=\"elementor-cta__button-wrapper elementor-cta__content-item elementor-content-item \">\n\t\t\t\t\t<span class=\"elementor-cta__button elementor-button elementor-size-\">\n\t\t\t\t\t\tWie man dorthin kommt\t\t\t\t\t<\/span>\n\t\t\t\t\t<\/div>\n\t\t\t\t\t\t\t<\/div>\n\t\t\t\t\t\t<\/a>\n\t\t\t\t\t\t<\/div>\n\t\t\t\t<\/div>\n\t\t\t\t<div class=\"elementor-element elementor-element-c16ec84 elementor-cta--skin-classic elementor-animated-content elementor-bg-transform elementor-bg-transform-zoom-in elementor-widget elementor-widget-call-to-action\" data-id=\"c16ec84\" data-element_type=\"widget\" data-e-type=\"widget\" data-widget_type=\"call-to-action.default\">\n\t\t\t\t<div class=\"elementor-widget-container\">\n\t\t\t\t\t\t\t<a class=\"elementor-cta\" href=\"https:\/\/maps.app.goo.gl\/FQnrtJJUZsRr4gN27\">\n\t\t\t\t\t<div class=\"elementor-cta__bg-wrapper\">\n\t\t\t\t<div class=\"elementor-cta__bg elementor-bg lazyload\" style=\"background-image:inherit;\" role=\"img\" aria-label=\"Vista del spot Salinas de Pozo , uno de los spots de windsurf y Kitesurf en Gran Canaria\" data-bg-image=\"url(https:\/\/welikecanarias.com\/wp-content\/uploads\/2024\/01\/SALINAS-DE-POZO-1.jpg)\"><\/div>\n\t\t\t\t<div class=\"elementor-cta__bg-overlay\"><\/div>\n\t\t\t<\/div>\n\t\t\t\t\t\t\t<div class=\"elementor-cta__content\">\n\t\t\t\t\n\t\t\t\t\t\t\t\t\t<h3 class=\"elementor-cta__title elementor-cta__content-item elementor-content-item\">\n\t\t\t\t\t\tSalinas de Pozo\t\t\t\t\t<\/h3>\n\t\t\t\t\n\t\t\t\t\t\t\t\t\t<div class=\"elementor-cta__description elementor-cta__content-item elementor-content-item\">\n\t\t\t\t\t\t<p>Beliebt bei fortgeschrittenen Windsurfern wegen der hervorragenden Bedingungen f\u00fcr das Wellensegeln.<\/p>\n\t\t\t\t\t<\/div>\n\t\t\t\t\n\t\t\t\t\t\t\t\t\t<div class=\"elementor-cta__button-wrapper elementor-cta__content-item elementor-content-item \">\n\t\t\t\t\t<span class=\"elementor-cta__button elementor-button elementor-size-\">\n\t\t\t\t\t\tWie man dorthin kommt\t\t\t\t\t<\/span>\n\t\t\t\t\t<\/div>\n\t\t\t\t\t\t\t<\/div>\n\t\t\t\t\t\t<\/a>\n\t\t\t\t\t\t<\/div>\n\t\t\t\t<\/div>\n\t\t\t\t<div class=\"elementor-element elementor-element-3f2a2ae elementor-cta--skin-classic elementor-animated-content elementor-bg-transform elementor-bg-transform-zoom-in elementor-widget elementor-widget-call-to-action\" data-id=\"3f2a2ae\" data-element_type=\"widget\" data-e-type=\"widget\" data-widget_type=\"call-to-action.default\">\n\t\t\t\t<div class=\"elementor-widget-container\">\n\t\t\t\t\t\t\t<a class=\"elementor-cta\" href=\"https:\/\/maps.app.goo.gl\/bwLeDCHZ8ZkiXtJP6\">\n\t\t\t\t\t<div class=\"elementor-cta__bg-wrapper\">\n\t\t\t\t<div class=\"elementor-cta__bg elementor-bg lazyload\" style=\"background-image:inherit;\" role=\"img\" aria-label=\"Vista del spot Bahia de Formas, uno de los mejores spots de windsurf en Gran Canaria\" data-bg-image=\"url(https:\/\/welikecanarias.com\/wp-content\/uploads\/2024\/01\/BAHIA-DE-FORMAS-1.jpg)\"><\/div>\n\t\t\t\t<div class=\"elementor-cta__bg-overlay\"><\/div>\n\t\t\t<\/div>\n\t\t\t\t\t\t\t<div class=\"elementor-cta__content\">\n\t\t\t\t\n\t\t\t\t\t\t\t\t\t<h3 class=\"elementor-cta__title elementor-cta__content-item elementor-content-item\">\n\t\t\t\t\t\tSalinas de Arinaga (Bah\u00eda de Formas)\t\t\t\t\t<\/h3>\n\t\t\t\t\n\t\t\t\t\t\t\t\t\t<div class=\"elementor-cta__description elementor-cta__content-item elementor-content-item\">\n\t\t\t\t\t\t<p>Perfekt f\u00fcr Anf\u00e4nger im Windsurfen, dank seiner Wind- und Flachwasserbedingungen. Es ist auch perfekt f\u00fcr Slalom und Freestyle. <\/p>\n\t\t\t\t\t<\/div>\n\t\t\t\t\n\t\t\t\t\t\t\t\t\t<div class=\"elementor-cta__button-wrapper elementor-cta__content-item elementor-content-item \">\n\t\t\t\t\t<span class=\"elementor-cta__button elementor-button elementor-size-\">\n\t\t\t\t\t\tWie man dorthin kommt\t\t\t\t\t<\/span>\n\t\t\t\t\t<\/div>\n\t\t\t\t\t\t\t<\/div>\n\t\t\t\t\t\t<\/a>\n\t\t\t\t\t\t<\/div>\n\t\t\t\t<\/div>\n\t\t\t\t<div class=\"elementor-element elementor-element-775590c elementor-cta--skin-classic elementor-animated-content elementor-bg-transform elementor-bg-transform-zoom-in elementor-widget elementor-widget-call-to-action\" data-id=\"775590c\" data-element_type=\"widget\" data-e-type=\"widget\" data-widget_type=\"call-to-action.default\">\n\t\t\t\t<div class=\"elementor-widget-container\">\n\t\t\t\t\t\t\t<a class=\"elementor-cta\" href=\"https:\/\/maps.app.goo.gl\/XuPtkZ71pQyXniks8\">\n\t\t\t\t\t<div class=\"elementor-cta__bg-wrapper\">\n\t\t\t\t<div class=\"elementor-cta__bg elementor-bg lazyload\" style=\"background-image:inherit;\" role=\"img\" aria-label=\"Vista del spot de Vargas, uno de los mejores spots de windsurf y kitesurf en Gran Canaria\" data-bg-image=\"url(https:\/\/welikecanarias.com\/wp-content\/uploads\/2024\/01\/VARGAS-1.jpg)\"><\/div>\n\t\t\t\t<div class=\"elementor-cta__bg-overlay\"><\/div>\n\t\t\t<\/div>\n\t\t\t\t\t\t\t<div class=\"elementor-cta__content\">\n\t\t\t\t\n\t\t\t\t\t\t\t\t\t<h3 class=\"elementor-cta__title elementor-cta__content-item elementor-content-item\">\n\t\t\t\t\t\tVargas\t\t\t\t\t<\/h3>\n\t\t\t\t\n\t\t\t\t\t\t\t\t\t<div class=\"elementor-cta__description elementor-cta__content-item elementor-content-item\">\n\t\t\t\t\t\t<p>Ein Surfspot (NE, links), der daf\u00fcr bekannt ist, dass er etwas mehr Side-Shore hat als Pozo Izquierdo und sich besser zum Surfen eignet.  <\/p>\n\t\t\t\t\t<\/div>\n\t\t\t\t\n\t\t\t\t\t\t\t\t\t<div class=\"elementor-cta__button-wrapper elementor-cta__content-item elementor-content-item \">\n\t\t\t\t\t<span class=\"elementor-cta__button elementor-button elementor-size-\">\n\t\t\t\t\t\tWie man dorthin kommt\t\t\t\t\t<\/span>\n\t\t\t\t\t<\/div>\n\t\t\t\t\t\t\t<\/div>\n\t\t\t\t\t\t<\/a>\n\t\t\t\t\t\t<\/div>\n\t\t\t\t<\/div>\n\t\t\t\t<div class=\"elementor-element elementor-element-9766a9f elementor-cta--skin-classic elementor-animated-content elementor-bg-transform elementor-bg-transform-zoom-in elementor-widget elementor-widget-call-to-action\" data-id=\"9766a9f\" data-element_type=\"widget\" data-e-type=\"widget\" data-widget_type=\"call-to-action.default\">\n\t\t\t\t<div class=\"elementor-widget-container\">\n\t\t\t\t\t\t\t<a class=\"elementor-cta\" href=\"https:\/\/maps.app.goo.gl\/s2R86LDsarMUbEWDA\">\n\t\t\t\t\t<div class=\"elementor-cta__bg-wrapper\">\n\t\t\t\t<div class=\"elementor-cta__bg elementor-bg lazyload\" style=\"background-image:inherit;\" role=\"img\" aria-label=\"Vista de el spot en El Burrero, uno de los mejores spots de windsurf en Gran Canaria\" data-bg-image=\"url(https:\/\/welikecanarias.com\/wp-content\/uploads\/2024\/01\/EL-BURRERO.jpg)\"><\/div>\n\t\t\t\t<div class=\"elementor-cta__bg-overlay\"><\/div>\n\t\t\t<\/div>\n\t\t\t\t\t\t\t<div class=\"elementor-cta__content\">\n\t\t\t\t\n\t\t\t\t\t\t\t\t\t<h3 class=\"elementor-cta__title elementor-cta__content-item elementor-content-item\">\n\t\t\t\t\t\tEl Burrero\t\t\t\t\t<\/h3>\n\t\t\t\t\n\t\t\t\t\t\t\t\t\t<div class=\"elementor-cta__description elementor-cta__content-item elementor-content-item\">\n\t\t\t\t\t\t<p>Freeride-Spot. An der K\u00fcste ist der Wind wegen der Klippe b\u00f6ig. Abseits des Strandes ist der Wind sauber, aber mit viel Kabbelwasser.    <\/p>\n\t\t\t\t\t<\/div>\n\t\t\t\t\n\t\t\t\t\t\t\t\t\t<div class=\"elementor-cta__button-wrapper elementor-cta__content-item elementor-content-item \">\n\t\t\t\t\t<span class=\"elementor-cta__button elementor-button elementor-size-\">\n\t\t\t\t\t\tWie man dorthin kommt\t\t\t\t\t<\/span>\n\t\t\t\t\t<\/div>\n\t\t\t\t\t\t\t<\/div>\n\t\t\t\t\t\t<\/a>\n\t\t\t\t\t\t<\/div>\n\t\t\t\t<\/div>\n\t\t\t\t<div class=\"elementor-element elementor-element-c1c5958 elementor-cta--skin-classic elementor-animated-content elementor-bg-transform elementor-bg-transform-zoom-in elementor-widget elementor-widget-call-to-action\" data-id=\"c1c5958\" data-element_type=\"widget\" data-e-type=\"widget\" data-widget_type=\"call-to-action.default\">\n\t\t\t\t<div class=\"elementor-widget-container\">\n\t\t\t\t\t\t\t<a class=\"elementor-cta\" href=\"https:\/\/maps.app.goo.gl\/ZHmYC6gBQhTks3te9\">\n\t\t\t\t\t<div class=\"elementor-cta__bg-wrapper\">\n\t\t\t\t<div class=\"elementor-cta__bg elementor-bg lazyload\" style=\"background-image:inherit;\" role=\"img\" aria-label=\"Vista del spot de La Restinga, uno de los mejores spots de windsurf y kitesurf de Gran Canaria\" data-bg-image=\"url(https:\/\/welikecanarias.com\/wp-content\/uploads\/2024\/01\/MEDIALUNA.png)\"><\/div>\n\t\t\t\t<div class=\"elementor-cta__bg-overlay\"><\/div>\n\t\t\t<\/div>\n\t\t\t\t\t\t\t<div class=\"elementor-cta__content\">\n\t\t\t\t\n\t\t\t\t\t\t\t\t\t<h3 class=\"elementor-cta__title elementor-cta__content-item elementor-content-item\">\n\t\t\t\t\t\tLa Restinga (Medialuna)\t\t\t\t\t<\/h3>\n\t\t\t\t\n\t\t\t\t\t\t\t\t\t<div class=\"elementor-cta__description elementor-cta__content-item elementor-content-item\">\n\t\t\t\t\t\t<p>Wellenspot mit NW-Wind, kompliziert, weil es ein schmaler Strand mit Felsen an den Seiten ist. Es gibt starke Str\u00f6mungen und der Wind ist b\u00f6ig und unbest\u00e4ndig. <\/p>\n\t\t\t\t\t<\/div>\n\t\t\t\t\n\t\t\t\t\t\t\t\t\t<div class=\"elementor-cta__button-wrapper elementor-cta__content-item elementor-content-item \">\n\t\t\t\t\t<span class=\"elementor-cta__button elementor-button elementor-size-\">\n\t\t\t\t\t\tWie man dorthin kommt\t\t\t\t\t<\/span>\n\t\t\t\t\t<\/div>\n\t\t\t\t\t\t\t<\/div>\n\t\t\t\t\t\t<\/a>\n\t\t\t\t\t\t<\/div>\n\t\t\t\t<\/div>\n\t\t\t\t<div class=\"elementor-element elementor-element-d0d3995 elementor-cta--skin-classic elementor-animated-content elementor-bg-transform elementor-bg-transform-zoom-in elementor-widget elementor-widget-call-to-action\" data-id=\"d0d3995\" data-element_type=\"widget\" data-e-type=\"widget\" data-widget_type=\"call-to-action.default\">\n\t\t\t\t<div class=\"elementor-widget-container\">\n\t\t\t\t\t\t\t<a class=\"elementor-cta\" href=\"https:\/\/maps.app.goo.gl\/c9xx5crMyAC4qvZs5\">\n\t\t\t\t\t<div class=\"elementor-cta__bg-wrapper\">\n\t\t\t\t<div class=\"elementor-cta__bg elementor-bg lazyload\" style=\"background-image:inherit;\" role=\"img\" aria-label=\"Vista del spot del Castillo del Romeral, uno de los mejores spots de windsurf y kitesurf en Gran Canaria\" data-bg-image=\"url(https:\/\/welikecanarias.com\/wp-content\/uploads\/2024\/01\/CASTILLO-DEL-ROMERAL.jpg)\"><\/div>\n\t\t\t\t<div class=\"elementor-cta__bg-overlay\"><\/div>\n\t\t\t<\/div>\n\t\t\t\t\t\t\t<div class=\"elementor-cta__content\">\n\t\t\t\t\n\t\t\t\t\t\t\t\t\t<h3 class=\"elementor-cta__title elementor-cta__content-item elementor-content-item\">\n\t\t\t\t\t\tCastillo del Romeral\t\t\t\t\t<\/h3>\n\t\t\t\t\n\t\t\t\t\t\t\t\t\t<div class=\"elementor-cta__description elementor-cta__content-item elementor-content-item\">\n\t\t\t\t\t\t<p>Spot-Wellen, sowohl bei S - SW als auch bei ENE-Wind. Wenn der Wind aus SW kommt, haben Sie auflandige Bedingungen, also rechtsdrehend. Bei Wind aus ENE wird der Wind schr\u00e4g ablandig.    <\/p>\n\t\t\t\t\t<\/div>\n\t\t\t\t\n\t\t\t\t\t\t\t\t\t<div class=\"elementor-cta__button-wrapper elementor-cta__content-item elementor-content-item \">\n\t\t\t\t\t<span class=\"elementor-cta__button elementor-button elementor-size-\">\n\t\t\t\t\t\tWie man dorthin kommt\t\t\t\t\t<\/span>\n\t\t\t\t\t<\/div>\n\t\t\t\t\t\t\t<\/div>\n\t\t\t\t\t\t<\/a>\n\t\t\t\t\t\t<\/div>\n\t\t\t\t<\/div>\n\t\t\t\t<\/div>\n\t\t<div class=\"elementor-element elementor-element-d041f09 e-flex e-con-boxed e-con e-parent\" data-id=\"d041f09\" data-element_type=\"container\" data-e-type=\"container\">\n\t\t\t\t\t<div class=\"e-con-inner\">\n\t\t<div class=\"elementor-element elementor-element-97ed1c2 e-con-full e-flex e-con e-child\" data-id=\"97ed1c2\" data-element_type=\"container\" data-e-type=\"container\">\n\t\t\t\t<div class=\"elementor-element elementor-element-1b4422b elementor-view-default elementor-widget elementor-widget-icon\" data-id=\"1b4422b\" data-element_type=\"widget\" data-e-type=\"widget\" data-widget_type=\"icon.default\">\n\t\t\t\t<div class=\"elementor-widget-container\">\n\t\t\t\t\t\t\t<div class=\"elementor-icon-wrapper\">\n\t\t\t<div class=\"elementor-icon\">\n\t\t\t<svg xmlns=\"http:\/\/www.w3.org\/2000\/svg\" data-name=\"Layer 1\" id=\"Layer_1\" viewBox=\"0 0 128 128\"><title><\/title><path d=\"M12.52539,46.99329q.16846.00659.334.00684c4.80176,0,8.8623-4.23926,9.12793-9.61475v-.001a10.49,10.49,0,0,0-2.61914-7.56689A8.43746,8.43746,0,0,0,13.47363,27.007c-4.93457-.20215-9.19043,4.10645-9.46094,9.6084a10.49238,10.49238,0,0,0,2.61914,7.56787A8.43671,8.43671,0,0,0,12.52539,46.99329ZM8.00879,36.81116c.15918-3.24609,2.44141-5.811,5.127-5.811.05762,0,.11621.00146.17383.00391A4.43677,4.43677,0,0,1,16.415,32.51624a6.466,6.466,0,0,1,1.57617,4.67285c-.16406,3.31543-2.58105,5.90723-5.30176,5.80713A4.43612,4.43612,0,0,1,9.585,41.4845,6.4672,6.4672,0,0,1,8.00879,36.81116Z\"><\/path><path d=\"M107.96582,17.71155a12.78253,12.78253,0,0,1,5.10449,6.81494,2.00019,2.00019,0,1,0,3.85938-1.05273,16.67583,16.67583,0,0,0-6.90234-9.18945,1.99976,1.99976,0,0,0-2.06152,3.42725Z\"><\/path><path d=\"M126,120.00012a16.617,16.617,0,0,0-8.66895,2.22266,14.03095,14.03095,0,0,1-13.66992,0,18.01311,18.01311,0,0,0-17.33594,0,14.02719,14.02719,0,0,1-13.668,0,16.61177,16.61177,0,0,0-8.667-2.22266,16.6077,16.6077,0,0,0-8.666,2.22266,12.68718,12.68718,0,0,1-6.8291,1.77734,12.69968,12.69968,0,0,1-6.833-1.77734,16.61177,16.61177,0,0,0-8.667-2.22266,16.60483,16.60483,0,0,0-8.666,2.22266,12.69851,12.69851,0,0,1-6.832,1.77734,12.69734,12.69734,0,0,1-6.83105-1.77734A16.60483,16.60483,0,0,0,2,120.00012a2,2,0,0,0,0,4,12.69851,12.69851,0,0,1,6.832,1.77734,16.60363,16.60363,0,0,0,8.665,2.22266,16.60483,16.60483,0,0,0,8.666-2.22266,12.69851,12.69851,0,0,1,6.832-1.77734,12.69968,12.69968,0,0,1,6.833,1.77734,16.61177,16.61177,0,0,0,8.667,2.22266,16.59956,16.59956,0,0,0,8.66406-2.22266,12.69473,12.69473,0,0,1,6.83105-1.77734,12.69968,12.69968,0,0,1,6.833,1.77734,18.01311,18.01311,0,0,0,17.33594,0,14.02719,14.02719,0,0,1,13.668,0,18.01691,18.01691,0,0,0,17.33789,0A12.70724,12.70724,0,0,1,126,124.00012a2,2,0,0,0,0-4Z\"><\/path><path d=\"M2.21906,104.00806a22.39656,22.39656,0,0,1,4.48041.46442L16.77832,89.11926a1.99862,1.99862,0,0,0,.32715-1.02246l.17029-4.53455a4.4414,4.4414,0,0,0,.42444.17322c.07031.02344.14258.04395.21484.06055l6.43439,1.43567-1.83868,5.77722L10.207,104.59875a1.99273,1.99273,0,0,0-.433.793,29.49713,29.49713,0,0,1,2.72693,1.27734,8.83317,8.83317,0,0,0,4.48132,1.31757,4.87129,4.87129,0,0,0-2.0116-2.68964l10.79688-11.9248a2.00911,2.00911,0,0,0,.42383-.73633l2.07819-6.52954,5.80463,1.29517,5.032,8.518A178.6584,178.6584,0,0,0,22.0307,106.90558c.15027-.07648.301-.15356.46344-.23749a20.56017,20.56017,0,0,1,10.501-2.668c.15405,0,.28723.01331.43738.01581,8.95776-5.69452,20.12415-11.6651,31.5304-14.90253,3.88965-1.2168,8.418-1.49316,8.97168-.55371.06964.11938,1.43146,2.8847-11.18469,15.48529.40619-.01959.80353-.04486,1.24036-.04486a22.957,22.957,0,0,1,4.05438.34875c10.71436-11.252,10.73376-15.44269,9.3382-17.81653-2.53125-4.30273-11.05859-2.03418-13.56152-1.252a100.0509,100.0509,0,0,0-12.90216,4.70941l-4.758-10.28851c-.02441-.05176-.0498-.10156-.07812-.15137a4.41288,4.41288,0,0,0-.77148-.96582c-.167-.16016-.39355-.37793-9.85254-6.52148l-.72675-1.44568,5.94843,1.91248a6.39723,6.39723,0,0,0,2.376.47656,4.45,4.45,0,0,0,4.13574-2.4043l.15924-.53918L105.5329,52.61237a13.81963,13.81963,0,0,0,5.08527,4.44489,8.79531,8.79531,0,0,0,3.91113.93408c4.334,0,8.2627-3.30664,10.24609-7.32715,1.96777-3.99121,2.60938-8.4082,3.00977-12.58691.94043-9.81982-1.26465-18.96826-6.21094-25.75977C115.39941,3.839,106.90137-.515,97.66211.04846A25.64664,25.64664,0,0,0,85.668,3.39709c-2.5,1.5459-5.90625,5.37549-5.6543,9.04883a5.25556,5.25556,0,0,0,1.27472,3.07666L32.1214,58.80585,28.151,57.52478l-3.28674-6.53833a12.65463,12.65463,0,0,0-3.15887-3.72284,13.23662,13.23662,0,0,1-3.48578,2.4729,7.9847,7.9847,0,0,1,3.11731,3.13373L22.81,55.80151l-2.184-.70471a1.99969,1.99969,0,1,0-1.22656,3.80664l23.65625,7.626a2.17223,2.17223,0,0,1,.958.72168l-.46094,1.64258a1.77388,1.77388,0,0,1-1.4209-.0918L14.6123,59.9469a1.99985,1.99985,0,1,0-1.22461,3.80762l16.00507,5.14575,2.73517,5.44263a2.0033,2.0033,0,0,0,.69824.7793c3.39551,2.20508,8.89063,5.79,9.77539,6.41113l4.68256,10.12592q-2.37158,1.13617-4.66345,2.34589L37.501,85.338a4.04678,4.04678,0,0,0-2.09961-1.72852,1.8896,1.8896,0,0,0-.19336-.05371L18.93652,79.9259a2.43461,2.43461,0,0,1-.80469-.708L7.91211,61.171c-1.92859-3.40259-.69867-7.903,2.71448-10.39246a12.22814,12.22814,0,0,1-4.18524-1.61115A11.96267,11.96267,0,0,0,4.43164,63.1427L13.44177,79.053l-.31287,8.33673ZM47.69922,65.782a5.41473,5.41473,0,0,0-2.60242-2.68872L86.8761,37.57941,102.07037,41.817a18.39141,18.39141,0,0,0,.51068,4.272,20.75041,20.75041,0,0,0,.98871,2.93665ZM87.69391,32.39325l3.46088-14.11432a13.60248,13.60248,0,0,1,5.35205,2.59619A16.08419,16.08419,0,0,1,99.89709,24.941Zm13.869-3.78284a18.47869,18.47869,0,0,1,.64807,2.53278,26.18608,26.18608,0,0,1,.04492,6.43945l-.00934.13129-10.7027-2.985ZM84.00391,12.173c-.11133-1.61719,1.9707-4.2627,3.76758-5.37451A21.784,21.784,0,0,1,97.90625,4.04065q.6665-.04028,1.32715-.04053c7.32422,0,14.06836,3.752,19.10742,10.67188,4.37012,6.001,6.31055,14.17773,5.46191,23.02393-.36328,3.79932-.93164,7.78613-2.61526,11.19922-1.4199,2.87939-4.93162,6.47363-8.80564,4.57227-2.77637-1.36426-4.93359-4.40723-5.91992-8.34912a22.89468,22.89468,0,0,1-.2168-7.24463,29.61487,29.61487,0,0,0-.09473-7.42529A21.59312,21.59312,0,0,0,99.08691,17.819a18.268,18.268,0,0,0-7.94922-3.66553,19.485,19.485,0,0,0-2.78418-.32471c-1.16895-.083-3.34473-.23779-3.8623-.7085a1.3353,1.3353,0,0,1-.4873-.9458ZM40.18335,61.4071l-3.63232-1.172L85.10284,17.49292c.67688.12317,1.37415.20178,2.06293.25787,0,0-3.64285,15.224-4.145,17.49628Z\"><\/path><path d=\"M2,112.00012a12.69851,12.69851,0,0,1,6.832,1.77734,16.60363,16.60363,0,0,0,8.665,2.22266,16.60483,16.60483,0,0,0,8.666-2.22266,12.69851,12.69851,0,0,1,6.832-1.77734,12.69968,12.69968,0,0,1,6.833,1.77734,16.61177,16.61177,0,0,0,8.667,2.22266,16.59956,16.59956,0,0,0,8.66406-2.22266,12.69473,12.69473,0,0,1,6.83105-1.77734,12.69968,12.69968,0,0,1,6.833,1.77734,18.01311,18.01311,0,0,0,17.33594,0,14.02719,14.02719,0,0,1,13.668,0,18.01691,18.01691,0,0,0,17.33789,0A12.70724,12.70724,0,0,1,126,112.00012a2,2,0,0,0,0-4,16.617,16.617,0,0,0-8.66895,2.22266,14.03095,14.03095,0,0,1-13.66992,0,18.01311,18.01311,0,0,0-17.33594,0,14.02719,14.02719,0,0,1-13.668,0,16.61177,16.61177,0,0,0-8.667-2.22266,16.6077,16.6077,0,0,0-8.666,2.22266,12.68718,12.68718,0,0,1-6.8291,1.77734,12.69968,12.69968,0,0,1-6.833-1.77734,16.61177,16.61177,0,0,0-8.667-2.22266,16.60483,16.60483,0,0,0-8.666,2.22266,12.69851,12.69851,0,0,1-6.832,1.77734,12.69734,12.69734,0,0,1-6.83105-1.77734A16.60483,16.60483,0,0,0,2,108.00012a2,2,0,0,0,0,4Z\"><\/path><\/svg>\t\t\t<\/div>\n\t\t<\/div>\n\t\t\t\t\t\t<\/div>\n\t\t\t\t<\/div>\n\t\t\t\t<\/div>\n\t\t<div class=\"elementor-element elementor-element-6660edd e-con-full e-flex e-con e-child\" data-id=\"6660edd\" data-element_type=\"container\" data-e-type=\"container\">\n\t\t\t\t<div class=\"elementor-element elementor-element-d706ad5 elementor-widget elementor-widget-heading\" data-id=\"d706ad5\" data-element_type=\"widget\" data-e-type=\"widget\" id=\"2\" data-widget_type=\"heading.default\">\n\t\t\t\t<div class=\"elementor-widget-container\">\n\t\t\t\t\t<h2 class=\"elementor-heading-title elementor-size-default\">2. die Kitesurfing-Spots auf Gran Canaria<\/h2>\t\t\t\t<\/div>\n\t\t\t\t<\/div>\n\t\t\t\t<div class=\"elementor-element elementor-element-78c0b72 elementor-widget-divider--view-line elementor-widget elementor-widget-divider\" data-id=\"78c0b72\" data-element_type=\"widget\" data-e-type=\"widget\" data-widget_type=\"divider.default\">\n\t\t\t\t<div class=\"elementor-widget-container\">\n\t\t\t\t\t\t\t<div class=\"elementor-divider\">\n\t\t\t<span class=\"elementor-divider-separator\">\n\t\t\t\t\t\t<\/span>\n\t\t<\/div>\n\t\t\t\t\t\t<\/div>\n\t\t\t\t<\/div>\n\t\t\t\t<\/div>\n\t\t\t\t\t<\/div>\n\t\t\t\t<\/div>\n\t\t<div class=\"elementor-element elementor-element-9c69e99 e-grid e-con-full e-con e-parent\" data-id=\"9c69e99\" data-element_type=\"container\" data-e-type=\"container\">\n\t\t\t\t<div class=\"elementor-element elementor-element-581c037 elementor-cta--skin-classic elementor-animated-content elementor-bg-transform elementor-bg-transform-zoom-in elementor-widget elementor-widget-call-to-action\" data-id=\"581c037\" data-element_type=\"widget\" data-e-type=\"widget\" data-widget_type=\"call-to-action.default\">\n\t\t\t\t<div class=\"elementor-widget-container\">\n\t\t\t\t\t\t\t<a class=\"elementor-cta\" href=\"https:\/\/maps.app.goo.gl\/FQnrtJJUZsRr4gN27\">\n\t\t\t\t\t<div class=\"elementor-cta__bg-wrapper\">\n\t\t\t\t<div class=\"elementor-cta__bg elementor-bg lazyload\" style=\"background-image:inherit;\" role=\"img\" aria-label=\"Vista del spot Salinas de Pozo , uno de los spots de windsurf y Kitesurf en Gran Canaria\" data-bg-image=\"url(https:\/\/welikecanarias.com\/wp-content\/uploads\/2024\/01\/SALINAS-DE-POZO-1.jpg)\"><\/div>\n\t\t\t\t<div class=\"elementor-cta__bg-overlay\"><\/div>\n\t\t\t<\/div>\n\t\t\t\t\t\t\t<div class=\"elementor-cta__content\">\n\t\t\t\t\n\t\t\t\t\t\t\t\t\t<h3 class=\"elementor-cta__title elementor-cta__content-item elementor-content-item\">\n\t\t\t\t\t\tSalinas de Pozo\t\t\t\t\t<\/h3>\n\t\t\t\t\n\t\t\t\t\t\t\t\t\t<div class=\"elementor-cta__description elementor-cta__content-item elementor-content-item\">\n\t\t\t\t\t\t<p>Salinas de Pozo ist auch ein sehr beliebter Ort f\u00fcr die Kitesurfer der Insel, da die Lage bedeutet, dass der Wind konstanter ist und die Wellen gut zum Surfen sind.<\/p>\n\t\t\t\t\t<\/div>\n\t\t\t\t\n\t\t\t\t\t\t\t\t\t<div class=\"elementor-cta__button-wrapper elementor-cta__content-item elementor-content-item \">\n\t\t\t\t\t<span class=\"elementor-cta__button elementor-button elementor-size-\">\n\t\t\t\t\t\tWie man dorthin kommt\t\t\t\t\t<\/span>\n\t\t\t\t\t<\/div>\n\t\t\t\t\t\t\t<\/div>\n\t\t\t\t\t\t<\/a>\n\t\t\t\t\t\t<\/div>\n\t\t\t\t<\/div>\n\t\t\t\t<div class=\"elementor-element elementor-element-4869595 elementor-cta--skin-classic elementor-animated-content elementor-bg-transform elementor-bg-transform-zoom-in elementor-widget elementor-widget-call-to-action\" data-id=\"4869595\" data-element_type=\"widget\" data-e-type=\"widget\" data-widget_type=\"call-to-action.default\">\n\t\t\t\t<div class=\"elementor-widget-container\">\n\t\t\t\t\t\t\t<a class=\"elementor-cta\" href=\"https:\/\/maps.app.goo.gl\/XuPtkZ71pQyXniks8\">\n\t\t\t\t\t<div class=\"elementor-cta__bg-wrapper\">\n\t\t\t\t<div class=\"elementor-cta__bg elementor-bg lazyload\" style=\"background-image:inherit;\" role=\"img\" aria-label=\"Vista del spot de Vargas, uno de los mejores spots de windsurf y kitesurf en Gran Canaria\" data-bg-image=\"url(https:\/\/welikecanarias.com\/wp-content\/uploads\/2024\/01\/VARGAS-1.jpg)\"><\/div>\n\t\t\t\t<div class=\"elementor-cta__bg-overlay\"><\/div>\n\t\t\t<\/div>\n\t\t\t\t\t\t\t<div class=\"elementor-cta__content\">\n\t\t\t\t\n\t\t\t\t\t\t\t\t\t<h3 class=\"elementor-cta__title elementor-cta__content-item elementor-content-item\">\n\t\t\t\t\t\tVargas\t\t\t\t\t<\/h3>\n\t\t\t\t\n\t\t\t\t\t\t\t\t\t<div class=\"elementor-cta__description elementor-cta__content-item elementor-content-item\">\n\t\t\t\t\t\t<p>Ein Strand par excellence f\u00fcr Kiter auf Gran Canaria, mit Wind an fast jedem Tag des Jahres.<\/p>\n\t\t\t\t\t<\/div>\n\t\t\t\t\n\t\t\t\t\t\t\t\t\t<div class=\"elementor-cta__button-wrapper elementor-cta__content-item elementor-content-item \">\n\t\t\t\t\t<span class=\"elementor-cta__button elementor-button elementor-size-\">\n\t\t\t\t\t\tWie man dorthin kommt\t\t\t\t\t<\/span>\n\t\t\t\t\t<\/div>\n\t\t\t\t\t\t\t<\/div>\n\t\t\t\t\t\t<\/a>\n\t\t\t\t\t\t<\/div>\n\t\t\t\t<\/div>\n\t\t\t\t<div class=\"elementor-element elementor-element-0f20359 elementor-cta--skin-classic elementor-animated-content elementor-bg-transform elementor-bg-transform-zoom-in elementor-widget elementor-widget-call-to-action\" data-id=\"0f20359\" data-element_type=\"widget\" data-e-type=\"widget\" data-widget_type=\"call-to-action.default\">\n\t\t\t\t<div class=\"elementor-widget-container\">\n\t\t\t\t\t\t\t<a class=\"elementor-cta\" href=\"https:\/\/maps.app.goo.gl\/ZHmYC6gBQhTks3te9\">\n\t\t\t\t\t<div class=\"elementor-cta__bg-wrapper\">\n\t\t\t\t<div class=\"elementor-cta__bg elementor-bg lazyload\" style=\"background-image:inherit;\" role=\"img\" aria-label=\"Vista del spot de La Restinga, uno de los mejores spots de windsurf y kitesurf de Gran Canaria\" data-bg-image=\"url(https:\/\/welikecanarias.com\/wp-content\/uploads\/2024\/01\/MEDIALUNA.png)\"><\/div>\n\t\t\t\t<div class=\"elementor-cta__bg-overlay\"><\/div>\n\t\t\t<\/div>\n\t\t\t\t\t\t\t<div class=\"elementor-cta__content\">\n\t\t\t\t\n\t\t\t\t\t\t\t\t\t<h3 class=\"elementor-cta__title elementor-cta__content-item elementor-content-item\">\n\t\t\t\t\t\tLa Restinga (Medialuna)\t\t\t\t\t<\/h3>\n\t\t\t\t\n\t\t\t\t\t\t\t\t\t<div class=\"elementor-cta__description elementor-cta__content-item elementor-content-item\">\n\t\t\t\t\t\t<p>Es ist ratsam, auf einer mittelhohen Ebene zu segeln, wobei das niedrige Wasser auf der rechten Seite und der begrenzte Platz am Strand zum Segeln zu ber\u00fccksichtigen sind. Hier gibt es oft gro\u00dfe Wellen. <\/p>\n\t\t\t\t\t<\/div>\n\t\t\t\t\n\t\t\t\t\t\t\t\t\t<div class=\"elementor-cta__button-wrapper elementor-cta__content-item elementor-content-item \">\n\t\t\t\t\t<span class=\"elementor-cta__button elementor-button elementor-size-\">\n\t\t\t\t\t\tWie man dorthin kommt\t\t\t\t\t<\/span>\n\t\t\t\t\t<\/div>\n\t\t\t\t\t\t\t<\/div>\n\t\t\t\t\t\t<\/a>\n\t\t\t\t\t\t<\/div>\n\t\t\t\t<\/div>\n\t\t\t\t<div class=\"elementor-element elementor-element-aeb11e8 elementor-cta--skin-classic elementor-animated-content elementor-bg-transform elementor-bg-transform-zoom-in elementor-widget elementor-widget-call-to-action\" data-id=\"aeb11e8\" data-element_type=\"widget\" data-e-type=\"widget\" data-widget_type=\"call-to-action.default\">\n\t\t\t\t<div class=\"elementor-widget-container\">\n\t\t\t\t\t\t\t<a class=\"elementor-cta\" href=\"https:\/\/maps.app.goo.gl\/c9xx5crMyAC4qvZs5\">\n\t\t\t\t\t<div class=\"elementor-cta__bg-wrapper\">\n\t\t\t\t<div class=\"elementor-cta__bg elementor-bg lazyload\" style=\"background-image:inherit;\" role=\"img\" aria-label=\"Vista del spot del Castillo del Romeral, uno de los mejores spots de windsurf y kitesurf en Gran Canaria\" data-bg-image=\"url(https:\/\/welikecanarias.com\/wp-content\/uploads\/2024\/01\/CASTILLO-DEL-ROMERAL.jpg)\"><\/div>\n\t\t\t\t<div class=\"elementor-cta__bg-overlay\"><\/div>\n\t\t\t<\/div>\n\t\t\t\t\t\t\t<div class=\"elementor-cta__content\">\n\t\t\t\t\n\t\t\t\t\t\t\t\t\t<h3 class=\"elementor-cta__title elementor-cta__content-item elementor-content-item\">\n\t\t\t\t\t\tCastillo del Romeral\t\t\t\t\t<\/h3>\n\t\t\t\t\n\t\t\t\t\t\t\t\t\t<div class=\"elementor-cta__description elementor-cta__content-item elementor-content-item\">\n\t\t\t\t\t\t<p>Ein kleiner Strand in der Ortschaft Castillo del Romeral.<br \/>\nDer Wind ist ablandig, gut zum Segeln, wenn der Wind aus S kommt. Wind: N, NE (empfohlen, bei S\u00fcdwind zu segeln).<\/p>\n\t\t\t\t\t<\/div>\n\t\t\t\t\n\t\t\t\t\t\t\t\t\t<div class=\"elementor-cta__button-wrapper elementor-cta__content-item elementor-content-item \">\n\t\t\t\t\t<span class=\"elementor-cta__button elementor-button elementor-size-\">\n\t\t\t\t\t\tWie man dorthin kommt\t\t\t\t\t<\/span>\n\t\t\t\t\t<\/div>\n\t\t\t\t\t\t\t<\/div>\n\t\t\t\t\t\t<\/a>\n\t\t\t\t\t\t<\/div>\n\t\t\t\t<\/div>\n\t\t\t\t<\/div>\n\t\t<div class=\"elementor-element elementor-element-306895e e-flex e-con-boxed e-con e-parent\" data-id=\"306895e\" data-element_type=\"container\" data-e-type=\"container\">\n\t\t\t\t\t<div class=\"e-con-inner\">\n\t\t\t\t<div class=\"elementor-element elementor-element-ebbcc82 elementor-widget-divider--view-line elementor-widget elementor-widget-divider\" data-id=\"ebbcc82\" data-element_type=\"widget\" data-e-type=\"widget\" data-widget_type=\"divider.default\">\n\t\t\t\t<div class=\"elementor-widget-container\">\n\t\t\t\t\t\t\t<div class=\"elementor-divider\">\n\t\t\t<span class=\"elementor-divider-separator\">\n\t\t\t\t\t\t<\/span>\n\t\t<\/div>\n\t\t\t\t\t\t<\/div>\n\t\t\t\t<\/div>\n\t\t\t\t\t<\/div>\n\t\t\t\t<\/div>\n\t\t<div class=\"elementor-element elementor-element-f19089d e-flex e-con-boxed e-con e-parent\" data-id=\"f19089d\" data-element_type=\"container\" data-e-type=\"container\" data-settings=\"{&quot;background_background&quot;:&quot;classic&quot;,&quot;background_motion_fx_motion_fx_scrolling&quot;:&quot;yes&quot;,&quot;shape_divider_bottom&quot;:&quot;wave-brush&quot;,&quot;background_motion_fx_devices&quot;:[&quot;desktop&quot;,&quot;tablet&quot;,&quot;mobile&quot;]}\">\n\t\t\t\t\t<div class=\"e-con-inner\">\n\t\t\t\t<div class=\"elementor-shape elementor-shape-bottom\" aria-hidden=\"true\" data-negative=\"false\">\n\t\t\t<svg xmlns=\"http:\/\/www.w3.org\/2000\/svg\" viewBox=\"0 0 283.5 27.8\" preserveAspectRatio=\"none\">\n\t<path class=\"elementor-shape-fill\" d=\"M283.5,9.7c0,0-7.3,4.3-14,4.6c-6.8,0.3-12.6,0-20.9-1.5c-11.3-2-33.1-10.1-44.7-5.7\ts-12.1,4.6-18,7.4c-6.6,3.2-20,9.6-36.6,9.3C131.6,23.5,99.5,7.2,86.3,8c-1.4,0.1-6.6,0.8-10.5,2c-3.8,1.2-9.4,3.8-17,4.7\tc-3.2,0.4-8.3,1.1-14.2,0.9c-1.5-0.1-6.3-0.4-12-1.6c-5.7-1.2-11-3.1-15.8-3.7C6.5,9.2,0,10.8,0,10.8V0h283.5V9.7z M260.8,11.3\tc-0.7-1-2-0.4-4.3-0.4c-2.3,0-6.1-1.2-5.8-1.1c0.3,0.1,3.1,1.5,6,1.9C259.7,12.2,261.4,12.3,260.8,11.3z M242.4,8.6\tc0,0-2.4-0.2-5.6-0.9c-3.2-0.8-10.3-2.8-15.1-3.5c-8.2-1.1-15.8,0-15.1,0.1c0.8,0.1,9.6-0.6,17.6,1.1c3.3,0.7,9.3,2.2,12.4,2.7\tC239.9,8.7,242.4,8.6,242.4,8.6z M185.2,8.5c1.7-0.7-13.3,4.7-18.5,6.1c-2.1,0.6-6.2,1.6-10,2c-3.9,0.4-8.9,0.4-8.8,0.5\tc0,0.2,5.8,0.8,11.2,0c5.4-0.8,5.2-1.1,7.6-1.6C170.5,14.7,183.5,9.2,185.2,8.5z M199.1,6.9c0.2,0-0.8-0.4-4.8,1.1\tc-4,1.5-6.7,3.5-6.9,3.7c-0.2,0.1,3.5-1.8,6.6-3C197,7.5,199,6.9,199.1,6.9z M283,6c-0.1,0.1-1.9,1.1-4.8,2.5s-6.9,2.8-6.7,2.7\tc0.2,0,3.5-0.6,7.4-2.5C282.8,6.8,283.1,5.9,283,6z M31.3,11.6c0.1-0.2-1.9-0.2-4.5-1.2s-5.4-1.6-7.8-2C15,7.6,7.3,8.5,7.7,8.6\tC8,8.7,15.9,8.3,20.2,9.3c2.2,0.5,2.4,0.5,5.7,1.6S31.2,11.9,31.3,11.6z M73,9.2c0.4-0.1,3.5-1.6,8.4-2.6c4.9-1.1,8.9-0.5,8.9-0.8\tc0-0.3-1-0.9-6.2-0.3S72.6,9.3,73,9.2z M71.6,6.7C71.8,6.8,75,5.4,77.3,5c2.3-0.3,1.9-0.5,1.9-0.6c0-0.1-1.1-0.2-2.7,0.2\tC74.8,5.1,71.4,6.6,71.6,6.7z M93.6,4.4c0.1,0.2,3.5,0.8,5.6,1.8c2.1,1,1.8,0.6,1.9,0.5c0.1-0.1-0.8-0.8-2.4-1.3\tC97.1,4.8,93.5,4.2,93.6,4.4z M65.4,11.1c-0.1,0.3,0.3,0.5,1.9-0.2s2.6-1.3,2.2-1.2s-0.9,0.4-2.5,0.8C65.3,10.9,65.5,10.8,65.4,11.1\tz M34.5,12.4c-0.2,0,2.1,0.8,3.3,0.9c1.2,0.1,2,0.1,2-0.2c0-0.3-0.1-0.5-1.6-0.4C36.6,12.8,34.7,12.4,34.5,12.4z M152.2,21.1\tc-0.1,0.1-2.4-0.3-7.5-0.3c-5,0-13.6-2.4-17.2-3.5c-3.6-1.1,10,3.9,16.5,4.1C150.5,21.6,152.3,21,152.2,21.1z\"\/>\n\t<path class=\"elementor-shape-fill\" d=\"M269.6,18c-0.1-0.1-4.6,0.3-7.2,0c-7.3-0.7-17-3.2-16.6-2.9c0.4,0.3,13.7,3.1,17,3.3\tC267.7,18.8,269.7,18,269.6,18z\"\/>\n\t<path class=\"elementor-shape-fill\" d=\"M227.4,9.8c-0.2-0.1-4.5-1-9.5-1.2c-5-0.2-12.7,0.6-12.3,0.5c0.3-0.1,5.9-1.8,13.3-1.2\tS227.6,9.9,227.4,9.8z\"\/>\n\t<path class=\"elementor-shape-fill\" d=\"M204.5,13.4c-0.1-0.1,2-1,3.2-1.1c1.2-0.1,2,0,2,0.3c0,0.3-0.1,0.5-1.6,0.4\tC206.4,12.9,204.6,13.5,204.5,13.4z\"\/>\n\t<path class=\"elementor-shape-fill\" d=\"M201,10.6c0-0.1-4.4,1.2-6.3,2.2c-1.9,0.9-6.2,3.1-6.1,3.1c0.1,0.1,4.2-1.6,6.3-2.6\tS201,10.7,201,10.6z\"\/>\n\t<path class=\"elementor-shape-fill\" d=\"M154.5,26.7c-0.1-0.1-4.6,0.3-7.2,0c-7.3-0.7-17-3.2-16.6-2.9c0.4,0.3,13.7,3.1,17,3.3\tC152.6,27.5,154.6,26.8,154.5,26.7z\"\/>\n\t<path class=\"elementor-shape-fill\" d=\"M41.9,19.3c0,0,1.2-0.3,2.9-0.1c1.7,0.2,5.8,0.9,8.2,0.7c4.2-0.4,7.4-2.7,7-2.6\tc-0.4,0-4.3,2.2-8.6,1.9c-1.8-0.1-5.1-0.5-6.7-0.4S41.9,19.3,41.9,19.3z\"\/>\n\t<path class=\"elementor-shape-fill\" d=\"M75.5,12.6c0.2,0.1,2-0.8,4.3-1.1c2.3-0.2,2.1-0.3,2.1-0.5c0-0.1-1.8-0.4-3.4,0\tC76.9,11.5,75.3,12.5,75.5,12.6z\"\/>\n\t<path class=\"elementor-shape-fill\" d=\"M15.6,13.2c0-0.1,4.3,0,6.7,0.5c2.4,0.5,5,1.9,5,2c0,0.1-2.7-0.8-5.1-1.4\tC19.9,13.7,15.7,13.3,15.6,13.2z\"\/>\n<\/svg>\t\t<\/div>\n\t\t<div class=\"elementor-element elementor-element-ba1a899 e-con-full e-flex e-con e-child\" data-id=\"ba1a899\" data-element_type=\"container\" data-e-type=\"container\">\n\t\t\t\t<div class=\"elementor-element elementor-element-62b4385 elementor-widget__width-initial elementor-widget-mobile__width-initial elementor-widget elementor-widget-heading\" data-id=\"62b4385\" data-element_type=\"widget\" data-e-type=\"widget\" id=\"3\" data-widget_type=\"heading.default\">\n\t\t\t\t<div class=\"elementor-widget-container\">\n\t\t\t\t\t<h2 class=\"elementor-heading-title elementor-size-default\">3. Geschichte und Bedeutung der Wettbewerbe auf Gran Canaria<\/h2>\t\t\t\t<\/div>\n\t\t\t\t<\/div>\n\t\t\t\t<\/div>\n\t\t\t\t\t<\/div>\n\t\t\t\t<\/div>\n\t\t<div class=\"elementor-element elementor-element-241b599 e-flex e-con-boxed e-con e-parent\" data-id=\"241b599\" data-element_type=\"container\" data-e-type=\"container\">\n\t\t\t\t\t<div class=\"e-con-inner\">\n\t\t\t\t<div class=\"elementor-element elementor-element-4636878 elementor-widget elementor-widget-heading\" data-id=\"4636878\" data-element_type=\"widget\" data-e-type=\"widget\" data-widget_type=\"heading.default\">\n\t\t\t\t<div class=\"elementor-widget-container\">\n\t\t\t\t\t<p class=\"elementor-heading-title elementor-size-default\">Gran Canaria hat sich zu einem internationalen Bezugspunkt f\u00fcr Windsurfen und Kitesurfen entwickelt. Seit ihren Anf\u00e4ngen hat die Insel die Entwicklung und Popularisierung dieser Disziplinen miterlebt, die Wettbewerber aus der ganzen Welt anziehen. <\/p>\t\t\t\t<\/div>\n\t\t\t\t<\/div>\n\t\t\t\t\t<\/div>\n\t\t\t\t<\/div>\n\t\t<div class=\"elementor-element elementor-element-7bef941 e-flex e-con-boxed e-con e-parent\" data-id=\"7bef941\" data-element_type=\"container\" data-e-type=\"container\">\n\t\t\t\t\t<div class=\"e-con-inner\">\n\t\t<div class=\"elementor-element elementor-element-9056b64 e-con-full e-flex e-con e-child\" data-id=\"9056b64\" data-element_type=\"container\" data-e-type=\"container\">\n\t\t\t\t<div class=\"elementor-element elementor-element-8ae906c elementor-widget elementor-widget-image\" data-id=\"8ae906c\" data-element_type=\"widget\" data-e-type=\"widget\" data-widget_type=\"image.default\">\n\t\t\t\t<div class=\"elementor-widget-container\">\n\t\t\t\t\t\t\t\t\t\t\t\t\t\t\t<img fetchpriority=\"high\" decoding=\"async\" width=\"665\" height=\"499\" src=\"https:\/\/welikecanarias.com\/wp-content\/uploads\/2024\/01\/windsurf-gran-canaria-2.jpg\" class=\"attachment-large size-large wp-image-47821\" alt=\"Vista de windsurfista saltando en una ola en Gran Canaria\" srcset=\"https:\/\/welikecanarias.com\/wp-content\/uploads\/2024\/01\/windsurf-gran-canaria-2.jpg.webp 665w, https:\/\/welikecanarias.com\/wp-content\/uploads\/2024\/01\/windsurf-gran-canaria-2-300x225.jpg.webp 300w\" sizes=\"(max-width: 665px) 100vw, 665px\" \/>\t\t\t\t\t\t\t\t\t\t\t\t\t\t\t<\/div>\n\t\t\t\t<\/div>\n\t\t\t\t<div class=\"elementor-element elementor-element-0c66002 elementor-widget elementor-widget-heading\" data-id=\"0c66002\" data-element_type=\"widget\" data-e-type=\"widget\" data-widget_type=\"heading.default\">\n\t\t\t\t<div class=\"elementor-widget-container\">\n\t\t\t\t\t<h3 class=\"elementor-heading-title elementor-size-default\">Entwicklung des Windsurfens in Pozo Izquierdo<\/h3>\t\t\t\t<\/div>\n\t\t\t\t<\/div>\n\t\t\t\t<div class=\"elementor-element elementor-element-7e27c3f elementor-widget-divider--view-line elementor-widget elementor-widget-divider\" data-id=\"7e27c3f\" data-element_type=\"widget\" data-e-type=\"widget\" data-widget_type=\"divider.default\">\n\t\t\t\t<div class=\"elementor-widget-container\">\n\t\t\t\t\t\t\t<div class=\"elementor-divider\">\n\t\t\t<span class=\"elementor-divider-separator\">\n\t\t\t\t\t\t<\/span>\n\t\t<\/div>\n\t\t\t\t\t\t<\/div>\n\t\t\t\t<\/div>\n\t\t\t\t<div class=\"elementor-element elementor-element-8a7e81f elementor-widget elementor-widget-text-editor\" data-id=\"8a7e81f\" data-element_type=\"widget\" data-e-type=\"widget\" data-widget_type=\"text-editor.default\">\n\t\t\t\t<div class=\"elementor-widget-container\">\n\t\t\t\t\t\t\t\t\t<p>Pozo Izquierdo hat in der Geschichte des Windsurfens eine zentrale Rolle gespielt. Seit den 1980er Jahren hat sich dieser Ort dank seiner au\u00dfergew\u00f6hnlichen Windbedingungen als privilegiertes Ziel etabliert. Die Austragung von Meisterschaften und die Bildung einer Gemeinschaft von Enthusiasten f\u00f6rderten die Windsurfkultur in der Region.  <\/p>\n\t\t\t\t\t\t\t\t<\/div>\n\t\t\t\t<\/div>\n\t\t\t\t<div class=\"elementor-element elementor-element-4e9f961 elementor-widget elementor-widget-n-accordion\" data-id=\"4e9f961\" data-element_type=\"widget\" data-e-type=\"widget\" data-settings=\"{&quot;default_state&quot;:&quot;expanded&quot;,&quot;max_items_expended&quot;:&quot;one&quot;,&quot;n_accordion_animation_duration&quot;:{&quot;unit&quot;:&quot;ms&quot;,&quot;size&quot;:400,&quot;sizes&quot;:[]}}\" data-widget_type=\"nested-accordion.default\">\n\t\t\t\t<div class=\"elementor-widget-container\">\n\t\t\t\t\t\t\t<div class=\"e-n-accordion\" aria-label=\"Accordion. Open links with Enter or Space, close with Escape, and navigate with Arrow Keys\">\n\t\t\t\t\t\t<details id=\"e-n-accordion-item-8240\" class=\"e-n-accordion-item\" open>\n\t\t\t\t<summary class=\"e-n-accordion-item-title\" data-accordion-index=\"1\" tabindex=\"0\" aria-expanded=\"true\" aria-controls=\"e-n-accordion-item-8240\" >\n\t\t\t\t\t<span class='e-n-accordion-item-title-header'><h4 class=\"e-n-accordion-item-title-text\"> H\u00f6hepunkte von Pozo Izquierdo <\/h4><\/span>\n\t\t\t\t\t\t\t<span class='e-n-accordion-item-title-icon'>\n\t\t\t<span class='e-opened' ><svg aria-hidden=\"true\" class=\"e-font-icon-svg e-fas-minus\" viewBox=\"0 0 448 512\" xmlns=\"http:\/\/www.w3.org\/2000\/svg\"><path d=\"M416 208H32c-17.67 0-32 14.33-32 32v32c0 17.67 14.33 32 32 32h384c17.67 0 32-14.33 32-32v-32c0-17.67-14.33-32-32-32z\"><\/path><\/svg><\/span>\n\t\t\t<span class='e-closed'><svg aria-hidden=\"true\" class=\"e-font-icon-svg e-fas-plus\" viewBox=\"0 0 448 512\" xmlns=\"http:\/\/www.w3.org\/2000\/svg\"><path d=\"M416 208H272V64c0-17.67-14.33-32-32-32h-32c-17.67 0-32 14.33-32 32v144H32c-17.67 0-32 14.33-32 32v32c0 17.67 14.33 32 32 32h144v144c0 17.67 14.33 32 32 32h32c17.67 0 32-14.33 32-32V304h144c17.67 0 32-14.33 32-32v-32c0-17.67-14.33-32-32-32z\"><\/path><\/svg><\/span>\n\t\t<\/span>\n\n\t\t\t\t\t\t<\/summary>\n\t\t\t\t<div role=\"region\" aria-labelledby=\"e-n-accordion-item-8240\" class=\"elementor-element elementor-element-bb20158 e-con-full e-flex e-con e-child\" data-id=\"bb20158\" data-element_type=\"container\" data-e-type=\"container\">\n\t\t\t\t<div class=\"elementor-element elementor-element-e4e5202 elementor-widget elementor-widget-text-editor\" data-id=\"e4e5202\" data-element_type=\"widget\" data-e-type=\"widget\" data-widget_type=\"text-editor.default\">\n\t\t\t\t<div class=\"elementor-widget-container\">\n\t\t\t\t\t\t\t\t\t<ul>\n<li>Optimale Wetterbedingungen f\u00fcr den Sport.<\/li>\n<li>Durchf\u00fchrung von Wettbewerben auf hohem Niveau seit seiner Gr\u00fcndung.<\/li>\n<li>Bildung einer Gemeinschaft, die sich f\u00fcr diesen Sport begeistert.<\/li>\n<\/ul>\n\t\t\t\t\t\t\t\t<\/div>\n\t\t\t\t<\/div>\n\t\t\t\t<\/div>\n\t\t\t\t\t<\/details>\n\t\t\t\t\t<\/div>\n\t\t\t\t\t\t<\/div>\n\t\t\t\t<\/div>\n\t\t\t\t<\/div>\n\t\t<div class=\"elementor-element elementor-element-adcb96b e-con-full e-flex e-con e-child\" data-id=\"adcb96b\" data-element_type=\"container\" data-e-type=\"container\">\n\t\t\t\t<div class=\"elementor-element elementor-element-97408f6 elementor-widget elementor-widget-image\" data-id=\"97408f6\" data-element_type=\"widget\" data-e-type=\"widget\" data-widget_type=\"image.default\">\n\t\t\t\t<div class=\"elementor-widget-container\">\n\t\t\t\t\t\t\t\t\t\t\t\t\t\t\t<img decoding=\"async\" width=\"582\" height=\"437\" data-src=\"https:\/\/welikecanarias.com\/wp-content\/uploads\/2024\/01\/Cursos-kitesurf-Gran-Canaria.jpeg\" class=\"attachment-large size-large wp-image-47827 lazyload\" alt=\"Vista de una persona haciendo Kitesurf en los spots de Gran Canaria\" data-srcset=\"https:\/\/welikecanarias.com\/wp-content\/uploads\/2024\/01\/Cursos-kitesurf-Gran-Canaria.jpeg.webp 582w, https:\/\/welikecanarias.com\/wp-content\/uploads\/2024\/01\/Cursos-kitesurf-Gran-Canaria-300x225.jpeg.webp 300w\" data-sizes=\"(max-width: 582px) 100vw, 582px\" src=\"data:image\/svg+xml;base64,PHN2ZyB3aWR0aD0iMSIgaGVpZ2h0PSIxIiB4bWxucz0iaHR0cDovL3d3dy53My5vcmcvMjAwMC9zdmciPjwvc3ZnPg==\" style=\"--smush-placeholder-width: 582px; --smush-placeholder-aspect-ratio: 582\/437;\" \/>\t\t\t\t\t\t\t\t\t\t\t\t\t\t\t<\/div>\n\t\t\t\t<\/div>\n\t\t\t\t<div class=\"elementor-element elementor-element-71f91c9 elementor-widget elementor-widget-heading\" data-id=\"71f91c9\" data-element_type=\"widget\" data-e-type=\"widget\" data-widget_type=\"heading.default\">\n\t\t\t\t<div class=\"elementor-widget-container\">\n\t\t\t\t\t<h3 class=\"elementor-heading-title elementor-size-default\">Erste Kitesurfing-Meisterschaft in Salinas de Tenef\u00e9<\/h3>\t\t\t\t<\/div>\n\t\t\t\t<\/div>\n\t\t\t\t<div class=\"elementor-element elementor-element-7fac7d3 elementor-widget-divider--view-line elementor-widget elementor-widget-divider\" data-id=\"7fac7d3\" data-element_type=\"widget\" data-e-type=\"widget\" data-widget_type=\"divider.default\">\n\t\t\t\t<div class=\"elementor-widget-container\">\n\t\t\t\t\t\t\t<div class=\"elementor-divider\">\n\t\t\t<span class=\"elementor-divider-separator\">\n\t\t\t\t\t\t<\/span>\n\t\t<\/div>\n\t\t\t\t\t\t<\/div>\n\t\t\t\t<\/div>\n\t\t\t\t<div class=\"elementor-element elementor-element-77bec8f elementor-widget elementor-widget-text-editor\" data-id=\"77bec8f\" data-element_type=\"widget\" data-e-type=\"widget\" data-widget_type=\"text-editor.default\">\n\t\t\t\t<div class=\"elementor-widget-container\">\n\t\t\t\t\t\t\t\t\t<p>Die Wahl von Salinas de Tenef\u00e9 als Austragungsort f\u00fcr die erste Kitesurfing-Meisterschaft war ein wichtiger Meilenstein. Diese Veranstaltung zog nicht nur internationale Wettk\u00e4mpfer an, sondern festigte auch die Insel als attraktives Ziel f\u00fcr Kitesurfer. <\/p>\n\t\t\t\t\t\t\t\t<\/div>\n\t\t\t\t<\/div>\n\t\t\t\t<div class=\"elementor-element elementor-element-ec32326 elementor-widget elementor-widget-n-accordion\" data-id=\"ec32326\" data-element_type=\"widget\" data-e-type=\"widget\" data-settings=\"{&quot;default_state&quot;:&quot;expanded&quot;,&quot;max_items_expended&quot;:&quot;one&quot;,&quot;n_accordion_animation_duration&quot;:{&quot;unit&quot;:&quot;ms&quot;,&quot;size&quot;:400,&quot;sizes&quot;:[]}}\" data-widget_type=\"nested-accordion.default\">\n\t\t\t\t<div class=\"elementor-widget-container\">\n\t\t\t\t\t\t\t<div class=\"e-n-accordion\" aria-label=\"Accordion. Open links with Enter or Space, close with Escape, and navigate with Arrow Keys\">\n\t\t\t\t\t\t<details id=\"e-n-accordion-item-2470\" class=\"e-n-accordion-item\" open>\n\t\t\t\t<summary class=\"e-n-accordion-item-title\" data-accordion-index=\"1\" tabindex=\"0\" aria-expanded=\"true\" aria-controls=\"e-n-accordion-item-2470\" >\n\t\t\t\t\t<span class='e-n-accordion-item-title-header'><h4 class=\"e-n-accordion-item-title-text\"> Bedeutung der Veranstaltung in Salinas de Tenef\u00e9 <\/h4><\/span>\n\t\t\t\t\t\t\t<span class='e-n-accordion-item-title-icon'>\n\t\t\t<span class='e-opened' ><svg aria-hidden=\"true\" class=\"e-font-icon-svg e-fas-minus\" viewBox=\"0 0 448 512\" xmlns=\"http:\/\/www.w3.org\/2000\/svg\"><path d=\"M416 208H32c-17.67 0-32 14.33-32 32v32c0 17.67 14.33 32 32 32h384c17.67 0 32-14.33 32-32v-32c0-17.67-14.33-32-32-32z\"><\/path><\/svg><\/span>\n\t\t\t<span class='e-closed'><svg aria-hidden=\"true\" class=\"e-font-icon-svg e-fas-plus\" viewBox=\"0 0 448 512\" xmlns=\"http:\/\/www.w3.org\/2000\/svg\"><path d=\"M416 208H272V64c0-17.67-14.33-32-32-32h-32c-17.67 0-32 14.33-32 32v144H32c-17.67 0-32 14.33-32 32v32c0 17.67 14.33 32 32 32h144v144c0 17.67 14.33 32 32 32h32c17.67 0 32-14.33 32-32V304h144c17.67 0 32-14.33 32-32v-32c0-17.67-14.33-32-32-32z\"><\/path><\/svg><\/span>\n\t\t<\/span>\n\n\t\t\t\t\t\t<\/summary>\n\t\t\t\t<div role=\"region\" aria-labelledby=\"e-n-accordion-item-2470\" class=\"elementor-element elementor-element-5d96eb4 e-con-full e-flex e-con e-child\" data-id=\"5d96eb4\" data-element_type=\"container\" data-e-type=\"container\">\n\t\t\t\t<div class=\"elementor-element elementor-element-ebef72b elementor-widget elementor-widget-text-editor\" data-id=\"ebef72b\" data-element_type=\"widget\" data-e-type=\"widget\" data-widget_type=\"text-editor.default\">\n\t\t\t\t<div class=\"elementor-widget-container\">\n\t\t\t\t\t\t\t\t\t<ul>\n<li>Zum ersten Mal findet eine Weltmeisterschaft im Kitesurfen auf Gran Canaria statt.<\/li>\n<li>F\u00f6rderung des Kitesurfens bei Einheimischen und Besuchern.<\/li>\n<li>F\u00f6rderung der Kultur des Wassersports auf der Insel.<\/li>\n<\/ul>\n\t\t\t\t\t\t\t\t<\/div>\n\t\t\t\t<\/div>\n\t\t\t\t<\/div>\n\t\t\t\t\t<\/details>\n\t\t\t\t\t<\/div>\n\t\t\t\t\t\t<\/div>\n\t\t\t\t<\/div>\n\t\t\t\t<div class=\"elementor-element elementor-element-bf2ab02 pa-icon-pos-after premium-lq__none elementor-widget elementor-widget-premium-addon-button\" data-id=\"bf2ab02\" data-element_type=\"widget\" data-e-type=\"widget\" data-widget_type=\"premium-addon-button.default\">\n\t\t\t\t<div class=\"elementor-widget-container\">\n\t\t\t\t\t\n\n\t\t<a class=\"premium-button premium-button-none premium-btn-md premium-button-none\" href=\"#INDICE\">\n\t\t\t<div class=\"premium-button-text-icon-wrapper\">\n\t\t\t\t\n\t\t\t\t\t\t\t\t\t\t\t\t\t\t\t\t\t\t<svg class=\"svg-inline--fas-fa-level-up-alt premium-drawable-icon premium-svg-nodraw\" aria-hidden='true' xmlns='http:\/\/www.w3.org\/2000\/svg' viewBox='0 0 320 512'><path d=\"M313.553 119.669L209.587 7.666c-9.485-10.214-25.676-10.229-35.174 0L70.438 119.669C56.232 134.969 67.062 160 88.025 160H152v272H68.024a11.996 11.996 0 0 0-8.485 3.515l-56 56C-4.021 499.074 1.333 512 12.024 512H208c13.255 0 24-10.745 24-24V160h63.966c20.878 0 31.851-24.969 17.587-40.331z\"><\/path><\/svg>\t\t\t\t\t\t\t\t\t\t\t\t\t\t\t\n\t\t\t\t\t\t\t\t\t<span >\n\t\t\t\t\t\tINDEX\t\t\t\t\t<\/span>\n\t\t\t\t\t\t\t<\/div>\n\n\t\t\t\n\t\t\t\n\t\t\t\n\t\t<\/a>\n\n\n\t\t\t\t\t\t<\/div>\n\t\t\t\t<\/div>\n\t\t\t\t<\/div>\n\t\t\t\t\t<\/div>\n\t\t\t\t<\/div>\n\t\t<div class=\"elementor-element elementor-element-e707ea4 e-flex e-con-boxed e-con e-parent\" data-id=\"e707ea4\" data-element_type=\"container\" data-e-type=\"container\">\n\t\t\t\t\t<div class=\"e-con-inner\">\n\t\t\t\t<div class=\"elementor-element elementor-element-aa9f7f1 elementor-widget-divider--view-line elementor-widget elementor-widget-divider\" data-id=\"aa9f7f1\" data-element_type=\"widget\" data-e-type=\"widget\" data-widget_type=\"divider.default\">\n\t\t\t\t<div class=\"elementor-widget-container\">\n\t\t\t\t\t\t\t<div class=\"elementor-divider\">\n\t\t\t<span class=\"elementor-divider-separator\">\n\t\t\t\t\t\t<\/span>\n\t\t<\/div>\n\t\t\t\t\t\t<\/div>\n\t\t\t\t<\/div>\n\t\t\t\t\t<\/div>\n\t\t\t\t<\/div>\n\t\t<div class=\"elementor-element elementor-element-ef1afaf e-flex e-con-boxed e-con e-parent\" data-id=\"ef1afaf\" data-element_type=\"container\" data-e-type=\"container\" data-settings=\"{&quot;background_background&quot;:&quot;classic&quot;,&quot;background_motion_fx_motion_fx_scrolling&quot;:&quot;yes&quot;,&quot;shape_divider_bottom&quot;:&quot;wave-brush&quot;,&quot;background_motion_fx_devices&quot;:[&quot;desktop&quot;,&quot;tablet&quot;,&quot;mobile&quot;]}\">\n\t\t\t\t\t<div class=\"e-con-inner\">\n\t\t\t\t<div class=\"elementor-shape elementor-shape-bottom\" aria-hidden=\"true\" data-negative=\"false\">\n\t\t\t<svg xmlns=\"http:\/\/www.w3.org\/2000\/svg\" viewBox=\"0 0 283.5 27.8\" preserveAspectRatio=\"none\">\n\t<path class=\"elementor-shape-fill\" d=\"M283.5,9.7c0,0-7.3,4.3-14,4.6c-6.8,0.3-12.6,0-20.9-1.5c-11.3-2-33.1-10.1-44.7-5.7\ts-12.1,4.6-18,7.4c-6.6,3.2-20,9.6-36.6,9.3C131.6,23.5,99.5,7.2,86.3,8c-1.4,0.1-6.6,0.8-10.5,2c-3.8,1.2-9.4,3.8-17,4.7\tc-3.2,0.4-8.3,1.1-14.2,0.9c-1.5-0.1-6.3-0.4-12-1.6c-5.7-1.2-11-3.1-15.8-3.7C6.5,9.2,0,10.8,0,10.8V0h283.5V9.7z M260.8,11.3\tc-0.7-1-2-0.4-4.3-0.4c-2.3,0-6.1-1.2-5.8-1.1c0.3,0.1,3.1,1.5,6,1.9C259.7,12.2,261.4,12.3,260.8,11.3z M242.4,8.6\tc0,0-2.4-0.2-5.6-0.9c-3.2-0.8-10.3-2.8-15.1-3.5c-8.2-1.1-15.8,0-15.1,0.1c0.8,0.1,9.6-0.6,17.6,1.1c3.3,0.7,9.3,2.2,12.4,2.7\tC239.9,8.7,242.4,8.6,242.4,8.6z M185.2,8.5c1.7-0.7-13.3,4.7-18.5,6.1c-2.1,0.6-6.2,1.6-10,2c-3.9,0.4-8.9,0.4-8.8,0.5\tc0,0.2,5.8,0.8,11.2,0c5.4-0.8,5.2-1.1,7.6-1.6C170.5,14.7,183.5,9.2,185.2,8.5z M199.1,6.9c0.2,0-0.8-0.4-4.8,1.1\tc-4,1.5-6.7,3.5-6.9,3.7c-0.2,0.1,3.5-1.8,6.6-3C197,7.5,199,6.9,199.1,6.9z M283,6c-0.1,0.1-1.9,1.1-4.8,2.5s-6.9,2.8-6.7,2.7\tc0.2,0,3.5-0.6,7.4-2.5C282.8,6.8,283.1,5.9,283,6z M31.3,11.6c0.1-0.2-1.9-0.2-4.5-1.2s-5.4-1.6-7.8-2C15,7.6,7.3,8.5,7.7,8.6\tC8,8.7,15.9,8.3,20.2,9.3c2.2,0.5,2.4,0.5,5.7,1.6S31.2,11.9,31.3,11.6z M73,9.2c0.4-0.1,3.5-1.6,8.4-2.6c4.9-1.1,8.9-0.5,8.9-0.8\tc0-0.3-1-0.9-6.2-0.3S72.6,9.3,73,9.2z M71.6,6.7C71.8,6.8,75,5.4,77.3,5c2.3-0.3,1.9-0.5,1.9-0.6c0-0.1-1.1-0.2-2.7,0.2\tC74.8,5.1,71.4,6.6,71.6,6.7z M93.6,4.4c0.1,0.2,3.5,0.8,5.6,1.8c2.1,1,1.8,0.6,1.9,0.5c0.1-0.1-0.8-0.8-2.4-1.3\tC97.1,4.8,93.5,4.2,93.6,4.4z M65.4,11.1c-0.1,0.3,0.3,0.5,1.9-0.2s2.6-1.3,2.2-1.2s-0.9,0.4-2.5,0.8C65.3,10.9,65.5,10.8,65.4,11.1\tz M34.5,12.4c-0.2,0,2.1,0.8,3.3,0.9c1.2,0.1,2,0.1,2-0.2c0-0.3-0.1-0.5-1.6-0.4C36.6,12.8,34.7,12.4,34.5,12.4z M152.2,21.1\tc-0.1,0.1-2.4-0.3-7.5-0.3c-5,0-13.6-2.4-17.2-3.5c-3.6-1.1,10,3.9,16.5,4.1C150.5,21.6,152.3,21,152.2,21.1z\"\/>\n\t<path class=\"elementor-shape-fill\" d=\"M269.6,18c-0.1-0.1-4.6,0.3-7.2,0c-7.3-0.7-17-3.2-16.6-2.9c0.4,0.3,13.7,3.1,17,3.3\tC267.7,18.8,269.7,18,269.6,18z\"\/>\n\t<path class=\"elementor-shape-fill\" d=\"M227.4,9.8c-0.2-0.1-4.5-1-9.5-1.2c-5-0.2-12.7,0.6-12.3,0.5c0.3-0.1,5.9-1.8,13.3-1.2\tS227.6,9.9,227.4,9.8z\"\/>\n\t<path class=\"elementor-shape-fill\" d=\"M204.5,13.4c-0.1-0.1,2-1,3.2-1.1c1.2-0.1,2,0,2,0.3c0,0.3-0.1,0.5-1.6,0.4\tC206.4,12.9,204.6,13.5,204.5,13.4z\"\/>\n\t<path class=\"elementor-shape-fill\" d=\"M201,10.6c0-0.1-4.4,1.2-6.3,2.2c-1.9,0.9-6.2,3.1-6.1,3.1c0.1,0.1,4.2-1.6,6.3-2.6\tS201,10.7,201,10.6z\"\/>\n\t<path class=\"elementor-shape-fill\" d=\"M154.5,26.7c-0.1-0.1-4.6,0.3-7.2,0c-7.3-0.7-17-3.2-16.6-2.9c0.4,0.3,13.7,3.1,17,3.3\tC152.6,27.5,154.6,26.8,154.5,26.7z\"\/>\n\t<path class=\"elementor-shape-fill\" d=\"M41.9,19.3c0,0,1.2-0.3,2.9-0.1c1.7,0.2,5.8,0.9,8.2,0.7c4.2-0.4,7.4-2.7,7-2.6\tc-0.4,0-4.3,2.2-8.6,1.9c-1.8-0.1-5.1-0.5-6.7-0.4S41.9,19.3,41.9,19.3z\"\/>\n\t<path class=\"elementor-shape-fill\" d=\"M75.5,12.6c0.2,0.1,2-0.8,4.3-1.1c2.3-0.2,2.1-0.3,2.1-0.5c0-0.1-1.8-0.4-3.4,0\tC76.9,11.5,75.3,12.5,75.5,12.6z\"\/>\n\t<path class=\"elementor-shape-fill\" d=\"M15.6,13.2c0-0.1,4.3,0,6.7,0.5c2.4,0.5,5,1.9,5,2c0,0.1-2.7-0.8-5.1-1.4\tC19.9,13.7,15.7,13.3,15.6,13.2z\"\/>\n<\/svg>\t\t<\/div>\n\t\t<div class=\"elementor-element elementor-element-5ac54ec e-con-full e-flex e-con e-child\" data-id=\"5ac54ec\" data-element_type=\"container\" data-e-type=\"container\">\n\t\t\t\t<div class=\"elementor-element elementor-element-4c1aabf elementor-widget__width-initial elementor-widget-mobile__width-initial elementor-widget elementor-widget-heading\" data-id=\"4c1aabf\" data-element_type=\"widget\" data-e-type=\"widget\" data-widget_type=\"heading.default\">\n\t\t\t\t<div class=\"elementor-widget-container\">\n\t\t\t\t\t<h2 class=\"elementor-heading-title elementor-size-default\">2. Sportliche H\u00f6hepunkte<\/h2>\t\t\t\t<\/div>\n\t\t\t\t<\/div>\n\t\t\t\t<\/div>\n\t\t\t\t\t<\/div>\n\t\t\t\t<\/div>\n\t\t<div class=\"elementor-element elementor-element-2151f1e e-flex e-con-boxed e-con e-parent\" data-id=\"2151f1e\" data-element_type=\"container\" data-e-type=\"container\">\n\t\t\t\t\t<div class=\"e-con-inner\">\n\t\t\t\t<div class=\"elementor-element elementor-element-81891e0 elementor-widget elementor-widget-heading\" data-id=\"81891e0\" data-element_type=\"widget\" data-e-type=\"widget\" data-widget_type=\"heading.default\">\n\t\t\t\t<div class=\"elementor-widget-container\">\n\t\t\t\t\t<p class=\"elementor-heading-title elementor-size-default\">Auf Gran Canaria finden internationale Wettk\u00e4mpfe statt, die die weltbesten Athleten im Windsurfen und Kitesurfen anziehen. Diese Veranstaltungen sind nicht nur spannend, sondern f\u00f6rdern auch die Sportkultur auf der Insel. <\/p>\t\t\t\t<\/div>\n\t\t\t\t<\/div>\n\t\t\t\t\t<\/div>\n\t\t\t\t<\/div>\n\t\t<div class=\"elementor-element elementor-element-edf3094 e-flex e-con-boxed e-con e-parent\" data-id=\"edf3094\" data-element_type=\"container\" data-e-type=\"container\">\n\t\t\t\t\t<div class=\"e-con-inner\">\n\t\t<div class=\"elementor-element elementor-element-55e3648 e-con-full e-flex e-con e-child\" data-id=\"55e3648\" data-element_type=\"container\" data-e-type=\"container\">\n\t\t\t\t<div class=\"elementor-element elementor-element-d48996d elementor-widget elementor-widget-image\" data-id=\"d48996d\" data-element_type=\"widget\" data-e-type=\"widget\" data-widget_type=\"image.default\">\n\t\t\t\t<div class=\"elementor-widget-container\">\n\t\t\t\t\t\t\t\t\t\t\t\t\t\t\t<img decoding=\"async\" width=\"709\" height=\"532\" data-src=\"https:\/\/welikecanarias.com\/wp-content\/uploads\/2024\/01\/kitesurf-gran-canaria.jpg\" class=\"attachment-large size-large wp-image-47833 lazyload\" alt=\"Vista de persona haciendo kitesurf en la isla de gran Canaria\" data-srcset=\"https:\/\/welikecanarias.com\/wp-content\/uploads\/2024\/01\/kitesurf-gran-canaria.jpg.webp 709w, https:\/\/welikecanarias.com\/wp-content\/uploads\/2024\/01\/kitesurf-gran-canaria-300x225.jpg.webp 300w\" data-sizes=\"(max-width: 709px) 100vw, 709px\" src=\"data:image\/svg+xml;base64,PHN2ZyB3aWR0aD0iMSIgaGVpZ2h0PSIxIiB4bWxucz0iaHR0cDovL3d3dy53My5vcmcvMjAwMC9zdmciPjwvc3ZnPg==\" style=\"--smush-placeholder-width: 709px; --smush-placeholder-aspect-ratio: 709\/532;\" \/>\t\t\t\t\t\t\t\t\t\t\t\t\t\t\t<\/div>\n\t\t\t\t<\/div>\n\t\t\t\t<div class=\"elementor-element elementor-element-ff43caf elementor-widget elementor-widget-heading\" data-id=\"ff43caf\" data-element_type=\"widget\" data-e-type=\"widget\" data-widget_type=\"heading.default\">\n\t\t\t\t<div class=\"elementor-widget-container\">\n\t\t\t\t\t<h3 class=\"elementor-heading-title elementor-size-default\">PWA Weltmeisterschaften im Windsurfen<\/h3>\t\t\t\t<\/div>\n\t\t\t\t<\/div>\n\t\t\t\t<div class=\"elementor-element elementor-element-1ca9906 elementor-widget-divider--view-line elementor-widget elementor-widget-divider\" data-id=\"1ca9906\" data-element_type=\"widget\" data-e-type=\"widget\" data-widget_type=\"divider.default\">\n\t\t\t\t<div class=\"elementor-widget-container\">\n\t\t\t\t\t\t\t<div class=\"elementor-divider\">\n\t\t\t<span class=\"elementor-divider-separator\">\n\t\t\t\t\t\t<\/span>\n\t\t<\/div>\n\t\t\t\t\t\t<\/div>\n\t\t\t\t<\/div>\n\t\t\t\t<div class=\"elementor-element elementor-element-9d7060f elementor-widget elementor-widget-text-editor\" data-id=\"9d7060f\" data-element_type=\"widget\" data-e-type=\"widget\" data-widget_type=\"text-editor.default\">\n\t\t\t\t<div class=\"elementor-widget-container\">\n\t\t\t\t\t\t\t\t\t<p>Die PWA World Windsurfing Championships in Pozo Izquierdo sind ein wichtiges Ereignis im Windsurfkalender. Diese Meisterschaft findet vom 29. Juni bis 7. Juli 2024 statt und bringt die besten Windsurfer der Welt zusammen. Die Wind- und Wellenbedingungen machen diesen Ort ideal f\u00fcr Wettk\u00e4mpfe auf hohem Niveau.  <\/p>\n\t\t\t\t\t\t\t\t<\/div>\n\t\t\t\t<\/div>\n\t\t\t\t<\/div>\n\t\t<div class=\"elementor-element elementor-element-aab5785 e-con-full e-flex e-con e-child\" data-id=\"aab5785\" data-element_type=\"container\" data-e-type=\"container\">\n\t\t\t\t<div class=\"elementor-element elementor-element-b2ed370 elementor-widget elementor-widget-image\" data-id=\"b2ed370\" data-element_type=\"widget\" data-e-type=\"widget\" data-widget_type=\"image.default\">\n\t\t\t\t<div class=\"elementor-widget-container\">\n\t\t\t\t\t\t\t\t\t\t\t\t\t\t\t<img decoding=\"async\" width=\"800\" height=\"600\" data-src=\"https:\/\/welikecanarias.com\/wp-content\/uploads\/2024\/01\/kitesurf-1024x768.jpg\" class=\"attachment-large size-large wp-image-47830 lazyload\" alt=\"\" data-srcset=\"https:\/\/welikecanarias.com\/wp-content\/uploads\/2024\/01\/kitesurf-1024x768.jpg.webp 1024w, https:\/\/welikecanarias.com\/wp-content\/uploads\/2024\/01\/kitesurf-300x225.jpg.webp 300w, https:\/\/welikecanarias.com\/wp-content\/uploads\/2024\/01\/kitesurf-768x576.jpg.webp 768w, https:\/\/welikecanarias.com\/wp-content\/uploads\/2024\/01\/kitesurf.jpg.webp 1200w\" data-sizes=\"(max-width: 800px) 100vw, 800px\" src=\"data:image\/svg+xml;base64,PHN2ZyB3aWR0aD0iMSIgaGVpZ2h0PSIxIiB4bWxucz0iaHR0cDovL3d3dy53My5vcmcvMjAwMC9zdmciPjwvc3ZnPg==\" style=\"--smush-placeholder-width: 800px; --smush-placeholder-aspect-ratio: 800\/600;\" \/>\t\t\t\t\t\t\t\t\t\t\t\t\t\t\t<\/div>\n\t\t\t\t<\/div>\n\t\t\t\t<div class=\"elementor-element elementor-element-77080ed elementor-widget elementor-widget-heading\" data-id=\"77080ed\" data-element_type=\"widget\" data-e-type=\"widget\" data-widget_type=\"heading.default\">\n\t\t\t\t<div class=\"elementor-widget-container\">\n\t\t\t\t\t<h3 class=\"elementor-heading-title elementor-size-default\">Qatar Airways GKA Big Air Kite Weltmeisterschaften<\/h3>\t\t\t\t<\/div>\n\t\t\t\t<\/div>\n\t\t\t\t<div class=\"elementor-element elementor-element-33bc6de elementor-widget-divider--view-line elementor-widget elementor-widget-divider\" data-id=\"33bc6de\" data-element_type=\"widget\" data-e-type=\"widget\" data-widget_type=\"divider.default\">\n\t\t\t\t<div class=\"elementor-widget-container\">\n\t\t\t\t\t\t\t<div class=\"elementor-divider\">\n\t\t\t<span class=\"elementor-divider-separator\">\n\t\t\t\t\t\t<\/span>\n\t\t<\/div>\n\t\t\t\t\t\t<\/div>\n\t\t\t\t<\/div>\n\t\t\t\t<div class=\"elementor-element elementor-element-19756eb elementor-widget elementor-widget-text-editor\" data-id=\"19756eb\" data-element_type=\"widget\" data-e-type=\"widget\" data-widget_type=\"text-editor.default\">\n\t\t\t\t<div class=\"elementor-widget-container\">\n\t\t\t\t\t\t\t\t\t<p>Zwischen dem 9. und 13. Juli 2024 werden die Qatar Airways GKA Big Air Kite World Championships in den Salinas de Tenef\u00e9 stattfinden. Dies wird das erste Mal sein, dass Gran Canaria eine Weltmeisterschaft in dieser Disziplin ausrichtet. Die Teilnehmer werden in einer Umgebung, die f\u00fcr spektakul\u00e4re Spr\u00fcnge und Tricks geeignet ist, um den Titel k\u00e4mpfen.  <\/p>\n\t\t\t\t\t\t\t\t<\/div>\n\t\t\t\t<\/div>\n\t\t\t\t<\/div>\n\t\t<div class=\"elementor-element elementor-element-7bbbf90 e-con-full e-flex e-con e-child\" data-id=\"7bbbf90\" data-element_type=\"container\" data-e-type=\"container\">\n\t\t\t\t<div class=\"elementor-element elementor-element-9341720 elementor-widget elementor-widget-image\" data-id=\"9341720\" data-element_type=\"widget\" data-e-type=\"widget\" data-widget_type=\"image.default\">\n\t\t\t\t<div class=\"elementor-widget-container\">\n\t\t\t\t\t\t\t\t\t\t\t\t\t\t\t<img decoding=\"async\" width=\"800\" height=\"600\" data-src=\"https:\/\/welikecanarias.com\/wp-content\/uploads\/2024\/01\/salto-kitesurf-gran-canaria.jpg\" class=\"attachment-large size-large wp-image-47824 lazyload\" alt=\"Vista de una persona haciendo un salto increible mientras hace kitesurf en Gran Canaria\" data-srcset=\"https:\/\/welikecanarias.com\/wp-content\/uploads\/2024\/01\/salto-kitesurf-gran-canaria.jpg.webp 930w, https:\/\/welikecanarias.com\/wp-content\/uploads\/2024\/01\/salto-kitesurf-gran-canaria-300x225.jpg.webp 300w, https:\/\/welikecanarias.com\/wp-content\/uploads\/2024\/01\/salto-kitesurf-gran-canaria-768x576.jpg.webp 768w\" data-sizes=\"(max-width: 800px) 100vw, 800px\" src=\"data:image\/svg+xml;base64,PHN2ZyB3aWR0aD0iMSIgaGVpZ2h0PSIxIiB4bWxucz0iaHR0cDovL3d3dy53My5vcmcvMjAwMC9zdmciPjwvc3ZnPg==\" style=\"--smush-placeholder-width: 800px; --smush-placeholder-aspect-ratio: 800\/600;\" \/>\t\t\t\t\t\t\t\t\t\t\t\t\t\t\t<\/div>\n\t\t\t\t<\/div>\n\t\t\t\t<div class=\"elementor-element elementor-element-3d4eeda elementor-widget elementor-widget-heading\" data-id=\"3d4eeda\" data-element_type=\"widget\" data-e-type=\"widget\" data-widget_type=\"heading.default\">\n\t\t\t\t<div class=\"elementor-widget-container\">\n\t\t\t\t\t<h3 class=\"elementor-heading-title elementor-size-default\">Andere Wettbewerbe von Interesse<\/h3>\t\t\t\t<\/div>\n\t\t\t\t<\/div>\n\t\t\t\t<div class=\"elementor-element elementor-element-de1352e elementor-widget-divider--view-line elementor-widget elementor-widget-divider\" data-id=\"de1352e\" data-element_type=\"widget\" data-e-type=\"widget\" data-widget_type=\"divider.default\">\n\t\t\t\t<div class=\"elementor-widget-container\">\n\t\t\t\t\t\t\t<div class=\"elementor-divider\">\n\t\t\t<span class=\"elementor-divider-separator\">\n\t\t\t\t\t\t<\/span>\n\t\t<\/div>\n\t\t\t\t\t\t<\/div>\n\t\t\t\t<\/div>\n\t\t\t\t<div class=\"elementor-element elementor-element-bceb98b elementor-widget elementor-widget-text-editor\" data-id=\"bceb98b\" data-element_type=\"widget\" data-e-type=\"widget\" data-widget_type=\"text-editor.default\">\n\t\t\t\t<div class=\"elementor-widget-container\">\n\t\t\t\t\t\t\t\t\t<p>Neben den bereits erw\u00e4hnten Meisterschaften finden auf Gran Canaria weitere lokale und regionale Wettbewerbe statt, die die Windsurf- und Kitesurf-Kultur st\u00e4rken. Die das ganze Jahr \u00fcber organisierten Veranstaltungen erm\u00f6glichen es aufstrebenden Athleten, ihr Talent zu zeigen und zur Dynamik der Wasserszene beizutragen. Diese Wettbewerbe sind eine Mischung aus Tradition und Moderne in diesem Sport.  <\/p>\n\t\t\t\t\t\t\t\t<\/div>\n\t\t\t\t<\/div>\n\t\t\t\t<\/div>\n\t\t\t\t\t<\/div>\n\t\t\t\t<\/div>\n\t\t<div class=\"elementor-element elementor-element-01b7a40 e-flex e-con-boxed e-con e-parent\" data-id=\"01b7a40\" data-element_type=\"container\" data-e-type=\"container\">\n\t\t\t\t\t<div class=\"e-con-inner\">\n\t\t\t\t<div class=\"elementor-element elementor-element-c795100 elementor-widget-divider--view-line elementor-widget elementor-widget-divider\" data-id=\"c795100\" data-element_type=\"widget\" data-e-type=\"widget\" data-widget_type=\"divider.default\">\n\t\t\t\t<div class=\"elementor-widget-container\">\n\t\t\t\t\t\t\t<div class=\"elementor-divider\">\n\t\t\t<span class=\"elementor-divider-separator\">\n\t\t\t\t\t\t<\/span>\n\t\t<\/div>\n\t\t\t\t\t\t<\/div>\n\t\t\t\t<\/div>\n\t\t\t\t\t<\/div>\n\t\t\t\t<\/div>\n\t\t<div class=\"elementor-element elementor-element-75d4854 e-flex e-con-boxed e-con e-parent\" data-id=\"75d4854\" data-element_type=\"container\" data-e-type=\"container\" data-settings=\"{&quot;background_background&quot;:&quot;classic&quot;,&quot;background_motion_fx_motion_fx_scrolling&quot;:&quot;yes&quot;,&quot;shape_divider_bottom&quot;:&quot;wave-brush&quot;,&quot;background_motion_fx_devices&quot;:[&quot;desktop&quot;,&quot;tablet&quot;,&quot;mobile&quot;]}\">\n\t\t\t\t\t<div class=\"e-con-inner\">\n\t\t\t\t<div class=\"elementor-shape elementor-shape-bottom\" aria-hidden=\"true\" data-negative=\"false\">\n\t\t\t<svg xmlns=\"http:\/\/www.w3.org\/2000\/svg\" viewBox=\"0 0 283.5 27.8\" preserveAspectRatio=\"none\">\n\t<path class=\"elementor-shape-fill\" d=\"M283.5,9.7c0,0-7.3,4.3-14,4.6c-6.8,0.3-12.6,0-20.9-1.5c-11.3-2-33.1-10.1-44.7-5.7\ts-12.1,4.6-18,7.4c-6.6,3.2-20,9.6-36.6,9.3C131.6,23.5,99.5,7.2,86.3,8c-1.4,0.1-6.6,0.8-10.5,2c-3.8,1.2-9.4,3.8-17,4.7\tc-3.2,0.4-8.3,1.1-14.2,0.9c-1.5-0.1-6.3-0.4-12-1.6c-5.7-1.2-11-3.1-15.8-3.7C6.5,9.2,0,10.8,0,10.8V0h283.5V9.7z M260.8,11.3\tc-0.7-1-2-0.4-4.3-0.4c-2.3,0-6.1-1.2-5.8-1.1c0.3,0.1,3.1,1.5,6,1.9C259.7,12.2,261.4,12.3,260.8,11.3z M242.4,8.6\tc0,0-2.4-0.2-5.6-0.9c-3.2-0.8-10.3-2.8-15.1-3.5c-8.2-1.1-15.8,0-15.1,0.1c0.8,0.1,9.6-0.6,17.6,1.1c3.3,0.7,9.3,2.2,12.4,2.7\tC239.9,8.7,242.4,8.6,242.4,8.6z M185.2,8.5c1.7-0.7-13.3,4.7-18.5,6.1c-2.1,0.6-6.2,1.6-10,2c-3.9,0.4-8.9,0.4-8.8,0.5\tc0,0.2,5.8,0.8,11.2,0c5.4-0.8,5.2-1.1,7.6-1.6C170.5,14.7,183.5,9.2,185.2,8.5z M199.1,6.9c0.2,0-0.8-0.4-4.8,1.1\tc-4,1.5-6.7,3.5-6.9,3.7c-0.2,0.1,3.5-1.8,6.6-3C197,7.5,199,6.9,199.1,6.9z M283,6c-0.1,0.1-1.9,1.1-4.8,2.5s-6.9,2.8-6.7,2.7\tc0.2,0,3.5-0.6,7.4-2.5C282.8,6.8,283.1,5.9,283,6z M31.3,11.6c0.1-0.2-1.9-0.2-4.5-1.2s-5.4-1.6-7.8-2C15,7.6,7.3,8.5,7.7,8.6\tC8,8.7,15.9,8.3,20.2,9.3c2.2,0.5,2.4,0.5,5.7,1.6S31.2,11.9,31.3,11.6z M73,9.2c0.4-0.1,3.5-1.6,8.4-2.6c4.9-1.1,8.9-0.5,8.9-0.8\tc0-0.3-1-0.9-6.2-0.3S72.6,9.3,73,9.2z M71.6,6.7C71.8,6.8,75,5.4,77.3,5c2.3-0.3,1.9-0.5,1.9-0.6c0-0.1-1.1-0.2-2.7,0.2\tC74.8,5.1,71.4,6.6,71.6,6.7z M93.6,4.4c0.1,0.2,3.5,0.8,5.6,1.8c2.1,1,1.8,0.6,1.9,0.5c0.1-0.1-0.8-0.8-2.4-1.3\tC97.1,4.8,93.5,4.2,93.6,4.4z M65.4,11.1c-0.1,0.3,0.3,0.5,1.9-0.2s2.6-1.3,2.2-1.2s-0.9,0.4-2.5,0.8C65.3,10.9,65.5,10.8,65.4,11.1\tz M34.5,12.4c-0.2,0,2.1,0.8,3.3,0.9c1.2,0.1,2,0.1,2-0.2c0-0.3-0.1-0.5-1.6-0.4C36.6,12.8,34.7,12.4,34.5,12.4z M152.2,21.1\tc-0.1,0.1-2.4-0.3-7.5-0.3c-5,0-13.6-2.4-17.2-3.5c-3.6-1.1,10,3.9,16.5,4.1C150.5,21.6,152.3,21,152.2,21.1z\"\/>\n\t<path class=\"elementor-shape-fill\" d=\"M269.6,18c-0.1-0.1-4.6,0.3-7.2,0c-7.3-0.7-17-3.2-16.6-2.9c0.4,0.3,13.7,3.1,17,3.3\tC267.7,18.8,269.7,18,269.6,18z\"\/>\n\t<path class=\"elementor-shape-fill\" d=\"M227.4,9.8c-0.2-0.1-4.5-1-9.5-1.2c-5-0.2-12.7,0.6-12.3,0.5c0.3-0.1,5.9-1.8,13.3-1.2\tS227.6,9.9,227.4,9.8z\"\/>\n\t<path class=\"elementor-shape-fill\" d=\"M204.5,13.4c-0.1-0.1,2-1,3.2-1.1c1.2-0.1,2,0,2,0.3c0,0.3-0.1,0.5-1.6,0.4\tC206.4,12.9,204.6,13.5,204.5,13.4z\"\/>\n\t<path class=\"elementor-shape-fill\" d=\"M201,10.6c0-0.1-4.4,1.2-6.3,2.2c-1.9,0.9-6.2,3.1-6.1,3.1c0.1,0.1,4.2-1.6,6.3-2.6\tS201,10.7,201,10.6z\"\/>\n\t<path class=\"elementor-shape-fill\" d=\"M154.5,26.7c-0.1-0.1-4.6,0.3-7.2,0c-7.3-0.7-17-3.2-16.6-2.9c0.4,0.3,13.7,3.1,17,3.3\tC152.6,27.5,154.6,26.8,154.5,26.7z\"\/>\n\t<path class=\"elementor-shape-fill\" d=\"M41.9,19.3c0,0,1.2-0.3,2.9-0.1c1.7,0.2,5.8,0.9,8.2,0.7c4.2-0.4,7.4-2.7,7-2.6\tc-0.4,0-4.3,2.2-8.6,1.9c-1.8-0.1-5.1-0.5-6.7-0.4S41.9,19.3,41.9,19.3z\"\/>\n\t<path class=\"elementor-shape-fill\" d=\"M75.5,12.6c0.2,0.1,2-0.8,4.3-1.1c2.3-0.2,2.1-0.3,2.1-0.5c0-0.1-1.8-0.4-3.4,0\tC76.9,11.5,75.3,12.5,75.5,12.6z\"\/>\n\t<path class=\"elementor-shape-fill\" d=\"M15.6,13.2c0-0.1,4.3,0,6.7,0.5c2.4,0.5,5,1.9,5,2c0,0.1-2.7-0.8-5.1-1.4\tC19.9,13.7,15.7,13.3,15.6,13.2z\"\/>\n<\/svg>\t\t<\/div>\n\t\t<div class=\"elementor-element elementor-element-7d70429 e-con-full e-flex e-con e-child\" data-id=\"7d70429\" data-element_type=\"container\" data-e-type=\"container\">\n\t\t\t\t<div class=\"elementor-element elementor-element-4023469 elementor-widget__width-initial elementor-widget-mobile__width-initial elementor-widget elementor-widget-heading\" data-id=\"4023469\" data-element_type=\"widget\" data-e-type=\"widget\" id=\"4\" data-widget_type=\"heading.default\">\n\t\t\t\t<div class=\"elementor-widget-container\">\n\t\t\t\t\t<h2 class=\"elementor-heading-title elementor-size-default\">4. Windsurfen und Kitesurfen auf Gran Canaria<\/h2>\t\t\t\t<\/div>\n\t\t\t\t<\/div>\n\t\t\t\t<\/div>\n\t\t\t\t\t<\/div>\n\t\t\t\t<\/div>\n\t\t<div class=\"elementor-element elementor-element-b482005 e-flex e-con-boxed e-con e-parent\" data-id=\"b482005\" data-element_type=\"container\" data-e-type=\"container\">\n\t\t\t\t\t<div class=\"e-con-inner\">\n\t\t\t\t<div class=\"elementor-element elementor-element-1f44676 elementor-widget elementor-widget-heading\" data-id=\"1f44676\" data-element_type=\"widget\" data-e-type=\"widget\" data-widget_type=\"heading.default\">\n\t\t\t\t<div class=\"elementor-widget-container\">\n\t\t\t\t\t<p class=\"elementor-heading-title elementor-size-default\">Gran Canaria ist ein pulsierendes Zentrum f\u00fcr Windsurfing und Kitesurfing, wo die Gemeinschaft zusammenkommt, um diese aufregenden Wassersportarten zu genie\u00dfen und zu f\u00f6rdern.<\/p>\t\t\t\t<\/div>\n\t\t\t\t<\/div>\n\t\t\t\t\t<\/div>\n\t\t\t\t<\/div>\n\t\t<div class=\"elementor-element elementor-element-b3a61fe e-flex e-con-boxed e-con e-parent\" data-id=\"b3a61fe\" data-element_type=\"container\" data-e-type=\"container\">\n\t\t\t\t\t<div class=\"e-con-inner\">\n\t\t<div class=\"elementor-element elementor-element-eb9d794 e-con-full e-flex e-con e-child\" data-id=\"eb9d794\" data-element_type=\"container\" data-e-type=\"container\">\n\t\t\t\t<div class=\"elementor-element elementor-element-9e0da18 elementor-widget elementor-widget-image\" data-id=\"9e0da18\" data-element_type=\"widget\" data-e-type=\"widget\" data-widget_type=\"image.default\">\n\t\t\t\t<div class=\"elementor-widget-container\">\n\t\t\t\t\t\t\t\t\t\t\t\t\t\t\t<img decoding=\"async\" width=\"569\" height=\"427\" data-src=\"https:\/\/welikecanarias.com\/wp-content\/uploads\/2024\/01\/kitesurf-gran-canaria-1.jpg\" class=\"attachment-2048x2048 size-2048x2048 wp-image-47839 lazyload\" alt=\"\" data-srcset=\"https:\/\/welikecanarias.com\/wp-content\/uploads\/2024\/01\/kitesurf-gran-canaria-1.jpg.webp 569w, https:\/\/welikecanarias.com\/wp-content\/uploads\/2024\/01\/kitesurf-gran-canaria-1-300x225.jpg.webp 300w\" data-sizes=\"(max-width: 569px) 100vw, 569px\" src=\"data:image\/svg+xml;base64,PHN2ZyB3aWR0aD0iMSIgaGVpZ2h0PSIxIiB4bWxucz0iaHR0cDovL3d3dy53My5vcmcvMjAwMC9zdmciPjwvc3ZnPg==\" style=\"--smush-placeholder-width: 569px; --smush-placeholder-aspect-ratio: 569\/427;\" \/>\t\t\t\t\t\t\t\t\t\t\t\t\t\t\t<\/div>\n\t\t\t\t<\/div>\n\t\t\t\t<\/div>\n\t\t<div class=\"elementor-element elementor-element-b112318 e-con-full e-flex e-con e-child\" data-id=\"b112318\" data-element_type=\"container\" data-e-type=\"container\">\n\t\t\t\t<div class=\"elementor-element elementor-element-680f908 elementor-widget elementor-widget-heading\" data-id=\"680f908\" data-element_type=\"widget\" data-e-type=\"widget\" data-widget_type=\"heading.default\">\n\t\t\t\t<div class=\"elementor-widget-container\">\n\t\t\t\t\t<h3 class=\"elementor-heading-title elementor-size-default\">Schulen und Ausbildung auf der Insel<\/h3>\t\t\t\t<\/div>\n\t\t\t\t<\/div>\n\t\t\t\t<div class=\"elementor-element elementor-element-279f9ff elementor-widget-divider--view-line elementor-widget elementor-widget-divider\" data-id=\"279f9ff\" data-element_type=\"widget\" data-e-type=\"widget\" data-widget_type=\"divider.default\">\n\t\t\t\t<div class=\"elementor-widget-container\">\n\t\t\t\t\t\t\t<div class=\"elementor-divider\">\n\t\t\t<span class=\"elementor-divider-separator\">\n\t\t\t\t\t\t<\/span>\n\t\t<\/div>\n\t\t\t\t\t\t<\/div>\n\t\t\t\t<\/div>\n\t\t\t\t<div class=\"elementor-element elementor-element-10c8f2b elementor-widget elementor-widget-text-editor\" data-id=\"10c8f2b\" data-element_type=\"widget\" data-e-type=\"widget\" data-widget_type=\"text-editor.default\">\n\t\t\t\t<div class=\"elementor-widget-container\">\n\t\t\t\t\t\t\t\t\t<p>Auf der Insel gibt es viele Windsurf- und Kitesurfschulen, die spezielle Kurse anbieten. Diese Einrichtungen bieten Unterricht f\u00fcr alle Niveaus an, vom Anf\u00e4nger bis zum Experten. Zertifizierte Lehrer, viele von ihnen Meister, vermitteln die Techniken und Fertigkeiten, die Sie brauchen, um sicher zu segeln. Die Einrichtungen sind auf die unterschiedlichen Meeres- und Windbedingungen abgestimmt, die Gran Canaria zu bieten hat.   <\/p>\n\t\t\t\t\t\t\t\t<\/div>\n\t\t\t\t<\/div>\n\t\t\t\t<\/div>\n\t\t\t\t\t<\/div>\n\t\t\t\t<\/div>\n\t\t<div class=\"elementor-element elementor-element-3ba2594 e-flex e-con-boxed e-con e-parent\" data-id=\"3ba2594\" data-element_type=\"container\" data-e-type=\"container\">\n\t\t\t\t\t<div class=\"e-con-inner\">\n\t\t<div class=\"elementor-element elementor-element-49217eb e-con-full e-flex e-con e-child\" data-id=\"49217eb\" data-element_type=\"container\" data-e-type=\"container\">\n\t\t\t\t<div class=\"elementor-element elementor-element-be86d39 elementor-widget elementor-widget-image\" data-id=\"be86d39\" data-element_type=\"widget\" data-e-type=\"widget\" data-widget_type=\"image.default\">\n\t\t\t\t<div class=\"elementor-widget-container\">\n\t\t\t\t\t\t\t\t\t\t\t\t\t\t\t<img decoding=\"async\" width=\"1200\" height=\"900\" data-src=\"https:\/\/welikecanarias.com\/wp-content\/uploads\/2024\/01\/windsurf-pozo-izquierdo.jpg\" class=\"attachment-2048x2048 size-2048x2048 wp-image-47845 lazyload\" alt=\"Vista de una escultura de windsurf en Pozo Izquierdo en gran Canaria\" data-srcset=\"https:\/\/welikecanarias.com\/wp-content\/uploads\/2024\/01\/windsurf-pozo-izquierdo.jpg.webp 1200w, https:\/\/welikecanarias.com\/wp-content\/uploads\/2024\/01\/windsurf-pozo-izquierdo-300x225.jpg.webp 300w, https:\/\/welikecanarias.com\/wp-content\/uploads\/2024\/01\/windsurf-pozo-izquierdo-1024x768.jpg.webp 1024w, https:\/\/welikecanarias.com\/wp-content\/uploads\/2024\/01\/windsurf-pozo-izquierdo-768x576.jpg.webp 768w\" data-sizes=\"(max-width: 1200px) 100vw, 1200px\" src=\"data:image\/svg+xml;base64,PHN2ZyB3aWR0aD0iMSIgaGVpZ2h0PSIxIiB4bWxucz0iaHR0cDovL3d3dy53My5vcmcvMjAwMC9zdmciPjwvc3ZnPg==\" style=\"--smush-placeholder-width: 1200px; --smush-placeholder-aspect-ratio: 1200\/900;\" \/>\t\t\t\t\t\t\t\t\t\t\t\t\t\t\t<\/div>\n\t\t\t\t<\/div>\n\t\t\t\t<\/div>\n\t\t<div class=\"elementor-element elementor-element-b943be9 e-con-full e-flex e-con e-child\" data-id=\"b943be9\" data-element_type=\"container\" data-e-type=\"container\">\n\t\t\t\t<div class=\"elementor-element elementor-element-16878e2 elementor-widget elementor-widget-heading\" data-id=\"16878e2\" data-element_type=\"widget\" data-e-type=\"widget\" data-widget_type=\"heading.default\">\n\t\t\t\t<div class=\"elementor-widget-container\">\n\t\t\t\t\t<h3 class=\"elementor-heading-title elementor-size-default\">Lokale Veranstaltungen und Feste<\/h3>\t\t\t\t<\/div>\n\t\t\t\t<\/div>\n\t\t\t\t<div class=\"elementor-element elementor-element-ae60880 elementor-widget-divider--view-line elementor-widget elementor-widget-divider\" data-id=\"ae60880\" data-element_type=\"widget\" data-e-type=\"widget\" data-widget_type=\"divider.default\">\n\t\t\t\t<div class=\"elementor-widget-container\">\n\t\t\t\t\t\t\t<div class=\"elementor-divider\">\n\t\t\t<span class=\"elementor-divider-separator\">\n\t\t\t\t\t\t<\/span>\n\t\t<\/div>\n\t\t\t\t\t\t<\/div>\n\t\t\t\t<\/div>\n\t\t\t\t<div class=\"elementor-element elementor-element-e3149ab elementor-widget elementor-widget-text-editor\" data-id=\"e3149ab\" data-element_type=\"widget\" data-e-type=\"widget\" data-widget_type=\"text-editor.default\">\n\t\t\t\t<div class=\"elementor-widget-container\">\n\t\t\t\t\t\t\t\t\t<p>Sportveranstaltungen und Festivals rund um den Wassersport sind auf der Insel an der Tagesordnung. Bei diesen Feierlichkeiten werden nicht nur Wettk\u00e4mpfe auf hohem Niveau ausgetragen, sondern auch kulturelle und Freizeitaktivit\u00e4ten, darunter: <\/p>\n<ul>\n<li>Messen der lokalen Gastronomie<\/li>\n<li>Konzerte und Live-Musik<\/li>\n<li>Familienaktivit\u00e4ten am Strand<\/li>\n<\/ul>\n<p>Diese Initiativen f\u00f6rdern die Interaktion zwischen Einheimischen und Besuchern und schaffen eine festliche und einladende Atmosph\u00e4re.<\/p>\n\t\t\t\t\t\t\t\t<\/div>\n\t\t\t\t<\/div>\n\t\t\t\t<\/div>\n\t\t\t\t\t<\/div>\n\t\t\t\t<\/div>\n\t\t<div class=\"elementor-element elementor-element-9bd332a e-flex e-con-boxed e-con e-parent\" data-id=\"9bd332a\" data-element_type=\"container\" data-e-type=\"container\">\n\t\t\t\t\t<div class=\"e-con-inner\">\n\t\t<div class=\"elementor-element elementor-element-183fdeb e-con-full e-flex e-con e-child\" data-id=\"183fdeb\" data-element_type=\"container\" data-e-type=\"container\">\n\t\t\t\t<div class=\"elementor-element elementor-element-60e707c elementor-widget elementor-widget-image\" data-id=\"60e707c\" data-element_type=\"widget\" data-e-type=\"widget\" data-widget_type=\"image.default\">\n\t\t\t\t<div class=\"elementor-widget-container\">\n\t\t\t\t\t\t\t\t\t\t\t\t\t\t\t<img decoding=\"async\" width=\"531\" height=\"399\" data-src=\"https:\/\/welikecanarias.com\/wp-content\/uploads\/2024\/01\/windsurf-gran-canaria-3.jpg\" class=\"attachment-2048x2048 size-2048x2048 wp-image-47842 lazyload\" alt=\"Vista de un windusrfista navegando en Gran Canaria\" data-srcset=\"https:\/\/welikecanarias.com\/wp-content\/uploads\/2024\/01\/windsurf-gran-canaria-3.jpg.webp 531w, https:\/\/welikecanarias.com\/wp-content\/uploads\/2024\/01\/windsurf-gran-canaria-3-300x225.jpg.webp 300w\" data-sizes=\"(max-width: 531px) 100vw, 531px\" src=\"data:image\/svg+xml;base64,PHN2ZyB3aWR0aD0iMSIgaGVpZ2h0PSIxIiB4bWxucz0iaHR0cDovL3d3dy53My5vcmcvMjAwMC9zdmciPjwvc3ZnPg==\" style=\"--smush-placeholder-width: 531px; --smush-placeholder-aspect-ratio: 531\/399;\" \/>\t\t\t\t\t\t\t\t\t\t\t\t\t\t\t<\/div>\n\t\t\t\t<\/div>\n\t\t\t\t<\/div>\n\t\t<div class=\"elementor-element elementor-element-2504b8b e-con-full e-flex e-con e-child\" data-id=\"2504b8b\" data-element_type=\"container\" data-e-type=\"container\">\n\t\t\t\t<div class=\"elementor-element elementor-element-607edc4 elementor-widget elementor-widget-heading\" data-id=\"607edc4\" data-element_type=\"widget\" data-e-type=\"widget\" data-widget_type=\"heading.default\">\n\t\t\t\t<div class=\"elementor-widget-container\">\n\t\t\t\t\t<h3 class=\"elementor-heading-title elementor-size-default\">Reitergemeinschaft und ihre lokale Integration<\/h3>\t\t\t\t<\/div>\n\t\t\t\t<\/div>\n\t\t\t\t<div class=\"elementor-element elementor-element-20a994c elementor-widget-divider--view-line elementor-widget elementor-widget-divider\" data-id=\"20a994c\" data-element_type=\"widget\" data-e-type=\"widget\" data-widget_type=\"divider.default\">\n\t\t\t\t<div class=\"elementor-widget-container\">\n\t\t\t\t\t\t\t<div class=\"elementor-divider\">\n\t\t\t<span class=\"elementor-divider-separator\">\n\t\t\t\t\t\t<\/span>\n\t\t<\/div>\n\t\t\t\t\t\t<\/div>\n\t\t\t\t<\/div>\n\t\t\t\t<div class=\"elementor-element elementor-element-b58b31e elementor-widget elementor-widget-text-editor\" data-id=\"b58b31e\" data-element_type=\"widget\" data-e-type=\"widget\" data-widget_type=\"text-editor.default\">\n\t\t\t\t<div class=\"elementor-widget-container\">\n\t\t\t\t\t\t\t\t\t<p>Die Wind- und Kitesurfing-Gemeinschaft auf Gran Canaria ist sehr aktiv und in das lokale Leben integriert. Die Fahrer nehmen an Wettbewerben teil, engagieren sich aber auch f\u00fcr den Naturschutz und die Umwelterziehung. Es finden h\u00e4ufig Strands\u00e4uberungstage statt, die Sportler und Einwohner zusammenbringen und ein Gef\u00fchl der Zugeh\u00f6rigkeit und Verantwortung gegen\u00fcber der nat\u00fcrlichen Umwelt f\u00f6rdern.  <\/p>\n\t\t\t\t\t\t\t\t<\/div>\n\t\t\t\t<\/div>\n\t\t\t\t<div class=\"elementor-element elementor-element-d722b4d pa-icon-pos-after premium-lq__none elementor-widget elementor-widget-premium-addon-button\" data-id=\"d722b4d\" data-element_type=\"widget\" data-e-type=\"widget\" data-widget_type=\"premium-addon-button.default\">\n\t\t\t\t<div class=\"elementor-widget-container\">\n\t\t\t\t\t\n\n\t\t<a class=\"premium-button premium-button-none premium-btn-md premium-button-none\" href=\"#INDICE\">\n\t\t\t<div class=\"premium-button-text-icon-wrapper\">\n\t\t\t\t\n\t\t\t\t\t\t\t\t\t\t\t\t\t\t\t\t\t\t<svg class=\"svg-inline--fas-fa-level-up-alt premium-drawable-icon premium-svg-nodraw\" aria-hidden='true' xmlns='http:\/\/www.w3.org\/2000\/svg' viewBox='0 0 320 512'><path d=\"M313.553 119.669L209.587 7.666c-9.485-10.214-25.676-10.229-35.174 0L70.438 119.669C56.232 134.969 67.062 160 88.025 160H152v272H68.024a11.996 11.996 0 0 0-8.485 3.515l-56 56C-4.021 499.074 1.333 512 12.024 512H208c13.255 0 24-10.745 24-24V160h63.966c20.878 0 31.851-24.969 17.587-40.331z\"><\/path><\/svg>\t\t\t\t\t\t\t\t\t\t\t\t\t\t\t\n\t\t\t\t\t\t\t\t\t<span >\n\t\t\t\t\t\tINDEX\t\t\t\t\t<\/span>\n\t\t\t\t\t\t\t<\/div>\n\n\t\t\t\n\t\t\t\n\t\t\t\n\t\t<\/a>\n\n\n\t\t\t\t\t\t<\/div>\n\t\t\t\t<\/div>\n\t\t\t\t<\/div>\n\t\t\t\t\t<\/div>\n\t\t\t\t<\/div>\n\t\t<div class=\"elementor-element elementor-element-c792a46 e-flex e-con-boxed e-con e-parent\" data-id=\"c792a46\" data-element_type=\"container\" data-e-type=\"container\">\n\t\t\t\t\t<div class=\"e-con-inner\">\n\t\t\t\t<div class=\"elementor-element elementor-element-c66e4e7 elementor-widget-divider--view-line elementor-widget elementor-widget-divider\" data-id=\"c66e4e7\" data-element_type=\"widget\" data-e-type=\"widget\" data-widget_type=\"divider.default\">\n\t\t\t\t<div class=\"elementor-widget-container\">\n\t\t\t\t\t\t\t<div class=\"elementor-divider\">\n\t\t\t<span class=\"elementor-divider-separator\">\n\t\t\t\t\t\t<\/span>\n\t\t<\/div>\n\t\t\t\t\t\t<\/div>\n\t\t\t\t<\/div>\n\t\t\t\t\t<\/div>\n\t\t\t\t<\/div>\n\t\t<div class=\"elementor-element elementor-element-3f80124 e-flex e-con-boxed e-con e-parent\" data-id=\"3f80124\" data-element_type=\"container\" data-e-type=\"container\" data-settings=\"{&quot;background_background&quot;:&quot;classic&quot;,&quot;background_motion_fx_motion_fx_scrolling&quot;:&quot;yes&quot;,&quot;shape_divider_bottom&quot;:&quot;wave-brush&quot;,&quot;background_motion_fx_devices&quot;:[&quot;desktop&quot;,&quot;tablet&quot;,&quot;mobile&quot;]}\">\n\t\t\t\t\t<div class=\"e-con-inner\">\n\t\t\t\t<div class=\"elementor-shape elementor-shape-bottom\" aria-hidden=\"true\" data-negative=\"false\">\n\t\t\t<svg xmlns=\"http:\/\/www.w3.org\/2000\/svg\" viewBox=\"0 0 283.5 27.8\" preserveAspectRatio=\"none\">\n\t<path class=\"elementor-shape-fill\" d=\"M283.5,9.7c0,0-7.3,4.3-14,4.6c-6.8,0.3-12.6,0-20.9-1.5c-11.3-2-33.1-10.1-44.7-5.7\ts-12.1,4.6-18,7.4c-6.6,3.2-20,9.6-36.6,9.3C131.6,23.5,99.5,7.2,86.3,8c-1.4,0.1-6.6,0.8-10.5,2c-3.8,1.2-9.4,3.8-17,4.7\tc-3.2,0.4-8.3,1.1-14.2,0.9c-1.5-0.1-6.3-0.4-12-1.6c-5.7-1.2-11-3.1-15.8-3.7C6.5,9.2,0,10.8,0,10.8V0h283.5V9.7z M260.8,11.3\tc-0.7-1-2-0.4-4.3-0.4c-2.3,0-6.1-1.2-5.8-1.1c0.3,0.1,3.1,1.5,6,1.9C259.7,12.2,261.4,12.3,260.8,11.3z M242.4,8.6\tc0,0-2.4-0.2-5.6-0.9c-3.2-0.8-10.3-2.8-15.1-3.5c-8.2-1.1-15.8,0-15.1,0.1c0.8,0.1,9.6-0.6,17.6,1.1c3.3,0.7,9.3,2.2,12.4,2.7\tC239.9,8.7,242.4,8.6,242.4,8.6z M185.2,8.5c1.7-0.7-13.3,4.7-18.5,6.1c-2.1,0.6-6.2,1.6-10,2c-3.9,0.4-8.9,0.4-8.8,0.5\tc0,0.2,5.8,0.8,11.2,0c5.4-0.8,5.2-1.1,7.6-1.6C170.5,14.7,183.5,9.2,185.2,8.5z M199.1,6.9c0.2,0-0.8-0.4-4.8,1.1\tc-4,1.5-6.7,3.5-6.9,3.7c-0.2,0.1,3.5-1.8,6.6-3C197,7.5,199,6.9,199.1,6.9z M283,6c-0.1,0.1-1.9,1.1-4.8,2.5s-6.9,2.8-6.7,2.7\tc0.2,0,3.5-0.6,7.4-2.5C282.8,6.8,283.1,5.9,283,6z M31.3,11.6c0.1-0.2-1.9-0.2-4.5-1.2s-5.4-1.6-7.8-2C15,7.6,7.3,8.5,7.7,8.6\tC8,8.7,15.9,8.3,20.2,9.3c2.2,0.5,2.4,0.5,5.7,1.6S31.2,11.9,31.3,11.6z M73,9.2c0.4-0.1,3.5-1.6,8.4-2.6c4.9-1.1,8.9-0.5,8.9-0.8\tc0-0.3-1-0.9-6.2-0.3S72.6,9.3,73,9.2z M71.6,6.7C71.8,6.8,75,5.4,77.3,5c2.3-0.3,1.9-0.5,1.9-0.6c0-0.1-1.1-0.2-2.7,0.2\tC74.8,5.1,71.4,6.6,71.6,6.7z M93.6,4.4c0.1,0.2,3.5,0.8,5.6,1.8c2.1,1,1.8,0.6,1.9,0.5c0.1-0.1-0.8-0.8-2.4-1.3\tC97.1,4.8,93.5,4.2,93.6,4.4z M65.4,11.1c-0.1,0.3,0.3,0.5,1.9-0.2s2.6-1.3,2.2-1.2s-0.9,0.4-2.5,0.8C65.3,10.9,65.5,10.8,65.4,11.1\tz M34.5,12.4c-0.2,0,2.1,0.8,3.3,0.9c1.2,0.1,2,0.1,2-0.2c0-0.3-0.1-0.5-1.6-0.4C36.6,12.8,34.7,12.4,34.5,12.4z M152.2,21.1\tc-0.1,0.1-2.4-0.3-7.5-0.3c-5,0-13.6-2.4-17.2-3.5c-3.6-1.1,10,3.9,16.5,4.1C150.5,21.6,152.3,21,152.2,21.1z\"\/>\n\t<path class=\"elementor-shape-fill\" d=\"M269.6,18c-0.1-0.1-4.6,0.3-7.2,0c-7.3-0.7-17-3.2-16.6-2.9c0.4,0.3,13.7,3.1,17,3.3\tC267.7,18.8,269.7,18,269.6,18z\"\/>\n\t<path class=\"elementor-shape-fill\" d=\"M227.4,9.8c-0.2-0.1-4.5-1-9.5-1.2c-5-0.2-12.7,0.6-12.3,0.5c0.3-0.1,5.9-1.8,13.3-1.2\tS227.6,9.9,227.4,9.8z\"\/>\n\t<path class=\"elementor-shape-fill\" d=\"M204.5,13.4c-0.1-0.1,2-1,3.2-1.1c1.2-0.1,2,0,2,0.3c0,0.3-0.1,0.5-1.6,0.4\tC206.4,12.9,204.6,13.5,204.5,13.4z\"\/>\n\t<path class=\"elementor-shape-fill\" d=\"M201,10.6c0-0.1-4.4,1.2-6.3,2.2c-1.9,0.9-6.2,3.1-6.1,3.1c0.1,0.1,4.2-1.6,6.3-2.6\tS201,10.7,201,10.6z\"\/>\n\t<path class=\"elementor-shape-fill\" d=\"M154.5,26.7c-0.1-0.1-4.6,0.3-7.2,0c-7.3-0.7-17-3.2-16.6-2.9c0.4,0.3,13.7,3.1,17,3.3\tC152.6,27.5,154.6,26.8,154.5,26.7z\"\/>\n\t<path class=\"elementor-shape-fill\" d=\"M41.9,19.3c0,0,1.2-0.3,2.9-0.1c1.7,0.2,5.8,0.9,8.2,0.7c4.2-0.4,7.4-2.7,7-2.6\tc-0.4,0-4.3,2.2-8.6,1.9c-1.8-0.1-5.1-0.5-6.7-0.4S41.9,19.3,41.9,19.3z\"\/>\n\t<path class=\"elementor-shape-fill\" d=\"M75.5,12.6c0.2,0.1,2-0.8,4.3-1.1c2.3-0.2,2.1-0.3,2.1-0.5c0-0.1-1.8-0.4-3.4,0\tC76.9,11.5,75.3,12.5,75.5,12.6z\"\/>\n\t<path class=\"elementor-shape-fill\" d=\"M15.6,13.2c0-0.1,4.3,0,6.7,0.5c2.4,0.5,5,1.9,5,2c0,0.1-2.7-0.8-5.1-1.4\tC19.9,13.7,15.7,13.3,15.6,13.2z\"\/>\n<\/svg>\t\t<\/div>\n\t\t<div class=\"elementor-element elementor-element-0008c78 e-con-full e-flex e-con e-child\" data-id=\"0008c78\" data-element_type=\"container\" data-e-type=\"container\">\n\t\t\t\t<div class=\"elementor-element elementor-element-add4e12 elementor-widget__width-initial elementor-widget-mobile__width-initial elementor-widget elementor-widget-heading\" data-id=\"add4e12\" data-element_type=\"widget\" data-e-type=\"widget\" id=\"5\" data-widget_type=\"heading.default\">\n\t\t\t\t<div class=\"elementor-widget-container\">\n\t\t\t\t\t<h2 class=\"elementor-heading-title elementor-size-default\">5. Geschichte der Windsurfing-Weltmeisterschaften<\/h2>\t\t\t\t<\/div>\n\t\t\t\t<\/div>\n\t\t\t\t<\/div>\n\t\t\t\t\t<\/div>\n\t\t\t\t<\/div>\n\t\t<div class=\"elementor-element elementor-element-6a62000 e-flex e-con-boxed e-con e-parent\" data-id=\"6a62000\" data-element_type=\"container\" data-e-type=\"container\">\n\t\t\t\t\t<div class=\"e-con-inner\">\n\t\t\t\t<div class=\"elementor-element elementor-element-3d8b7cb elementor-widget elementor-widget-heading\" data-id=\"3d8b7cb\" data-element_type=\"widget\" data-e-type=\"widget\" data-widget_type=\"heading.default\">\n\t\t\t\t<div class=\"elementor-widget-container\">\n\t\t\t\t\t<p class=\"elementor-heading-title elementor-size-default\">Die Meisterschaft hat sich im Laufe der Jahre als eine der wichtigsten Veranstaltungen in der internationalen Windsurfszene etabliert. Dieser Abschnitt befasst sich mit ihren Urspr\u00fcngen, ihrer Entwicklung auf Gran Canaria und der entscheidenden Rolle von Pozo Izquierdo in diesem Sport. <\/p>\t\t\t\t<\/div>\n\t\t\t\t<\/div>\n\t\t\t\t\t<\/div>\n\t\t\t\t<\/div>\n\t\t<div class=\"elementor-element elementor-element-caa7dd6 e-flex e-con-boxed e-con e-parent\" data-id=\"caa7dd6\" data-element_type=\"container\" data-e-type=\"container\">\n\t\t\t\t\t<div class=\"e-con-inner\">\n\t\t<div class=\"elementor-element elementor-element-542acbb e-con-full e-flex e-con e-child\" data-id=\"542acbb\" data-element_type=\"container\" data-e-type=\"container\">\n\t\t\t\t<div class=\"elementor-element elementor-element-a6882c7 elementor-widget elementor-widget-image\" data-id=\"a6882c7\" data-element_type=\"widget\" data-e-type=\"widget\" data-widget_type=\"image.default\">\n\t\t\t\t<div class=\"elementor-widget-container\">\n\t\t\t\t\t\t\t\t\t\t\t\t\t\t\t<img decoding=\"async\" width=\"482\" height=\"362\" data-src=\"https:\/\/welikecanarias.com\/wp-content\/uploads\/2024\/01\/campeonato-mundial-windsurf.jpeg\" class=\"attachment-large size-large wp-image-47815 lazyload\" alt=\"Vista de un salto increible de un windsurfista en los spots de Gran Canaria\" data-srcset=\"https:\/\/welikecanarias.com\/wp-content\/uploads\/2024\/01\/campeonato-mundial-windsurf.jpeg.webp 482w, https:\/\/welikecanarias.com\/wp-content\/uploads\/2024\/01\/campeonato-mundial-windsurf-300x225.jpeg.webp 300w\" data-sizes=\"(max-width: 482px) 100vw, 482px\" src=\"data:image\/svg+xml;base64,PHN2ZyB3aWR0aD0iMSIgaGVpZ2h0PSIxIiB4bWxucz0iaHR0cDovL3d3dy53My5vcmcvMjAwMC9zdmciPjwvc3ZnPg==\" style=\"--smush-placeholder-width: 482px; --smush-placeholder-aspect-ratio: 482\/362;\" \/>\t\t\t\t\t\t\t\t\t\t\t\t\t\t\t<\/div>\n\t\t\t\t<\/div>\n\t\t\t\t<div class=\"elementor-element elementor-element-e672862 elementor-widget elementor-widget-heading\" data-id=\"e672862\" data-element_type=\"widget\" data-e-type=\"widget\" data-widget_type=\"heading.default\">\n\t\t\t\t<div class=\"elementor-widget-container\">\n\t\t\t\t\t<h3 class=\"elementor-heading-title elementor-size-default\">Die Urspr\u00fcnge der Meisterschaft<\/h3>\t\t\t\t<\/div>\n\t\t\t\t<\/div>\n\t\t\t\t<div class=\"elementor-element elementor-element-371cb0e elementor-widget-divider--view-line elementor-widget elementor-widget-divider\" data-id=\"371cb0e\" data-element_type=\"widget\" data-e-type=\"widget\" data-widget_type=\"divider.default\">\n\t\t\t\t<div class=\"elementor-widget-container\">\n\t\t\t\t\t\t\t<div class=\"elementor-divider\">\n\t\t\t<span class=\"elementor-divider-separator\">\n\t\t\t\t\t\t<\/span>\n\t\t<\/div>\n\t\t\t\t\t\t<\/div>\n\t\t\t\t<\/div>\n\t\t\t\t<div class=\"elementor-element elementor-element-45d9752 elementor-widget elementor-widget-text-editor\" data-id=\"45d9752\" data-element_type=\"widget\" data-e-type=\"widget\" data-widget_type=\"text-editor.default\">\n\t\t\t\t<div class=\"elementor-widget-container\">\n\t\t\t\t\t\t\t\t\t<p>Die Weltmeisterschaften im Windsurfen haben ihre Wurzeln in den 1980er Jahren, als der Sport weltweit an Popularit\u00e4t gewann. Die ersten Wettbewerbe fanden in einem eher informellen Format statt, bei dem sich Amateure trafen, um ihr K\u00f6nnen auf dem Wasser zu zeigen. Schlie\u00dflich wurde die Professional Windsurfers Association (PWA) mit dem Ziel gegr\u00fcndet, die Wettbewerbe zu standardisieren und den besten Athleten Anerkennung zu verschaffen. Dies trug entscheidend dazu bei, eine professionelle Plattform f\u00fcr Windsurfer zu schaffen, die sich in einem besser organisierten Umfeld messen konnten.   <\/p>\n\t\t\t\t\t\t\t\t<\/div>\n\t\t\t\t<\/div>\n\t\t\t\t<\/div>\n\t\t<div class=\"elementor-element elementor-element-0c282ef e-con-full e-flex e-con e-child\" data-id=\"0c282ef\" data-element_type=\"container\" data-e-type=\"container\">\n\t\t\t\t<div class=\"elementor-element elementor-element-5f2cc82 elementor-widget elementor-widget-image\" data-id=\"5f2cc82\" data-element_type=\"widget\" data-e-type=\"widget\" data-widget_type=\"image.default\">\n\t\t\t\t<div class=\"elementor-widget-container\">\n\t\t\t\t\t\t\t\t\t\t\t\t\t\t\t<img decoding=\"async\" width=\"482\" height=\"362\" data-src=\"https:\/\/welikecanarias.com\/wp-content\/uploads\/2024\/01\/campeonato-windsurf-gran-canaria.jpg\" class=\"attachment-large size-large wp-image-47812 lazyload\" alt=\"Vista de un windsurfista en las costas de Gran Canaria\" data-srcset=\"https:\/\/welikecanarias.com\/wp-content\/uploads\/2024\/01\/campeonato-windsurf-gran-canaria.jpg.webp 482w, https:\/\/welikecanarias.com\/wp-content\/uploads\/2024\/01\/campeonato-windsurf-gran-canaria-300x225.jpg.webp 300w\" data-sizes=\"(max-width: 482px) 100vw, 482px\" src=\"data:image\/svg+xml;base64,PHN2ZyB3aWR0aD0iMSIgaGVpZ2h0PSIxIiB4bWxucz0iaHR0cDovL3d3dy53My5vcmcvMjAwMC9zdmciPjwvc3ZnPg==\" style=\"--smush-placeholder-width: 482px; --smush-placeholder-aspect-ratio: 482\/362;\" \/>\t\t\t\t\t\t\t\t\t\t\t\t\t\t\t<\/div>\n\t\t\t\t<\/div>\n\t\t\t\t<div class=\"elementor-element elementor-element-6f97627 elementor-widget elementor-widget-heading\" data-id=\"6f97627\" data-element_type=\"widget\" data-e-type=\"widget\" data-widget_type=\"heading.default\">\n\t\t\t\t<div class=\"elementor-widget-container\">\n\t\t\t\t\t<h3 class=\"elementor-heading-title elementor-size-default\">Entwicklung der Veranstaltung auf Gran Canaria<\/h3>\t\t\t\t<\/div>\n\t\t\t\t<\/div>\n\t\t\t\t<div class=\"elementor-element elementor-element-554d00c elementor-widget-divider--view-line elementor-widget elementor-widget-divider\" data-id=\"554d00c\" data-element_type=\"widget\" data-e-type=\"widget\" data-widget_type=\"divider.default\">\n\t\t\t\t<div class=\"elementor-widget-container\">\n\t\t\t\t\t\t\t<div class=\"elementor-divider\">\n\t\t\t<span class=\"elementor-divider-separator\">\n\t\t\t\t\t\t<\/span>\n\t\t<\/div>\n\t\t\t\t\t\t<\/div>\n\t\t\t\t<\/div>\n\t\t\t\t<div class=\"elementor-element elementor-element-7537f29 elementor-widget elementor-widget-text-editor\" data-id=\"7537f29\" data-element_type=\"widget\" data-e-type=\"widget\" data-widget_type=\"text-editor.default\">\n\t\t\t\t<div class=\"elementor-widget-container\">\n\t\t\t\t\t\t\t\t\t<p>Gran Canaria wurde in den 1980er Jahren dank seiner au\u00dfergew\u00f6hnlichen klimatischen und geografischen Bedingungen als Austragungsort f\u00fcr die Meisterschaft ausgew\u00e4hlt. Seitdem hat sich die Veranstaltung weiterentwickelt und fortschrittlichere Technologien und Wettkampfformate integriert, die ihre Relevanz beibehalten haben. Die Wettkampfformen haben sich im Laufe der Zeit ver\u00e4ndert und sich den Trends im Windsurfen und der Entwicklung neuer Stile und Techniken angepasst. Die Teilnahme renommierter Athleten hat dazu beigetragen, das Niveau der Meisterschaft zu erh\u00f6hen, ein immer gr\u00f6\u00dferes Publikum anzuziehen und der Veranstaltung ein unbestreitbares Prestige zu verleihen.   <\/p>\n\t\t\t\t\t\t\t\t<\/div>\n\t\t\t\t<\/div>\n\t\t\t\t<\/div>\n\t\t<div class=\"elementor-element elementor-element-74cd3ea e-con-full e-flex e-con e-child\" data-id=\"74cd3ea\" data-element_type=\"container\" data-e-type=\"container\">\n\t\t\t\t<div class=\"elementor-element elementor-element-98204f3 elementor-widget elementor-widget-image\" data-id=\"98204f3\" data-element_type=\"widget\" data-e-type=\"widget\" data-widget_type=\"image.default\">\n\t\t\t\t<div class=\"elementor-widget-container\">\n\t\t\t\t\t\t\t\t\t\t\t\t\t\t\t<img decoding=\"async\" width=\"533\" height=\"400\" data-src=\"https:\/\/welikecanarias.com\/wp-content\/uploads\/2024\/01\/mundial-windsurf-gran-canaria.jpg\" class=\"attachment-large size-large wp-image-47809 lazyload\" alt=\"Vista de un windsurfista en pozo izquierdo en Gran Canaria\" data-srcset=\"https:\/\/welikecanarias.com\/wp-content\/uploads\/2024\/01\/mundial-windsurf-gran-canaria.jpg.webp 533w, https:\/\/welikecanarias.com\/wp-content\/uploads\/2024\/01\/mundial-windsurf-gran-canaria-300x225.jpg.webp 300w\" data-sizes=\"(max-width: 533px) 100vw, 533px\" src=\"data:image\/svg+xml;base64,PHN2ZyB3aWR0aD0iMSIgaGVpZ2h0PSIxIiB4bWxucz0iaHR0cDovL3d3dy53My5vcmcvMjAwMC9zdmciPjwvc3ZnPg==\" style=\"--smush-placeholder-width: 533px; --smush-placeholder-aspect-ratio: 533\/400;\" \/>\t\t\t\t\t\t\t\t\t\t\t\t\t\t\t<\/div>\n\t\t\t\t<\/div>\n\t\t\t\t<div class=\"elementor-element elementor-element-2ccf238 elementor-widget elementor-widget-heading\" data-id=\"2ccf238\" data-element_type=\"widget\" data-e-type=\"widget\" data-widget_type=\"heading.default\">\n\t\t\t\t<div class=\"elementor-widget-container\">\n\t\t\t\t\t<h3 class=\"elementor-heading-title elementor-size-default\">Bedeutung von Pozo Izquierdo f\u00fcr das Windsurfen<\/h3>\t\t\t\t<\/div>\n\t\t\t\t<\/div>\n\t\t\t\t<div class=\"elementor-element elementor-element-d7db46c elementor-widget-divider--view-line elementor-widget elementor-widget-divider\" data-id=\"d7db46c\" data-element_type=\"widget\" data-e-type=\"widget\" data-widget_type=\"divider.default\">\n\t\t\t\t<div class=\"elementor-widget-container\">\n\t\t\t\t\t\t\t<div class=\"elementor-divider\">\n\t\t\t<span class=\"elementor-divider-separator\">\n\t\t\t\t\t\t<\/span>\n\t\t<\/div>\n\t\t\t\t\t\t<\/div>\n\t\t\t\t<\/div>\n\t\t\t\t<div class=\"elementor-element elementor-element-f0cb1a1 elementor-widget elementor-widget-text-editor\" data-id=\"f0cb1a1\" data-element_type=\"widget\" data-e-type=\"widget\" data-widget_type=\"text-editor.default\">\n\t\t\t\t<div class=\"elementor-widget-container\">\n\t\t\t\t\t\t\t\t\t<p>Pozo Izquierdo hat sich zum Epizentrum des Windsurfens entwickelt, nicht nur auf Gran Canaria, sondern weltweit. Die konstanten Windverh\u00e4ltnisse und die Wellen, die sich an dieser K\u00fcste bilden, haben jedes Jahr Tausende von Sportlern an diesen Ort gelockt. Die \u00f6rtliche Gemeinde hat die Entwicklung der Veranstaltung unterst\u00fctzt und eine festliche Atmosph\u00e4re geschaffen, die auch kulturelle und unterhaltsame Aktivit\u00e4ten umfasst. Dieses unterst\u00fctzende Umfeld beg\u00fcnstigt nicht nur die Wettk\u00e4mpfer, sondern bietet auch den Zuschauern ein unvergessliches Erlebnis.   <\/p>\n\t\t\t\t\t\t\t\t<\/div>\n\t\t\t\t<\/div>\n\t\t\t\t<\/div>\n\t\t\t\t\t<\/div>\n\t\t\t\t<\/div>\n\t\t<div class=\"elementor-element elementor-element-ca1b3a5 e-flex e-con-boxed e-con e-parent\" data-id=\"ca1b3a5\" data-element_type=\"container\" data-e-type=\"container\">\n\t\t\t\t\t<div class=\"e-con-inner\">\n\t\t\t\t<div class=\"elementor-element elementor-element-3d25d1d elementor-widget-divider--view-line elementor-widget elementor-widget-divider\" data-id=\"3d25d1d\" data-element_type=\"widget\" data-e-type=\"widget\" data-widget_type=\"divider.default\">\n\t\t\t\t<div class=\"elementor-widget-container\">\n\t\t\t\t\t\t\t<div class=\"elementor-divider\">\n\t\t\t<span class=\"elementor-divider-separator\">\n\t\t\t\t\t\t<\/span>\n\t\t<\/div>\n\t\t\t\t\t\t<\/div>\n\t\t\t\t<\/div>\n\t\t\t\t\t<\/div>\n\t\t\t\t<\/div>\n\t\t<div class=\"elementor-element elementor-element-a07bb82 e-flex e-con-boxed e-con e-parent\" data-id=\"a07bb82\" data-element_type=\"container\" data-e-type=\"container\" data-settings=\"{&quot;background_background&quot;:&quot;classic&quot;,&quot;background_motion_fx_motion_fx_scrolling&quot;:&quot;yes&quot;,&quot;shape_divider_bottom&quot;:&quot;wave-brush&quot;,&quot;background_motion_fx_devices&quot;:[&quot;desktop&quot;,&quot;tablet&quot;,&quot;mobile&quot;]}\">\n\t\t\t\t\t<div class=\"e-con-inner\">\n\t\t\t\t<div class=\"elementor-shape elementor-shape-bottom\" aria-hidden=\"true\" data-negative=\"false\">\n\t\t\t<svg xmlns=\"http:\/\/www.w3.org\/2000\/svg\" viewBox=\"0 0 283.5 27.8\" preserveAspectRatio=\"none\">\n\t<path class=\"elementor-shape-fill\" d=\"M283.5,9.7c0,0-7.3,4.3-14,4.6c-6.8,0.3-12.6,0-20.9-1.5c-11.3-2-33.1-10.1-44.7-5.7\ts-12.1,4.6-18,7.4c-6.6,3.2-20,9.6-36.6,9.3C131.6,23.5,99.5,7.2,86.3,8c-1.4,0.1-6.6,0.8-10.5,2c-3.8,1.2-9.4,3.8-17,4.7\tc-3.2,0.4-8.3,1.1-14.2,0.9c-1.5-0.1-6.3-0.4-12-1.6c-5.7-1.2-11-3.1-15.8-3.7C6.5,9.2,0,10.8,0,10.8V0h283.5V9.7z M260.8,11.3\tc-0.7-1-2-0.4-4.3-0.4c-2.3,0-6.1-1.2-5.8-1.1c0.3,0.1,3.1,1.5,6,1.9C259.7,12.2,261.4,12.3,260.8,11.3z M242.4,8.6\tc0,0-2.4-0.2-5.6-0.9c-3.2-0.8-10.3-2.8-15.1-3.5c-8.2-1.1-15.8,0-15.1,0.1c0.8,0.1,9.6-0.6,17.6,1.1c3.3,0.7,9.3,2.2,12.4,2.7\tC239.9,8.7,242.4,8.6,242.4,8.6z M185.2,8.5c1.7-0.7-13.3,4.7-18.5,6.1c-2.1,0.6-6.2,1.6-10,2c-3.9,0.4-8.9,0.4-8.8,0.5\tc0,0.2,5.8,0.8,11.2,0c5.4-0.8,5.2-1.1,7.6-1.6C170.5,14.7,183.5,9.2,185.2,8.5z M199.1,6.9c0.2,0-0.8-0.4-4.8,1.1\tc-4,1.5-6.7,3.5-6.9,3.7c-0.2,0.1,3.5-1.8,6.6-3C197,7.5,199,6.9,199.1,6.9z M283,6c-0.1,0.1-1.9,1.1-4.8,2.5s-6.9,2.8-6.7,2.7\tc0.2,0,3.5-0.6,7.4-2.5C282.8,6.8,283.1,5.9,283,6z M31.3,11.6c0.1-0.2-1.9-0.2-4.5-1.2s-5.4-1.6-7.8-2C15,7.6,7.3,8.5,7.7,8.6\tC8,8.7,15.9,8.3,20.2,9.3c2.2,0.5,2.4,0.5,5.7,1.6S31.2,11.9,31.3,11.6z M73,9.2c0.4-0.1,3.5-1.6,8.4-2.6c4.9-1.1,8.9-0.5,8.9-0.8\tc0-0.3-1-0.9-6.2-0.3S72.6,9.3,73,9.2z M71.6,6.7C71.8,6.8,75,5.4,77.3,5c2.3-0.3,1.9-0.5,1.9-0.6c0-0.1-1.1-0.2-2.7,0.2\tC74.8,5.1,71.4,6.6,71.6,6.7z M93.6,4.4c0.1,0.2,3.5,0.8,5.6,1.8c2.1,1,1.8,0.6,1.9,0.5c0.1-0.1-0.8-0.8-2.4-1.3\tC97.1,4.8,93.5,4.2,93.6,4.4z M65.4,11.1c-0.1,0.3,0.3,0.5,1.9-0.2s2.6-1.3,2.2-1.2s-0.9,0.4-2.5,0.8C65.3,10.9,65.5,10.8,65.4,11.1\tz M34.5,12.4c-0.2,0,2.1,0.8,3.3,0.9c1.2,0.1,2,0.1,2-0.2c0-0.3-0.1-0.5-1.6-0.4C36.6,12.8,34.7,12.4,34.5,12.4z M152.2,21.1\tc-0.1,0.1-2.4-0.3-7.5-0.3c-5,0-13.6-2.4-17.2-3.5c-3.6-1.1,10,3.9,16.5,4.1C150.5,21.6,152.3,21,152.2,21.1z\"\/>\n\t<path class=\"elementor-shape-fill\" d=\"M269.6,18c-0.1-0.1-4.6,0.3-7.2,0c-7.3-0.7-17-3.2-16.6-2.9c0.4,0.3,13.7,3.1,17,3.3\tC267.7,18.8,269.7,18,269.6,18z\"\/>\n\t<path class=\"elementor-shape-fill\" d=\"M227.4,9.8c-0.2-0.1-4.5-1-9.5-1.2c-5-0.2-12.7,0.6-12.3,0.5c0.3-0.1,5.9-1.8,13.3-1.2\tS227.6,9.9,227.4,9.8z\"\/>\n\t<path class=\"elementor-shape-fill\" d=\"M204.5,13.4c-0.1-0.1,2-1,3.2-1.1c1.2-0.1,2,0,2,0.3c0,0.3-0.1,0.5-1.6,0.4\tC206.4,12.9,204.6,13.5,204.5,13.4z\"\/>\n\t<path class=\"elementor-shape-fill\" d=\"M201,10.6c0-0.1-4.4,1.2-6.3,2.2c-1.9,0.9-6.2,3.1-6.1,3.1c0.1,0.1,4.2-1.6,6.3-2.6\tS201,10.7,201,10.6z\"\/>\n\t<path class=\"elementor-shape-fill\" d=\"M154.5,26.7c-0.1-0.1-4.6,0.3-7.2,0c-7.3-0.7-17-3.2-16.6-2.9c0.4,0.3,13.7,3.1,17,3.3\tC152.6,27.5,154.6,26.8,154.5,26.7z\"\/>\n\t<path class=\"elementor-shape-fill\" d=\"M41.9,19.3c0,0,1.2-0.3,2.9-0.1c1.7,0.2,5.8,0.9,8.2,0.7c4.2-0.4,7.4-2.7,7-2.6\tc-0.4,0-4.3,2.2-8.6,1.9c-1.8-0.1-5.1-0.5-6.7-0.4S41.9,19.3,41.9,19.3z\"\/>\n\t<path class=\"elementor-shape-fill\" d=\"M75.5,12.6c0.2,0.1,2-0.8,4.3-1.1c2.3-0.2,2.1-0.3,2.1-0.5c0-0.1-1.8-0.4-3.4,0\tC76.9,11.5,75.3,12.5,75.5,12.6z\"\/>\n\t<path class=\"elementor-shape-fill\" d=\"M15.6,13.2c0-0.1,4.3,0,6.7,0.5c2.4,0.5,5,1.9,5,2c0,0.1-2.7-0.8-5.1-1.4\tC19.9,13.7,15.7,13.3,15.6,13.2z\"\/>\n<\/svg>\t\t<\/div>\n\t\t<div class=\"elementor-element elementor-element-68c8a3b e-con-full e-flex e-con e-child\" data-id=\"68c8a3b\" data-element_type=\"container\" data-e-type=\"container\">\n\t\t\t\t<div class=\"elementor-element elementor-element-613b475 elementor-widget__width-initial elementor-widget-mobile__width-initial elementor-widget elementor-widget-heading\" data-id=\"613b475\" data-element_type=\"widget\" data-e-type=\"widget\" id=\"6\" data-widget_type=\"heading.default\">\n\t\t\t\t<div class=\"elementor-widget-container\">\n\t\t\t\t\t<h2 class=\"elementor-heading-title elementor-size-default\">6. Highlights und Zahlen zur Meisterschaft<\/h2>\t\t\t\t<\/div>\n\t\t\t\t<\/div>\n\t\t\t\t<\/div>\n\t\t\t\t\t<\/div>\n\t\t\t\t<\/div>\n\t\t<div class=\"elementor-element elementor-element-3adec9c e-flex e-con-boxed e-con e-parent\" data-id=\"3adec9c\" data-element_type=\"container\" data-e-type=\"container\">\n\t\t\t\t\t<div class=\"e-con-inner\">\n\t\t\t\t<div class=\"elementor-element elementor-element-a3aabbd elementor-widget elementor-widget-heading\" data-id=\"a3aabbd\" data-element_type=\"widget\" data-e-type=\"widget\" data-widget_type=\"heading.default\">\n\t\t\t\t<div class=\"elementor-widget-container\">\n\t\t\t\t\t<p class=\"elementor-heading-title elementor-size-default\">Die Windsurfing-Weltmeisterschaften auf Gran Canaria sind eine Veranstaltung, bei der die besten K\u00f6pfe des Sports zusammenkommen, jeder mit seiner eigenen Essenz und seinem eigenen K\u00f6nnen. Unter den Teilnehmern befinden sich einige Namen, die in der Geschichte des Windsurfens eine wichtige Rolle gespielt haben. <\/p>\t\t\t\t<\/div>\n\t\t\t\t<\/div>\n\t\t\t\t\t<\/div>\n\t\t\t\t<\/div>\n\t\t<div class=\"elementor-element elementor-element-4e008d3 e-flex e-con-boxed e-con e-parent\" data-id=\"4e008d3\" data-element_type=\"container\" data-e-type=\"container\">\n\t\t\t\t\t<div class=\"e-con-inner\">\n\t\t<div class=\"elementor-element elementor-element-e4b592d e-con-full e-flex e-con e-child\" data-id=\"e4b592d\" data-element_type=\"container\" data-e-type=\"container\">\n\t\t\t\t<div class=\"elementor-element elementor-element-0e4f054 elementor-widget elementor-widget-image\" data-id=\"0e4f054\" data-element_type=\"widget\" data-e-type=\"widget\" data-widget_type=\"image.default\">\n\t\t\t\t<div class=\"elementor-widget-container\">\n\t\t\t\t\t\t\t\t\t\t\t\t\t\t\t<img decoding=\"async\" width=\"600\" height=\"450\" data-src=\"https:\/\/welikecanarias.com\/wp-content\/uploads\/2024\/01\/windsurf-gran-canaria-1.jpg\" class=\"attachment-2048x2048 size-2048x2048 wp-image-47803 lazyload\" alt=\"Vista de Bjorn Dunkerbeck navegando en Gran Canaria, uno de los mejores windsurfistas de la historia\" data-srcset=\"https:\/\/welikecanarias.com\/wp-content\/uploads\/2024\/01\/windsurf-gran-canaria-1.jpg.webp 600w, https:\/\/welikecanarias.com\/wp-content\/uploads\/2024\/01\/windsurf-gran-canaria-1-300x225.jpg.webp 300w\" data-sizes=\"(max-width: 600px) 100vw, 600px\" src=\"data:image\/svg+xml;base64,PHN2ZyB3aWR0aD0iMSIgaGVpZ2h0PSIxIiB4bWxucz0iaHR0cDovL3d3dy53My5vcmcvMjAwMC9zdmciPjwvc3ZnPg==\" style=\"--smush-placeholder-width: 600px; --smush-placeholder-aspect-ratio: 600\/450;\" \/>\t\t\t\t\t\t\t\t\t\t\t\t\t\t\t<\/div>\n\t\t\t\t<\/div>\n\t\t\t\t<\/div>\n\t\t<div class=\"elementor-element elementor-element-41de035 e-con-full e-flex e-con e-child\" data-id=\"41de035\" data-element_type=\"container\" data-e-type=\"container\">\n\t\t\t\t<div class=\"elementor-element elementor-element-4fa5be0 elementor-widget elementor-widget-heading\" data-id=\"4fa5be0\" data-element_type=\"widget\" data-e-type=\"widget\" data-widget_type=\"heading.default\">\n\t\t\t\t<div class=\"elementor-widget-container\">\n\t\t\t\t\t<h3 class=\"elementor-heading-title elementor-size-default\">Relevante Konkurrenten: Bj\u00f6rn und Liam<\/h3>\t\t\t\t<\/div>\n\t\t\t\t<\/div>\n\t\t\t\t<div class=\"elementor-element elementor-element-edfeedc elementor-widget-divider--view-line elementor-widget elementor-widget-divider\" data-id=\"edfeedc\" data-element_type=\"widget\" data-e-type=\"widget\" data-widget_type=\"divider.default\">\n\t\t\t\t<div class=\"elementor-widget-container\">\n\t\t\t\t\t\t\t<div class=\"elementor-divider\">\n\t\t\t<span class=\"elementor-divider-separator\">\n\t\t\t\t\t\t<\/span>\n\t\t<\/div>\n\t\t\t\t\t\t<\/div>\n\t\t\t\t<\/div>\n\t\t\t\t<div class=\"elementor-element elementor-element-195be37 elementor-widget elementor-widget-text-editor\" data-id=\"195be37\" data-element_type=\"widget\" data-e-type=\"widget\" data-widget_type=\"text-editor.default\">\n\t\t\t\t<div class=\"elementor-widget-container\">\n\t\t\t\t\t\t\t\t\t<p>Zwei der gro\u00dfen Ikonen des Windsurfens, Bjorn Dunkerbeck und Liam Whaley, sind Namen, die auf dem internationalen Parkett einen gro\u00dfen Widerhall finden. Ihre Erfahrung und ihre Wettbewerbsf\u00e4higkeit haben es ihnen erm\u00f6glicht, ber\u00fchmt zu werden und zu einer Referenz f\u00fcr neue Talente zu werden. <\/p>\n\t\t\t\t\t\t\t\t<\/div>\n\t\t\t\t<\/div>\n\t\t\t\t<div class=\"elementor-element elementor-element-baeebf6 elementor-widget elementor-widget-n-accordion\" data-id=\"baeebf6\" data-element_type=\"widget\" data-e-type=\"widget\" data-settings=\"{&quot;default_state&quot;:&quot;all_collapsed&quot;,&quot;max_items_expended&quot;:&quot;one&quot;,&quot;n_accordion_animation_duration&quot;:{&quot;unit&quot;:&quot;ms&quot;,&quot;size&quot;:400,&quot;sizes&quot;:[]}}\" data-widget_type=\"nested-accordion.default\">\n\t\t\t\t<div class=\"elementor-widget-container\">\n\t\t\t\t\t\t\t<div class=\"e-n-accordion\" aria-label=\"Accordion. Open links with Enter or Space, close with Escape, and navigate with Arrow Keys\">\n\t\t\t\t\t\t<details id=\"e-n-accordion-item-1960\" class=\"e-n-accordion-item\" >\n\t\t\t\t<summary class=\"e-n-accordion-item-title\" data-accordion-index=\"1\" tabindex=\"0\" aria-expanded=\"false\" aria-controls=\"e-n-accordion-item-1960\" >\n\t\t\t\t\t<span class='e-n-accordion-item-title-header'><h4 class=\"e-n-accordion-item-title-text\"> Bj\u00f6rn Dunkerbeck <\/h4><\/span>\n\t\t\t\t\t\t\t<span class='e-n-accordion-item-title-icon'>\n\t\t\t<span class='e-opened' ><svg aria-hidden=\"true\" class=\"e-font-icon-svg e-fas-minus\" viewBox=\"0 0 448 512\" xmlns=\"http:\/\/www.w3.org\/2000\/svg\"><path d=\"M416 208H32c-17.67 0-32 14.33-32 32v32c0 17.67 14.33 32 32 32h384c17.67 0 32-14.33 32-32v-32c0-17.67-14.33-32-32-32z\"><\/path><\/svg><\/span>\n\t\t\t<span class='e-closed'><svg aria-hidden=\"true\" class=\"e-font-icon-svg e-fas-plus\" viewBox=\"0 0 448 512\" xmlns=\"http:\/\/www.w3.org\/2000\/svg\"><path d=\"M416 208H272V64c0-17.67-14.33-32-32-32h-32c-17.67 0-32 14.33-32 32v144H32c-17.67 0-32 14.33-32 32v32c0 17.67 14.33 32 32 32h144v144c0 17.67 14.33 32 32 32h32c17.67 0 32-14.33 32-32V304h144c17.67 0 32-14.33 32-32v-32c0-17.67-14.33-32-32-32z\"><\/path><\/svg><\/span>\n\t\t<\/span>\n\n\t\t\t\t\t\t<\/summary>\n\t\t\t\t<div role=\"region\" aria-labelledby=\"e-n-accordion-item-1960\" class=\"elementor-element elementor-element-1a9db40 e-con-full e-flex e-con e-child\" data-id=\"1a9db40\" data-element_type=\"container\" data-e-type=\"container\">\n\t\t\t\t<div class=\"elementor-element elementor-element-ef567e9 elementor-widget elementor-widget-text-editor\" data-id=\"ef567e9\" data-element_type=\"widget\" data-e-type=\"widget\" data-widget_type=\"text-editor.default\">\n\t\t\t\t<div class=\"elementor-widget-container\">\n\t\t\t\t\t\t\t\t\t<p>Bjorn gilt als einer der gr\u00f6\u00dften Windsurfer aller Zeiten, hat zahlreiche Titel gesammelt und war ein Pionier in mehreren Disziplinen. Sein unverwechselbarer Stil und seine beeindruckende Wellentechnik verschaffen ihm bei jedem Wettbewerb einen klaren Vorteil. <\/p>\n\t\t\t\t\t\t\t\t<\/div>\n\t\t\t\t<\/div>\n\t\t\t\t<\/div>\n\t\t\t\t\t<\/details>\n\t\t\t\t\t\t<details id=\"e-n-accordion-item-1961\" class=\"e-n-accordion-item\" >\n\t\t\t\t<summary class=\"e-n-accordion-item-title\" data-accordion-index=\"2\" tabindex=\"-1\" aria-expanded=\"false\" aria-controls=\"e-n-accordion-item-1961\" >\n\t\t\t\t\t<span class='e-n-accordion-item-title-header'><h4 class=\"e-n-accordion-item-title-text\"> Liam Whaley <\/h4><\/span>\n\t\t\t\t\t\t\t<span class='e-n-accordion-item-title-icon'>\n\t\t\t<span class='e-opened' ><svg aria-hidden=\"true\" class=\"e-font-icon-svg e-fas-minus\" viewBox=\"0 0 448 512\" xmlns=\"http:\/\/www.w3.org\/2000\/svg\"><path d=\"M416 208H32c-17.67 0-32 14.33-32 32v32c0 17.67 14.33 32 32 32h384c17.67 0 32-14.33 32-32v-32c0-17.67-14.33-32-32-32z\"><\/path><\/svg><\/span>\n\t\t\t<span class='e-closed'><svg aria-hidden=\"true\" class=\"e-font-icon-svg e-fas-plus\" viewBox=\"0 0 448 512\" xmlns=\"http:\/\/www.w3.org\/2000\/svg\"><path d=\"M416 208H272V64c0-17.67-14.33-32-32-32h-32c-17.67 0-32 14.33-32 32v144H32c-17.67 0-32 14.33-32 32v32c0 17.67 14.33 32 32 32h144v144c0 17.67 14.33 32 32 32h32c17.67 0 32-14.33 32-32V304h144c17.67 0 32-14.33 32-32v-32c0-17.67-14.33-32-32-32z\"><\/path><\/svg><\/span>\n\t\t<\/span>\n\n\t\t\t\t\t\t<\/summary>\n\t\t\t\t<div role=\"region\" aria-labelledby=\"e-n-accordion-item-1961\" class=\"elementor-element elementor-element-e18c922 e-con-full e-flex e-con e-child\" data-id=\"e18c922\" data-element_type=\"container\" data-e-type=\"container\">\n\t\t\t\t<div class=\"elementor-element elementor-element-76e606f elementor-widget elementor-widget-text-editor\" data-id=\"76e606f\" data-element_type=\"widget\" data-e-type=\"widget\" data-widget_type=\"text-editor.default\">\n\t\t\t\t<div class=\"elementor-widget-container\">\n\t\t\t\t\t\t\t\t\t<p>Liam hat unterdessen bewiesen, dass er ein hervorragender Wettk\u00e4mpfer ist, der sowohl im Slalom als auch in der Welle brilliert. Seine Jugend in Kombination mit beeindruckenden technischen F\u00e4higkeiten hat ihm einen Platz in der Weltspitze gesichert und ihn zu einem Favoriten f\u00fcr Fans und Experten gleicherma\u00dfen gemacht. <\/p>\n\t\t\t\t\t\t\t\t<\/div>\n\t\t\t\t<\/div>\n\t\t\t\t<\/div>\n\t\t\t\t\t<\/details>\n\t\t\t\t\t<\/div>\n\t\t\t\t\t\t<\/div>\n\t\t\t\t<\/div>\n\t\t\t\t<\/div>\n\t\t\t\t\t<\/div>\n\t\t\t\t<\/div>\n\t\t<div class=\"elementor-element elementor-element-5b91785 e-flex e-con-boxed e-con e-parent\" data-id=\"5b91785\" data-element_type=\"container\" data-e-type=\"container\">\n\t\t\t\t\t<div class=\"e-con-inner\">\n\t\t<div class=\"elementor-element elementor-element-cbfbb8d e-con-full e-flex e-con e-child\" data-id=\"cbfbb8d\" data-element_type=\"container\" data-e-type=\"container\">\n\t\t\t\t<div class=\"elementor-element elementor-element-3d131b5 elementor-widget elementor-widget-image\" data-id=\"3d131b5\" data-element_type=\"widget\" data-e-type=\"widget\" data-widget_type=\"image.default\">\n\t\t\t\t<div class=\"elementor-widget-container\">\n\t\t\t\t\t\t\t\t\t\t\t\t\t\t\t<img decoding=\"async\" width=\"1200\" height=\"900\" data-src=\"https:\/\/welikecanarias.com\/wp-content\/uploads\/2024\/01\/dunkerbeck-windsurf-gran-canaria.jpg\" class=\"attachment-2048x2048 size-2048x2048 wp-image-47800 lazyload\" alt=\"\" data-srcset=\"https:\/\/welikecanarias.com\/wp-content\/uploads\/2024\/01\/dunkerbeck-windsurf-gran-canaria.jpg.webp 1200w, https:\/\/welikecanarias.com\/wp-content\/uploads\/2024\/01\/dunkerbeck-windsurf-gran-canaria-300x225.jpg.webp 300w, https:\/\/welikecanarias.com\/wp-content\/uploads\/2024\/01\/dunkerbeck-windsurf-gran-canaria-1024x768.jpg.webp 1024w, https:\/\/welikecanarias.com\/wp-content\/uploads\/2024\/01\/dunkerbeck-windsurf-gran-canaria-768x576.jpg.webp 768w\" data-sizes=\"(max-width: 1200px) 100vw, 1200px\" src=\"data:image\/svg+xml;base64,PHN2ZyB3aWR0aD0iMSIgaGVpZ2h0PSIxIiB4bWxucz0iaHR0cDovL3d3dy53My5vcmcvMjAwMC9zdmciPjwvc3ZnPg==\" style=\"--smush-placeholder-width: 1200px; --smush-placeholder-aspect-ratio: 1200\/900;\" \/>\t\t\t\t\t\t\t\t\t\t\t\t\t\t\t<\/div>\n\t\t\t\t<\/div>\n\t\t\t\t<\/div>\n\t\t<div class=\"elementor-element elementor-element-2345c3a e-con-full e-flex e-con e-child\" data-id=\"2345c3a\" data-element_type=\"container\" data-e-type=\"container\">\n\t\t\t\t<div class=\"elementor-element elementor-element-ce3613a elementor-widget elementor-widget-heading\" data-id=\"ce3613a\" data-element_type=\"widget\" data-e-type=\"widget\" data-widget_type=\"heading.default\">\n\t\t\t\t<div class=\"elementor-widget-container\">\n\t\t\t\t\t<h3 class=\"elementor-heading-title elementor-size-default\">Erwartungen und Favoriten f\u00fcr 2024<\/h3>\t\t\t\t<\/div>\n\t\t\t\t<\/div>\n\t\t\t\t<div class=\"elementor-element elementor-element-39329ba elementor-widget-divider--view-line elementor-widget elementor-widget-divider\" data-id=\"39329ba\" data-element_type=\"widget\" data-e-type=\"widget\" data-widget_type=\"divider.default\">\n\t\t\t\t<div class=\"elementor-widget-container\">\n\t\t\t\t\t\t\t<div class=\"elementor-divider\">\n\t\t\t<span class=\"elementor-divider-separator\">\n\t\t\t\t\t\t<\/span>\n\t\t<\/div>\n\t\t\t\t\t\t<\/div>\n\t\t\t\t<\/div>\n\t\t\t\t<div class=\"elementor-element elementor-element-acaff8b elementor-widget elementor-widget-text-editor\" data-id=\"acaff8b\" data-element_type=\"widget\" data-e-type=\"widget\" data-widget_type=\"text-editor.default\">\n\t\t\t\t<div class=\"elementor-widget-container\">\n\t\t\t\t\t\t\t\t\t<p>Da die Meisterschaft im Jahr 2024 stattfindet, sind die Erwartungen hoch. Es wird ein enger Wettbewerb erwartet, bei dem etablierte Stars und aufstrebende Talente versuchen werden, ihren Wert in den Gew\u00e4ssern von Gran Canaria zu beweisen. <\/p>\n<p>Die Windsurfing-Fans sind gespannt, wer die Sieger sein werden. Zu den Favoriten geh\u00f6ren nicht nur die bereits erw\u00e4hnten Bj\u00f6rn und Liam, sondern auch andere Teilnehmer, die in den letzten Saisons auf sich aufmerksam gemacht haben und Frische und neue Strategien in die Veranstaltung bringen. <\/p>\n\t\t\t\t\t\t\t\t<\/div>\n\t\t\t\t<\/div>\n\t\t\t\t<div class=\"elementor-element elementor-element-df4eae9 elementor-widget elementor-widget-n-accordion\" data-id=\"df4eae9\" data-element_type=\"widget\" data-e-type=\"widget\" data-settings=\"{&quot;default_state&quot;:&quot;all_collapsed&quot;,&quot;max_items_expended&quot;:&quot;one&quot;,&quot;n_accordion_animation_duration&quot;:{&quot;unit&quot;:&quot;ms&quot;,&quot;size&quot;:400,&quot;sizes&quot;:[]}}\" data-widget_type=\"nested-accordion.default\">\n\t\t\t\t<div class=\"elementor-widget-container\">\n\t\t\t\t\t\t\t<div class=\"e-n-accordion\" aria-label=\"Accordion. Open links with Enter or Space, close with Escape, and navigate with Arrow Keys\">\n\t\t\t\t\t\t<details id=\"e-n-accordion-item-2340\" class=\"e-n-accordion-item\" >\n\t\t\t\t<summary class=\"e-n-accordion-item-title\" data-accordion-index=\"1\" tabindex=\"0\" aria-expanded=\"false\" aria-controls=\"e-n-accordion-item-2340\" >\n\t\t\t\t\t<span class='e-n-accordion-item-title-header'><h4 class=\"e-n-accordion-item-title-text\"> Neue Talente <\/h4><\/span>\n\t\t\t\t\t\t\t<span class='e-n-accordion-item-title-icon'>\n\t\t\t<span class='e-opened' ><svg aria-hidden=\"true\" class=\"e-font-icon-svg e-fas-minus\" viewBox=\"0 0 448 512\" xmlns=\"http:\/\/www.w3.org\/2000\/svg\"><path d=\"M416 208H32c-17.67 0-32 14.33-32 32v32c0 17.67 14.33 32 32 32h384c17.67 0 32-14.33 32-32v-32c0-17.67-14.33-32-32-32z\"><\/path><\/svg><\/span>\n\t\t\t<span class='e-closed'><svg aria-hidden=\"true\" class=\"e-font-icon-svg e-fas-plus\" viewBox=\"0 0 448 512\" xmlns=\"http:\/\/www.w3.org\/2000\/svg\"><path d=\"M416 208H272V64c0-17.67-14.33-32-32-32h-32c-17.67 0-32 14.33-32 32v144H32c-17.67 0-32 14.33-32 32v32c0 17.67 14.33 32 32 32h144v144c0 17.67 14.33 32 32 32h32c17.67 0 32-14.33 32-32V304h144c17.67 0 32-14.33 32-32v-32c0-17.67-14.33-32-32-32z\"><\/path><\/svg><\/span>\n\t\t<\/span>\n\n\t\t\t\t\t\t<\/summary>\n\t\t\t\t<div role=\"region\" aria-labelledby=\"e-n-accordion-item-2340\" class=\"elementor-element elementor-element-5f79884 e-con-full e-flex e-con e-child\" data-id=\"5f79884\" data-element_type=\"container\" data-e-type=\"container\">\n\t\t\t\t<div class=\"elementor-element elementor-element-ad569a5 elementor-widget elementor-widget-text-editor\" data-id=\"ad569a5\" data-element_type=\"widget\" data-e-type=\"widget\" data-widget_type=\"text-editor.default\">\n\t\t\t\t<div class=\"elementor-widget-container\">\n\t\t\t\t\t\t\t\t\t<p>Das Auftauchen neuer Talente auf der Strecke hat die Fans mehr denn je begeistert. Viele junge Surfer sind begierig darauf, ihr Talent zu zeigen und sich bei einer so prestigetr\u00e4chtigen Veranstaltung einen Namen zu machen. <\/p>\n\t\t\t\t\t\t\t\t<\/div>\n\t\t\t\t<\/div>\n\t\t\t\t<\/div>\n\t\t\t\t\t<\/details>\n\t\t\t\t\t\t<details id=\"e-n-accordion-item-2341\" class=\"e-n-accordion-item\" >\n\t\t\t\t<summary class=\"e-n-accordion-item-title\" data-accordion-index=\"2\" tabindex=\"-1\" aria-expanded=\"false\" aria-controls=\"e-n-accordion-item-2341\" >\n\t\t\t\t\t<span class='e-n-accordion-item-title-header'><h4 class=\"e-n-accordion-item-title-text\"> Ausscheidungsrunden <\/h4><\/span>\n\t\t\t\t\t\t\t<span class='e-n-accordion-item-title-icon'>\n\t\t\t<span class='e-opened' ><svg aria-hidden=\"true\" class=\"e-font-icon-svg e-fas-minus\" viewBox=\"0 0 448 512\" xmlns=\"http:\/\/www.w3.org\/2000\/svg\"><path d=\"M416 208H32c-17.67 0-32 14.33-32 32v32c0 17.67 14.33 32 32 32h384c17.67 0 32-14.33 32-32v-32c0-17.67-14.33-32-32-32z\"><\/path><\/svg><\/span>\n\t\t\t<span class='e-closed'><svg aria-hidden=\"true\" class=\"e-font-icon-svg e-fas-plus\" viewBox=\"0 0 448 512\" xmlns=\"http:\/\/www.w3.org\/2000\/svg\"><path d=\"M416 208H272V64c0-17.67-14.33-32-32-32h-32c-17.67 0-32 14.33-32 32v144H32c-17.67 0-32 14.33-32 32v32c0 17.67 14.33 32 32 32h144v144c0 17.67 14.33 32 32 32h32c17.67 0 32-14.33 32-32V304h144c17.67 0 32-14.33 32-32v-32c0-17.67-14.33-32-32-32z\"><\/path><\/svg><\/span>\n\t\t<\/span>\n\n\t\t\t\t\t\t<\/summary>\n\t\t\t\t<div role=\"region\" aria-labelledby=\"e-n-accordion-item-2341\" class=\"elementor-element elementor-element-6398392 e-con-full e-flex e-con e-child\" data-id=\"6398392\" data-element_type=\"container\" data-e-type=\"container\">\n\t\t\t\t<div class=\"elementor-element elementor-element-dd19ec2 elementor-widget elementor-widget-text-editor\" data-id=\"dd19ec2\" data-element_type=\"widget\" data-e-type=\"widget\" data-widget_type=\"text-editor.default\">\n\t\t\t\t<div class=\"elementor-widget-container\">\n\t\t\t\t\t\t\t\t\t<p>Die Ausscheidungsrunden versprechen spektakul\u00e4r zu werden, wenn sich die Teilnehmer in Kopf-an-Kopf-Duellen gegen\u00fcberstehen. Die Bedingungen in Pozo Izquierdo bieten mit ihrem konstanten Wind und den anspruchsvollen Wellen die perfekte Kulisse f\u00fcr die Athleten, um ihr K\u00f6nnen unter Beweis zu stellen. <\/p>\n\t\t\t\t\t\t\t\t<\/div>\n\t\t\t\t<\/div>\n\t\t\t\t<\/div>\n\t\t\t\t\t<\/details>\n\t\t\t\t\t<\/div>\n\t\t\t\t\t\t<\/div>\n\t\t\t\t<\/div>\n\t\t\t\t<div class=\"elementor-element elementor-element-b0c3fa3 pa-icon-pos-after premium-lq__none elementor-widget elementor-widget-premium-addon-button\" data-id=\"b0c3fa3\" data-element_type=\"widget\" data-e-type=\"widget\" data-widget_type=\"premium-addon-button.default\">\n\t\t\t\t<div class=\"elementor-widget-container\">\n\t\t\t\t\t\n\n\t\t<a class=\"premium-button premium-button-none premium-btn-md premium-button-none\" href=\"#INDICE\">\n\t\t\t<div class=\"premium-button-text-icon-wrapper\">\n\t\t\t\t\n\t\t\t\t\t\t\t\t\t\t\t\t\t\t\t\t\t\t<svg class=\"svg-inline--fas-fa-level-up-alt premium-drawable-icon premium-svg-nodraw\" aria-hidden='true' xmlns='http:\/\/www.w3.org\/2000\/svg' viewBox='0 0 320 512'><path d=\"M313.553 119.669L209.587 7.666c-9.485-10.214-25.676-10.229-35.174 0L70.438 119.669C56.232 134.969 67.062 160 88.025 160H152v272H68.024a11.996 11.996 0 0 0-8.485 3.515l-56 56C-4.021 499.074 1.333 512 12.024 512H208c13.255 0 24-10.745 24-24V160h63.966c20.878 0 31.851-24.969 17.587-40.331z\"><\/path><\/svg>\t\t\t\t\t\t\t\t\t\t\t\t\t\t\t\n\t\t\t\t\t\t\t\t\t<span >\n\t\t\t\t\t\tINDEX\t\t\t\t\t<\/span>\n\t\t\t\t\t\t\t<\/div>\n\n\t\t\t\n\t\t\t\n\t\t\t\n\t\t<\/a>\n\n\n\t\t\t\t\t\t<\/div>\n\t\t\t\t<\/div>\n\t\t\t\t<\/div>\n\t\t\t\t\t<\/div>\n\t\t\t\t<\/div>\n\t\t<div class=\"elementor-element elementor-element-58166dd e-flex e-con-boxed e-con e-parent\" data-id=\"58166dd\" data-element_type=\"container\" data-e-type=\"container\">\n\t\t\t\t\t<div class=\"e-con-inner\">\n\t\t\t\t<div class=\"elementor-element elementor-element-1bb9ab3 elementor-widget elementor-widget-spacer\" data-id=\"1bb9ab3\" data-element_type=\"widget\" data-e-type=\"widget\" data-widget_type=\"spacer.default\">\n\t\t\t\t<div class=\"elementor-widget-container\">\n\t\t\t\t\t\t\t<div class=\"elementor-spacer\">\n\t\t\t<div class=\"elementor-spacer-inner\"><\/div>\n\t\t<\/div>\n\t\t\t\t\t\t<\/div>\n\t\t\t\t<\/div>\n\t\t\t\t\t<\/div>\n\t\t\t\t<\/div>\n\t\t\t\t<\/div>\n\t\t","protected":false},"excerpt":{"rendered":"<p>Windsurfing- und Kitesurfing-Wettbewerbe auf Gran Canaria: Nicht zu verpassende Veranstaltungen Gran Canaria ist ein au\u00dfergew\u00f6hnliches Reiseziel f\u00fcr die Aus\u00fcbung von Sportarten wie Windsurfen und Kitesurfen, dank der idealen klimatischen Bedingungen, insbesondere der Passatwinde, die einen Gro\u00dfteil des Jahres wehen. Im Windsurfen ist Gran Canaria weltbekannt. Der Strand von Pozo Izquierdo war Heimat und Trainingsort von [&hellip;]<\/p>\n","protected":false},"author":244305394,"featured_media":30149,"comment_status":"closed","ping_status":"closed","sticky":false,"template":"","format":"standard","meta":{"_monsterinsights_skip_tracking":false,"_monsterinsights_sitenote_active":false,"_monsterinsights_sitenote_note":"","_monsterinsights_sitenote_category":0,"footnotes":""},"categories":[919,920],"tags":[2067,2066,2065,2068,2064],"class_list":["post-52139","post","type-post","status-publish","format-standard","has-post-thumbnail","hentry","category-gran-canaria-de","category-sport-de-2","tag-kitesurfing-kurs-gran-canaria","tag-windsurfen-las-palmas","tag-windsurfen-links-gut","tag-windsurfing-kurs-gran-canaria","tag-wo-kann-man-auf-gran-canaria-windsurfen"],"yoast_head":"<!-- This site is optimized with the Yoast SEO plugin v27.5 - https:\/\/yoast.com\/product\/yoast-seo-wordpress\/ -->\n<title>Windsurfen\/Kitesurfen auf Gran Canaria<\/title>\n<meta name=\"description\" content=\"Erleben Sie den Nervenkitzel des Windsurfen und Kitesurfens auf Gran Canaria, einem Top-Spot mit idealen Winden.\" \/>\n<meta name=\"robots\" content=\"index, follow, max-snippet:-1, max-image-preview:large, max-video-preview:-1\" \/>\n<link rel=\"canonical\" href=\"https:\/\/welikecanarias.com\/de\/windsurfen-kitesurfen-auf-gran-canaria\/\" \/>\n<meta property=\"og:locale\" content=\"de_DE\" \/>\n<meta property=\"og:type\" content=\"article\" \/>\n<meta property=\"og:title\" content=\"Windsurfen\/Kitesurfen auf Gran Canaria\" \/>\n<meta property=\"og:description\" content=\"Erleben Sie den Nervenkitzel des Windsurfen und Kitesurfens auf Gran Canaria, einem Top-Spot mit idealen Winden.\" \/>\n<meta property=\"og:url\" content=\"https:\/\/welikecanarias.com\/de\/windsurfen-kitesurfen-auf-gran-canaria\/\" \/>\n<meta property=\"og:site_name\" content=\"WeLikeCanarias\" \/>\n<meta property=\"article:published_time\" content=\"2024-01-28T22:33:26+00:00\" \/>\n<meta property=\"article:modified_time\" content=\"2025-03-28T09:43:39+00:00\" \/>\n<meta property=\"og:image\" content=\"https:\/\/welikecanarias.com\/wp-content\/uploads\/2024\/01\/iStock-96317687-scaled.jpg\" \/>\n\t<meta property=\"og:image:width\" content=\"2560\" \/>\n\t<meta property=\"og:image:height\" content=\"1707\" \/>\n\t<meta property=\"og:image:type\" content=\"image\/jpeg\" \/>\n<meta name=\"author\" content=\"WeLikeCanarias\" \/>\n<meta name=\"twitter:card\" content=\"summary_large_image\" \/>\n<meta name=\"twitter:label1\" content=\"Verfasst von\" \/>\n\t<meta name=\"twitter:data1\" content=\"WeLikeCanarias\" \/>\n\t<meta name=\"twitter:label2\" content=\"Gesch\u00e4tzte Lesezeit\" \/>\n\t<meta name=\"twitter:data2\" content=\"14\u00a0Minuten\" \/>\n<script type=\"application\/ld+json\" class=\"yoast-schema-graph\">{\"@context\":\"https:\\\/\\\/schema.org\",\"@graph\":[{\"@type\":[\"Article\",\"BlogPosting\"],\"@id\":\"https:\\\/\\\/welikecanarias.com\\\/de\\\/windsurfen-kitesurfen-auf-gran-canaria\\\/#article\",\"isPartOf\":{\"@id\":\"https:\\\/\\\/welikecanarias.com\\\/de\\\/windsurfen-kitesurfen-auf-gran-canaria\\\/\"},\"author\":{\"name\":\"WeLikeCanarias\",\"@id\":\"https:\\\/\\\/welikecanarias.com\\\/de\\\/#\\\/schema\\\/person\\\/8f32b8fa9eacbc052e5cac461636dd27\"},\"headline\":\"Windsurfen\\\/Kitesurfen auf Gran Canaria\",\"datePublished\":\"2024-01-28T22:33:26+00:00\",\"dateModified\":\"2025-03-28T09:43:39+00:00\",\"mainEntityOfPage\":{\"@id\":\"https:\\\/\\\/welikecanarias.com\\\/de\\\/windsurfen-kitesurfen-auf-gran-canaria\\\/\"},\"wordCount\":2122,\"publisher\":{\"@id\":\"https:\\\/\\\/welikecanarias.com\\\/de\\\/#\\\/schema\\\/person\\\/8f32b8fa9eacbc052e5cac461636dd27\"},\"image\":{\"@id\":\"https:\\\/\\\/welikecanarias.com\\\/de\\\/windsurfen-kitesurfen-auf-gran-canaria\\\/#primaryimage\"},\"thumbnailUrl\":\"https:\\\/\\\/welikecanarias.com\\\/wp-content\\\/uploads\\\/2024\\\/01\\\/iStock-96317687-scaled.jpg\",\"keywords\":[\"kitesurfing kurs gran canaria\",\"windsurfen las palmas\",\"Windsurfen links gut\",\"windsurfing kurs gran canaria\",\"Wo kann man auf Gran Canaria windsurfen?\"],\"articleSection\":[\"Gran Canaria\",\"Sport\"],\"inLanguage\":\"de\"},{\"@type\":\"WebPage\",\"@id\":\"https:\\\/\\\/welikecanarias.com\\\/de\\\/windsurfen-kitesurfen-auf-gran-canaria\\\/\",\"url\":\"https:\\\/\\\/welikecanarias.com\\\/de\\\/windsurfen-kitesurfen-auf-gran-canaria\\\/\",\"name\":\"Windsurfen\\\/Kitesurfen auf Gran Canaria\",\"isPartOf\":{\"@id\":\"https:\\\/\\\/welikecanarias.com\\\/de\\\/#website\"},\"primaryImageOfPage\":{\"@id\":\"https:\\\/\\\/welikecanarias.com\\\/de\\\/windsurfen-kitesurfen-auf-gran-canaria\\\/#primaryimage\"},\"image\":{\"@id\":\"https:\\\/\\\/welikecanarias.com\\\/de\\\/windsurfen-kitesurfen-auf-gran-canaria\\\/#primaryimage\"},\"thumbnailUrl\":\"https:\\\/\\\/welikecanarias.com\\\/wp-content\\\/uploads\\\/2024\\\/01\\\/iStock-96317687-scaled.jpg\",\"datePublished\":\"2024-01-28T22:33:26+00:00\",\"dateModified\":\"2025-03-28T09:43:39+00:00\",\"description\":\"Erleben Sie den Nervenkitzel des Windsurfen und Kitesurfens auf Gran Canaria, einem Top-Spot mit idealen Winden.\",\"breadcrumb\":{\"@id\":\"https:\\\/\\\/welikecanarias.com\\\/de\\\/windsurfen-kitesurfen-auf-gran-canaria\\\/#breadcrumb\"},\"inLanguage\":\"de\",\"potentialAction\":[{\"@type\":\"ReadAction\",\"target\":[\"https:\\\/\\\/welikecanarias.com\\\/de\\\/windsurfen-kitesurfen-auf-gran-canaria\\\/\"]}]},{\"@type\":\"ImageObject\",\"inLanguage\":\"de\",\"@id\":\"https:\\\/\\\/welikecanarias.com\\\/de\\\/windsurfen-kitesurfen-auf-gran-canaria\\\/#primaryimage\",\"url\":\"https:\\\/\\\/welikecanarias.com\\\/wp-content\\\/uploads\\\/2024\\\/01\\\/iStock-96317687-scaled.jpg\",\"contentUrl\":\"https:\\\/\\\/welikecanarias.com\\\/wp-content\\\/uploads\\\/2024\\\/01\\\/iStock-96317687-scaled.jpg\",\"width\":2560,\"height\":1707,\"caption\":\"windsurfer jumping in waves\"},{\"@type\":\"BreadcrumbList\",\"@id\":\"https:\\\/\\\/welikecanarias.com\\\/de\\\/windsurfen-kitesurfen-auf-gran-canaria\\\/#breadcrumb\",\"itemListElement\":[{\"@type\":\"ListItem\",\"position\":1,\"name\":\"Portada\",\"item\":\"https:\\\/\\\/welikecanarias.com\\\/de\\\/\"},{\"@type\":\"ListItem\",\"position\":2,\"name\":\"Windsurfen\\\/Kitesurfen auf Gran Canaria\"}]},{\"@type\":\"WebSite\",\"@id\":\"https:\\\/\\\/welikecanarias.com\\\/de\\\/#website\",\"url\":\"https:\\\/\\\/welikecanarias.com\\\/de\\\/\",\"name\":\"WeLikeCanarias\",\"description\":\"Blog de viaje por las Islas Canarias\",\"publisher\":{\"@id\":\"https:\\\/\\\/welikecanarias.com\\\/de\\\/#\\\/schema\\\/person\\\/8f32b8fa9eacbc052e5cac461636dd27\"},\"potentialAction\":[{\"@type\":\"SearchAction\",\"target\":{\"@type\":\"EntryPoint\",\"urlTemplate\":\"https:\\\/\\\/welikecanarias.com\\\/de\\\/?s={search_term_string}\"},\"query-input\":{\"@type\":\"PropertyValueSpecification\",\"valueRequired\":true,\"valueName\":\"search_term_string\"}}],\"inLanguage\":\"de\"},{\"@type\":[\"Person\",\"Organization\"],\"@id\":\"https:\\\/\\\/welikecanarias.com\\\/de\\\/#\\\/schema\\\/person\\\/8f32b8fa9eacbc052e5cac461636dd27\",\"name\":\"WeLikeCanarias\",\"image\":{\"@type\":\"ImageObject\",\"inLanguage\":\"de\",\"@id\":\"https:\\\/\\\/welikecanarias.com\\\/wp-content\\\/uploads\\\/2025\\\/09\\\/cropped-Canarias.png\",\"url\":\"https:\\\/\\\/welikecanarias.com\\\/wp-content\\\/uploads\\\/2025\\\/09\\\/cropped-Canarias.png\",\"contentUrl\":\"https:\\\/\\\/welikecanarias.com\\\/wp-content\\\/uploads\\\/2025\\\/09\\\/cropped-Canarias.png\",\"width\":1147,\"height\":867,\"caption\":\"WeLikeCanarias\"},\"logo\":{\"@id\":\"https:\\\/\\\/welikecanarias.com\\\/wp-content\\\/uploads\\\/2025\\\/09\\\/cropped-Canarias.png\"},\"sameAs\":[\"http:\\\/\\\/welikecanarias.wordpress.com\"],\"url\":\"https:\\\/\\\/welikecanarias.com\\\/de\\\/author\\\/welikecanarias\\\/\"}]}<\/script>\n<!-- \/ Yoast SEO plugin. -->","yoast_head_json":{"title":"Windsurfen\/Kitesurfen auf Gran Canaria","description":"Erleben Sie den Nervenkitzel des Windsurfen und Kitesurfens auf Gran Canaria, einem Top-Spot mit idealen Winden.","robots":{"index":"index","follow":"follow","max-snippet":"max-snippet:-1","max-image-preview":"max-image-preview:large","max-video-preview":"max-video-preview:-1"},"canonical":"https:\/\/welikecanarias.com\/de\/windsurfen-kitesurfen-auf-gran-canaria\/","og_locale":"de_DE","og_type":"article","og_title":"Windsurfen\/Kitesurfen auf Gran Canaria","og_description":"Erleben Sie den Nervenkitzel des Windsurfen und Kitesurfens auf Gran Canaria, einem Top-Spot mit idealen Winden.","og_url":"https:\/\/welikecanarias.com\/de\/windsurfen-kitesurfen-auf-gran-canaria\/","og_site_name":"WeLikeCanarias","article_published_time":"2024-01-28T22:33:26+00:00","article_modified_time":"2025-03-28T09:43:39+00:00","og_image":[{"width":2560,"height":1707,"url":"https:\/\/welikecanarias.com\/wp-content\/uploads\/2024\/01\/iStock-96317687-scaled.jpg","type":"image\/jpeg"}],"author":"WeLikeCanarias","twitter_card":"summary_large_image","twitter_misc":{"Verfasst von":"WeLikeCanarias","Gesch\u00e4tzte Lesezeit":"14\u00a0Minuten"},"schema":{"@context":"https:\/\/schema.org","@graph":[{"@type":["Article","BlogPosting"],"@id":"https:\/\/welikecanarias.com\/de\/windsurfen-kitesurfen-auf-gran-canaria\/#article","isPartOf":{"@id":"https:\/\/welikecanarias.com\/de\/windsurfen-kitesurfen-auf-gran-canaria\/"},"author":{"name":"WeLikeCanarias","@id":"https:\/\/welikecanarias.com\/de\/#\/schema\/person\/8f32b8fa9eacbc052e5cac461636dd27"},"headline":"Windsurfen\/Kitesurfen auf Gran Canaria","datePublished":"2024-01-28T22:33:26+00:00","dateModified":"2025-03-28T09:43:39+00:00","mainEntityOfPage":{"@id":"https:\/\/welikecanarias.com\/de\/windsurfen-kitesurfen-auf-gran-canaria\/"},"wordCount":2122,"publisher":{"@id":"https:\/\/welikecanarias.com\/de\/#\/schema\/person\/8f32b8fa9eacbc052e5cac461636dd27"},"image":{"@id":"https:\/\/welikecanarias.com\/de\/windsurfen-kitesurfen-auf-gran-canaria\/#primaryimage"},"thumbnailUrl":"https:\/\/welikecanarias.com\/wp-content\/uploads\/2024\/01\/iStock-96317687-scaled.jpg","keywords":["kitesurfing kurs gran canaria","windsurfen las palmas","Windsurfen links gut","windsurfing kurs gran canaria","Wo kann man auf Gran Canaria windsurfen?"],"articleSection":["Gran Canaria","Sport"],"inLanguage":"de"},{"@type":"WebPage","@id":"https:\/\/welikecanarias.com\/de\/windsurfen-kitesurfen-auf-gran-canaria\/","url":"https:\/\/welikecanarias.com\/de\/windsurfen-kitesurfen-auf-gran-canaria\/","name":"Windsurfen\/Kitesurfen auf Gran Canaria","isPartOf":{"@id":"https:\/\/welikecanarias.com\/de\/#website"},"primaryImageOfPage":{"@id":"https:\/\/welikecanarias.com\/de\/windsurfen-kitesurfen-auf-gran-canaria\/#primaryimage"},"image":{"@id":"https:\/\/welikecanarias.com\/de\/windsurfen-kitesurfen-auf-gran-canaria\/#primaryimage"},"thumbnailUrl":"https:\/\/welikecanarias.com\/wp-content\/uploads\/2024\/01\/iStock-96317687-scaled.jpg","datePublished":"2024-01-28T22:33:26+00:00","dateModified":"2025-03-28T09:43:39+00:00","description":"Erleben Sie den Nervenkitzel des Windsurfen und Kitesurfens auf Gran Canaria, einem Top-Spot mit idealen Winden.","breadcrumb":{"@id":"https:\/\/welikecanarias.com\/de\/windsurfen-kitesurfen-auf-gran-canaria\/#breadcrumb"},"inLanguage":"de","potentialAction":[{"@type":"ReadAction","target":["https:\/\/welikecanarias.com\/de\/windsurfen-kitesurfen-auf-gran-canaria\/"]}]},{"@type":"ImageObject","inLanguage":"de","@id":"https:\/\/welikecanarias.com\/de\/windsurfen-kitesurfen-auf-gran-canaria\/#primaryimage","url":"https:\/\/welikecanarias.com\/wp-content\/uploads\/2024\/01\/iStock-96317687-scaled.jpg","contentUrl":"https:\/\/welikecanarias.com\/wp-content\/uploads\/2024\/01\/iStock-96317687-scaled.jpg","width":2560,"height":1707,"caption":"windsurfer jumping in waves"},{"@type":"BreadcrumbList","@id":"https:\/\/welikecanarias.com\/de\/windsurfen-kitesurfen-auf-gran-canaria\/#breadcrumb","itemListElement":[{"@type":"ListItem","position":1,"name":"Portada","item":"https:\/\/welikecanarias.com\/de\/"},{"@type":"ListItem","position":2,"name":"Windsurfen\/Kitesurfen auf Gran Canaria"}]},{"@type":"WebSite","@id":"https:\/\/welikecanarias.com\/de\/#website","url":"https:\/\/welikecanarias.com\/de\/","name":"WeLikeCanarias","description":"Blog de viaje por las Islas Canarias","publisher":{"@id":"https:\/\/welikecanarias.com\/de\/#\/schema\/person\/8f32b8fa9eacbc052e5cac461636dd27"},"potentialAction":[{"@type":"SearchAction","target":{"@type":"EntryPoint","urlTemplate":"https:\/\/welikecanarias.com\/de\/?s={search_term_string}"},"query-input":{"@type":"PropertyValueSpecification","valueRequired":true,"valueName":"search_term_string"}}],"inLanguage":"de"},{"@type":["Person","Organization"],"@id":"https:\/\/welikecanarias.com\/de\/#\/schema\/person\/8f32b8fa9eacbc052e5cac461636dd27","name":"WeLikeCanarias","image":{"@type":"ImageObject","inLanguage":"de","@id":"https:\/\/welikecanarias.com\/wp-content\/uploads\/2025\/09\/cropped-Canarias.png","url":"https:\/\/welikecanarias.com\/wp-content\/uploads\/2025\/09\/cropped-Canarias.png","contentUrl":"https:\/\/welikecanarias.com\/wp-content\/uploads\/2025\/09\/cropped-Canarias.png","width":1147,"height":867,"caption":"WeLikeCanarias"},"logo":{"@id":"https:\/\/welikecanarias.com\/wp-content\/uploads\/2025\/09\/cropped-Canarias.png"},"sameAs":["http:\/\/welikecanarias.wordpress.com"],"url":"https:\/\/welikecanarias.com\/de\/author\/welikecanarias\/"}]}},"_links":{"self":[{"href":"https:\/\/welikecanarias.com\/de\/wp-json\/wp\/v2\/posts\/52139","targetHints":{"allow":["GET"]}}],"collection":[{"href":"https:\/\/welikecanarias.com\/de\/wp-json\/wp\/v2\/posts"}],"about":[{"href":"https:\/\/welikecanarias.com\/de\/wp-json\/wp\/v2\/types\/post"}],"author":[{"embeddable":true,"href":"https:\/\/welikecanarias.com\/de\/wp-json\/wp\/v2\/users\/244305394"}],"replies":[{"embeddable":true,"href":"https:\/\/welikecanarias.com\/de\/wp-json\/wp\/v2\/comments?post=52139"}],"version-history":[{"count":0,"href":"https:\/\/welikecanarias.com\/de\/wp-json\/wp\/v2\/posts\/52139\/revisions"}],"wp:featuredmedia":[{"embeddable":true,"href":"https:\/\/welikecanarias.com\/de\/wp-json\/wp\/v2\/media\/30149"}],"wp:attachment":[{"href":"https:\/\/welikecanarias.com\/de\/wp-json\/wp\/v2\/media?parent=52139"}],"wp:term":[{"taxonomy":"category","embeddable":true,"href":"https:\/\/welikecanarias.com\/de\/wp-json\/wp\/v2\/categories?post=52139"},{"taxonomy":"post_tag","embeddable":true,"href":"https:\/\/welikecanarias.com\/de\/wp-json\/wp\/v2\/tags?post=52139"}],"curies":[{"name":"wp","href":"https:\/\/api.w.org\/{rel}","templated":true}]}}